{"id":10046,"date":"2025-01-19T16:20:00","date_gmt":"2025-01-19T19:20:00","guid":{"rendered":"https:\/\/www.em.com.br\/emfoco\/?p=10046"},"modified":"2025-01-19T04:29:37","modified_gmt":"2025-01-19T07:29:37","slug":"quer-ganhar-premios-e-ajudar-o-seu-estado","status":"publish","type":"post","link":"https:\/\/www.em.com.br\/emfoco\/2025\/01\/19\/quer-ganhar-premios-e-ajudar-o-seu-estado\/","title":{"rendered":"Quer ganhar pr\u00eamios e ajudar o seu estado?"},"content":{"rendered":"\n<p>O programa \u201c<strong><a href=\"https:\/\/www.em.com.br\/emfoco\/2025\/01\/05\/informar-o-cpf-no-mercado-combata-a-sonegacao-e-ganhe-premios\/\" target=\"_blank\" rel=\"noreferrer noopener\">CPF na Nota<\/a><\/strong>\u201d \u00e9 uma iniciativa fiscal implementada em v\u00e1rias regi\u00f5es do Brasil, visando intensificar a arrecada\u00e7\u00e3o de impostos e combater a sonega\u00e7\u00e3o fiscal. Ele encoraja consumidores a pedirem a inclus\u00e3o do seu CPF nos documentos fiscais, o que contribui para uma melhor fiscaliza\u00e7\u00e3o e controle das transa\u00e7\u00f5es comerciais.<\/p>\n\n\n\n<p>Al\u00e9m de ajudar na arrecada\u00e7\u00e3o tribut\u00e1ria, esse programa traz benef\u00edcios diretos aos consumidores, como a participa\u00e7\u00e3o em sorteios e o ac\u00famulo de cr\u00e9ditos que podem servir para abatimento de impostos futuros.<\/p>\n\n\n\n<h2 class=\"wp-block-heading\">Por que Adotar a Pr\u00e1tica de Colocar o CPF na Nota?<\/h2>\n\n\n\n<p>Colocar o CPF na nota fiscal gera vantagens que beneficiam diretamente o consumidor. Entre as principais vantagens est\u00e3o:<\/p>\n\n\n\n<ul class=\"wp-block-list\">\n<li><strong>Gerar cr\u00e9ditos fiscais:<\/strong> Os cr\u00e9ditos obtidos podem ser usados para reduzir o valor de impostos estaduais futuros.<\/li>\n\n\n\n<li><strong>Participa\u00e7\u00e3o em sorteios:<\/strong> Participantes t\u00eam a chance de ganhar pr\u00eamios ao se inscreverem nos sorteios promovidos pelo programa.<\/li>\n\n\n\n<li><strong>Apoio a causas sociais:<\/strong> Em alguns estados, h\u00e1 a op\u00e7\u00e3o de destinar os cr\u00e9ditos para doa\u00e7\u00f5es a projetos sociais.<\/li>\n<\/ul>\n\n\n\n<figure class=\"wp-block-image size-large\"><img loading=\"lazy\" decoding=\"async\" width=\"1024\" height=\"576\" src=\"https:\/\/www.em.com.br\/emfoco\/wp-content\/uploads\/2024\/12\/cpf_1735397994007-1024x576.jpg\" alt=\"Saiba como participar do CPF na Nota e concorrer a pr\u00eamios incr\u00edveis!\" class=\"wp-image-7270\" srcset=\"https:\/\/www.em.com.br\/emfoco\/wp-content\/uploads\/2024\/12\/cpf_1735397994007-1024x576.jpg 1024w, https:\/\/www.em.com.br\/emfoco\/wp-content\/uploads\/2024\/12\/cpf_1735397994007-300x169.jpg 300w, https:\/\/www.em.com.br\/emfoco\/wp-content\/uploads\/2024\/12\/cpf_1735397994007-768x432.jpg 768w, https:\/\/www.em.com.br\/emfoco\/wp-content\/uploads\/2024\/12\/cpf_1735397994007-750x422.jpg 750w, https:\/\/www.em.com.br\/emfoco\/wp-content\/uploads\/2024\/12\/cpf_1735397994007-1140x641.jpg 1140w, https:\/\/www.em.com.br\/emfoco\/wp-content\/uploads\/2024\/12\/cpf_1735397994007.jpg 1280w\" sizes=\"auto, (max-width: 1024px) 100vw, 1024px\" \/><figcaption class=\"wp-element-caption\">Imagem Ilustrativa de CPF &#8211; Cr\u00e9ditos: depositphotos.com \/ Mehaniq<\/figcaption><\/figure>\n\n\n\n<h2 class=\"wp-block-heading\">M\u00e9todos para Consultar e Usar Cr\u00e9ditos<\/h2>\n\n\n\n<p>Consultar e resgatar os cr\u00e9ditos acumulados \u00e9 um procedimento acess\u00edvel atrav\u00e9s do portal oficial do programa no estado de resid\u00eancia. O processo tipicamente envolve os seguintes passos:<\/p>\n\n\n\n<ol class=\"wp-block-list\">\n<li>Visite o site do programa \u201cCPF na Nota\u201d do seu estado.<\/li>\n\n\n\n<li>Fa\u00e7a login com seu CPF e senha cadastrados.<\/li>\n\n\n\n<li>Verifique o saldo de cr\u00e9ditos e os bilhetes disponibilizados para sorteios.<\/li>\n\n\n\n<li>Selecione como deseja utilizar os cr\u00e9ditos: transfer\u00eancia banc\u00e1ria, abatimento de impostos ou doa\u00e7\u00e3o.<\/li>\n<\/ol>\n\n\n\n<h2 class=\"wp-block-heading\">Estados Implementadores do Programa<\/h2>\n\n\n\n<p>Diversos estados brasileiros implementaram o programa, cada um adaptando \u00e0 sua realidade. Exemplos incluem:<\/p>\n\n\n\n<ul class=\"wp-block-list\">\n<li><strong><a href=\"https:\/\/capital.sp.gov.br\/\" target=\"_blank\" rel=\"noreferrer noopener\">S\u00e3o Paulo<\/a>:<\/strong> O programa oferece a possibilidade de abatimento de impostos como IPVA, al\u00e9m de pr\u00eamios em sorteios.<\/li>\n\n\n\n<li><strong>Rio Grande do Sul:<\/strong> Incentiva doa\u00e7\u00f5es para institui\u00e7\u00f5es sociais atrav\u00e9s dos cr\u00e9ditos obtidos.<\/li>\n\n\n\n<li><strong>Minas Gerais:<\/strong> Foca em oferecer sorteios com pr\u00eamios que estimulam a ades\u00e3o da popula\u00e7\u00e3o.<\/li>\n<\/ul>\n\n\n\n<h2 class=\"wp-block-heading\">Estrat\u00e9gias para Melhorar a Participa\u00e7\u00e3o nos Sorteios<\/h2>\n\n\n\n<p>Para otimizar as chances de sucesso nos sorteios do programa, existem algumas estrat\u00e9gias eficazes:<\/p>\n\n\n\n<ul class=\"wp-block-list\">\n<li>Manter seu cadastro sempre atualizado e correto no sistema do programa.<\/li>\n\n\n\n<li>Acompanhar regularmente a gera\u00e7\u00e3o de bilhetes provenientes das compras.<\/li>\n\n\n\n<li>Ficar atento \u00e0s datas dos sorteios e regulamentos espec\u00edficos nas diferentes regi\u00f5es.<\/li>\n<\/ul>\n\n\n\n<p>Dessa maneira, o \u201cCPF na Nota\u201d cumpre a fun\u00e7\u00e3o de promover mais do que apenas benef\u00edcios financeiros; ele engaja os cidad\u00e3os, na pr\u00e1tica da transpar\u00eancia fiscal, oferecendo uma ferramenta de educa\u00e7\u00e3o e participa\u00e7\u00e3o social que fortalece a economia como um todo.<\/p>\n","protected":false},"excerpt":{"rendered":"<p>O programa \u201cCPF na Nota\u201d \u00e9 uma iniciativa fiscal implementada em v\u00e1rias regi\u00f5es do Brasil, visando intensificar a arrecada\u00e7\u00e3o de impostos e combater a sonega\u00e7\u00e3o fiscal. Ele encoraja consumidores a pedirem a inclus\u00e3o do seu CPF nos documentos fiscais, o que contribui para uma melhor fiscaliza\u00e7\u00e3o e controle das transa\u00e7\u00f5es comerciais. Al\u00e9m de ajudar na [&hellip;]<\/p>\n","protected":false},"author":5,"featured_media":10048,"comment_status":"open","ping_status":"open","sticky":false,"template":"","format":"standard","meta":{"jnews-multi-image_gallery":[],"jnews_single_post":{"format":"standard"},"jnews_primary_category":[],"jnews_social_meta":[],"jnews_override_counter":[],"footnotes":""},"categories":[28,1],"tags":[848,398,3134,2588],"class_list":["post-10046","post","type-post","status-publish","format-standard","has-post-thumbnail","hentry","category-economia","category-noticias","tag-cpf","tag-cpf-na-nota","tag-cpf-na-nota-fiscal","tag-programa-cpf-na-nota"],"yoast_head":"<!-- This site is optimized with the Yoast SEO plugin v23.8 - https:\/\/yoast.com\/wordpress\/plugins\/seo\/ -->\n<title>Quer ganhar pr\u00eamios e ajudar o seu estado? - Estado de Minas - Em foco<\/title>\n<meta name=\"description\" content=\"O programa CPF na nota te d\u00e1 a chance de ganhar pr\u00eamios e ajudar seu estado. Saiba como participar e quais os benef\u00edcios!\" \/>\n<meta name=\"robots\" content=\"index, follow, max-snippet:-1, max-image-preview:large, max-video-preview:-1\" \/>\n<link rel=\"canonical\" href=\"https:\/\/www.em.com.br\/emfoco\/2025\/01\/19\/quer-ganhar-premios-e-ajudar-o-seu-estado\/\" \/>\n<meta property=\"og:locale\" content=\"pt_BR\" \/>\n<meta property=\"og:type\" content=\"article\" \/>\n<meta property=\"og:title\" content=\"Quer ganhar pr\u00eamios e ajudar o seu estado? - Estado de Minas - Em foco\" \/>\n<meta property=\"og:description\" content=\"O programa CPF na nota te d\u00e1 a chance de ganhar pr\u00eamios e ajudar seu estado. Saiba como participar e quais os benef\u00edcios!\" \/>\n<meta property=\"og:url\" content=\"https:\/\/www.em.com.br\/emfoco\/2025\/01\/19\/quer-ganhar-premios-e-ajudar-o-seu-estado\/\" \/>\n<meta property=\"og:site_name\" content=\"Estado de Minas - Em foco\" \/>\n<meta property=\"article:published_time\" content=\"2025-01-19T19:20:00+00:00\" \/>\n<meta property=\"article:modified_time\" content=\"2025-01-19T07:29:37+00:00\" \/>\n<meta property=\"og:image\" content=\"https:\/\/www.em.com.br\/emfoco\/wp-content\/uploads\/2025\/01\/premio_1736623602982.jpg\" \/>\n\t<meta property=\"og:image:width\" content=\"1280\" \/>\n\t<meta property=\"og:image:height\" content=\"720\" \/>\n\t<meta property=\"og:image:type\" content=\"image\/jpeg\" \/>\n<meta name=\"author\" content=\"N\u00fabia Rangel\" \/>\n<meta name=\"twitter:card\" content=\"summary_large_image\" \/>\n<meta name=\"twitter:label1\" content=\"Escrito por\" \/>\n\t<meta name=\"twitter:data1\" content=\"N\u00fabia Rangel\" \/>\n\t<meta name=\"twitter:label2\" content=\"Est. tempo de leitura\" \/>\n\t<meta name=\"twitter:data2\" content=\"3 minutos\" \/>\n<!-- \/ Yoast SEO plugin. -->","yoast_head_json":{"title":"Quer ganhar pr\u00eamios e ajudar o seu estado? - Estado de Minas - Em foco","description":"O programa CPF na nota te d\u00e1 a chance de ganhar pr\u00eamios e ajudar seu estado. Saiba como participar e quais os benef\u00edcios!","robots":{"index":"index","follow":"follow","max-snippet":"max-snippet:-1","max-image-preview":"max-image-preview:large","max-video-preview":"max-video-preview:-1"},"canonical":"https:\/\/www.em.com.br\/emfoco\/2025\/01\/19\/quer-ganhar-premios-e-ajudar-o-seu-estado\/","og_locale":"pt_BR","og_type":"article","og_title":"Quer ganhar pr\u00eamios e ajudar o seu estado? - Estado de Minas - Em foco","og_description":"O programa CPF na nota te d\u00e1 a chance de ganhar pr\u00eamios e ajudar seu estado. Saiba como participar e quais os benef\u00edcios!","og_url":"https:\/\/www.em.com.br\/emfoco\/2025\/01\/19\/quer-ganhar-premios-e-ajudar-o-seu-estado\/","og_site_name":"Estado de Minas - Em foco","article_published_time":"2025-01-19T19:20:00+00:00","article_modified_time":"2025-01-19T07:29:37+00:00","og_image":[{"width":1280,"height":720,"url":"https:\/\/www.em.com.br\/emfoco\/wp-content\/uploads\/2025\/01\/premio_1736623602982.jpg","type":"image\/jpeg"}],"author":"N\u00fabia Rangel","twitter_card":"summary_large_image","twitter_misc":{"Escrito por":"N\u00fabia Rangel","Est. tempo de leitura":"3 minutos"},"schema":{"@context":"https:\/\/schema.org","@graph":[{"@type":"WebPage","@id":"https:\/\/www.em.com.br\/emfoco\/2025\/01\/19\/quer-ganhar-premios-e-ajudar-o-seu-estado\/","url":"https:\/\/www.em.com.br\/emfoco\/2025\/01\/19\/quer-ganhar-premios-e-ajudar-o-seu-estado\/","name":"Quer ganhar pr\u00eamios e ajudar o seu estado? - Estado de Minas - Em foco","isPartOf":{"@id":"https:\/\/www.em.com.br\/emfoco\/#website"},"primaryImageOfPage":{"@id":"https:\/\/www.em.com.br\/emfoco\/2025\/01\/19\/quer-ganhar-premios-e-ajudar-o-seu-estado\/#primaryimage"},"image":{"@id":"https:\/\/www.em.com.br\/emfoco\/2025\/01\/19\/quer-ganhar-premios-e-ajudar-o-seu-estado\/#primaryimage"},"thumbnailUrl":"https:\/\/www.em.com.br\/emfoco\/wp-content\/uploads\/2025\/01\/premio_1736623602982.jpg","datePublished":"2025-01-19T19:20:00+00:00","dateModified":"2025-01-19T07:29:37+00:00","author":{"@id":"https:\/\/www.em.com.br\/emfoco\/#\/schema\/person\/524437ef54f8a5d32591b143307f2e20"},"description":"O programa CPF na nota te d\u00e1 a chance de ganhar pr\u00eamios e ajudar seu estado. Saiba como participar e quais os benef\u00edcios!","breadcrumb":{"@id":"https:\/\/www.em.com.br\/emfoco\/2025\/01\/19\/quer-ganhar-premios-e-ajudar-o-seu-estado\/#breadcrumb"},"inLanguage":"pt-BR","potentialAction":[{"@type":"ReadAction","target":["https:\/\/www.em.com.br\/emfoco\/2025\/01\/19\/quer-ganhar-premios-e-ajudar-o-seu-estado\/"]}]},{"@type":"ImageObject","inLanguage":"pt-BR","@id":"https:\/\/www.em.com.br\/emfoco\/2025\/01\/19\/quer-ganhar-premios-e-ajudar-o-seu-estado\/#primaryimage","url":"https:\/\/www.em.com.br\/emfoco\/wp-content\/uploads\/2025\/01\/premio_1736623602982.jpg","contentUrl":"https:\/\/www.em.com.br\/emfoco\/wp-content\/uploads\/2025\/01\/premio_1736623602982.jpg","width":1280,"height":720,"caption":"Imagem Ilustrativa de Pr\u00eamios - Cr\u00e9ditos: depositphotos.com \/ VitalikRadko"},{"@type":"BreadcrumbList","@id":"https:\/\/www.em.com.br\/emfoco\/2025\/01\/19\/quer-ganhar-premios-e-ajudar-o-seu-estado\/#breadcrumb","itemListElement":[{"@type":"ListItem","position":1,"name":"In\u00edcio","item":"https:\/\/www.em.com.br\/emfoco\/"},{"@type":"ListItem","position":2,"name":"Quer ganhar pr\u00eamios e ajudar o seu estado?"}]},{"@type":"WebSite","@id":"https:\/\/www.em.com.br\/emfoco\/#website","url":"https:\/\/www.em.com.br\/emfoco\/","name":"Estado de Minas - Em foco","description":"Acompanhe as \u00faltimas not\u00edcias e fique bem informado sobre tudo o que acontece em Minas Gerais, Brasil e no mundo.","potentialAction":[{"@type":"SearchAction","target":{"@type":"EntryPoint","urlTemplate":"https:\/\/www.em.com.br\/emfoco\/?s={search_term_string}"},"query-input":{"@type":"PropertyValueSpecification","valueRequired":true,"valueName":"search_term_string"}}],"inLanguage":"pt-BR"},{"@type":"Person","@id":"https:\/\/www.em.com.br\/emfoco\/#\/schema\/person\/524437ef54f8a5d32591b143307f2e20","name":"N\u00fabia Rangel","image":{"@type":"ImageObject","inLanguage":"pt-BR","@id":"https:\/\/www.em.com.br\/emfoco\/#\/schema\/person\/image\/","url":"https:\/\/secure.gravatar.com\/avatar\/47cff2827a5ba23c37e8068c86817ea4?s=96&d=mm&r=g","contentUrl":"https:\/\/secure.gravatar.com\/avatar\/47cff2827a5ba23c37e8068c86817ea4?s=96&d=mm&r=g","caption":"N\u00fabia Rangel"},"sameAs":["https:\/\/www.em.com.br\/emfoco\/"],"url":"https:\/\/www.em.com.br\/emfoco\/author\/nubiamyth\/"}]}},"_links":{"self":[{"href":"https:\/\/www.em.com.br\/emfoco\/wp-json\/wp\/v2\/posts\/10046","targetHints":{"allow":["GET"]}}],"collection":[{"href":"https:\/\/www.em.com.br\/emfoco\/wp-json\/wp\/v2\/posts"}],"about":[{"href":"https:\/\/www.em.com.br\/emfoco\/wp-json\/wp\/v2\/types\/post"}],"author":[{"embeddable":true,"href":"https:\/\/www.em.com.br\/emfoco\/wp-json\/wp\/v2\/users\/5"}],"replies":[{"embeddable":true,"href":"https:\/\/www.em.com.br\/emfoco\/wp-json\/wp\/v2\/comments?post=10046"}],"version-history":[{"count":2,"href":"https:\/\/www.em.com.br\/emfoco\/wp-json\/wp\/v2\/posts\/10046\/revisions"}],"predecessor-version":[{"id":10053,"href":"https:\/\/www.em.com.br\/emfoco\/wp-json\/wp\/v2\/posts\/10046\/revisions\/10053"}],"wp:featuredmedia":[{"embeddable":true,"href":"https:\/\/www.em.com.br\/emfoco\/wp-json\/wp\/v2\/media\/10048"}],"wp:attachment":[{"href":"https:\/\/www.em.com.br\/emfoco\/wp-json\/wp\/v2\/media?parent=10046"}],"wp:term":[{"taxonomy":"category","embeddable":true,"href":"https:\/\/www.em.com.br\/emfoco\/wp-json\/wp\/v2\/categories?post=10046"},{"taxonomy":"post_tag","embeddable":true,"href":"https:\/\/www.em.com.br\/emfoco\/wp-json\/wp\/v2\/tags?post=10046"}],"curies":[{"name":"wp","href":"https:\/\/api.w.org\/{rel}","templated":true}]}}