{"id":100355,"date":"2025-09-07T07:48:00","date_gmt":"2025-09-07T10:48:00","guid":{"rendered":"https:\/\/www.em.com.br\/emfoco\/?p=100355"},"modified":"2025-09-03T15:31:59","modified_gmt":"2025-09-03T18:31:59","slug":"aprendi-a-dizer-nao-e-minha-vida-emocional-nunca-mais-foi-a-mesma","status":"publish","type":"post","link":"https:\/\/www.em.com.br\/emfoco\/2025\/09\/07\/aprendi-a-dizer-nao-e-minha-vida-emocional-nunca-mais-foi-a-mesma\/","title":{"rendered":"Aprendi a dizer \u201cn\u00e3o\u201d e minha vida emocional nunca mais foi a mesma"},"content":{"rendered":"\n<p>Aprender a praticar o <strong>autocuidado emocional<\/strong> pode mudar sua vida. Saber dizer \u201cn\u00e3o\u201d \u00e9 uma atitude essencial para preservar energia, reduzir estresse e manter relacionamentos mais saud\u00e1veis e equilibrados.<\/p>\n\n\n\n<ul class=\"wp-block-list\">\n<li>Definir limites fortalece a sa\u00fade mental<\/li>\n\n\n\n<li>Dizer \u201cn\u00e3o\u201d ajuda a evitar sobrecarga<\/li>\n\n\n\n<li>Pr\u00e1tica di\u00e1ria promove equil\u00edbrio emocional<\/li>\n<\/ul>\n\n\n\n<h2 class=\"wp-block-heading\">Por que aprender a dizer \u201cn\u00e3o\u201d fortalece sua sa\u00fade?<\/h2>\n\n\n\n<p>Dizer <strong>\u201cn\u00e3o\u201d<\/strong> \u00e9 um ato de prote\u00e7\u00e3o emocional. Quando assumimos tarefas al\u00e9m do que podemos lidar, criamos espa\u00e7o para ansiedade, estresse e at\u00e9 sintomas f\u00edsicos que refletem a falta de limites internos.<\/p>\n\n\n\n<p>O <strong>autocuidado<\/strong> passa pela consci\u00eancia de que n\u00e3o precisamos agradar a todos. Recusar convites ou pedidos pode ser um gesto saud\u00e1vel de respeito a si mesmo, preservando energia e qualidade de vida.<\/p>\n\n\n\n<figure class=\"wp-block-image size-large\"><img loading=\"lazy\" decoding=\"async\" width=\"1024\" height=\"576\" src=\"https:\/\/www.em.com.br\/emfoco\/wp-content\/uploads\/2025\/09\/Cha-_1756860883885-1024x576.jpg\" alt=\"Os melhores ch\u00e1s naturais que ajudam a reduzir o estresse\" class=\"wp-image-100115\" srcset=\"https:\/\/www.em.com.br\/emfoco\/wp-content\/uploads\/2025\/09\/Cha-_1756860883885-1024x576.jpg 1024w, https:\/\/www.em.com.br\/emfoco\/wp-content\/uploads\/2025\/09\/Cha-_1756860883885-300x169.jpg 300w, https:\/\/www.em.com.br\/emfoco\/wp-content\/uploads\/2025\/09\/Cha-_1756860883885-768x432.jpg 768w, https:\/\/www.em.com.br\/emfoco\/wp-content\/uploads\/2025\/09\/Cha-_1756860883885-750x422.jpg 750w, https:\/\/www.em.com.br\/emfoco\/wp-content\/uploads\/2025\/09\/Cha-_1756860883885-1140x641.jpg 1140w, https:\/\/www.em.com.br\/emfoco\/wp-content\/uploads\/2025\/09\/Cha-_1756860883885.jpg 1280w\" sizes=\"auto, (max-width: 1024px) 100vw, 1024px\" \/><figcaption class=\"wp-element-caption\">Ch\u00e1s naturais s\u00e3o \u00f3timos para garantir bem-estar &#8211; Cr\u00e9ditos: depositphotos.com \/ HayDmitriy<\/figcaption><\/figure>\n\n\n\n<h2 class=\"wp-block-heading\">Quais sinais indicam que voc\u00ea precisa estabelecer limites?<\/h2>\n\n\n\n<p>Reconhecer os sinais de desgaste emocional \u00e9 essencial. Eles costumam aparecer de forma sutil, mas impactam diretamente o<strong><a href=\"https:\/\/www.em.com.br\/emfoco\/2025\/07\/19\/como-os-sons-da-natureza-afetam-o-bem-estar-fisico-e-emocional\/\" target=\"_blank\" rel=\"noreferrer noopener\"> bem-estar f\u00edsico<\/a><\/strong> e psicol\u00f3gico do indiv\u00edduo.<\/p>\n\n\n\n<ul class=\"wp-block-list\">\n<li>Cansa\u00e7o constante e dificuldade para relaxar<\/li>\n\n\n\n<li>Irrita\u00e7\u00e3o frequente sem motivos claros<\/li>\n\n\n\n<li>Sentimento de culpa por recusar tarefas<\/li>\n<\/ul>\n\n\n\n<h2 class=\"wp-block-heading\">Como o autocuidado impacta os relacionamentos pessoais?<\/h2>\n\n\n\n<p>Manter <strong><a href=\"https:\/\/www.lukincenter.com\/what-you-need-to-know-about-emotional-boundaries\/\" target=\"_blank\" rel=\"noreferrer noopener\">limites emocionais<\/a><\/strong> ajuda a construir rela\u00e7\u00f5es mais saud\u00e1veis e respeitosas. Ao dizer \u201cn\u00e3o\u201d quando necess\u00e1rio, voc\u00ea demonstra clareza sobre suas necessidades, evitando ressentimentos e m\u00e1goas.<\/p>\n\n\n\n<p>Esse comportamento inspira respeito e confian\u00e7a. As pessoas passam a compreender melhor seus limites e aprendem a se relacionar de forma mais equilibrada, sem explorar sua energia ou tempo.<\/p>\n\n\n\n<figure class=\"wp-block-image size-large\"><img loading=\"lazy\" decoding=\"async\" width=\"1024\" height=\"576\" src=\"https:\/\/www.em.com.br\/emfoco\/wp-content\/uploads\/2025\/04\/Books_1745329356707-1024x576.jpg\" alt=\"Livros que est\u00e3o fortalecendo a autoestima e confian\u00e7a em 2025\" class=\"wp-image-40405\" srcset=\"https:\/\/www.em.com.br\/emfoco\/wp-content\/uploads\/2025\/04\/Books_1745329356707-1024x576.jpg 1024w, https:\/\/www.em.com.br\/emfoco\/wp-content\/uploads\/2025\/04\/Books_1745329356707-300x169.jpg 300w, https:\/\/www.em.com.br\/emfoco\/wp-content\/uploads\/2025\/04\/Books_1745329356707-768x432.jpg 768w, https:\/\/www.em.com.br\/emfoco\/wp-content\/uploads\/2025\/04\/Books_1745329356707-750x422.jpg 750w, https:\/\/www.em.com.br\/emfoco\/wp-content\/uploads\/2025\/04\/Books_1745329356707-1140x641.jpg 1140w, https:\/\/www.em.com.br\/emfoco\/wp-content\/uploads\/2025\/04\/Books_1745329356707.jpg 1280w\" sizes=\"auto, (max-width: 1024px) 100vw, 1024px\" \/><figcaption class=\"wp-element-caption\">Livros &#8211; Cr\u00e9ditos: depositphotos.com \/ Ischukigor<\/figcaption><\/figure>\n\n\n\n<h2 class=\"wp-block-heading\">Quais pr\u00e1ticas simples ajudam a fortalecer o autocuidado?<\/h2>\n\n\n\n<p>Incorporar h\u00e1bitos di\u00e1rios que reforcem o <strong>autocuidado emocional<\/strong> facilita a manuten\u00e7\u00e3o do equil\u00edbrio. S\u00e3o pequenas mudan\u00e7as que, ao longo do tempo, criam uma rotina mais leve e saud\u00e1vel.<\/p>\n\n\n\n<ul class=\"wp-block-list\">\n<li>Reservar tempo para descanso sem culpa<\/li>\n\n\n\n<li>Praticar atividades que geram prazer<\/li>\n\n\n\n<li>Usar t\u00e9cnicas de respira\u00e7\u00e3o para aliviar tens\u00f5es<\/li>\n<\/ul>\n\n\n\n<h2 class=\"wp-block-heading\">Como aplicar o \u201cn\u00e3o\u201d na rotina sem gerar conflitos?<\/h2>\n\n\n\n<p>O segredo est\u00e1 em comunicar com clareza e empatia. N\u00e3o \u00e9 preciso justificar demais ou se sentir culpado. Um <strong>\u201cn\u00e3o\u201d firme e respeitoso<\/strong> preserva relacionamentos e fortalece sua autoestima.<\/p>\n\n\n\n<ul class=\"wp-block-list\">\n<li>Seja objetivo ao recusar pedidos<\/li>\n\n\n\n<li>Use frases curtas e respeitosas<\/li>\n\n\n\n<li>Pratique pequenas negativas no dia a dia<\/li>\n<\/ul>\n","protected":false},"excerpt":{"rendered":"<p>Aprender a praticar o autocuidado emocional pode mudar sua vida. Saber dizer \u201cn\u00e3o\u201d \u00e9 uma atitude essencial para preservar energia, reduzir estresse e manter relacionamentos mais saud\u00e1veis e equilibrados. Por que aprender a dizer \u201cn\u00e3o\u201d fortalece sua sa\u00fade? Dizer \u201cn\u00e3o\u201d \u00e9 um ato de prote\u00e7\u00e3o emocional. Quando assumimos tarefas al\u00e9m do que podemos lidar, criamos [&hellip;]<\/p>\n","protected":false},"author":13,"featured_media":73937,"comment_status":"open","ping_status":"open","sticky":false,"template":"","format":"standard","meta":{"jnews-multi-image_gallery":[],"jnews_single_post":{"format":"standard"},"jnews_primary_category":[],"jnews_social_meta":[],"jnews_override_counter":[],"footnotes":""},"categories":[9053],"tags":[712,10294,4930,410],"class_list":["post-100355","post","type-post","status-publish","format-standard","has-post-thumbnail","hentry","category-saude","tag-autocuidado","tag-dizer-nao","tag-saude-emocional","tag-saude-mental"],"yoast_head":"<!-- This site is optimized with the Yoast SEO plugin v23.8 - https:\/\/yoast.com\/wordpress\/plugins\/seo\/ -->\n<title>Aprendi a dizer \u201cn\u00e3o\u201d e minha vida emocional nunca mais foi a mesma - Estado de Minas - Em foco<\/title>\n<meta name=\"description\" content=\"Aprender a dizer \u201cn\u00e3o\u201d pode ser o maior gesto de autocuidado emocional. Saiba como proteger sua energia e melhorar seus relacionamentos.\" \/>\n<meta name=\"robots\" content=\"index, follow, max-snippet:-1, max-image-preview:large, max-video-preview:-1\" \/>\n<link rel=\"canonical\" href=\"https:\/\/www.em.com.br\/emfoco\/2025\/09\/07\/aprendi-a-dizer-nao-e-minha-vida-emocional-nunca-mais-foi-a-mesma\/\" \/>\n<meta property=\"og:locale\" content=\"pt_BR\" \/>\n<meta property=\"og:type\" content=\"article\" \/>\n<meta property=\"og:title\" content=\"Aprendi a dizer \u201cn\u00e3o\u201d e minha vida emocional nunca mais foi a mesma - Estado de Minas - Em foco\" \/>\n<meta property=\"og:description\" content=\"Aprender a dizer \u201cn\u00e3o\u201d pode ser o maior gesto de autocuidado emocional. Saiba como proteger sua energia e melhorar seus relacionamentos.\" \/>\n<meta property=\"og:url\" content=\"https:\/\/www.em.com.br\/emfoco\/2025\/09\/07\/aprendi-a-dizer-nao-e-minha-vida-emocional-nunca-mais-foi-a-mesma\/\" \/>\n<meta property=\"og:site_name\" content=\"Estado de Minas - Em foco\" \/>\n<meta property=\"article:published_time\" content=\"2025-09-07T10:48:00+00:00\" \/>\n<meta property=\"article:modified_time\" content=\"2025-09-03T18:31:59+00:00\" \/>\n<meta property=\"og:image\" content=\"https:\/\/www.em.com.br\/emfoco\/wp-content\/uploads\/2025\/07\/Nao_1752156468445.jpg\" \/>\n\t<meta property=\"og:image:width\" content=\"1280\" \/>\n\t<meta property=\"og:image:height\" content=\"720\" \/>\n\t<meta property=\"og:image:type\" content=\"image\/jpeg\" \/>\n<meta name=\"author\" content=\"Gabriel Martins\" \/>\n<meta name=\"twitter:card\" content=\"summary_large_image\" \/>\n<meta name=\"twitter:label1\" content=\"Escrito por\" \/>\n\t<meta name=\"twitter:data1\" content=\"Gabriel Martins\" \/>\n\t<meta name=\"twitter:label2\" content=\"Est. tempo de leitura\" \/>\n\t<meta name=\"twitter:data2\" content=\"3 minutos\" \/>\n<!-- \/ Yoast SEO plugin. -->","yoast_head_json":{"title":"Aprendi a dizer \u201cn\u00e3o\u201d e minha vida emocional nunca mais foi a mesma - Estado de Minas - Em foco","description":"Aprender a dizer \u201cn\u00e3o\u201d pode ser o maior gesto de autocuidado emocional. Saiba como proteger sua energia e melhorar seus relacionamentos.","robots":{"index":"index","follow":"follow","max-snippet":"max-snippet:-1","max-image-preview":"max-image-preview:large","max-video-preview":"max-video-preview:-1"},"canonical":"https:\/\/www.em.com.br\/emfoco\/2025\/09\/07\/aprendi-a-dizer-nao-e-minha-vida-emocional-nunca-mais-foi-a-mesma\/","og_locale":"pt_BR","og_type":"article","og_title":"Aprendi a dizer \u201cn\u00e3o\u201d e minha vida emocional nunca mais foi a mesma - Estado de Minas - Em foco","og_description":"Aprender a dizer \u201cn\u00e3o\u201d pode ser o maior gesto de autocuidado emocional. Saiba como proteger sua energia e melhorar seus relacionamentos.","og_url":"https:\/\/www.em.com.br\/emfoco\/2025\/09\/07\/aprendi-a-dizer-nao-e-minha-vida-emocional-nunca-mais-foi-a-mesma\/","og_site_name":"Estado de Minas - Em foco","article_published_time":"2025-09-07T10:48:00+00:00","article_modified_time":"2025-09-03T18:31:59+00:00","og_image":[{"width":1280,"height":720,"url":"https:\/\/www.em.com.br\/emfoco\/wp-content\/uploads\/2025\/07\/Nao_1752156468445.jpg","type":"image\/jpeg"}],"author":"Gabriel Martins","twitter_card":"summary_large_image","twitter_misc":{"Escrito por":"Gabriel Martins","Est. tempo de leitura":"3 minutos"},"schema":{"@context":"https:\/\/schema.org","@graph":[{"@type":"WebPage","@id":"https:\/\/www.em.com.br\/emfoco\/2025\/09\/07\/aprendi-a-dizer-nao-e-minha-vida-emocional-nunca-mais-foi-a-mesma\/","url":"https:\/\/www.em.com.br\/emfoco\/2025\/09\/07\/aprendi-a-dizer-nao-e-minha-vida-emocional-nunca-mais-foi-a-mesma\/","name":"Aprendi a dizer \u201cn\u00e3o\u201d e minha vida emocional nunca mais foi a mesma - Estado de Minas - Em foco","isPartOf":{"@id":"https:\/\/www.em.com.br\/emfoco\/#website"},"primaryImageOfPage":{"@id":"https:\/\/www.em.com.br\/emfoco\/2025\/09\/07\/aprendi-a-dizer-nao-e-minha-vida-emocional-nunca-mais-foi-a-mesma\/#primaryimage"},"image":{"@id":"https:\/\/www.em.com.br\/emfoco\/2025\/09\/07\/aprendi-a-dizer-nao-e-minha-vida-emocional-nunca-mais-foi-a-mesma\/#primaryimage"},"thumbnailUrl":"https:\/\/www.em.com.br\/emfoco\/wp-content\/uploads\/2025\/07\/Nao_1752156468445.jpg","datePublished":"2025-09-07T10:48:00+00:00","dateModified":"2025-09-03T18:31:59+00:00","author":{"@id":"https:\/\/www.em.com.br\/emfoco\/#\/schema\/person\/1c9ddeab18b98abeffef834667bcf08a"},"description":"Aprender a dizer \u201cn\u00e3o\u201d pode ser o maior gesto de autocuidado emocional. Saiba como proteger sua energia e melhorar seus relacionamentos.","breadcrumb":{"@id":"https:\/\/www.em.com.br\/emfoco\/2025\/09\/07\/aprendi-a-dizer-nao-e-minha-vida-emocional-nunca-mais-foi-a-mesma\/#breadcrumb"},"inLanguage":"pt-BR","potentialAction":[{"@type":"ReadAction","target":["https:\/\/www.em.com.br\/emfoco\/2025\/09\/07\/aprendi-a-dizer-nao-e-minha-vida-emocional-nunca-mais-foi-a-mesma\/"]}]},{"@type":"ImageObject","inLanguage":"pt-BR","@id":"https:\/\/www.em.com.br\/emfoco\/2025\/09\/07\/aprendi-a-dizer-nao-e-minha-vida-emocional-nunca-mais-foi-a-mesma\/#primaryimage","url":"https:\/\/www.em.com.br\/emfoco\/wp-content\/uploads\/2025\/07\/Nao_1752156468445.jpg","contentUrl":"https:\/\/www.em.com.br\/emfoco\/wp-content\/uploads\/2025\/07\/Nao_1752156468445.jpg","width":1280,"height":720,"caption":"Homem falando n\u00e3o - Cr\u00e9ditos: depositphotos.com \/ EdZbarzhyvetsky"},{"@type":"BreadcrumbList","@id":"https:\/\/www.em.com.br\/emfoco\/2025\/09\/07\/aprendi-a-dizer-nao-e-minha-vida-emocional-nunca-mais-foi-a-mesma\/#breadcrumb","itemListElement":[{"@type":"ListItem","position":1,"name":"In\u00edcio","item":"https:\/\/www.em.com.br\/emfoco\/"},{"@type":"ListItem","position":2,"name":"Aprendi a dizer \u201cn\u00e3o\u201d e minha vida emocional nunca mais foi a mesma"}]},{"@type":"WebSite","@id":"https:\/\/www.em.com.br\/emfoco\/#website","url":"https:\/\/www.em.com.br\/emfoco\/","name":"Estado de Minas - Em foco","description":"Acompanhe as \u00faltimas not\u00edcias e fique bem informado sobre tudo o que acontece em Minas Gerais, Brasil e no mundo.","potentialAction":[{"@type":"SearchAction","target":{"@type":"EntryPoint","urlTemplate":"https:\/\/www.em.com.br\/emfoco\/?s={search_term_string}"},"query-input":{"@type":"PropertyValueSpecification","valueRequired":true,"valueName":"search_term_string"}}],"inLanguage":"pt-BR"},{"@type":"Person","@id":"https:\/\/www.em.com.br\/emfoco\/#\/schema\/person\/1c9ddeab18b98abeffef834667bcf08a","name":"Gabriel Martins","image":{"@type":"ImageObject","inLanguage":"pt-BR","@id":"https:\/\/www.em.com.br\/emfoco\/#\/schema\/person\/image\/","url":"https:\/\/secure.gravatar.com\/avatar\/f0f1e2efdfd88f1ad2cb08c5c2731e50?s=96&d=mm&r=g","contentUrl":"https:\/\/secure.gravatar.com\/avatar\/f0f1e2efdfd88f1ad2cb08c5c2731e50?s=96&d=mm&r=g","caption":"Gabriel Martins"},"sameAs":["https:\/\/www.em.com.br\/emfoco\/"],"url":"https:\/\/www.em.com.br\/emfoco\/author\/gabrielmartinsmyth\/"}]}},"_links":{"self":[{"href":"https:\/\/www.em.com.br\/emfoco\/wp-json\/wp\/v2\/posts\/100355","targetHints":{"allow":["GET"]}}],"collection":[{"href":"https:\/\/www.em.com.br\/emfoco\/wp-json\/wp\/v2\/posts"}],"about":[{"href":"https:\/\/www.em.com.br\/emfoco\/wp-json\/wp\/v2\/types\/post"}],"author":[{"embeddable":true,"href":"https:\/\/www.em.com.br\/emfoco\/wp-json\/wp\/v2\/users\/13"}],"replies":[{"embeddable":true,"href":"https:\/\/www.em.com.br\/emfoco\/wp-json\/wp\/v2\/comments?post=100355"}],"version-history":[{"count":1,"href":"https:\/\/www.em.com.br\/emfoco\/wp-json\/wp\/v2\/posts\/100355\/revisions"}],"predecessor-version":[{"id":100357,"href":"https:\/\/www.em.com.br\/emfoco\/wp-json\/wp\/v2\/posts\/100355\/revisions\/100357"}],"wp:featuredmedia":[{"embeddable":true,"href":"https:\/\/www.em.com.br\/emfoco\/wp-json\/wp\/v2\/media\/73937"}],"wp:attachment":[{"href":"https:\/\/www.em.com.br\/emfoco\/wp-json\/wp\/v2\/media?parent=100355"}],"wp:term":[{"taxonomy":"category","embeddable":true,"href":"https:\/\/www.em.com.br\/emfoco\/wp-json\/wp\/v2\/categories?post=100355"},{"taxonomy":"post_tag","embeddable":true,"href":"https:\/\/www.em.com.br\/emfoco\/wp-json\/wp\/v2\/tags?post=100355"}],"curies":[{"name":"wp","href":"https:\/\/api.w.org\/{rel}","templated":true}]}}