{"id":100301,"date":"2025-09-06T16:28:00","date_gmt":"2025-09-06T19:28:00","guid":{"rendered":"https:\/\/www.em.com.br\/emfoco\/?p=100301"},"modified":"2025-09-03T14:51:39","modified_gmt":"2025-09-03T17:51:39","slug":"os-melhores-temperos-para-cultivar-em-casa-e-economizar-no-mercado","status":"publish","type":"post","link":"https:\/\/www.em.com.br\/emfoco\/2025\/09\/06\/os-melhores-temperos-para-cultivar-em-casa-e-economizar-no-mercado\/","title":{"rendered":"Os melhores temperos para cultivar em casa e economizar no mercado"},"content":{"rendered":"\n<p>Ter uma horta dom\u00e9stica com <strong>temperos frescos<\/strong> \u00e9 uma forma pr\u00e1tica de economizar nas compras e garantir mais sabor nas receitas. Com cuidados simples, voc\u00ea pode cultivar em espa\u00e7os pequenos e manter sempre \u00e0 m\u00e3o ingredientes naturais e saud\u00e1veis.<\/p>\n\n\n\n<ul class=\"wp-block-list\">\n<li>Aprenda cuidados b\u00e1sicos para plantar e colher com sucesso<\/li>\n\n\n\n<li>Descubra quais temperos se adaptam melhor em ambientes internos<\/li>\n\n\n\n<li>Veja truques para manter as plantas produtivas por mais tempo<\/li>\n<\/ul>\n\n\n\n<h2 class=\"wp-block-heading\">Por que cultivar temperos em casa pode ser t\u00e3o vantajoso?<\/h2>\n\n\n\n<p>Criar uma horta com <strong>ervas arom\u00e1ticas<\/strong> em casa permite reduzir gastos no supermercado e ter sempre ingredientes frescos. Al\u00e9m da economia, o cultivo contribui para uma <strong><a href=\"https:\/\/www.em.com.br\/emfoco\/2025\/08\/29\/quando-fazer-ajustes-na-alimentacao-para-melhorar-sua-saude\/\" target=\"_blank\" rel=\"noreferrer noopener\">alimenta\u00e7\u00e3o <\/a><\/strong>mais saud\u00e1vel e saborosa.<\/p>\n\n\n\n<p>O ato de plantar tamb\u00e9m proporciona bem-estar e contato com a natureza. Mesmo em ambientes urbanos, pequenas hortas oferecem sensa\u00e7\u00e3o de relaxamento e estimulam h\u00e1bitos sustent\u00e1veis no dia a dia.<\/p>\n\n\n\n<figure class=\"wp-block-image size-large\"><img loading=\"lazy\" decoding=\"async\" width=\"1024\" height=\"576\" src=\"https:\/\/www.em.com.br\/emfoco\/wp-content\/uploads\/2025\/04\/Oregano_1743817744309-1024x576.jpg\" alt=\"Transforme sua cozinha com or\u00e9gano fresco cultivado por voc\u00ea mesmo!\" class=\"wp-image-35430\" srcset=\"https:\/\/www.em.com.br\/emfoco\/wp-content\/uploads\/2025\/04\/Oregano_1743817744309-1024x576.jpg 1024w, https:\/\/www.em.com.br\/emfoco\/wp-content\/uploads\/2025\/04\/Oregano_1743817744309-300x169.jpg 300w, https:\/\/www.em.com.br\/emfoco\/wp-content\/uploads\/2025\/04\/Oregano_1743817744309-768x432.jpg 768w, https:\/\/www.em.com.br\/emfoco\/wp-content\/uploads\/2025\/04\/Oregano_1743817744309-750x422.jpg 750w, https:\/\/www.em.com.br\/emfoco\/wp-content\/uploads\/2025\/04\/Oregano_1743817744309-1140x641.jpg 1140w, https:\/\/www.em.com.br\/emfoco\/wp-content\/uploads\/2025\/04\/Oregano_1743817744309.jpg 1280w\" sizes=\"auto, (max-width: 1024px) 100vw, 1024px\" \/><figcaption class=\"wp-element-caption\">Or\u00e9gano &#8211; Cr\u00e9ditos: depositphotos.com \/ ildi_papp<\/figcaption><\/figure>\n\n\n\n<h2 class=\"wp-block-heading\">Quais temperos s\u00e3o mais f\u00e1ceis de plantar em espa\u00e7os pequenos?<\/h2>\n\n\n\n<p>Alguns <strong>temperos dom\u00e9sticos<\/strong> exigem pouco espa\u00e7o e se adaptam bem a vasos, jardineiras ou at\u00e9 recipientes reciclados. S\u00e3o op\u00e7\u00f5es ideais para cozinhas, varandas e janelas iluminadas.<\/p>\n\n\n\n<ul class=\"wp-block-list\">\n<li>Salsa e cebolinha: resistentes e de crescimento r\u00e1pido<\/li>\n\n\n\n<li>Manjeric\u00e3o: prefere locais iluminados e regas frequentes<\/li>\n\n\n\n<li>Hortel\u00e3: cresce facilmente, mas precisa de espa\u00e7o pr\u00f3prio<\/li>\n\n\n\n<li>Or\u00e9gano e tomilho: ideais para climas secos e ensolarados<\/li>\n<\/ul>\n\n\n\n<figure class=\"wp-block-image size-large\"><img loading=\"lazy\" decoding=\"async\" width=\"1024\" height=\"576\" src=\"https:\/\/www.em.com.br\/emfoco\/wp-content\/uploads\/2025\/04\/Hortela_1743873397686-1024x576.jpg\" alt=\"Cultive hortel\u00e3 na sua casa e tenha sempre folhas frescas a sua disposi\u00e7\u00e3o!\" class=\"wp-image-35628\" srcset=\"https:\/\/www.em.com.br\/emfoco\/wp-content\/uploads\/2025\/04\/Hortela_1743873397686-1024x576.jpg 1024w, https:\/\/www.em.com.br\/emfoco\/wp-content\/uploads\/2025\/04\/Hortela_1743873397686-300x169.jpg 300w, https:\/\/www.em.com.br\/emfoco\/wp-content\/uploads\/2025\/04\/Hortela_1743873397686-768x432.jpg 768w, https:\/\/www.em.com.br\/emfoco\/wp-content\/uploads\/2025\/04\/Hortela_1743873397686-750x422.jpg 750w, https:\/\/www.em.com.br\/emfoco\/wp-content\/uploads\/2025\/04\/Hortela_1743873397686-1140x641.jpg 1140w, https:\/\/www.em.com.br\/emfoco\/wp-content\/uploads\/2025\/04\/Hortela_1743873397686.jpg 1280w\" sizes=\"auto, (max-width: 1024px) 100vw, 1024px\" \/><figcaption class=\"wp-element-caption\">Hortela &#8211; Cr\u00e9ditos: depositphotos.com \/ Noppharat_th<\/figcaption><\/figure>\n\n\n\n<h2 class=\"wp-block-heading\">Como garantir que os temperos cres\u00e7am saud\u00e1veis?<\/h2>\n\n\n\n<p>Para que as <strong>ervas caseiras<\/strong> cres\u00e7am vigorosas, \u00e9 essencial observar a quantidade de luz solar e manter a rega equilibrada. Cada esp\u00e9cie possui suas necessidades, mas a regra geral \u00e9 manter a terra \u00famida, sem encharcar.<\/p>\n\n\n\n<p>Outro ponto importante \u00e9 escolher um solo leve e rico em nutrientes. A aduba\u00e7\u00e3o peri\u00f3dica com <strong><a href=\"https:\/\/rehagro.com.br\/blog\/materia-organica-no-solo\/\" target=\"_blank\" rel=\"noreferrer noopener\">mat\u00e9ria org\u00e2nica<\/a><\/strong>, como h\u00famus de minhoca ou composto caseiro, ajuda a fortalecer as plantas e prolongar sua vida \u00fatil.<\/p>\n\n\n\n<figure class=\"wp-block-image size-large\"><img loading=\"lazy\" decoding=\"async\" width=\"1024\" height=\"576\" src=\"https:\/\/www.em.com.br\/emfoco\/wp-content\/uploads\/2025\/05\/parsley_1746715321449-1024x576.jpg\" alt=\"Aprenda cultivar salsinha em casa e sempre tenha temperos frescos\" class=\"wp-image-45671\" srcset=\"https:\/\/www.em.com.br\/emfoco\/wp-content\/uploads\/2025\/05\/parsley_1746715321449-1024x576.jpg 1024w, https:\/\/www.em.com.br\/emfoco\/wp-content\/uploads\/2025\/05\/parsley_1746715321449-300x169.jpg 300w, https:\/\/www.em.com.br\/emfoco\/wp-content\/uploads\/2025\/05\/parsley_1746715321449-768x432.jpg 768w, https:\/\/www.em.com.br\/emfoco\/wp-content\/uploads\/2025\/05\/parsley_1746715321449-750x422.jpg 750w, https:\/\/www.em.com.br\/emfoco\/wp-content\/uploads\/2025\/05\/parsley_1746715321449-1140x641.jpg 1140w, https:\/\/www.em.com.br\/emfoco\/wp-content\/uploads\/2025\/05\/parsley_1746715321449.jpg 1280w\" sizes=\"auto, (max-width: 1024px) 100vw, 1024px\" \/><figcaption class=\"wp-element-caption\">Salsinha &#8211; Cr\u00e9ditos: depositphotos.com \/ mira.drozdowski.gmx.de<\/figcaption><\/figure>\n\n\n\n<h2 class=\"wp-block-heading\">Quais cuidados evitam que as plantas murchem rapidamente?<\/h2>\n\n\n\n<p>Manter a horta produtiva exige pequenas a\u00e7\u00f5es de manuten\u00e7\u00e3o que evitam pragas e o ressecamento das folhas. A poda regular e a observa\u00e7\u00e3o di\u00e1ria fazem diferen\u00e7a no resultado.<\/p>\n\n\n\n<ul class=\"wp-block-list\">\n<li>Retire folhas secas para estimular novos brotos<\/li>\n\n\n\n<li>Evite excesso de \u00e1gua para prevenir fungos<\/li>\n\n\n\n<li>Posicione os vasos em locais arejados e iluminados<\/li>\n<\/ul>\n\n\n\n<h2 class=\"wp-block-heading\">Quais truques extras ajudam a economizar ainda mais?<\/h2>\n\n\n\n<p>Pequenas pr\u00e1ticas aumentam a durabilidade da horta e reduzem custos com compras recorrentes. Ao reutilizar recursos e manter o ciclo de cultivo, voc\u00ea transforma sua horta em um verdadeiro aliado da economia.<\/p>\n\n\n\n<ul class=\"wp-block-list\">\n<li>Use restos de temperos, como ra\u00edzes de cebolinha, para replantar<\/li>\n\n\n\n<li>Reaproveite garrafas PET ou potes de vidro como vasos<\/li>\n\n\n\n<li>Monte um calend\u00e1rio de rega para evitar desperd\u00edcios<\/li>\n<\/ul>\n","protected":false},"excerpt":{"rendered":"<p>Ter uma horta dom\u00e9stica com temperos frescos \u00e9 uma forma pr\u00e1tica de economizar nas compras e garantir mais sabor nas receitas. Com cuidados simples, voc\u00ea pode cultivar em espa\u00e7os pequenos e manter sempre \u00e0 m\u00e3o ingredientes naturais e saud\u00e1veis. Por que cultivar temperos em casa pode ser t\u00e3o vantajoso? Criar uma horta com ervas arom\u00e1ticas [&hellip;]<\/p>\n","protected":false},"author":13,"featured_media":41112,"comment_status":"open","ping_status":"open","sticky":false,"template":"","format":"standard","meta":{"jnews-multi-image_gallery":[],"jnews_single_post":{"format":"standard"},"jnews_primary_category":[],"jnews_social_meta":[],"jnews_override_counter":[],"footnotes":""},"categories":[1],"tags":[],"class_list":["post-100301","post","type-post","status-publish","format-standard","has-post-thumbnail","hentry","category-noticias"],"yoast_head":"<!-- This site is optimized with the Yoast SEO plugin v23.8 - https:\/\/yoast.com\/wordpress\/plugins\/seo\/ -->\n<title>Os melhores temperos para cultivar em casa e economizar no mercado - Estado de Minas - Em foco<\/title>\n<meta name=\"description\" content=\"Economize e viva melhor com uma horta dom\u00e9stica cheia de temperos fresquinhos, mesmo em apartamentos pequenos.\" \/>\n<meta name=\"robots\" content=\"index, follow, max-snippet:-1, max-image-preview:large, max-video-preview:-1\" \/>\n<link rel=\"canonical\" href=\"https:\/\/www.em.com.br\/emfoco\/2025\/09\/06\/os-melhores-temperos-para-cultivar-em-casa-e-economizar-no-mercado\/\" \/>\n<meta property=\"og:locale\" content=\"pt_BR\" \/>\n<meta property=\"og:type\" content=\"article\" \/>\n<meta property=\"og:title\" content=\"Os melhores temperos para cultivar em casa e economizar no mercado - Estado de Minas - Em foco\" \/>\n<meta property=\"og:description\" content=\"Economize e viva melhor com uma horta dom\u00e9stica cheia de temperos fresquinhos, mesmo em apartamentos pequenos.\" \/>\n<meta property=\"og:url\" content=\"https:\/\/www.em.com.br\/emfoco\/2025\/09\/06\/os-melhores-temperos-para-cultivar-em-casa-e-economizar-no-mercado\/\" \/>\n<meta property=\"og:site_name\" content=\"Estado de Minas - Em foco\" \/>\n<meta property=\"article:published_time\" content=\"2025-09-06T19:28:00+00:00\" \/>\n<meta property=\"article:modified_time\" content=\"2025-09-03T17:51:39+00:00\" \/>\n<meta property=\"og:image\" content=\"https:\/\/www.em.com.br\/emfoco\/wp-content\/uploads\/2025\/04\/thyme_1745497247644.jpg\" \/>\n\t<meta property=\"og:image:width\" content=\"1280\" \/>\n\t<meta property=\"og:image:height\" content=\"720\" \/>\n\t<meta property=\"og:image:type\" content=\"image\/jpeg\" \/>\n<meta name=\"author\" content=\"Gabriel Martins\" \/>\n<meta name=\"twitter:card\" content=\"summary_large_image\" \/>\n<meta name=\"twitter:label1\" content=\"Escrito por\" \/>\n\t<meta name=\"twitter:data1\" content=\"Gabriel Martins\" \/>\n\t<meta name=\"twitter:label2\" content=\"Est. tempo de leitura\" \/>\n\t<meta name=\"twitter:data2\" content=\"4 minutos\" \/>\n<!-- \/ Yoast SEO plugin. -->","yoast_head_json":{"title":"Os melhores temperos para cultivar em casa e economizar no mercado - Estado de Minas - Em foco","description":"Economize e viva melhor com uma horta dom\u00e9stica cheia de temperos fresquinhos, mesmo em apartamentos pequenos.","robots":{"index":"index","follow":"follow","max-snippet":"max-snippet:-1","max-image-preview":"max-image-preview:large","max-video-preview":"max-video-preview:-1"},"canonical":"https:\/\/www.em.com.br\/emfoco\/2025\/09\/06\/os-melhores-temperos-para-cultivar-em-casa-e-economizar-no-mercado\/","og_locale":"pt_BR","og_type":"article","og_title":"Os melhores temperos para cultivar em casa e economizar no mercado - Estado de Minas - Em foco","og_description":"Economize e viva melhor com uma horta dom\u00e9stica cheia de temperos fresquinhos, mesmo em apartamentos pequenos.","og_url":"https:\/\/www.em.com.br\/emfoco\/2025\/09\/06\/os-melhores-temperos-para-cultivar-em-casa-e-economizar-no-mercado\/","og_site_name":"Estado de Minas - Em foco","article_published_time":"2025-09-06T19:28:00+00:00","article_modified_time":"2025-09-03T17:51:39+00:00","og_image":[{"width":1280,"height":720,"url":"https:\/\/www.em.com.br\/emfoco\/wp-content\/uploads\/2025\/04\/thyme_1745497247644.jpg","type":"image\/jpeg"}],"author":"Gabriel Martins","twitter_card":"summary_large_image","twitter_misc":{"Escrito por":"Gabriel Martins","Est. tempo de leitura":"4 minutos"},"schema":{"@context":"https:\/\/schema.org","@graph":[{"@type":"WebPage","@id":"https:\/\/www.em.com.br\/emfoco\/2025\/09\/06\/os-melhores-temperos-para-cultivar-em-casa-e-economizar-no-mercado\/","url":"https:\/\/www.em.com.br\/emfoco\/2025\/09\/06\/os-melhores-temperos-para-cultivar-em-casa-e-economizar-no-mercado\/","name":"Os melhores temperos para cultivar em casa e economizar no mercado - Estado de Minas - Em foco","isPartOf":{"@id":"https:\/\/www.em.com.br\/emfoco\/#website"},"primaryImageOfPage":{"@id":"https:\/\/www.em.com.br\/emfoco\/2025\/09\/06\/os-melhores-temperos-para-cultivar-em-casa-e-economizar-no-mercado\/#primaryimage"},"image":{"@id":"https:\/\/www.em.com.br\/emfoco\/2025\/09\/06\/os-melhores-temperos-para-cultivar-em-casa-e-economizar-no-mercado\/#primaryimage"},"thumbnailUrl":"https:\/\/www.em.com.br\/emfoco\/wp-content\/uploads\/2025\/04\/thyme_1745497247644.jpg","datePublished":"2025-09-06T19:28:00+00:00","dateModified":"2025-09-03T17:51:39+00:00","author":{"@id":"https:\/\/www.em.com.br\/emfoco\/#\/schema\/person\/1c9ddeab18b98abeffef834667bcf08a"},"description":"Economize e viva melhor com uma horta dom\u00e9stica cheia de temperos fresquinhos, mesmo em apartamentos pequenos.","breadcrumb":{"@id":"https:\/\/www.em.com.br\/emfoco\/2025\/09\/06\/os-melhores-temperos-para-cultivar-em-casa-e-economizar-no-mercado\/#breadcrumb"},"inLanguage":"pt-BR","potentialAction":[{"@type":"ReadAction","target":["https:\/\/www.em.com.br\/emfoco\/2025\/09\/06\/os-melhores-temperos-para-cultivar-em-casa-e-economizar-no-mercado\/"]}]},{"@type":"ImageObject","inLanguage":"pt-BR","@id":"https:\/\/www.em.com.br\/emfoco\/2025\/09\/06\/os-melhores-temperos-para-cultivar-em-casa-e-economizar-no-mercado\/#primaryimage","url":"https:\/\/www.em.com.br\/emfoco\/wp-content\/uploads\/2025\/04\/thyme_1745497247644.jpg","contentUrl":"https:\/\/www.em.com.br\/emfoco\/wp-content\/uploads\/2025\/04\/thyme_1745497247644.jpg","width":1280,"height":720,"caption":"Cultivo de ervas arom\u00e1ticas que enriquecem receitas naturalmente - Cr\u00e9ditos: depositphotos.com \/ MarusiaBO"},{"@type":"BreadcrumbList","@id":"https:\/\/www.em.com.br\/emfoco\/2025\/09\/06\/os-melhores-temperos-para-cultivar-em-casa-e-economizar-no-mercado\/#breadcrumb","itemListElement":[{"@type":"ListItem","position":1,"name":"In\u00edcio","item":"https:\/\/www.em.com.br\/emfoco\/"},{"@type":"ListItem","position":2,"name":"Os melhores temperos para cultivar em casa e economizar no mercado"}]},{"@type":"WebSite","@id":"https:\/\/www.em.com.br\/emfoco\/#website","url":"https:\/\/www.em.com.br\/emfoco\/","name":"Estado de Minas - Em foco","description":"Acompanhe as \u00faltimas not\u00edcias e fique bem informado sobre tudo o que acontece em Minas Gerais, Brasil e no mundo.","potentialAction":[{"@type":"SearchAction","target":{"@type":"EntryPoint","urlTemplate":"https:\/\/www.em.com.br\/emfoco\/?s={search_term_string}"},"query-input":{"@type":"PropertyValueSpecification","valueRequired":true,"valueName":"search_term_string"}}],"inLanguage":"pt-BR"},{"@type":"Person","@id":"https:\/\/www.em.com.br\/emfoco\/#\/schema\/person\/1c9ddeab18b98abeffef834667bcf08a","name":"Gabriel Martins","image":{"@type":"ImageObject","inLanguage":"pt-BR","@id":"https:\/\/www.em.com.br\/emfoco\/#\/schema\/person\/image\/","url":"https:\/\/secure.gravatar.com\/avatar\/f0f1e2efdfd88f1ad2cb08c5c2731e50?s=96&d=mm&r=g","contentUrl":"https:\/\/secure.gravatar.com\/avatar\/f0f1e2efdfd88f1ad2cb08c5c2731e50?s=96&d=mm&r=g","caption":"Gabriel Martins"},"sameAs":["https:\/\/www.em.com.br\/emfoco\/"],"url":"https:\/\/www.em.com.br\/emfoco\/author\/gabrielmartinsmyth\/"}]}},"_links":{"self":[{"href":"https:\/\/www.em.com.br\/emfoco\/wp-json\/wp\/v2\/posts\/100301","targetHints":{"allow":["GET"]}}],"collection":[{"href":"https:\/\/www.em.com.br\/emfoco\/wp-json\/wp\/v2\/posts"}],"about":[{"href":"https:\/\/www.em.com.br\/emfoco\/wp-json\/wp\/v2\/types\/post"}],"author":[{"embeddable":true,"href":"https:\/\/www.em.com.br\/emfoco\/wp-json\/wp\/v2\/users\/13"}],"replies":[{"embeddable":true,"href":"https:\/\/www.em.com.br\/emfoco\/wp-json\/wp\/v2\/comments?post=100301"}],"version-history":[{"count":1,"href":"https:\/\/www.em.com.br\/emfoco\/wp-json\/wp\/v2\/posts\/100301\/revisions"}],"predecessor-version":[{"id":100330,"href":"https:\/\/www.em.com.br\/emfoco\/wp-json\/wp\/v2\/posts\/100301\/revisions\/100330"}],"wp:featuredmedia":[{"embeddable":true,"href":"https:\/\/www.em.com.br\/emfoco\/wp-json\/wp\/v2\/media\/41112"}],"wp:attachment":[{"href":"https:\/\/www.em.com.br\/emfoco\/wp-json\/wp\/v2\/media?parent=100301"}],"wp:term":[{"taxonomy":"category","embeddable":true,"href":"https:\/\/www.em.com.br\/emfoco\/wp-json\/wp\/v2\/categories?post=100301"},{"taxonomy":"post_tag","embeddable":true,"href":"https:\/\/www.em.com.br\/emfoco\/wp-json\/wp\/v2\/tags?post=100301"}],"curies":[{"name":"wp","href":"https:\/\/api.w.org\/{rel}","templated":true}]}}