{"id":100269,"date":"2025-09-06T14:28:00","date_gmt":"2025-09-06T17:28:00","guid":{"rendered":"https:\/\/www.em.com.br\/emfoco\/?p=100269"},"modified":"2025-09-05T18:00:09","modified_gmt":"2025-09-05T21:00:09","slug":"se-voce-tem-cachorro-em-casa-evite-essas-plantas-no-seu-jardim","status":"publish","type":"post","link":"https:\/\/www.em.com.br\/emfoco\/2025\/09\/06\/se-voce-tem-cachorro-em-casa-evite-essas-plantas-no-seu-jardim\/","title":{"rendered":"Se voc\u00ea tem cachorro em casa, evite essas plantas no seu jardim"},"content":{"rendered":"\n<p><strong>Plantas t\u00f3xicas no jardim<\/strong> podem representar s\u00e9rios riscos para a sa\u00fade do seu cachorro. Muitas esp\u00e9cies populares em paisagismo s\u00e3o venenosas para c\u00e3es e podem causar sintomas graves com uma simples mordida.<\/p>\n\n\n\n<ul class=\"wp-block-list\">\n<li>Algumas plantas decorativas s\u00e3o altamente t\u00f3xicas para cachorros<\/li>\n\n\n\n<li>Existem sintomas perigosos mesmo com ingest\u00e3o leve<\/li>\n\n\n\n<li>H\u00e1 formas pr\u00e1ticas de proteger o pet e o jardim<\/li>\n<\/ul>\n\n\n\n<h2 class=\"wp-block-heading\">Quais plantas populares representam riscos para os c\u00e3es?<\/h2>\n\n\n\n<p><strong>Esp\u00e9cies como comigo-ningu\u00e9m-pode, ant\u00fario e l\u00edrio<\/strong> est\u00e3o entre as mais perigosas para cachorros. Presentes em muitos lares e jardins, elas cont\u00eam subst\u00e2ncias que irritam a mucosa, causam v\u00f4mitos e at\u00e9 problemas renais.<\/p>\n\n\n\n<p><strong>Costela-de-ad\u00e3o, azaleia e espada-de-s\u00e3o-jorge<\/strong> tamb\u00e9m s\u00e3o t\u00f3xicas se ingeridas. Algumas provocam rea\u00e7\u00f5es imediatas, como saliva\u00e7\u00e3o intensa e dificuldade de respirar. O ideal \u00e9 remov\u00ea-las do ambiente ou coloc\u00e1-las fora do alcance do animal.<\/p>\n\n\n\n<figure class=\"wp-block-image size-large\"><img loading=\"lazy\" decoding=\"async\" width=\"1024\" height=\"576\" src=\"https:\/\/www.em.com.br\/emfoco\/wp-content\/uploads\/2025\/06\/sansevieria_1749216124738-1024x576.jpg\" alt=\"Aprende a cultivar espada de S\u00e3o Jorge, a planta que ir\u00e1 purificar o ar da sua casa!\" class=\"wp-image-56659\" srcset=\"https:\/\/www.em.com.br\/emfoco\/wp-content\/uploads\/2025\/06\/sansevieria_1749216124738-1024x576.jpg 1024w, https:\/\/www.em.com.br\/emfoco\/wp-content\/uploads\/2025\/06\/sansevieria_1749216124738-300x169.jpg 300w, https:\/\/www.em.com.br\/emfoco\/wp-content\/uploads\/2025\/06\/sansevieria_1749216124738-768x432.jpg 768w, https:\/\/www.em.com.br\/emfoco\/wp-content\/uploads\/2025\/06\/sansevieria_1749216124738-750x422.jpg 750w, https:\/\/www.em.com.br\/emfoco\/wp-content\/uploads\/2025\/06\/sansevieria_1749216124738-1140x641.jpg 1140w, https:\/\/www.em.com.br\/emfoco\/wp-content\/uploads\/2025\/06\/sansevieria_1749216124738.jpg 1280w\" sizes=\"auto, (max-width: 1024px) 100vw, 1024px\" \/><figcaption class=\"wp-element-caption\">Espada de S\u00e3o Jorge &#8211; Cr\u00e9ditos: depositphotos.com \/ vitalii.kyrychuk@gmail.com<\/figcaption><\/figure>\n\n\n\n<h2 class=\"wp-block-heading\">Como identificar os sinais de intoxica\u00e7\u00e3o em c\u00e3es?<\/h2>\n\n\n\n<p><strong>Observar o comportamento do cachorro<\/strong> \u00e9 essencial para detectar sinais de envenenamento. Sintomas como v\u00f4mito, <strong><a href=\"https:\/\/www.em.com.br\/emfoco\/2025\/09\/01\/como-se-livrar-da-diarreia-rapidamente-em-adultos-usando-este-ingrediente-da-sua-cozinha\/\" target=\"_blank\" rel=\"noreferrer noopener\">diarreia<\/a><\/strong>, apatia ou saliva\u00e7\u00e3o em excesso podem indicar contato com plantas t\u00f3xicas.<\/p>\n\n\n\n<ul class=\"wp-block-list\">\n<li>Incha\u00e7o no focinho ou nas patas<\/li>\n\n\n\n<li>Dificuldade para engolir ou respirar<\/li>\n\n\n\n<li>Tremores ou convuls\u00f5es em casos mais graves<\/li>\n\n\n\n<li>Irrita\u00e7\u00e3o ocular e lacrimejamento constante<\/li>\n<\/ul>\n\n\n\n<figure class=\"wp-block-image size-large\"><img loading=\"lazy\" decoding=\"async\" width=\"1024\" height=\"576\" src=\"https:\/\/www.em.com.br\/emfoco\/wp-content\/uploads\/2025\/08\/Azaleia_1754591818315-1024x576.jpg\" alt=\"As 4 plantas mais perigosas para seus pets que voc\u00ea pode ter no seu jardim\" class=\"wp-image-88419\" srcset=\"https:\/\/www.em.com.br\/emfoco\/wp-content\/uploads\/2025\/08\/Azaleia_1754591818315-1024x576.jpg 1024w, https:\/\/www.em.com.br\/emfoco\/wp-content\/uploads\/2025\/08\/Azaleia_1754591818315-300x169.jpg 300w, https:\/\/www.em.com.br\/emfoco\/wp-content\/uploads\/2025\/08\/Azaleia_1754591818315-768x432.jpg 768w, https:\/\/www.em.com.br\/emfoco\/wp-content\/uploads\/2025\/08\/Azaleia_1754591818315-750x422.jpg 750w, https:\/\/www.em.com.br\/emfoco\/wp-content\/uploads\/2025\/08\/Azaleia_1754591818315-1140x641.jpg 1140w, https:\/\/www.em.com.br\/emfoco\/wp-content\/uploads\/2025\/08\/Azaleia_1754591818315.jpg 1280w\" sizes=\"auto, (max-width: 1024px) 100vw, 1024px\" \/><figcaption class=\"wp-element-caption\">Flor azaleia &#8211; Cr\u00e9ditos: depositphotos.com \/ hiro1775<\/figcaption><\/figure>\n\n\n\n<h2 class=\"wp-block-heading\">Plantas seguras que podem substituir as t\u00f3xicas?<\/h2>\n\n\n\n<p><strong>Substituir esp\u00e9cies perigosas por<a href=\"https:\/\/casacor.abril.com.br\/pt-BR\/noticias\/paisagismo\/plantas-para-caes-gatos\" target=\"_blank\" rel=\"noreferrer noopener\"> plantas pet-friendly<\/a><\/strong> \u00e9 uma forma simples de proteger seu cachorro sem abrir m\u00e3o da est\u00e9tica. Muitas op\u00e7\u00f5es s\u00e3o bonitas e inofensivas, permitindo um jardim seguro e agrad\u00e1vel.<\/p>\n\n\n\n<p><strong>Ervas arom\u00e1ticas como alecrim, lavanda e camomila<\/strong> s\u00e3o \u00f3timas alternativas. Al\u00e9m de decorativas, essas plantas oferecem aromas agrad\u00e1veis, ajudam a repelir insetos e n\u00e3o causam danos \u00e0 sa\u00fade dos pets.<\/p>\n\n\n\n<h2 class=\"wp-block-heading\">Quais cuidados ajudam a evitar acidentes com plantas?<\/h2>\n\n\n\n<p><strong>Tomar precau\u00e7\u00f5es simples<\/strong> no manejo das plantas pode evitar que o cachorro tenha acesso a esp\u00e9cies t\u00f3xicas. Mesmo em ambientes internos, \u00e9 importante adotar medidas de seguran\u00e7a no dia a dia.<\/p>\n\n\n\n<ul class=\"wp-block-list\">\n<li>Evite vasos no ch\u00e3o ou em locais de f\u00e1cil acesso<\/li>\n\n\n\n<li>Instale barreiras f\u00edsicas como cercas ou grades<\/li>\n\n\n\n<li>Use vasos suspensos para plantas de risco<\/li>\n<\/ul>\n\n\n\n<h2 class=\"wp-block-heading\">Quais dicas extras ajudam a manter c\u00e3es e plantas seguros?<\/h2>\n\n\n\n<p><strong>Equilibrar jardinagem e bem-estar animal<\/strong> \u00e9 poss\u00edvel com algumas estrat\u00e9gias pr\u00e1ticas. Cuidar do jardim sem comprometer a sa\u00fade do pet torna o ambiente mais seguro e harmonioso.<\/p>\n\n\n\n<ul class=\"wp-block-list\">\n<li>Ensine comandos para evitar que o c\u00e3o morda folhas<\/li>\n\n\n\n<li>Use repelentes naturais nos vasos, como casca de laranja<\/li>\n\n\n\n<li>Monte uma \u00e1rea do jardim s\u00f3 para o cachorro brincar<\/li>\n<\/ul>\n","protected":false},"excerpt":{"rendered":"<p>Plantas t\u00f3xicas no jardim podem representar s\u00e9rios riscos para a sa\u00fade do seu cachorro. Muitas esp\u00e9cies populares em paisagismo s\u00e3o venenosas para c\u00e3es e podem causar sintomas graves com uma simples mordida. Quais plantas populares representam riscos para os c\u00e3es? Esp\u00e9cies como comigo-ningu\u00e9m-pode, ant\u00fario e l\u00edrio est\u00e3o entre as mais perigosas para cachorros. Presentes em [&hellip;]<\/p>\n","protected":false},"author":13,"featured_media":94031,"comment_status":"open","ping_status":"open","sticky":false,"template":"","format":"standard","meta":{"jnews-multi-image_gallery":[],"jnews_single_post":{"format":"standard"},"jnews_primary_category":[],"jnews_social_meta":[],"jnews_override_counter":[],"footnotes":""},"categories":[8819],"tags":[10225,13607,3325,9627],"class_list":["post-100269","post","type-post","status-publish","format-standard","has-post-thumbnail","hentry","category-curiosidades","tag-cachorros","tag-cuidado-com-pets","tag-jardim","tag-plantas-venenosas"],"yoast_head":"<!-- This site is optimized with the Yoast SEO plugin v23.8 - https:\/\/yoast.com\/wordpress\/plugins\/seo\/ -->\n<title>Se voc\u00ea tem cachorro em casa, evite essas plantas no seu jardim - Estado de Minas - Em foco<\/title>\n<meta name=\"description\" content=\"Muitas plantas populares s\u00e3o venenosas para cachorros e podem causar sintomas graves. Veja quais evitar e como proteger seu pet.\" \/>\n<meta name=\"robots\" content=\"index, follow, max-snippet:-1, max-image-preview:large, max-video-preview:-1\" \/>\n<link rel=\"canonical\" href=\"https:\/\/www.em.com.br\/emfoco\/2025\/09\/06\/se-voce-tem-cachorro-em-casa-evite-essas-plantas-no-seu-jardim\/\" \/>\n<meta property=\"og:locale\" content=\"pt_BR\" \/>\n<meta property=\"og:type\" content=\"article\" \/>\n<meta property=\"og:title\" content=\"Se voc\u00ea tem cachorro em casa, evite essas plantas no seu jardim - Estado de Minas - Em foco\" \/>\n<meta property=\"og:description\" content=\"Muitas plantas populares s\u00e3o venenosas para cachorros e podem causar sintomas graves. Veja quais evitar e como proteger seu pet.\" \/>\n<meta property=\"og:url\" content=\"https:\/\/www.em.com.br\/emfoco\/2025\/09\/06\/se-voce-tem-cachorro-em-casa-evite-essas-plantas-no-seu-jardim\/\" \/>\n<meta property=\"og:site_name\" content=\"Estado de Minas - Em foco\" \/>\n<meta property=\"article:published_time\" content=\"2025-09-06T17:28:00+00:00\" \/>\n<meta property=\"article:modified_time\" content=\"2025-09-05T21:00:09+00:00\" \/>\n<meta property=\"og:image\" content=\"https:\/\/www.em.com.br\/emfoco\/wp-content\/uploads\/2025\/08\/Cachorros-com-calor_1755697062467.jpg\" \/>\n\t<meta property=\"og:image:width\" content=\"1280\" \/>\n\t<meta property=\"og:image:height\" content=\"720\" \/>\n\t<meta property=\"og:image:type\" content=\"image\/jpeg\" \/>\n<meta name=\"author\" content=\"Gabriel Martins\" \/>\n<meta name=\"twitter:card\" content=\"summary_large_image\" \/>\n<meta name=\"twitter:label1\" content=\"Escrito por\" \/>\n\t<meta name=\"twitter:data1\" content=\"Gabriel Martins\" \/>\n\t<meta name=\"twitter:label2\" content=\"Est. tempo de leitura\" \/>\n\t<meta name=\"twitter:data2\" content=\"3 minutos\" \/>\n<!-- \/ Yoast SEO plugin. -->","yoast_head_json":{"title":"Se voc\u00ea tem cachorro em casa, evite essas plantas no seu jardim - Estado de Minas - Em foco","description":"Muitas plantas populares s\u00e3o venenosas para cachorros e podem causar sintomas graves. Veja quais evitar e como proteger seu pet.","robots":{"index":"index","follow":"follow","max-snippet":"max-snippet:-1","max-image-preview":"max-image-preview:large","max-video-preview":"max-video-preview:-1"},"canonical":"https:\/\/www.em.com.br\/emfoco\/2025\/09\/06\/se-voce-tem-cachorro-em-casa-evite-essas-plantas-no-seu-jardim\/","og_locale":"pt_BR","og_type":"article","og_title":"Se voc\u00ea tem cachorro em casa, evite essas plantas no seu jardim - Estado de Minas - Em foco","og_description":"Muitas plantas populares s\u00e3o venenosas para cachorros e podem causar sintomas graves. Veja quais evitar e como proteger seu pet.","og_url":"https:\/\/www.em.com.br\/emfoco\/2025\/09\/06\/se-voce-tem-cachorro-em-casa-evite-essas-plantas-no-seu-jardim\/","og_site_name":"Estado de Minas - Em foco","article_published_time":"2025-09-06T17:28:00+00:00","article_modified_time":"2025-09-05T21:00:09+00:00","og_image":[{"width":1280,"height":720,"url":"https:\/\/www.em.com.br\/emfoco\/wp-content\/uploads\/2025\/08\/Cachorros-com-calor_1755697062467.jpg","type":"image\/jpeg"}],"author":"Gabriel Martins","twitter_card":"summary_large_image","twitter_misc":{"Escrito por":"Gabriel Martins","Est. tempo de leitura":"3 minutos"},"schema":{"@context":"https:\/\/schema.org","@graph":[{"@type":"WebPage","@id":"https:\/\/www.em.com.br\/emfoco\/2025\/09\/06\/se-voce-tem-cachorro-em-casa-evite-essas-plantas-no-seu-jardim\/","url":"https:\/\/www.em.com.br\/emfoco\/2025\/09\/06\/se-voce-tem-cachorro-em-casa-evite-essas-plantas-no-seu-jardim\/","name":"Se voc\u00ea tem cachorro em casa, evite essas plantas no seu jardim - Estado de Minas - Em foco","isPartOf":{"@id":"https:\/\/www.em.com.br\/emfoco\/#website"},"primaryImageOfPage":{"@id":"https:\/\/www.em.com.br\/emfoco\/2025\/09\/06\/se-voce-tem-cachorro-em-casa-evite-essas-plantas-no-seu-jardim\/#primaryimage"},"image":{"@id":"https:\/\/www.em.com.br\/emfoco\/2025\/09\/06\/se-voce-tem-cachorro-em-casa-evite-essas-plantas-no-seu-jardim\/#primaryimage"},"thumbnailUrl":"https:\/\/www.em.com.br\/emfoco\/wp-content\/uploads\/2025\/08\/Cachorros-com-calor_1755697062467.jpg","datePublished":"2025-09-06T17:28:00+00:00","dateModified":"2025-09-05T21:00:09+00:00","author":{"@id":"https:\/\/www.em.com.br\/emfoco\/#\/schema\/person\/1c9ddeab18b98abeffef834667bcf08a"},"description":"Muitas plantas populares s\u00e3o venenosas para cachorros e podem causar sintomas graves. Veja quais evitar e como proteger seu pet.","breadcrumb":{"@id":"https:\/\/www.em.com.br\/emfoco\/2025\/09\/06\/se-voce-tem-cachorro-em-casa-evite-essas-plantas-no-seu-jardim\/#breadcrumb"},"inLanguage":"pt-BR","potentialAction":[{"@type":"ReadAction","target":["https:\/\/www.em.com.br\/emfoco\/2025\/09\/06\/se-voce-tem-cachorro-em-casa-evite-essas-plantas-no-seu-jardim\/"]}]},{"@type":"ImageObject","inLanguage":"pt-BR","@id":"https:\/\/www.em.com.br\/emfoco\/2025\/09\/06\/se-voce-tem-cachorro-em-casa-evite-essas-plantas-no-seu-jardim\/#primaryimage","url":"https:\/\/www.em.com.br\/emfoco\/wp-content\/uploads\/2025\/08\/Cachorros-com-calor_1755697062467.jpg","contentUrl":"https:\/\/www.em.com.br\/emfoco\/wp-content\/uploads\/2025\/08\/Cachorros-com-calor_1755697062467.jpg","width":1280,"height":720,"caption":"Cachorro com calor - Cr\u00e9ditos: depositphotos.com \/ KristeSoroka"},{"@type":"BreadcrumbList","@id":"https:\/\/www.em.com.br\/emfoco\/2025\/09\/06\/se-voce-tem-cachorro-em-casa-evite-essas-plantas-no-seu-jardim\/#breadcrumb","itemListElement":[{"@type":"ListItem","position":1,"name":"In\u00edcio","item":"https:\/\/www.em.com.br\/emfoco\/"},{"@type":"ListItem","position":2,"name":"Se voc\u00ea tem cachorro em casa, evite essas plantas no seu jardim"}]},{"@type":"WebSite","@id":"https:\/\/www.em.com.br\/emfoco\/#website","url":"https:\/\/www.em.com.br\/emfoco\/","name":"Estado de Minas - Em foco","description":"Acompanhe as \u00faltimas not\u00edcias e fique bem informado sobre tudo o que acontece em Minas Gerais, Brasil e no mundo.","potentialAction":[{"@type":"SearchAction","target":{"@type":"EntryPoint","urlTemplate":"https:\/\/www.em.com.br\/emfoco\/?s={search_term_string}"},"query-input":{"@type":"PropertyValueSpecification","valueRequired":true,"valueName":"search_term_string"}}],"inLanguage":"pt-BR"},{"@type":"Person","@id":"https:\/\/www.em.com.br\/emfoco\/#\/schema\/person\/1c9ddeab18b98abeffef834667bcf08a","name":"Gabriel Martins","image":{"@type":"ImageObject","inLanguage":"pt-BR","@id":"https:\/\/www.em.com.br\/emfoco\/#\/schema\/person\/image\/","url":"https:\/\/secure.gravatar.com\/avatar\/f0f1e2efdfd88f1ad2cb08c5c2731e50?s=96&d=mm&r=g","contentUrl":"https:\/\/secure.gravatar.com\/avatar\/f0f1e2efdfd88f1ad2cb08c5c2731e50?s=96&d=mm&r=g","caption":"Gabriel Martins"},"sameAs":["https:\/\/www.em.com.br\/emfoco\/"],"url":"https:\/\/www.em.com.br\/emfoco\/author\/gabrielmartinsmyth\/"}]}},"_links":{"self":[{"href":"https:\/\/www.em.com.br\/emfoco\/wp-json\/wp\/v2\/posts\/100269","targetHints":{"allow":["GET"]}}],"collection":[{"href":"https:\/\/www.em.com.br\/emfoco\/wp-json\/wp\/v2\/posts"}],"about":[{"href":"https:\/\/www.em.com.br\/emfoco\/wp-json\/wp\/v2\/types\/post"}],"author":[{"embeddable":true,"href":"https:\/\/www.em.com.br\/emfoco\/wp-json\/wp\/v2\/users\/13"}],"replies":[{"embeddable":true,"href":"https:\/\/www.em.com.br\/emfoco\/wp-json\/wp\/v2\/comments?post=100269"}],"version-history":[{"count":2,"href":"https:\/\/www.em.com.br\/emfoco\/wp-json\/wp\/v2\/posts\/100269\/revisions"}],"predecessor-version":[{"id":100349,"href":"https:\/\/www.em.com.br\/emfoco\/wp-json\/wp\/v2\/posts\/100269\/revisions\/100349"}],"wp:featuredmedia":[{"embeddable":true,"href":"https:\/\/www.em.com.br\/emfoco\/wp-json\/wp\/v2\/media\/94031"}],"wp:attachment":[{"href":"https:\/\/www.em.com.br\/emfoco\/wp-json\/wp\/v2\/media?parent=100269"}],"wp:term":[{"taxonomy":"category","embeddable":true,"href":"https:\/\/www.em.com.br\/emfoco\/wp-json\/wp\/v2\/categories?post=100269"},{"taxonomy":"post_tag","embeddable":true,"href":"https:\/\/www.em.com.br\/emfoco\/wp-json\/wp\/v2\/tags?post=100269"}],"curies":[{"name":"wp","href":"https:\/\/api.w.org\/{rel}","templated":true}]}}