{"id":100174,"date":"2025-09-04T06:28:00","date_gmt":"2025-09-04T09:28:00","guid":{"rendered":"https:\/\/www.em.com.br\/emfoco\/?p=100174"},"modified":"2025-09-03T12:00:20","modified_gmt":"2025-09-03T15:00:20","slug":"o-clima-pode-mudar-com-a-chegada-da-primavera-em-todo-o-pais","status":"publish","type":"post","link":"https:\/\/www.em.com.br\/emfoco\/2025\/09\/04\/o-clima-pode-mudar-com-a-chegada-da-primavera-em-todo-o-pais\/","title":{"rendered":"O clima pode mudar com a chegada da primavera em todo o pa\u00eds"},"content":{"rendered":"\n<p>A\u00a0<strong><a href=\"https:\/\/brasilescola.uol.com.br\/geografia\/la-nina.htm\" target=\"_blank\" rel=\"noreferrer noopener\">La Ni\u00f1a<\/a><\/strong>\u00a0\u00e9 um fen\u00f4meno clim\u00e1tico que pode influenciar o clima global, incluindo o\u00a0<strong>Brasil<\/strong>. Este evento \u00e9 caracterizado pelo resfriamento das \u00e1guas do\u00a0<strong>Oceano Pac\u00edfico Equatorial<\/strong>\u00a0e pode trazer consequ\u00eancias significativas. No Brasil, a La Ni\u00f1a pode ter impactos distintos, afetando desde o regime de chuvas at\u00e9 a temperatura.<\/p>\n\n\n\n<ul class=\"wp-block-list\">\n<li>Entenda como a La Ni\u00f1a afeta o clima no Brasil.<\/li>\n\n\n\n<li>Descubra quais regi\u00f5es ser\u00e3o mais impactadas.<\/li>\n\n\n\n<li>Saiba como se preparar para as mudan\u00e7as clim\u00e1ticas.<\/li>\n<\/ul>\n\n\n\n<h2 class=\"wp-block-heading\">O que \u00e9 La Ni\u00f1a e como ela surge?<\/h2>\n\n\n\n<p>A&nbsp;<strong>La Ni\u00f1a<\/strong>&nbsp;\u00e9 um fen\u00f4meno natural que ocorre devido ao resfriamento an\u00f4malo das \u00e1guas superficiais do&nbsp;<strong>Oceano Pac\u00edfico Equatorial<\/strong>. Este fen\u00f4meno \u00e9 o oposto do&nbsp;<strong>El Ni\u00f1o<\/strong>&nbsp;e pode alterar padr\u00f5es clim\u00e1ticos em todo o mundo.<\/p>\n\n\n\n<p>Durante a La Ni\u00f1a, h\u00e1 uma intensifica\u00e7\u00e3o dos ventos al\u00edsios que contribuem para o resfriamento das \u00e1guas oce\u00e2nicas. Este resfriamento pode influenciar o clima global, especialmente as chuvas e temperatura.<\/p>\n\n\n\n<h2 class=\"wp-block-heading\">Como a La Ni\u00f1a afeta o clima no Brasil?<\/h2>\n\n\n\n<p>No Brasil, a La Ni\u00f1a pode ter efeitos variados. Geralmente, o fen\u00f4meno est\u00e1 associado a per\u00edodos mais secos no sul e mais chuvosos no norte do pa\u00eds. Chuvas acima da m\u00e9dia s\u00e3o esperadas especialmente no&nbsp;<strong>Norte<\/strong>&nbsp;e&nbsp;<strong>Nordeste<\/strong>&nbsp;do Brasil, principalmente durante o ver\u00e3o. Esse aumento nas precipita\u00e7\u00f5es pode gerar benef\u00edcios para a agricultura local, mas tamb\u00e9m eleva o risco de enchentes e deslizamentos nessas regi\u00f5es.<\/p>\n\n\n\n<p><strong>Regi\u00f5es afetadas:<\/strong>&nbsp;Sul do Brasil costuma enfrentar seca, enquanto o Norte e Nordeste podem experimentar chuvas intensas. O tempo mais seco no Sul pode agravar ou antecipar estiagens em \u00e1reas agr\u00edcolas, gerando preocupa\u00e7\u00e3o para o setor rural e para o abastecimento de \u00e1gua.<\/p>\n\n\n\n<p>Al\u00e9m disso, o risco de inc\u00eandios no&nbsp;<strong>Pantanal<\/strong>&nbsp;e na&nbsp;<strong>Amaz\u00f4nia<\/strong>&nbsp;pode aumentar, caso haja redu\u00e7\u00e3o das chuvas em meses-chave. A combina\u00e7\u00e3o de vegeta\u00e7\u00e3o seca, altas temperaturas e poss\u00edveis per\u00edodos de estiagem amplia a vulnerabilidade dessas \u00e1reas a focos de inc\u00eandio, exigindo monitoramento constante.<\/p>\n\n\n\n<figure class=\"wp-block-image\"><img decoding=\"async\" src=\"https:\/\/www.em.com.br\/emfoco\/wp-content\/uploads\/2025\/04\/Clima-sol-ou-chuva_1745256516839-1024x576.jpg\" alt=\"\"\/><figcaption class=\"wp-element-caption\">Clima &#8211; Cr\u00e9ditos: depositphotos.com \/ pongsuwan<\/figcaption><\/figure>\n\n\n\n<h2 class=\"wp-block-heading\">Quais s\u00e3o as previs\u00f5es para a pr\u00f3xima esta\u00e7\u00e3o?<\/h2>\n\n\n\n<p>Os modelos indicam uma poss\u00edvel&nbsp;<strong>La Ni\u00f1a<\/strong>&nbsp;fraca e de curta dura\u00e7\u00e3o, com efeitos que podem surgir entre o fim da primavera e o ver\u00e3o. Esse cen\u00e1rio sugere que o fen\u00f4meno n\u00e3o trar\u00e1 impactos severos, mas \u00e9 crucial manter a vigil\u00e2ncia clim\u00e1tica.<\/p>\n\n\n\n<p>De acordo com as previs\u00f5es dos&nbsp;<strong>Centros Globais de Produ\u00e7\u00e3o de Previs\u00e3o Sazonal da OMM<\/strong>, as chances est\u00e3o assim distribu\u00eddas:<\/p>\n\n\n\n<ul class=\"wp-block-list\">\n<li>Setembro a novembro de&nbsp;<strong>2025<\/strong>: 55% de probabilidade de forma\u00e7\u00e3o da La Ni\u00f1a, 45% de probabilidade de manuten\u00e7\u00e3o das condi\u00e7\u00f5es neutras e 0% de chance de forma\u00e7\u00e3o de um El Ni\u00f1o.<\/li>\n\n\n\n<li>Outubro a dezembro de 2025: 60% de chance de La Ni\u00f1a, 40% de chance de neutralidade e El Ni\u00f1o permanece descartado.<\/li>\n<\/ul>\n\n\n\n<p>Vale lembrar que organismos como o&nbsp;<strong>INMET<\/strong>&nbsp;(Instituto Nacional de Meteorologia) e o&nbsp;<strong>CPTEC\/INPE<\/strong>&nbsp;(Centro de Previs\u00e3o de Tempo e Estudos Clim\u00e1ticos do Instituto Nacional de Pesquisas Espaciais) refor\u00e7am a import\u00e2ncia do acompanhamento cont\u00ednuo das previs\u00f5es e atualiza\u00e7\u00f5es para adapta\u00e7\u00e3o de atividades sens\u00edveis \u00e0 mudan\u00e7a do clima.<\/p>\n\n\n\n<h2 class=\"wp-block-heading\">Como se preparar e adaptar para La Ni\u00f1a?<\/h2>\n\n\n\n<p><strong>Adapta\u00e7\u00e3o clim\u00e1tica:<\/strong>&nbsp;\u00c9 fundamental que comunidades afetadas adotem medidas de adapta\u00e7\u00e3o para mitigar os impactos da La Ni\u00f1a. Investir em capacidades de resposta e infraestrutura resiliente \u00e9 essencial.<\/p>\n\n\n\n<p>Para preparar-se melhor, os agricultores podem ajustar suas pr\u00e1ticas agr\u00edcolas e comunidades podem refor\u00e7ar sistemas de coleta de \u00e1gua e infraestrutura contra inunda\u00e7\u00f5es. Nas regi\u00f5es amea\u00e7adas por inc\u00eandios, sobretudo no Pantanal e na Amaz\u00f4nia, \u00e9 fundamental fortalecer a vigil\u00e2ncia e as estrat\u00e9gias de preven\u00e7\u00e3o ao fogo.<\/p>\n\n\n\n<p>Leia tamb\u00e9m:\u00a0<em><a href=\"https:\/\/www.em.com.br\/emfoco\/2025\/09\/02\/o-clima-no-sudeste-vai-mudar-de-forma-inesperada-no-feriado-07-de-setembro\/\" target=\"_blank\" rel=\"noreferrer noopener\">O clima no Sudeste vai mudar de forma inesperada no feriado 07 de setembro<\/a><\/em><\/p>\n\n\n\n<h2 class=\"wp-block-heading\">Como se antecipar \u00e0s mudan\u00e7as do clima no futuro?<\/h2>\n\n\n\n<ul class=\"wp-block-list\">\n<li>A&nbsp;<strong>La Ni\u00f1a<\/strong>&nbsp;pode causar varia\u00e7\u00f5es dram\u00e1ticas no clima regional, exigindo vigil\u00e2ncia constante.<\/li>\n\n\n\n<li>Chuvas acima da m\u00e9dia no Norte e Nordeste, e tempo mais seco no Sul, destacam a necessidade de adapta\u00e7\u00e3o e prepara\u00e7\u00e3o espec\u00edfica para cada regi\u00e3o.<\/li>\n\n\n\n<li>Previs\u00f5es atuais sugerem uma manifesta\u00e7\u00e3o fraca, mas a prepara\u00e7\u00e3o \u00e9 chave para mitigar impactos.<\/li>\n\n\n\n<li>A adapta\u00e7\u00e3o e a resili\u00eancia s\u00e3o fundamentais para enfrentar fen\u00f4menos clim\u00e1ticos extremos, bem como o monitoramento de inc\u00eandios em \u00e1reas vulner\u00e1veis como Pantanal e Amaz\u00f4nia.<\/li>\n<\/ul>\n","protected":false},"excerpt":{"rendered":"<p>A\u00a0La Ni\u00f1a\u00a0\u00e9 um fen\u00f4meno clim\u00e1tico que pode influenciar o clima global, incluindo o\u00a0Brasil. Este evento \u00e9 caracterizado pelo resfriamento das \u00e1guas do\u00a0Oceano Pac\u00edfico Equatorial\u00a0e pode trazer consequ\u00eancias significativas. No Brasil, a La Ni\u00f1a pode ter impactos distintos, afetando desde o regime de chuvas at\u00e9 a temperatura. O que \u00e9 La Ni\u00f1a e como ela surge? [&hellip;]<\/p>\n","protected":false},"author":11,"featured_media":92198,"comment_status":"open","ping_status":"open","sticky":false,"template":"","format":"standard","meta":{"jnews-multi-image_gallery":[],"jnews_single_post":{"format":"standard"},"jnews_primary_category":[],"jnews_social_meta":[],"jnews_override_counter":[],"footnotes":""},"categories":[30,1],"tags":[156,152,15501,15500],"class_list":["post-100174","post","type-post","status-publish","format-standard","has-post-thumbnail","hentry","category-clima","category-noticias","tag-chuva","tag-clima","tag-clima-brasileiro","tag-la-nina"],"yoast_head":"<!-- This site is optimized with the Yoast SEO plugin v23.8 - https:\/\/yoast.com\/wordpress\/plugins\/seo\/ -->\n<title>O clima pode mudar com a chegada da primavera em todo o pa\u00eds - Estado de Minas - Em foco<\/title>\n<meta name=\"description\" content=\"Prepare-se para a virada no tempo o Brasil pode enfrentar chuvas acima da m\u00e9dia no Norte e estiagens preocupantes no Sul.\" \/>\n<meta name=\"robots\" content=\"index, follow, max-snippet:-1, max-image-preview:large, max-video-preview:-1\" \/>\n<link rel=\"canonical\" href=\"https:\/\/www.em.com.br\/emfoco\/2025\/09\/04\/o-clima-pode-mudar-com-a-chegada-da-primavera-em-todo-o-pais\/\" \/>\n<meta property=\"og:locale\" content=\"pt_BR\" \/>\n<meta property=\"og:type\" content=\"article\" \/>\n<meta property=\"og:title\" content=\"O clima pode mudar com a chegada da primavera em todo o pa\u00eds - Estado de Minas - Em foco\" \/>\n<meta property=\"og:description\" content=\"Prepare-se para a virada no tempo o Brasil pode enfrentar chuvas acima da m\u00e9dia no Norte e estiagens preocupantes no Sul.\" \/>\n<meta property=\"og:url\" content=\"https:\/\/www.em.com.br\/emfoco\/2025\/09\/04\/o-clima-pode-mudar-com-a-chegada-da-primavera-em-todo-o-pais\/\" \/>\n<meta property=\"og:site_name\" content=\"Estado de Minas - Em foco\" \/>\n<meta property=\"article:published_time\" content=\"2025-09-04T09:28:00+00:00\" \/>\n<meta property=\"article:modified_time\" content=\"2025-09-03T15:00:20+00:00\" \/>\n<meta property=\"og:image\" content=\"https:\/\/www.em.com.br\/emfoco\/wp-content\/uploads\/2025\/08\/mosaico_1755283172867.jpg\" \/>\n\t<meta property=\"og:image:width\" content=\"1280\" \/>\n\t<meta property=\"og:image:height\" content=\"720\" \/>\n\t<meta property=\"og:image:type\" content=\"image\/jpeg\" \/>\n<meta name=\"author\" content=\"Andre\u0301 Rangel\u00a0\" \/>\n<meta name=\"twitter:card\" content=\"summary_large_image\" \/>\n<meta name=\"twitter:label1\" content=\"Escrito por\" \/>\n\t<meta name=\"twitter:data1\" content=\"Andre\u0301 Rangel\u00a0\" \/>\n\t<meta name=\"twitter:label2\" content=\"Est. tempo de leitura\" \/>\n\t<meta name=\"twitter:data2\" content=\"5 minutos\" \/>\n<!-- \/ Yoast SEO plugin. -->","yoast_head_json":{"title":"O clima pode mudar com a chegada da primavera em todo o pa\u00eds - Estado de Minas - Em foco","description":"Prepare-se para a virada no tempo o Brasil pode enfrentar chuvas acima da m\u00e9dia no Norte e estiagens preocupantes no Sul.","robots":{"index":"index","follow":"follow","max-snippet":"max-snippet:-1","max-image-preview":"max-image-preview:large","max-video-preview":"max-video-preview:-1"},"canonical":"https:\/\/www.em.com.br\/emfoco\/2025\/09\/04\/o-clima-pode-mudar-com-a-chegada-da-primavera-em-todo-o-pais\/","og_locale":"pt_BR","og_type":"article","og_title":"O clima pode mudar com a chegada da primavera em todo o pa\u00eds - Estado de Minas - Em foco","og_description":"Prepare-se para a virada no tempo o Brasil pode enfrentar chuvas acima da m\u00e9dia no Norte e estiagens preocupantes no Sul.","og_url":"https:\/\/www.em.com.br\/emfoco\/2025\/09\/04\/o-clima-pode-mudar-com-a-chegada-da-primavera-em-todo-o-pais\/","og_site_name":"Estado de Minas - Em foco","article_published_time":"2025-09-04T09:28:00+00:00","article_modified_time":"2025-09-03T15:00:20+00:00","og_image":[{"width":1280,"height":720,"url":"https:\/\/www.em.com.br\/emfoco\/wp-content\/uploads\/2025\/08\/mosaico_1755283172867.jpg","type":"image\/jpeg"}],"author":"Andre\u0301 Rangel\u00a0","twitter_card":"summary_large_image","twitter_misc":{"Escrito por":"Andre\u0301 Rangel\u00a0","Est. tempo de leitura":"5 minutos"},"schema":{"@context":"https:\/\/schema.org","@graph":[{"@type":"WebPage","@id":"https:\/\/www.em.com.br\/emfoco\/2025\/09\/04\/o-clima-pode-mudar-com-a-chegada-da-primavera-em-todo-o-pais\/","url":"https:\/\/www.em.com.br\/emfoco\/2025\/09\/04\/o-clima-pode-mudar-com-a-chegada-da-primavera-em-todo-o-pais\/","name":"O clima pode mudar com a chegada da primavera em todo o pa\u00eds - Estado de Minas - Em foco","isPartOf":{"@id":"https:\/\/www.em.com.br\/emfoco\/#website"},"primaryImageOfPage":{"@id":"https:\/\/www.em.com.br\/emfoco\/2025\/09\/04\/o-clima-pode-mudar-com-a-chegada-da-primavera-em-todo-o-pais\/#primaryimage"},"image":{"@id":"https:\/\/www.em.com.br\/emfoco\/2025\/09\/04\/o-clima-pode-mudar-com-a-chegada-da-primavera-em-todo-o-pais\/#primaryimage"},"thumbnailUrl":"https:\/\/www.em.com.br\/emfoco\/wp-content\/uploads\/2025\/08\/mosaico_1755283172867.jpg","datePublished":"2025-09-04T09:28:00+00:00","dateModified":"2025-09-03T15:00:20+00:00","author":{"@id":"https:\/\/www.em.com.br\/emfoco\/#\/schema\/person\/60eda09c1fedf0d6891f4cef4b60b8b8"},"description":"Prepare-se para a virada no tempo o Brasil pode enfrentar chuvas acima da m\u00e9dia no Norte e estiagens preocupantes no Sul.","breadcrumb":{"@id":"https:\/\/www.em.com.br\/emfoco\/2025\/09\/04\/o-clima-pode-mudar-com-a-chegada-da-primavera-em-todo-o-pais\/#breadcrumb"},"inLanguage":"pt-BR","potentialAction":[{"@type":"ReadAction","target":["https:\/\/www.em.com.br\/emfoco\/2025\/09\/04\/o-clima-pode-mudar-com-a-chegada-da-primavera-em-todo-o-pais\/"]}]},{"@type":"ImageObject","inLanguage":"pt-BR","@id":"https:\/\/www.em.com.br\/emfoco\/2025\/09\/04\/o-clima-pode-mudar-com-a-chegada-da-primavera-em-todo-o-pais\/#primaryimage","url":"https:\/\/www.em.com.br\/emfoco\/wp-content\/uploads\/2025\/08\/mosaico_1755283172867.jpg","contentUrl":"https:\/\/www.em.com.br\/emfoco\/wp-content\/uploads\/2025\/08\/mosaico_1755283172867.jpg","width":1280,"height":720,"caption":"Clima - Cr\u00e9ditos: depositphotos.com \/ VladisChern Cr\u00e9ditos: depositphotos.com \/ nirutdps Cr\u00e9ditos: depositphotos.com \/ AlexRuhl"},{"@type":"BreadcrumbList","@id":"https:\/\/www.em.com.br\/emfoco\/2025\/09\/04\/o-clima-pode-mudar-com-a-chegada-da-primavera-em-todo-o-pais\/#breadcrumb","itemListElement":[{"@type":"ListItem","position":1,"name":"In\u00edcio","item":"https:\/\/www.em.com.br\/emfoco\/"},{"@type":"ListItem","position":2,"name":"O clima pode mudar com a chegada da primavera em todo o pa\u00eds"}]},{"@type":"WebSite","@id":"https:\/\/www.em.com.br\/emfoco\/#website","url":"https:\/\/www.em.com.br\/emfoco\/","name":"Estado de Minas - Em foco","description":"Acompanhe as \u00faltimas not\u00edcias e fique bem informado sobre tudo o que acontece em Minas Gerais, Brasil e no mundo.","potentialAction":[{"@type":"SearchAction","target":{"@type":"EntryPoint","urlTemplate":"https:\/\/www.em.com.br\/emfoco\/?s={search_term_string}"},"query-input":{"@type":"PropertyValueSpecification","valueRequired":true,"valueName":"search_term_string"}}],"inLanguage":"pt-BR"},{"@type":"Person","@id":"https:\/\/www.em.com.br\/emfoco\/#\/schema\/person\/60eda09c1fedf0d6891f4cef4b60b8b8","name":"Andre\u0301 Rangel\u00a0","image":{"@type":"ImageObject","inLanguage":"pt-BR","@id":"https:\/\/www.em.com.br\/emfoco\/#\/schema\/person\/image\/","url":"https:\/\/secure.gravatar.com\/avatar\/6234dc814c77c8ef6d8bba622c787efc?s=96&d=mm&r=g","contentUrl":"https:\/\/secure.gravatar.com\/avatar\/6234dc814c77c8ef6d8bba622c787efc?s=96&d=mm&r=g","caption":"Andre\u0301 Rangel\u00a0"},"url":"https:\/\/www.em.com.br\/emfoco\/author\/luizmyth\/"}]}},"_links":{"self":[{"href":"https:\/\/www.em.com.br\/emfoco\/wp-json\/wp\/v2\/posts\/100174","targetHints":{"allow":["GET"]}}],"collection":[{"href":"https:\/\/www.em.com.br\/emfoco\/wp-json\/wp\/v2\/posts"}],"about":[{"href":"https:\/\/www.em.com.br\/emfoco\/wp-json\/wp\/v2\/types\/post"}],"author":[{"embeddable":true,"href":"https:\/\/www.em.com.br\/emfoco\/wp-json\/wp\/v2\/users\/11"}],"replies":[{"embeddable":true,"href":"https:\/\/www.em.com.br\/emfoco\/wp-json\/wp\/v2\/comments?post=100174"}],"version-history":[{"count":4,"href":"https:\/\/www.em.com.br\/emfoco\/wp-json\/wp\/v2\/posts\/100174\/revisions"}],"predecessor-version":[{"id":100235,"href":"https:\/\/www.em.com.br\/emfoco\/wp-json\/wp\/v2\/posts\/100174\/revisions\/100235"}],"wp:featuredmedia":[{"embeddable":true,"href":"https:\/\/www.em.com.br\/emfoco\/wp-json\/wp\/v2\/media\/92198"}],"wp:attachment":[{"href":"https:\/\/www.em.com.br\/emfoco\/wp-json\/wp\/v2\/media?parent=100174"}],"wp:term":[{"taxonomy":"category","embeddable":true,"href":"https:\/\/www.em.com.br\/emfoco\/wp-json\/wp\/v2\/categories?post=100174"},{"taxonomy":"post_tag","embeddable":true,"href":"https:\/\/www.em.com.br\/emfoco\/wp-json\/wp\/v2\/tags?post=100174"}],"curies":[{"name":"wp","href":"https:\/\/api.w.org\/{rel}","templated":true}]}}