{"id":100086,"date":"2025-09-06T19:08:00","date_gmt":"2025-09-06T22:08:00","guid":{"rendered":"https:\/\/www.em.com.br\/emfoco\/?p=100086"},"modified":"2025-09-02T22:19:20","modified_gmt":"2025-09-03T01:19:20","slug":"como-tratar-rachaduras-nos-pes-com-essa-receita-simples","status":"publish","type":"post","link":"https:\/\/www.em.com.br\/emfoco\/2025\/09\/06\/como-tratar-rachaduras-nos-pes-com-essa-receita-simples\/","title":{"rendered":"Como tratar rachaduras nos p\u00e9s com essa receita simples"},"content":{"rendered":"\n<p>As <strong>rachaduras nos p\u00e9s<\/strong> podem causar dor e desconforto no dia a dia. Felizmente, \u00e9 poss\u00edvel tratar o problema em casa com solu\u00e7\u00f5es naturais acess\u00edveis e eficazes. Conhe\u00e7a receitas f\u00e1ceis que hidratam, suavizam e restauram a sa\u00fade da pele dos p\u00e9s.<\/p>\n\n\n\n<ul class=\"wp-block-list\">\n<li>Receitas caseiras f\u00e1ceis e econ\u00f4micas<\/li>\n\n\n\n<li>Ingredientes naturais que hidratam profundamente<\/li>\n\n\n\n<li>Dicas pr\u00e1ticas para evitar novas rachaduras<\/li>\n<\/ul>\n\n\n\n<h2 class=\"wp-block-heading\">Por que os p\u00e9s ficam rachados e como isso afeta a sa\u00fade?<\/h2>\n\n\n\n<p>As rachaduras nos p\u00e9s surgem quando a <strong>pele perde hidrata\u00e7\u00e3o<\/strong> e <strong>elasticidade<\/strong>. Isso pode ser causado por ressecamento, uso de cal\u00e7ados abertos ou exposi\u00e7\u00e3o excessiva ao sol, deixando a regi\u00e3o mais vulner\u00e1vel a cortes e dores constantes.<\/p>\n\n\n\n<p>Al\u00e9m do desconforto est\u00e9tico, essas les\u00f5es podem permitir a entrada de microrganismos, aumentando o<strong> <a href=\"https:\/\/www.tuasaude.com\/rachadura-nos-pes\/\" target=\"_blank\" rel=\"noreferrer noopener\">risco de infec\u00e7\u00f5es<\/a><\/strong>. Por isso, tratar e prevenir o ressecamento \u00e9 essencial para manter os p\u00e9s saud\u00e1veis e bem cuidados diariamente.<\/p>\n\n\n\n<figure class=\"wp-block-image size-large\"><img loading=\"lazy\" decoding=\"async\" width=\"1024\" height=\"576\" src=\"https:\/\/www.em.com.br\/emfoco\/wp-content\/uploads\/2025\/09\/pe-rachado_1756862058824-1024x576.jpg\" alt=\"Como tratar rachaduras nos p\u00e9s com essa receita simples\" class=\"wp-image-100126\" srcset=\"https:\/\/www.em.com.br\/emfoco\/wp-content\/uploads\/2025\/09\/pe-rachado_1756862058824-1024x576.jpg 1024w, https:\/\/www.em.com.br\/emfoco\/wp-content\/uploads\/2025\/09\/pe-rachado_1756862058824-300x169.jpg 300w, https:\/\/www.em.com.br\/emfoco\/wp-content\/uploads\/2025\/09\/pe-rachado_1756862058824-768x432.jpg 768w, https:\/\/www.em.com.br\/emfoco\/wp-content\/uploads\/2025\/09\/pe-rachado_1756862058824-750x422.jpg 750w, https:\/\/www.em.com.br\/emfoco\/wp-content\/uploads\/2025\/09\/pe-rachado_1756862058824-1140x641.jpg 1140w, https:\/\/www.em.com.br\/emfoco\/wp-content\/uploads\/2025\/09\/pe-rachado_1756862058824.jpg 1280w\" sizes=\"auto, (max-width: 1024px) 100vw, 1024px\" \/><figcaption class=\"wp-element-caption\">P\u00e9 rachado devido a falta de hidrata\u00e7\u00e3o &#8211; Cr\u00e9ditos: depositphotos.com \/ catinsyrup<\/figcaption><\/figure>\n\n\n\n<h2 class=\"wp-block-heading\">Quais receitas caseiras realmente funcionam para hidratar os p\u00e9s?<\/h2>\n\n\n\n<p>Existem diversas op\u00e7\u00f5es naturais que ajudam a restaurar a maciez da pele dos p\u00e9s. Com ingredientes simples, \u00e9 poss\u00edvel reduzir o <strong><a href=\"https:\/\/www.em.com.br\/emfoco\/2025\/08\/31\/como-proteger-os-labios-do-ressecamento-e-manter-a-saude-labial\/\" target=\"_blank\" rel=\"noreferrer noopener\">ressecamento <\/a><\/strong>e acelerar o processo de cicatriza\u00e7\u00e3o das rachaduras.<\/p>\n\n\n\n<ul class=\"wp-block-list\">\n<li><strong>Mel com azeite<\/strong>: mistura que age como hidratante profundo, aplicando \u00e0 noite e cobrindo com meias.<\/li>\n\n\n\n<li><strong>Banha de karit\u00e9<\/strong>: excelente para regenerar a pele, usada diretamente sobre as rachaduras.<\/li>\n\n\n\n<li><strong>\u00d3leo de coco com a\u00e7\u00facar<\/strong>: esfolia\u00e7\u00e3o suave que remove c\u00e9lulas mortas e favorece a renova\u00e7\u00e3o da pele.<\/li>\n<\/ul>\n\n\n\n<figure class=\"wp-block-image size-large\"><img loading=\"lazy\" decoding=\"async\" width=\"1024\" height=\"576\" src=\"https:\/\/www.em.com.br\/emfoco\/wp-content\/uploads\/2025\/09\/Banha-de-karite_1756862139883-1024x576.jpg\" alt=\"Como tratar rachaduras nos p\u00e9s com essa receita simples\" class=\"wp-image-100127\" srcset=\"https:\/\/www.em.com.br\/emfoco\/wp-content\/uploads\/2025\/09\/Banha-de-karite_1756862139883-1024x576.jpg 1024w, https:\/\/www.em.com.br\/emfoco\/wp-content\/uploads\/2025\/09\/Banha-de-karite_1756862139883-300x169.jpg 300w, https:\/\/www.em.com.br\/emfoco\/wp-content\/uploads\/2025\/09\/Banha-de-karite_1756862139883-768x432.jpg 768w, https:\/\/www.em.com.br\/emfoco\/wp-content\/uploads\/2025\/09\/Banha-de-karite_1756862139883-750x422.jpg 750w, https:\/\/www.em.com.br\/emfoco\/wp-content\/uploads\/2025\/09\/Banha-de-karite_1756862139883-1140x641.jpg 1140w, https:\/\/www.em.com.br\/emfoco\/wp-content\/uploads\/2025\/09\/Banha-de-karite_1756862139883.jpg 1280w\" sizes=\"auto, (max-width: 1024px) 100vw, 1024px\" \/><figcaption class=\"wp-element-caption\">Banha de karit\u00e9 &#8211; Cr\u00e9ditos: depositphotos.com \/ luisapuccini<\/figcaption><\/figure>\n\n\n\n<h2 class=\"wp-block-heading\">Qual a melhor forma de aplicar essas receitas no dia a dia?<\/h2>\n\n\n\n<p>Para que o tratamento seja eficaz, \u00e9 fundamental aplicar as receitas ap\u00f3s higienizar os p\u00e9s com \u00e1gua morna e sab\u00e3o neutro. Esse cuidado abre os poros e potencializa a absor\u00e7\u00e3o dos ativos naturais utilizados.<\/p>\n\n\n\n<p>Outra pr\u00e1tica importante \u00e9 cobrir os p\u00e9s com meias de algod\u00e3o ap\u00f3s a aplica\u00e7\u00e3o. Isso mant\u00e9m a hidrata\u00e7\u00e3o por mais tempo e garante que os ingredientes ajam de maneira profunda durante a noite.<\/p>\n\n\n\n<figure class=\"wp-block-image size-large\"><img loading=\"lazy\" decoding=\"async\" width=\"1024\" height=\"576\" src=\"https:\/\/www.em.com.br\/emfoco\/wp-content\/uploads\/2025\/08\/lavar-os-pes_1754323490003-1024x576.jpg\" alt=\"Por que e para que serve lavar os p\u00e9s com sal e bicarbonato, segundo especialistas\" class=\"wp-image-86290\" srcset=\"https:\/\/www.em.com.br\/emfoco\/wp-content\/uploads\/2025\/08\/lavar-os-pes_1754323490003-1024x576.jpg 1024w, https:\/\/www.em.com.br\/emfoco\/wp-content\/uploads\/2025\/08\/lavar-os-pes_1754323490003-300x169.jpg 300w, https:\/\/www.em.com.br\/emfoco\/wp-content\/uploads\/2025\/08\/lavar-os-pes_1754323490003-768x432.jpg 768w, https:\/\/www.em.com.br\/emfoco\/wp-content\/uploads\/2025\/08\/lavar-os-pes_1754323490003-750x422.jpg 750w, https:\/\/www.em.com.br\/emfoco\/wp-content\/uploads\/2025\/08\/lavar-os-pes_1754323490003-1140x641.jpg 1140w, https:\/\/www.em.com.br\/emfoco\/wp-content\/uploads\/2025\/08\/lavar-os-pes_1754323490003.jpg 1280w\" sizes=\"auto, (max-width: 1024px) 100vw, 1024px\" \/><figcaption class=\"wp-element-caption\">Lavando os p\u00e9s &#8211; Cr\u00e9ditos: depositphotos.com \/ kotin<\/figcaption><\/figure>\n\n\n\n<h2 class=\"wp-block-heading\">Que cuidados ajudam a evitar o reaparecimento das rachaduras?<\/h2>\n\n\n\n<p>Manter os p\u00e9s hidratados \u00e9 apenas parte da solu\u00e7\u00e3o. Alguns h\u00e1bitos simples podem prevenir que as rachaduras voltem, trazendo mais conforto e sa\u00fade para a pele dessa regi\u00e3o sens\u00edvel.<\/p>\n\n\n\n<ul class=\"wp-block-list\">\n<li><strong>Evitar andar descal\u00e7o<\/strong> em superf\u00edcies \u00e1speras que aumentam o ressecamento.<\/li>\n\n\n\n<li><strong>Usar cremes hidratantes<\/strong> espec\u00edficos para p\u00e9s diariamente ap\u00f3s o banho.<\/li>\n\n\n\n<li><strong>Beber bastante \u00e1gua<\/strong> para manter a hidrata\u00e7\u00e3o de dentro para fora.<\/li>\n<\/ul>\n\n\n\n<h2 class=\"wp-block-heading\">Quais dicas extras potencializam os resultados do tratamento?<\/h2>\n\n\n\n<p>Al\u00e9m das receitas caseiras, alguns cuidados complementares tornam o processo de recupera\u00e7\u00e3o mais r\u00e1pido e eficaz. Adotar pr\u00e1ticas simples pode transformar a rotina de cuidado com os p\u00e9s em algo prazeroso e eficiente.<\/p>\n\n\n\n<ul class=\"wp-block-list\">\n<li><strong>Fazer escalda-p\u00e9s<\/strong> com \u00e1gua morna e sal grosso para relaxar e suavizar a pele.<\/li>\n\n\n\n<li><strong>Aplicar vaselina<\/strong> como barreira protetora antes de dormir.<\/li>\n\n\n\n<li><strong>Evitar banhos muito quentes<\/strong>, que ressecam ainda mais a pele dos p\u00e9s.<\/li>\n<\/ul>\n","protected":false},"excerpt":{"rendered":"<p>As rachaduras nos p\u00e9s podem causar dor e desconforto no dia a dia. Felizmente, \u00e9 poss\u00edvel tratar o problema em casa com solu\u00e7\u00f5es naturais acess\u00edveis e eficazes. Conhe\u00e7a receitas f\u00e1ceis que hidratam, suavizam e restauram a sa\u00fade da pele dos p\u00e9s. Por que os p\u00e9s ficam rachados e como isso afeta a sa\u00fade? As rachaduras [&hellip;]<\/p>\n","protected":false},"author":13,"featured_media":100125,"comment_status":"open","ping_status":"open","sticky":false,"template":"","format":"standard","meta":{"jnews-multi-image_gallery":[],"jnews_single_post":{"format":"standard"},"jnews_primary_category":[],"jnews_social_meta":[],"jnews_override_counter":[],"footnotes":""},"categories":[8819],"tags":[15485,4941,15484],"class_list":["post-100086","post","type-post","status-publish","format-standard","has-post-thumbnail","hentry","category-curiosidades","tag-cuidado-com-os-pes","tag-hidratacao","tag-rachadura-nos-pes"],"yoast_head":"<!-- This site is optimized with the Yoast SEO plugin v23.8 - https:\/\/yoast.com\/wordpress\/plugins\/seo\/ -->\n<title>Como tratar rachaduras nos p\u00e9s com essa receita simples - Estado de Minas - Em foco<\/title>\n<meta name=\"description\" content=\"Rachaduras nos p\u00e9s t\u00eam solu\u00e7\u00e3o simples e natural. Veja como recuperar o conforto com receitas f\u00e1ceis e baratas.\" \/>\n<meta name=\"robots\" content=\"index, follow, max-snippet:-1, max-image-preview:large, max-video-preview:-1\" \/>\n<link rel=\"canonical\" href=\"https:\/\/www.em.com.br\/emfoco\/2025\/09\/06\/como-tratar-rachaduras-nos-pes-com-essa-receita-simples\/\" \/>\n<meta property=\"og:locale\" content=\"pt_BR\" \/>\n<meta property=\"og:type\" content=\"article\" \/>\n<meta property=\"og:title\" content=\"Como tratar rachaduras nos p\u00e9s com essa receita simples - Estado de Minas - Em foco\" \/>\n<meta property=\"og:description\" content=\"Rachaduras nos p\u00e9s t\u00eam solu\u00e7\u00e3o simples e natural. Veja como recuperar o conforto com receitas f\u00e1ceis e baratas.\" \/>\n<meta property=\"og:url\" content=\"https:\/\/www.em.com.br\/emfoco\/2025\/09\/06\/como-tratar-rachaduras-nos-pes-com-essa-receita-simples\/\" \/>\n<meta property=\"og:site_name\" content=\"Estado de Minas - Em foco\" \/>\n<meta property=\"article:published_time\" content=\"2025-09-06T22:08:00+00:00\" \/>\n<meta property=\"article:modified_time\" content=\"2025-09-03T01:19:20+00:00\" \/>\n<meta property=\"og:image\" content=\"https:\/\/www.em.com.br\/emfoco\/wp-content\/uploads\/2025\/09\/mosaico_1756861988766.png\" \/>\n\t<meta property=\"og:image:width\" content=\"1280\" \/>\n\t<meta property=\"og:image:height\" content=\"720\" \/>\n\t<meta property=\"og:image:type\" content=\"image\/png\" \/>\n<meta name=\"author\" content=\"Gabriel Martins\" \/>\n<meta name=\"twitter:card\" content=\"summary_large_image\" \/>\n<meta name=\"twitter:label1\" content=\"Escrito por\" \/>\n\t<meta name=\"twitter:data1\" content=\"Gabriel Martins\" \/>\n\t<meta name=\"twitter:label2\" content=\"Est. tempo de leitura\" \/>\n\t<meta name=\"twitter:data2\" content=\"4 minutos\" \/>\n<!-- \/ Yoast SEO plugin. -->","yoast_head_json":{"title":"Como tratar rachaduras nos p\u00e9s com essa receita simples - Estado de Minas - Em foco","description":"Rachaduras nos p\u00e9s t\u00eam solu\u00e7\u00e3o simples e natural. Veja como recuperar o conforto com receitas f\u00e1ceis e baratas.","robots":{"index":"index","follow":"follow","max-snippet":"max-snippet:-1","max-image-preview":"max-image-preview:large","max-video-preview":"max-video-preview:-1"},"canonical":"https:\/\/www.em.com.br\/emfoco\/2025\/09\/06\/como-tratar-rachaduras-nos-pes-com-essa-receita-simples\/","og_locale":"pt_BR","og_type":"article","og_title":"Como tratar rachaduras nos p\u00e9s com essa receita simples - Estado de Minas - Em foco","og_description":"Rachaduras nos p\u00e9s t\u00eam solu\u00e7\u00e3o simples e natural. Veja como recuperar o conforto com receitas f\u00e1ceis e baratas.","og_url":"https:\/\/www.em.com.br\/emfoco\/2025\/09\/06\/como-tratar-rachaduras-nos-pes-com-essa-receita-simples\/","og_site_name":"Estado de Minas - Em foco","article_published_time":"2025-09-06T22:08:00+00:00","article_modified_time":"2025-09-03T01:19:20+00:00","og_image":[{"width":1280,"height":720,"url":"https:\/\/www.em.com.br\/emfoco\/wp-content\/uploads\/2025\/09\/mosaico_1756861988766.png","type":"image\/png"}],"author":"Gabriel Martins","twitter_card":"summary_large_image","twitter_misc":{"Escrito por":"Gabriel Martins","Est. tempo de leitura":"4 minutos"},"schema":{"@context":"https:\/\/schema.org","@graph":[{"@type":"WebPage","@id":"https:\/\/www.em.com.br\/emfoco\/2025\/09\/06\/como-tratar-rachaduras-nos-pes-com-essa-receita-simples\/","url":"https:\/\/www.em.com.br\/emfoco\/2025\/09\/06\/como-tratar-rachaduras-nos-pes-com-essa-receita-simples\/","name":"Como tratar rachaduras nos p\u00e9s com essa receita simples - Estado de Minas - Em foco","isPartOf":{"@id":"https:\/\/www.em.com.br\/emfoco\/#website"},"primaryImageOfPage":{"@id":"https:\/\/www.em.com.br\/emfoco\/2025\/09\/06\/como-tratar-rachaduras-nos-pes-com-essa-receita-simples\/#primaryimage"},"image":{"@id":"https:\/\/www.em.com.br\/emfoco\/2025\/09\/06\/como-tratar-rachaduras-nos-pes-com-essa-receita-simples\/#primaryimage"},"thumbnailUrl":"https:\/\/www.em.com.br\/emfoco\/wp-content\/uploads\/2025\/09\/mosaico_1756861988766.png","datePublished":"2025-09-06T22:08:00+00:00","dateModified":"2025-09-03T01:19:20+00:00","author":{"@id":"https:\/\/www.em.com.br\/emfoco\/#\/schema\/person\/1c9ddeab18b98abeffef834667bcf08a"},"description":"Rachaduras nos p\u00e9s t\u00eam solu\u00e7\u00e3o simples e natural. Veja como recuperar o conforto com receitas f\u00e1ceis e baratas.","breadcrumb":{"@id":"https:\/\/www.em.com.br\/emfoco\/2025\/09\/06\/como-tratar-rachaduras-nos-pes-com-essa-receita-simples\/#breadcrumb"},"inLanguage":"pt-BR","potentialAction":[{"@type":"ReadAction","target":["https:\/\/www.em.com.br\/emfoco\/2025\/09\/06\/como-tratar-rachaduras-nos-pes-com-essa-receita-simples\/"]}]},{"@type":"ImageObject","inLanguage":"pt-BR","@id":"https:\/\/www.em.com.br\/emfoco\/2025\/09\/06\/como-tratar-rachaduras-nos-pes-com-essa-receita-simples\/#primaryimage","url":"https:\/\/www.em.com.br\/emfoco\/wp-content\/uploads\/2025\/09\/mosaico_1756861988766.png","contentUrl":"https:\/\/www.em.com.br\/emfoco\/wp-content\/uploads\/2025\/09\/mosaico_1756861988766.png","width":1280,"height":720,"caption":"P\u00e9s renovados - Cr\u00e9ditos: depositphotos.com \/ Hriana \/ Cr\u00e9ditos: depositphotos.com \/ VGeorgiev"},{"@type":"BreadcrumbList","@id":"https:\/\/www.em.com.br\/emfoco\/2025\/09\/06\/como-tratar-rachaduras-nos-pes-com-essa-receita-simples\/#breadcrumb","itemListElement":[{"@type":"ListItem","position":1,"name":"In\u00edcio","item":"https:\/\/www.em.com.br\/emfoco\/"},{"@type":"ListItem","position":2,"name":"Como tratar rachaduras nos p\u00e9s com essa receita simples"}]},{"@type":"WebSite","@id":"https:\/\/www.em.com.br\/emfoco\/#website","url":"https:\/\/www.em.com.br\/emfoco\/","name":"Estado de Minas - Em foco","description":"Acompanhe as \u00faltimas not\u00edcias e fique bem informado sobre tudo o que acontece em Minas Gerais, Brasil e no mundo.","potentialAction":[{"@type":"SearchAction","target":{"@type":"EntryPoint","urlTemplate":"https:\/\/www.em.com.br\/emfoco\/?s={search_term_string}"},"query-input":{"@type":"PropertyValueSpecification","valueRequired":true,"valueName":"search_term_string"}}],"inLanguage":"pt-BR"},{"@type":"Person","@id":"https:\/\/www.em.com.br\/emfoco\/#\/schema\/person\/1c9ddeab18b98abeffef834667bcf08a","name":"Gabriel Martins","image":{"@type":"ImageObject","inLanguage":"pt-BR","@id":"https:\/\/www.em.com.br\/emfoco\/#\/schema\/person\/image\/","url":"https:\/\/secure.gravatar.com\/avatar\/f0f1e2efdfd88f1ad2cb08c5c2731e50?s=96&d=mm&r=g","contentUrl":"https:\/\/secure.gravatar.com\/avatar\/f0f1e2efdfd88f1ad2cb08c5c2731e50?s=96&d=mm&r=g","caption":"Gabriel Martins"},"sameAs":["https:\/\/www.em.com.br\/emfoco\/"],"url":"https:\/\/www.em.com.br\/emfoco\/author\/gabrielmartinsmyth\/"}]}},"_links":{"self":[{"href":"https:\/\/www.em.com.br\/emfoco\/wp-json\/wp\/v2\/posts\/100086","targetHints":{"allow":["GET"]}}],"collection":[{"href":"https:\/\/www.em.com.br\/emfoco\/wp-json\/wp\/v2\/posts"}],"about":[{"href":"https:\/\/www.em.com.br\/emfoco\/wp-json\/wp\/v2\/types\/post"}],"author":[{"embeddable":true,"href":"https:\/\/www.em.com.br\/emfoco\/wp-json\/wp\/v2\/users\/13"}],"replies":[{"embeddable":true,"href":"https:\/\/www.em.com.br\/emfoco\/wp-json\/wp\/v2\/comments?post=100086"}],"version-history":[{"count":1,"href":"https:\/\/www.em.com.br\/emfoco\/wp-json\/wp\/v2\/posts\/100086\/revisions"}],"predecessor-version":[{"id":100128,"href":"https:\/\/www.em.com.br\/emfoco\/wp-json\/wp\/v2\/posts\/100086\/revisions\/100128"}],"wp:featuredmedia":[{"embeddable":true,"href":"https:\/\/www.em.com.br\/emfoco\/wp-json\/wp\/v2\/media\/100125"}],"wp:attachment":[{"href":"https:\/\/www.em.com.br\/emfoco\/wp-json\/wp\/v2\/media?parent=100086"}],"wp:term":[{"taxonomy":"category","embeddable":true,"href":"https:\/\/www.em.com.br\/emfoco\/wp-json\/wp\/v2\/categories?post=100086"},{"taxonomy":"post_tag","embeddable":true,"href":"https:\/\/www.em.com.br\/emfoco\/wp-json\/wp\/v2\/tags?post=100086"}],"curies":[{"name":"wp","href":"https:\/\/api.w.org\/{rel}","templated":true}]}}