{"id":100084,"date":"2025-09-06T16:48:00","date_gmt":"2025-09-06T19:48:00","guid":{"rendered":"https:\/\/www.em.com.br\/emfoco\/?p=100084"},"modified":"2025-09-02T22:03:40","modified_gmt":"2025-09-03T01:03:40","slug":"esses-simples-habitos-estao-renovando-a-autoestima-de-mulheres-40","status":"publish","type":"post","link":"https:\/\/www.em.com.br\/emfoco\/2025\/09\/06\/esses-simples-habitos-estao-renovando-a-autoestima-de-mulheres-40\/","title":{"rendered":"Esses simples h\u00e1bitos est\u00e3o renovando a autoestima de mulheres 40+"},"content":{"rendered":"\n<p>Adotar uma <strong>rotina de autocuidado ap\u00f3s os 40 anos<\/strong> \u00e9 essencial para fortalecer a autoestima feminina, melhorar o bem-estar di\u00e1rio e manter h\u00e1bitos que refletem equil\u00edbrio f\u00edsico, mental e emocional de forma pr\u00e1tica e acess\u00edvel.<\/p>\n\n\n\n<ul class=\"wp-block-list\">\n<li>Pr\u00e1ticas simples que elevam a confian\u00e7a<\/li>\n\n\n\n<li>Cuidados di\u00e1rios que melhoram o bem-estar<\/li>\n\n\n\n<li>Dicas acess\u00edveis para rotina sustent\u00e1vel<\/li>\n<\/ul>\n\n\n\n<h2 class=\"wp-block-heading\">Por que o autocuidado se torna ainda mais importante ap\u00f3s os 40 anos?<\/h2>\n\n\n\n<p>O <strong>autocuidado feminino<\/strong> nessa fase vai al\u00e9m da est\u00e9tica: ele contribui para a sa\u00fade mental, fortalece a autoconfian\u00e7a e ajuda a lidar melhor com as mudan\u00e7as naturais do corpo, tornando-se pe\u00e7a-chave para manter equil\u00edbrio e energia.<\/p>\n\n\n\n<p>Ao incluir pequenas pr\u00e1ticas de <a href=\"https:\/\/ciclovivo.com.br\/vida-sustentavel\/bem-estar\/7-dicas-para-cultivar-o-bem-estar-diario\/\" target=\"_blank\" rel=\"noreferrer noopener\"><strong>bem-estar di\u00e1rio<\/strong>,<\/a> a mulher aprende a valorizar cada conquista, reconhece sua for\u00e7a e cria uma rela\u00e7\u00e3o mais positiva consigo mesma, refletindo isso tamb\u00e9m nas rela\u00e7\u00f5es pessoais e profissionais.<\/p>\n\n\n\n<figure class=\"wp-block-image size-large\"><img loading=\"lazy\" decoding=\"async\" width=\"1024\" height=\"576\" src=\"https:\/\/www.em.com.br\/emfoco\/wp-content\/uploads\/2025\/04\/Happy-person_1744211847191-1024x576.jpg\" alt=\"Entenda os 4 pilares da autoestima e como isso pode mudar sua vida para sempre\" class=\"wp-image-36723\" srcset=\"https:\/\/www.em.com.br\/emfoco\/wp-content\/uploads\/2025\/04\/Happy-person_1744211847191-1024x576.jpg 1024w, https:\/\/www.em.com.br\/emfoco\/wp-content\/uploads\/2025\/04\/Happy-person_1744211847191-300x169.jpg 300w, https:\/\/www.em.com.br\/emfoco\/wp-content\/uploads\/2025\/04\/Happy-person_1744211847191-768x432.jpg 768w, https:\/\/www.em.com.br\/emfoco\/wp-content\/uploads\/2025\/04\/Happy-person_1744211847191-750x422.jpg 750w, https:\/\/www.em.com.br\/emfoco\/wp-content\/uploads\/2025\/04\/Happy-person_1744211847191-1140x641.jpg 1140w, https:\/\/www.em.com.br\/emfoco\/wp-content\/uploads\/2025\/04\/Happy-person_1744211847191.jpg 1280w\" sizes=\"auto, (max-width: 1024px) 100vw, 1024px\" \/><figcaption class=\"wp-element-caption\">Mulher alegre &#8211; Cr\u00e9ditos: depositphotos.com \/ alenkasm<\/figcaption><\/figure>\n\n\n\n<h2 class=\"wp-block-heading\">Quais h\u00e1bitos simples podem transformar a rotina feminina?<\/h2>\n\n\n\n<p>Pequenas mudan\u00e7as de rotina podem gerar grandes impactos no dia a dia. N\u00e3o \u00e9 preciso muito investimento para incluir a\u00e7\u00f5es que tragam leveza, vitalidade e sensa\u00e7\u00e3o de cuidado pessoal constante.<\/p>\n\n\n\n<ul class=\"wp-block-list\">\n<li>Dedicar 10 minutos pela manh\u00e3 para respira\u00e7\u00e3o ou medita\u00e7\u00e3o<\/li>\n\n\n\n<li>Investir em caminhadas leves ao ar livre<\/li>\n\n\n\n<li>Estabelecer uma rotina de hidrata\u00e7\u00e3o com ch\u00e1s e \u00e1gua<\/li>\n\n\n\n<li>Manter cuidados b\u00e1sicos com a pele diariamente<\/li>\n<\/ul>\n\n\n\n<h2 class=\"wp-block-heading\">Como a autoestima influencia diretamente a qualidade de vida?<\/h2>\n\n\n\n<p>A <strong>autoestima elevada<\/strong> impacta diretamente o humor, a motiva\u00e7\u00e3o e a forma como a mulher se posiciona no mundo. Quando a rotina de cuidados \u00e9 consistente, a confian\u00e7a cresce e os desafios s\u00e3o enfrentados com mais serenidade.<\/p>\n\n\n\n<p>Essa conex\u00e3o positiva consigo mesma fortalece a sa\u00fade emocional, reduz a ansiedade e contribui para escolhas mais conscientes, desde a alimenta\u00e7\u00e3o at\u00e9 as rela\u00e7\u00f5es sociais, melhorando o <strong><a href=\"https:\/\/www.em.com.br\/emfoco\/2025\/08\/21\/4-exercicios-para-melhorar-equilibrio-e-coordenacao-de-pessoas-acima-dos-50\/\" target=\"_blank\" rel=\"noreferrer noopener\">equil\u00edbrio <\/a><\/strong>entre corpo e mente.<\/p>\n\n\n\n<figure class=\"wp-block-image size-large\"><img loading=\"lazy\" decoding=\"async\" width=\"1024\" height=\"576\" src=\"https:\/\/www.em.com.br\/emfoco\/wp-content\/uploads\/2025\/04\/Books_1745329356707-1024x576.jpg\" alt=\"Livros que est\u00e3o fortalecendo a autoestima e confian\u00e7a em 2025\" class=\"wp-image-40405\" srcset=\"https:\/\/www.em.com.br\/emfoco\/wp-content\/uploads\/2025\/04\/Books_1745329356707-1024x576.jpg 1024w, https:\/\/www.em.com.br\/emfoco\/wp-content\/uploads\/2025\/04\/Books_1745329356707-300x169.jpg 300w, https:\/\/www.em.com.br\/emfoco\/wp-content\/uploads\/2025\/04\/Books_1745329356707-768x432.jpg 768w, https:\/\/www.em.com.br\/emfoco\/wp-content\/uploads\/2025\/04\/Books_1745329356707-750x422.jpg 750w, https:\/\/www.em.com.br\/emfoco\/wp-content\/uploads\/2025\/04\/Books_1745329356707-1140x641.jpg 1140w, https:\/\/www.em.com.br\/emfoco\/wp-content\/uploads\/2025\/04\/Books_1745329356707.jpg 1280w\" sizes=\"auto, (max-width: 1024px) 100vw, 1024px\" \/><figcaption class=\"wp-element-caption\">Livros &#8211; Cr\u00e9ditos: depositphotos.com \/ Ischukigor<\/figcaption><\/figure>\n\n\n\n<h2 class=\"wp-block-heading\">Quais cuidados f\u00edsicos n\u00e3o podem ser deixados de lado?<\/h2>\n\n\n\n<p>O corpo precisa de aten\u00e7\u00e3o especial ap\u00f3s os 40 anos, mas isso pode ser feito de forma pr\u00e1tica. O importante \u00e9 criar um padr\u00e3o sustent\u00e1vel de cuidados que favore\u00e7a tanto a sa\u00fade quanto a apar\u00eancia.<\/p>\n\n\n\n<ul class=\"wp-block-list\">\n<li>Praticar exerc\u00edcios de fortalecimento muscular<\/li>\n\n\n\n<li>Usar protetor solar diariamente<\/li>\n\n\n\n<li>Optar por uma alimenta\u00e7\u00e3o rica em fibras e prote\u00ednas<\/li>\n\n\n\n<li>Priorizar boas horas de sono reparador<\/li>\n<\/ul>\n\n\n\n<h2 class=\"wp-block-heading\">O que incluir hoje mesmo para renovar sua autoestima?<\/h2>\n\n\n\n<p>Alguns passos simples podem ser incorporados j\u00e1 no presente para iniciar uma mudan\u00e7a gradual. O objetivo n\u00e3o \u00e9 a perfei\u00e7\u00e3o, mas sim a const\u00e2ncia que refor\u00e7a o amor-pr\u00f3prio e a vitalidade di\u00e1ria.<\/p>\n\n\n\n<ul class=\"wp-block-list\">\n<li>Escrever tr\u00eas gratid\u00f5es di\u00e1rias<\/li>\n\n\n\n<li>Reservar momentos de lazer individual<\/li>\n\n\n\n<li>Adotar um ritual noturno relaxante<\/li>\n<\/ul>\n","protected":false},"excerpt":{"rendered":"<p>Adotar uma rotina de autocuidado ap\u00f3s os 40 anos \u00e9 essencial para fortalecer a autoestima feminina, melhorar o bem-estar di\u00e1rio e manter h\u00e1bitos que refletem equil\u00edbrio f\u00edsico, mental e emocional de forma pr\u00e1tica e acess\u00edvel. Por que o autocuidado se torna ainda mais importante ap\u00f3s os 40 anos? O autocuidado feminino nessa fase vai al\u00e9m [&hellip;]<\/p>\n","protected":false},"author":13,"featured_media":100120,"comment_status":"open","ping_status":"open","sticky":false,"template":"","format":"standard","meta":{"jnews-multi-image_gallery":[],"jnews_single_post":{"format":"standard"},"jnews_primary_category":[],"jnews_social_meta":[],"jnews_override_counter":[],"footnotes":""},"categories":[9053],"tags":[712,4889,711,410],"class_list":["post-100084","post","type-post","status-publish","format-standard","has-post-thumbnail","hentry","category-saude","tag-autocuidado","tag-autoestima","tag-bem-estar","tag-saude-mental"],"yoast_head":"<!-- This site is optimized with the Yoast SEO plugin v23.8 - https:\/\/yoast.com\/wordpress\/plugins\/seo\/ -->\n<title>Esses simples h\u00e1bitos est\u00e3o renovando a autoestima de mulheres 40+ - Estado de Minas - Em foco<\/title>\n<meta name=\"description\" content=\"Com mudan\u00e7as leves e constantes, o autocuidado feminino se transforma em uma poderosa ferramenta de amor-pr\u00f3prio e autoestima.\" \/>\n<meta name=\"robots\" content=\"index, follow, max-snippet:-1, max-image-preview:large, max-video-preview:-1\" \/>\n<link rel=\"canonical\" href=\"https:\/\/www.em.com.br\/emfoco\/2025\/09\/06\/esses-simples-habitos-estao-renovando-a-autoestima-de-mulheres-40\/\" \/>\n<meta property=\"og:locale\" content=\"pt_BR\" \/>\n<meta property=\"og:type\" content=\"article\" \/>\n<meta property=\"og:title\" content=\"Esses simples h\u00e1bitos est\u00e3o renovando a autoestima de mulheres 40+ - Estado de Minas - Em foco\" \/>\n<meta property=\"og:description\" content=\"Com mudan\u00e7as leves e constantes, o autocuidado feminino se transforma em uma poderosa ferramenta de amor-pr\u00f3prio e autoestima.\" \/>\n<meta property=\"og:url\" content=\"https:\/\/www.em.com.br\/emfoco\/2025\/09\/06\/esses-simples-habitos-estao-renovando-a-autoestima-de-mulheres-40\/\" \/>\n<meta property=\"og:site_name\" content=\"Estado de Minas - Em foco\" \/>\n<meta property=\"article:published_time\" content=\"2025-09-06T19:48:00+00:00\" \/>\n<meta property=\"article:modified_time\" content=\"2025-09-03T01:03:40+00:00\" \/>\n<meta property=\"og:image\" content=\"https:\/\/www.em.com.br\/emfoco\/wp-content\/uploads\/2025\/09\/Autoestima_1756861151304.jpg\" \/>\n\t<meta property=\"og:image:width\" content=\"1280\" \/>\n\t<meta property=\"og:image:height\" content=\"720\" \/>\n\t<meta property=\"og:image:type\" content=\"image\/jpeg\" \/>\n<meta name=\"author\" content=\"Gabriel Martins\" \/>\n<meta name=\"twitter:card\" content=\"summary_large_image\" \/>\n<meta name=\"twitter:label1\" content=\"Escrito por\" \/>\n\t<meta name=\"twitter:data1\" content=\"Gabriel Martins\" \/>\n\t<meta name=\"twitter:label2\" content=\"Est. tempo de leitura\" \/>\n\t<meta name=\"twitter:data2\" content=\"3 minutos\" \/>\n<!-- \/ Yoast SEO plugin. -->","yoast_head_json":{"title":"Esses simples h\u00e1bitos est\u00e3o renovando a autoestima de mulheres 40+ - Estado de Minas - Em foco","description":"Com mudan\u00e7as leves e constantes, o autocuidado feminino se transforma em uma poderosa ferramenta de amor-pr\u00f3prio e autoestima.","robots":{"index":"index","follow":"follow","max-snippet":"max-snippet:-1","max-image-preview":"max-image-preview:large","max-video-preview":"max-video-preview:-1"},"canonical":"https:\/\/www.em.com.br\/emfoco\/2025\/09\/06\/esses-simples-habitos-estao-renovando-a-autoestima-de-mulheres-40\/","og_locale":"pt_BR","og_type":"article","og_title":"Esses simples h\u00e1bitos est\u00e3o renovando a autoestima de mulheres 40+ - Estado de Minas - Em foco","og_description":"Com mudan\u00e7as leves e constantes, o autocuidado feminino se transforma em uma poderosa ferramenta de amor-pr\u00f3prio e autoestima.","og_url":"https:\/\/www.em.com.br\/emfoco\/2025\/09\/06\/esses-simples-habitos-estao-renovando-a-autoestima-de-mulheres-40\/","og_site_name":"Estado de Minas - Em foco","article_published_time":"2025-09-06T19:48:00+00:00","article_modified_time":"2025-09-03T01:03:40+00:00","og_image":[{"width":1280,"height":720,"url":"https:\/\/www.em.com.br\/emfoco\/wp-content\/uploads\/2025\/09\/Autoestima_1756861151304.jpg","type":"image\/jpeg"}],"author":"Gabriel Martins","twitter_card":"summary_large_image","twitter_misc":{"Escrito por":"Gabriel Martins","Est. tempo de leitura":"3 minutos"},"schema":{"@context":"https:\/\/schema.org","@graph":[{"@type":"WebPage","@id":"https:\/\/www.em.com.br\/emfoco\/2025\/09\/06\/esses-simples-habitos-estao-renovando-a-autoestima-de-mulheres-40\/","url":"https:\/\/www.em.com.br\/emfoco\/2025\/09\/06\/esses-simples-habitos-estao-renovando-a-autoestima-de-mulheres-40\/","name":"Esses simples h\u00e1bitos est\u00e3o renovando a autoestima de mulheres 40+ - Estado de Minas - Em foco","isPartOf":{"@id":"https:\/\/www.em.com.br\/emfoco\/#website"},"primaryImageOfPage":{"@id":"https:\/\/www.em.com.br\/emfoco\/2025\/09\/06\/esses-simples-habitos-estao-renovando-a-autoestima-de-mulheres-40\/#primaryimage"},"image":{"@id":"https:\/\/www.em.com.br\/emfoco\/2025\/09\/06\/esses-simples-habitos-estao-renovando-a-autoestima-de-mulheres-40\/#primaryimage"},"thumbnailUrl":"https:\/\/www.em.com.br\/emfoco\/wp-content\/uploads\/2025\/09\/Autoestima_1756861151304.jpg","datePublished":"2025-09-06T19:48:00+00:00","dateModified":"2025-09-03T01:03:40+00:00","author":{"@id":"https:\/\/www.em.com.br\/emfoco\/#\/schema\/person\/1c9ddeab18b98abeffef834667bcf08a"},"description":"Com mudan\u00e7as leves e constantes, o autocuidado feminino se transforma em uma poderosa ferramenta de amor-pr\u00f3prio e autoestima.","breadcrumb":{"@id":"https:\/\/www.em.com.br\/emfoco\/2025\/09\/06\/esses-simples-habitos-estao-renovando-a-autoestima-de-mulheres-40\/#breadcrumb"},"inLanguage":"pt-BR","potentialAction":[{"@type":"ReadAction","target":["https:\/\/www.em.com.br\/emfoco\/2025\/09\/06\/esses-simples-habitos-estao-renovando-a-autoestima-de-mulheres-40\/"]}]},{"@type":"ImageObject","inLanguage":"pt-BR","@id":"https:\/\/www.em.com.br\/emfoco\/2025\/09\/06\/esses-simples-habitos-estao-renovando-a-autoestima-de-mulheres-40\/#primaryimage","url":"https:\/\/www.em.com.br\/emfoco\/wp-content\/uploads\/2025\/09\/Autoestima_1756861151304.jpg","contentUrl":"https:\/\/www.em.com.br\/emfoco\/wp-content\/uploads\/2025\/09\/Autoestima_1756861151304.jpg","width":1280,"height":720,"caption":"Imagem ilustrativa de autoestima - Cr\u00e9ditos: depositphotos.com \/ AndrewLozovyi"},{"@type":"BreadcrumbList","@id":"https:\/\/www.em.com.br\/emfoco\/2025\/09\/06\/esses-simples-habitos-estao-renovando-a-autoestima-de-mulheres-40\/#breadcrumb","itemListElement":[{"@type":"ListItem","position":1,"name":"In\u00edcio","item":"https:\/\/www.em.com.br\/emfoco\/"},{"@type":"ListItem","position":2,"name":"Esses simples h\u00e1bitos est\u00e3o renovando a autoestima de mulheres 40+"}]},{"@type":"WebSite","@id":"https:\/\/www.em.com.br\/emfoco\/#website","url":"https:\/\/www.em.com.br\/emfoco\/","name":"Estado de Minas - Em foco","description":"Acompanhe as \u00faltimas not\u00edcias e fique bem informado sobre tudo o que acontece em Minas Gerais, Brasil e no mundo.","potentialAction":[{"@type":"SearchAction","target":{"@type":"EntryPoint","urlTemplate":"https:\/\/www.em.com.br\/emfoco\/?s={search_term_string}"},"query-input":{"@type":"PropertyValueSpecification","valueRequired":true,"valueName":"search_term_string"}}],"inLanguage":"pt-BR"},{"@type":"Person","@id":"https:\/\/www.em.com.br\/emfoco\/#\/schema\/person\/1c9ddeab18b98abeffef834667bcf08a","name":"Gabriel Martins","image":{"@type":"ImageObject","inLanguage":"pt-BR","@id":"https:\/\/www.em.com.br\/emfoco\/#\/schema\/person\/image\/","url":"https:\/\/secure.gravatar.com\/avatar\/f0f1e2efdfd88f1ad2cb08c5c2731e50?s=96&d=mm&r=g","contentUrl":"https:\/\/secure.gravatar.com\/avatar\/f0f1e2efdfd88f1ad2cb08c5c2731e50?s=96&d=mm&r=g","caption":"Gabriel Martins"},"sameAs":["https:\/\/www.em.com.br\/emfoco\/"],"url":"https:\/\/www.em.com.br\/emfoco\/author\/gabrielmartinsmyth\/"}]}},"_links":{"self":[{"href":"https:\/\/www.em.com.br\/emfoco\/wp-json\/wp\/v2\/posts\/100084","targetHints":{"allow":["GET"]}}],"collection":[{"href":"https:\/\/www.em.com.br\/emfoco\/wp-json\/wp\/v2\/posts"}],"about":[{"href":"https:\/\/www.em.com.br\/emfoco\/wp-json\/wp\/v2\/types\/post"}],"author":[{"embeddable":true,"href":"https:\/\/www.em.com.br\/emfoco\/wp-json\/wp\/v2\/users\/13"}],"replies":[{"embeddable":true,"href":"https:\/\/www.em.com.br\/emfoco\/wp-json\/wp\/v2\/comments?post=100084"}],"version-history":[{"count":1,"href":"https:\/\/www.em.com.br\/emfoco\/wp-json\/wp\/v2\/posts\/100084\/revisions"}],"predecessor-version":[{"id":100121,"href":"https:\/\/www.em.com.br\/emfoco\/wp-json\/wp\/v2\/posts\/100084\/revisions\/100121"}],"wp:featuredmedia":[{"embeddable":true,"href":"https:\/\/www.em.com.br\/emfoco\/wp-json\/wp\/v2\/media\/100120"}],"wp:attachment":[{"href":"https:\/\/www.em.com.br\/emfoco\/wp-json\/wp\/v2\/media?parent=100084"}],"wp:term":[{"taxonomy":"category","embeddable":true,"href":"https:\/\/www.em.com.br\/emfoco\/wp-json\/wp\/v2\/categories?post=100084"},{"taxonomy":"post_tag","embeddable":true,"href":"https:\/\/www.em.com.br\/emfoco\/wp-json\/wp\/v2\/tags?post=100084"}],"curies":[{"name":"wp","href":"https:\/\/api.w.org\/{rel}","templated":true}]}}