{"id":268864,"date":"2026-09-01T20:37:00","date_gmt":"2026-09-01T23:37:00","guid":{"rendered":"https:\/\/www.em.com.br\/emalta\/?p=268864"},"modified":"2026-08-31T20:51:15","modified_gmt":"2026-08-31T23:51:15","slug":"vilarejo-mineiro-com-clima-europeu-encanta-a-1-554-metros-de-altitude-e-ja-marcou-45-c","status":"publish","type":"post","link":"https:\/\/www.em.com.br\/emalta\/2026\/09\/01\/vilarejo-mineiro-com-clima-europeu-encanta-a-1-554-metros-de-altitude-e-ja-marcou-45-c\/","title":{"rendered":"Vilarejo mineiro com clima europeu encanta a 1.554 metros de altitude e j\u00e1 marcou -4,5 \u00b0C"},"content":{"rendered":"\n<p class=\"wp-block-paragraph\">Entre arauc\u00e1rias, geada e neblina de serra, <strong>Monte Verde<\/strong> se tornou um dos lugares de <strong>Minas Gerais<\/strong> que mais lembram um vilarejo europeu. Distrito de <strong>Camanducaia<\/strong>, na <strong>Serra da Mantiqueira<\/strong>, o destino est\u00e1 a 1.554 metros de altitude e a apenas 166 km de S\u00e3o Paulo. Com frio intenso, pousadas charmosas, fondue, trilhas e clima rom\u00e2ntico, o vilarejo j\u00e1 foi escolhido como o destino mais acolhedor do Brasil e chegou ao sexto lugar entre os mais acolhedores do mundo.<\/p>\n\n\n\n<h2 class=\"wp-block-heading\">O que faz Monte Verde ter um dos invernos mais rigorosos de Minas?<\/h2>\n\n\n\n<p class=\"wp-block-paragraph\">Monte Verde registra um dos invernos mais rigorosos de Minas por causa da combina\u00e7\u00e3o de altitude elevada, vegeta\u00e7\u00e3o densa e ar frio acumulado entre as montanhas da Mantiqueira. O distrito fica em uma das \u00e1reas mais altas da serra, cercado por reflorestamentos de pinus e eucaliptos que ajudam a manter mais umidade e temperaturas baixas.<\/p>\n\n\n\n<p class=\"wp-block-paragraph\">O efeito aparece claramente nos term\u00f4metros. A m\u00ednima oficial registrada pelo <strong>Instituto Nacional de Meteorologia (INMET)<\/strong>, em esta\u00e7\u00e3o que funciona no distrito desde dezembro de 2004, \u00e9 de <strong>-4,5\u00b0C<\/strong>, marca alcan\u00e7ada em julho de 2021. Entre junho e agosto, as geadas costumam cobrir os campos de branco durante as madrugadas, em um fen\u00f4meno que ocorre praticamente todos os anos.<\/p>\n\n\n\n<p class=\"wp-block-paragraph\">O clima \u00e9 classificado como temperado oce\u00e2nico (Cfb na escala de K\u00f6ppen-Geiger), algo incomum em uma regi\u00e3o tropical. <strong><a href=\"https:\/\/www.climatempo.com.br\/previsao-do-tempo\/15-dias\/cidade\/2586\/monteverde-mg\" target=\"_blank\" rel=\"noreferrer noopener\">Levantamentos do Centro de Previs\u00e3o de Tempo e Estudos Clim\u00e1ticos<\/a><\/strong> indicam que os invernos de Monte Verde t\u00eam sido de forma consistente mais rigorosos que os de Campos do Jord\u00e3o desde os anos 2000.<\/p>\n\n\n<div class=\"wp-block-image\">\n<figure class=\"aligncenter size-large\"><img decoding=\"async\" src=\"https:\/\/www.em.com.br\/emfoco\/wp-content\/uploads\/2025\/12\/Monte-Verde_1762389872468-1024x576.jpg\" alt=\"Esse destino \u00e9 conhecido como a \u201cSu\u00ed\u00e7a Mineira\u201d e prova que n\u00e3o \u00e9 preciso sair do pa\u00eds para sentir a Europa\" class=\"wp-image-139359\"\/><figcaption class=\"wp-element-caption\">Monte Verde encanta com clima frio e charme da Su\u00ed\u00e7a Mineira \/\/ Cr\u00e9ditos: depositphotos.com \/ cesarvr<\/figcaption><\/figure>\n<\/div>\n\n\n<h2 class=\"wp-block-heading\">Como Monte Verde conquistou reconhecimento internacional?<\/h2>\n\n\n\n<p class=\"wp-block-paragraph\">Monte Verde ganhou reconhecimento internacional ao transformar frio, hospitalidade e pousadas aconchegantes em uma experi\u00eancia muito valorizada pelos visitantes. Em 2022, o vilarejo foi <a href=\"https:\/\/news.booking.com\/pt-br\/monte-verde-e-a-6-cidade-mais-acolhedora-do-mundo-para-2022-segundo-a-bookingcom\/\" target=\"_blank\" rel=\"noreferrer noopener\"><strong>eleito a 6\u00aa cidade mais acolhedora do mundo<\/strong><\/a> pelo Traveller Review Awards da plataforma Booking.com, com base em mais de 232 milh\u00f5es de avalia\u00e7\u00f5es verificadas.<\/p>\n\n\n\n<p class=\"wp-block-paragraph\">Naquele mesmo ano, foi o \u00fanico representante brasileiro entre os dez primeiros do mundo e ficou em 1\u00ba lugar nacional, segundo a <a href=\"https:\/\/news.booking.com\/pt-br\/bookingcom-revela-os-lugares-mais-acolhedores-do-brasil-em-2022\/\" target=\"_blank\" rel=\"noreferrer noopener\"><strong>lista oficial de destinos acolhedores do Brasil<\/strong><\/a>. O distrito j\u00e1 tinha ocupado a nona posi\u00e7\u00e3o global em 2020 e voltou a aparecer entre os tr\u00eas melhores do pa\u00eds nos anos seguintes.<\/p>\n\n\n\n<p class=\"wp-block-paragraph\">Em 2026, na 14\u00aa edi\u00e7\u00e3o da premia\u00e7\u00e3o, Camanducaia apareceu como o segundo destino mais acolhedor do Brasil, atr\u00e1s apenas de <strong>Piren\u00f3polis<\/strong>, em Goi\u00e1s. Segundo a Ag\u00eancia de Desenvolvimento de Monte Verde e Regi\u00e3o (MOVE), a coloca\u00e7\u00e3o \u00e9 impulsionada principalmente pelas pousadas de Monte Verde.<\/p>\n\n\n<div class=\"wp-block-image\">\n<figure class=\"aligncenter size-large\"><img decoding=\"async\" src=\"https:\/\/www.em.com.br\/emfoco\/wp-content\/uploads\/2025\/12\/MONTE-VERDE_1733187706488-1024x576.jpg\" alt=\"Esse destino \u00e9 conhecido como a \u201cSu\u00ed\u00e7a Mineira\u201d e prova que n\u00e3o \u00e9 preciso sair do pa\u00eds para sentir a Europa\" class=\"wp-image-139358\"\/><figcaption class=\"wp-element-caption\">Monte Verde \u00e9 um peda\u00e7o da Europa em solo mineiro \/\/ Cr\u00e9ditos: depositphotos.com \/ pajunior1979<\/figcaption><\/figure>\n<\/div>\n\n\n<p class=\"wp-block-paragraph\"><strong>Leia tamb\u00e9m: <a href=\"https:\/\/www.em.com.br\/emfoco\/2026\/06\/29\/a-cidade-goiana-onde-cavaleiros-medievais-brigam-ha-quase-200-anos-e-o-cerrado-guarda-mais-de-80-cachoeiras\/\" target=\"_blank\" rel=\"noreferrer noopener\">A cidade goiana onde cavaleiros medievais brigam h\u00e1 quase 200 anos e o cerrado guarda mais de 80 cachoeiras<\/a><\/strong><\/p>\n\n\n\n<h2 class=\"wp-block-heading\">O que conhecer em Monte Verde al\u00e9m do frio?<\/h2>\n\n\n\n<p class=\"wp-block-paragraph\">Al\u00e9m do clima frio, Monte Verde re\u00fane trilhas, mirantes, parques, gastronomia de montanha e passeios concentrados em uma vila f\u00e1cil de conhecer. As atra\u00e7\u00f5es ficam relativamente pr\u00f3ximas, permitindo montar um roteiro de dois ou tr\u00eas dias que mistura natureza preservada, compras e sabores t\u00edpicos da serra.<\/p>\n\n\n\n<ul class=\"wp-block-list has-medium-font-size\">\n<li><strong>Trilha da Pedra Redonda<\/strong>: percurso de cerca de 1 km at\u00e9 o topo a 1.990 metros de altitude, com vista de 360 graus na divisa com S\u00e3o Paulo.<\/li>\n\n\n\n<li><strong>Trilha do Chap\u00e9u do Bispo<\/strong>: a mais curta e f\u00e1cil da regi\u00e3o, ideal para fam\u00edlias com crian\u00e7as.<\/li>\n\n\n\n<li><strong>Pinheiro Velho<\/strong>: arauc\u00e1ria centen\u00e1ria no centro da vila, s\u00edmbolo da paisagem local.<\/li>\n\n\n\n<li><strong>Parque Oschin<\/strong>: \u00e1rea florestal particular com cachoeira, lhamas e trilhas entre arauc\u00e1rias.<\/li>\n\n\n\n<li><strong>Avenida Monte Verde<\/strong>: o cora\u00e7\u00e3o comercial do vilarejo, com lojas de chocolate, fondue, vinhos e roupas de inverno.<\/li>\n<\/ul>\n\n\n\n<p class=\"wp-block-paragraph\">A gastronomia acompanha a atmosfera europeia criada pelo clima. Os restaurantes servem pratos ligados ao frio das montanhas alpinas e \u00e0s tradi\u00e7\u00f5es dos imigrantes que ajudaram a formar o distrito.<\/p>\n\n\n\n<ul class=\"wp-block-list has-medium-font-size\">\n<li><strong>Fondue de queijo<\/strong>: prato-assinatura do destino, servido na vers\u00e3o tradicional su\u00ed\u00e7a em praticamente todos os restaurantes da vila.<\/li>\n\n\n\n<li><strong>Strudel de ma\u00e7\u00e3<\/strong>: doce de origem austr\u00edaca e alem\u00e3, encontrado nas confeitarias da Avenida Monte Verde.<\/li>\n\n\n\n<li><strong>Joelho de porco (Eisbein)<\/strong>: prato t\u00edpico da culin\u00e1ria alem\u00e3, presente nas casas mais tradicionais.<\/li>\n\n\n\n<li><strong>Cervejas artesanais<\/strong>: produzidas com a \u00e1gua pura da serra por cervejarias locais, harmonizam com pratos robustos da montanha.<\/li>\n<\/ul>\n\n\n\n<p class=\"wp-block-paragraph\">Quem procura um ref\u00fagio aconchegante na <strong>Serra da Mantiqueira<\/strong> pode acompanhar este v\u00eddeo selecionado do canal <strong>Casal Alencar<\/strong>, com mais de <strong>81 mil<\/strong> visualiza\u00e7\u00f5es. Nele, <strong>Bruna e Adriana Alencar<\/strong> apresentam um roteiro completo de 3 dias em <strong>Monte Verde<\/strong>:<\/p>\n\n\n\n<figure class=\"wp-block-embed is-type-video is-provider-youtube wp-block-embed-youtube wp-embed-aspect-16-9 wp-has-aspect-ratio\"><div class=\"wp-block-embed__wrapper\">\n<div class=\"jeg_video_container jeg_video_content\"><iframe loading=\"lazy\" title=\"MONTE VERDE - ROTEIRO COMPLETO DE 3 DIAS NA SERRA DA MANTIQUEIRA\" width=\"500\" height=\"281\" src=\"https:\/\/www.youtube.com\/embed\/9-Mgx70Q6nM?feature=oembed\" frameborder=\"0\" allow=\"accelerometer; autoplay; clipboard-write; encrypted-media; gyroscope; picture-in-picture; web-share\" referrerpolicy=\"strict-origin-when-cross-origin\" allowfullscreen><\/iframe><\/div>\n<\/div><\/figure>\n\n\n\n<h2 class=\"wp-block-heading\">Quando \u00e9 melhor visitar a chamada Su\u00ed\u00e7a Mineira?<\/h2>\n\n\n\n<p class=\"wp-block-paragraph\">O inverno costuma ser a melhor \u00e9poca para visitar a Su\u00ed\u00e7a Mineira, principalmente para quem busca frio intenso, geada, fondue e noites de lareira. \u00c9 tamb\u00e9m a alta temporada, com maior movimento principalmente em julho. J\u00e1 quem prefere pre\u00e7os menores e trilhas mais tranquilas encontra boas condi\u00e7\u00f5es nos meses de transi\u00e7\u00e3o.<\/p>\n\n\n\n<style>\n    .clima-grid-em28 { \n        --cor-primaria: #1a2a57; --cor-secundaria: #1a2a57; --cor-txt-secundaria: #ffffff;\n        display: grid; grid-template-columns: repeat(auto-fit, minmax(190px, 1fr)); gap: 15px; justify-content: center; padding: 10px;\n    }\n\n    .clima-card-em28 { border: 5px solid var(--cor-primaria); border-top: 5px solid var(--cor-secundaria); border-radius: 12px; background-color: var(--cor-primaria); background-clip: padding-box; display: flex; flex-direction: column; overflow: hidden; cursor: pointer; box-shadow: 0 6px 12px rgba(0,0,0, 0.2); transition: transform 0.2s ease, box-shadow 0.2s ease; -webkit-tap-highlight-color: transparent; user-select: none; transform: translateZ(0); animation: wmFadeIn 0.6s cubic-bezier(0.2, 0.8, 0.2, 1) backwards; }\n    .clima-card-em28:focus-visible { outline: 3px dashed var(--cor-secundaria); outline-offset: 4px; }\n    .clima-card-em28:nth-child(1) { animation-delay: 0.1s; } .clima-card-em28:nth-child(2) { animation-delay: 0.2s; } .clima-card-em28:nth-child(3) { animation-delay: 0.3s; } .clima-card-em28:nth-child(4) { animation-delay: 0.4s; }\n    @keyframes wmFadeIn { from { opacity: 0; transform: translateY(30px); } to { opacity: 1; transform: translateY(0); } }\n    .clima-card-em28:hover { transform: translateY(-5px); box-shadow: 0 15px 30px rgba(0,0,0, 0.3); }\n    .clima-card-em28:active { transform: translateY(-1px) scale(0.97); box-shadow: 0 3px 6px rgba(0,0,0,0.2); transition: transform 0.05s ease, box-shadow 0.05s ease; }\n    .clima-header-em28 { background: #fdfbf5; padding: 15px 10px; text-align: center; display: flex; flex-direction: column; align-items: center; justify-content: center; }\n    .clima-body-em28 { background: #ffffff; padding: 15px; display: flex; flex-direction: column; flex-grow: 1; align-items: center; }\n    .clima-destaque-em28 { box-shadow: 0 8px 16px rgba(0,0,0,0.25); }\n    .clima-destaque-em28:hover { box-shadow: 0 18px 36px rgba(0,0,0,0.35); }\n    .clima-destaque-em28 .clima-header-em28 { background: var(--cor-secundaria); }\n    .clima-destaque-em28 .clima-header-em28 .clima-titulo-em28 { color: var(--cor-txt-secundaria) !important; } \n    .clima-pill-em28 { display: flex; white-space: normal; max-width: 100%; box-sizing: border-box; justify-content: center; align-items: center; text-align: center; background: #e8ebf2; color: var(--cor-primaria); font-size: 11px; font-weight: 900 !important; letter-spacing: 0.5px; padding: 8px 16px; border-radius: 16px; text-transform: uppercase; line-height: 1.4; box-shadow: 0 4px 8px rgba(0,0,0,0.15); margin-top: auto; transition: transform 0.2s ease; }\n    .clima-destaque-em28 .clima-pill-em28 { background: var(--cor-primaria); color: #ffffff; border: 1px solid #ffffff; } \n    .clima-card-em28:hover .clima-pill-em28 { transform: scale(1.06); }\n    .clima-pill-em28 span { font-weight: 900 !important; color: inherit; } \n    .clima-emoji-em28 { font-size: 24px; line-height: 1; margin-bottom: 5px; }\n    .clima-titulo-em28 { color: var(--cor-primaria); font-size: 16px; text-transform: uppercase; margin-top: 5px; font-weight: bold; }\n    .clima-mes-em28 { font-size: 11px; font-weight: 800; color: var(--cor-primaria); text-transform: uppercase; margin-bottom: 5px; display: block; }\n    .clima-temp-em28 { font-size: 26px; font-weight: 900; color: var(--cor-primaria); margin-bottom: 10px; }\n    .clima-desc-em28 { font-size: 13px; color: #444; text-align: center; line-height: 1.5; margin-bottom: 15px; flex-grow: 1;}\n    .clima-desc-em28 strong { color: #111; }\n    @media (prefers-color-scheme: dark) {\n        .clima-card-em28 { border-color: #2b4182; background-color: #2b4182; box-shadow: 0 6px 12px rgba(0,0,0,0.5); }\n        .clima-header-em28 { background: #1a1a1a; } .clima-body-em28 { background: #121212; }\n        .clima-destaque-em28 .clima-header-em28 { background: var(--cor-secundaria); }\n        .clima-destaque-em28 .clima-header-em28 .clima-titulo-em28 { color: var(--cor-txt-secundaria) !important; }\n        .clima-titulo-em28 { color: #8da5e8; } .clima-mes-em28 { color: #8da5e8; } .clima-temp-em28 { color: #8da5e8; } .clima-desc-em28 { color: #cccccc; } .clima-desc-em28 strong { color: #ffffff; }\n        .clima-pill-em28 { background: #2b4182; color: #ffffff; box-shadow: 0 4px 8px rgba(0, 0, 0, 0.5); }\n        .clima-destaque-em28 .clima-pill-em28 { background: #3b55a0; color: #ffffff; border-color: #8da5e8; }\n    }\n<\/style>\n\n<div class=\"google-auto-ads-ignore clima-grid-em28\" style=\"box-sizing: border-box; width: 100%; max-width: 980px; margin: 30px auto; font-family: 'Segoe UI', Roboto, Helvetica, Arial, sans-serif;\">\n    <div class=\"clima-card-em28\" tabindex=\"0\">\n        <div class=\"clima-header-em28\"><div class=\"clima-emoji-em28\" aria-hidden=\"true\">\ud83e\udd7e<\/div><div class=\"clima-titulo-em28\">Ver\u00e3o<\/div><\/div>\n        <div class=\"clima-body-em28\">\n            <time class=\"clima-mes-em28\">Dezembro a fevereiro<\/time><div class=\"clima-temp-em28\">14\u00b0C a 24\u00b0C<\/div>\n            <div class=\"clima-desc-em28\">A altitude segura o calor sufocante, mas as pancadas fortes aparecem \u00e0 tarde. A melhor estrat\u00e9gia \u00e9 focar nas <strong>trilhas pela manh\u00e3<\/strong>.<\/div>\n            <div class=\"clima-pill-em28\"><span>\ud83d\udca7 Chuva Alta<\/span><\/div>\n        <\/div>\n    <\/div>\n    <div class=\"clima-card-em28\" tabindex=\"0\">\n        <div class=\"clima-header-em28\"><div class=\"clima-emoji-em28\" aria-hidden=\"true\">\ud83c\udf7d\ufe0f<\/div><div class=\"clima-titulo-em28\">Outono<\/div><\/div>\n        <div class=\"clima-body-em28\">\n            <time class=\"clima-mes-em28\">Mar\u00e7o a maio<\/time><div class=\"clima-temp-em28\">10\u00b0C a 22\u00b0C<\/div>\n            <div class=\"clima-desc-em28\">O clima esfria e a umidade come\u00e7a a dar tr\u00e9gua. \u00c9 uma fase charmosa para aproveitar <strong>cachoeiras e gastronomia<\/strong>.<\/div>\n            <div class=\"clima-pill-em28\"><span>\u2601\ufe0f Chuva M\u00e9dia<\/span><\/div>\n        <\/div>\n    <\/div>\n    <div class=\"clima-card-em28 clima-destaque-em28\" tabindex=\"0\">\n        <div class=\"clima-header-em28\"><div class=\"clima-emoji-em28\" aria-hidden=\"true\">\ud83e\uddc0<\/div><div class=\"clima-titulo-em28\">Inverno<\/div><\/div>\n        <div class=\"clima-body-em28\">\n            <time class=\"clima-mes-em28\">Junho a agosto<\/time><div class=\"clima-temp-em28\">2\u00b0C a 18\u00b0C<\/div>\n            <div class=\"clima-desc-em28\">O frio forte garante visual de serra europeia em Minas. \u00c9 a temporada mais disputada, perfeita para <strong>geadas, fondue e lareira<\/strong>.<\/div>\n            <div class=\"clima-pill-em28\"><span>\u2b50 Melhor \u00c9poca \/ Frio e Seca<\/span><\/div>\n        <\/div>\n    <\/div>\n    <div class=\"clima-card-em28\" tabindex=\"0\">\n        <div class=\"clima-header-em28\"><div class=\"clima-emoji-em28\" aria-hidden=\"true\">\ud83c\udfce\ufe0f<\/div><div class=\"clima-titulo-em28\">Primavera<\/div><\/div>\n        <div class=\"clima-body-em28\">\n            <time class=\"clima-mes-em28\">Setembro a novembro<\/time><div class=\"clima-temp-em28\">8\u00b0C a 22\u00b0C<\/div>\n            <div class=\"clima-desc-em28\">A natureza renova as montanhas enquanto as chuvas come\u00e7am a voltar. \u00c9 uma \u00e9poca tranquila para ver <strong>floradas e alugar um quadriciclo<\/strong>.<\/div>\n            <div class=\"clima-pill-em28\"><span>\u2601\ufe0f Chuva M\u00e9dia<\/span><\/div>\n        <\/div>\n    <\/div>\n<\/div>\n\n\n\n<p class=\"wp-block-paragraph\"><em>Temperaturas aproximadas com base no <a href=\"https:\/\/www.climatempo.com.br\/previsao-do-tempo\/cidade\/2586\/monteverde-mg\" target=\"_blank\" rel=\"noreferrer noopener\"><strong>Climatempo<\/strong><\/a>. Condi\u00e7\u00f5es podem variar.<\/em><\/p>\n\n\n\n<h2 class=\"wp-block-heading\">Qual \u00e9 o caminho para chegar a Monte Verde saindo de S\u00e3o Paulo?<\/h2>\n\n\n\n<p class=\"wp-block-paragraph\">Para chegar a Monte Verde partindo de S\u00e3o Paulo, a rota mais usada segue pela <strong>Rodovia Fern\u00e3o Dias (BR-381)<\/strong>, no sentido <strong>Belo Horizonte<\/strong>. O trajeto desde a capital paulista tem aproximadamente 166 km e costuma levar cerca de duas horas e meia de carro.<\/p>\n\n\n\n<p class=\"wp-block-paragraph\">Depois de cruzar a divisa com Minas Gerais, o motorista deve seguir at\u00e9 Camanducaia e percorrer os \u00faltimos 30 km por uma estrada de serra sinuosa e totalmente asfaltada. Como o distrito n\u00e3o possui aeroporto comercial, quem chega de avi\u00e3o desembarca em Guarulhos ou Campinas e completa o percurso de carro at\u00e9 a Mantiqueira.<\/p>\n\n\n\n<iframe src=\"https:\/\/www.google.com\/maps\/embed?pb=!1m28!1m12!1m3!1d1902092.0985877847!2d-46.369057626593886!3d-21.38897420406881!2m3!1f0!2f0!3f0!3m2!1i1024!2i768!4f13.1!4m13!3e0!4m5!1s0xa690cacacf2c33%3A0x5b35795e3ad23997!2sBelo%20Horizonte%2C%20MG!3m2!1d-19.919052!2d-43.9386685!4m5!1s0x94cc103f1694fca5%3A0xef5416e893de18e0!2sMonte%20Verde%2C%20Camanducaia%20-%20MG%2C%2037650-000!3m2!1d-22.863239099999998!2d-46.0386081!5e0!3m2!1spt-BR!2sbr!4v1776027361784!5m2!1spt-BR!2sbr\" width=\"800\" height=\"600\" style=\"border:0;\" allowfullscreen=\"\" loading=\"lazy\" referrerpolicy=\"no-referrer-when-downgrade\"><\/iframe>\n\n\n\n<p class=\"wp-block-paragraph\"><strong><strong>Leia tamb\u00e9m: <a href=\"https:\/\/www.em.com.br\/emalta\/2026\/08\/31\/esta-entre-as-10-maiores-economias-de-minas-gerais-e-produz-quase-9-em-cada-10-morangos-do-estado-a-cidade-da-fernao-dias-que-virou-destino-de-multinacionais\/\" target=\"_blank\" rel=\"noreferrer noopener\">Est\u00e1 entre as 10 maiores economias de Minas Gerais e produz quase 9 em cada 10 morangos do estado: a cidade da Fern\u00e3o Dias que virou destino de multinacionais<\/a><\/strong><\/strong><\/p>\n\n\n\n<h2 class=\"wp-block-heading\">O que faz Monte Verde lembrar um peda\u00e7o da Europa em Minas?<\/h2>\n\n\n\n<p class=\"wp-block-paragraph\">Monte Verde lembra um peda\u00e7o da Europa em Minas porque combina frio forte, arquitetura charmosa, lareiras, fondue, geadas e pousadas acolhedoras em uma serra que muda a imagem tradicional do inverno brasileiro. A mistura de altitude, neblina, arauc\u00e1rias e gastronomia de montanha cria uma experi\u00eancia dif\u00edcil de encontrar em outros destinos do pa\u00eds.<\/p>\n\n\n\n<p class=\"wp-block-paragraph\">O mais interessante \u00e9 que Monte Verde n\u00e3o precisa tentar parecer europeia: o clima, a paisagem e o ritmo do vilarejo criam essa sensa\u00e7\u00e3o naturalmente. Quem sobe a serra logo cedo e encontra grama congelada, cheiro de pinh\u00e3o, chocolate quente e lareira acesa entende por que esse pequeno distrito mineiro virou um dos ref\u00fagios mais procurados do Brasil para quem quer sentir o inverno sem sair do pa\u00eds.<\/p>\n","protected":false},"excerpt":{"rendered":"<p>Entre arauc\u00e1rias, geada e neblina de serra, Monte Verde se tornou um dos lugares de Minas Gerais que mais lembram um vilarejo europeu. Distrito de Camanducaia, na Serra da Mantiqueira, o destino est\u00e1 a 1.554 metros de altitude e a apenas 166 km de S\u00e3o Paulo. Com frio intenso, pousadas charmosas, fondue, trilhas e clima [&hellip;]<\/p>\n","protected":false},"author":30,"featured_media":268912,"comment_status":"closed","ping_status":"closed","sticky":false,"template":"","format":"standard","meta":{"jnews-multi-image_gallery":[],"jnews_single_post":{"format":"standard"},"jnews_primary_category":[],"jnews_social_meta":[],"jnews_override_counter":[],"footnotes":""},"categories":[26],"tags":[11179,207,1127],"class_list":["post-268864","post","type-post","status-publish","format-standard","has-post-thumbnail","hentry","category-cidades","tag-cidade-2","tag-minas-gerais","tag-monte-verde"],"yoast_head":"<!-- This site is optimized with the Yoast SEO plugin v28.3 - https:\/\/yoast.com\/product\/yoast-seo-wordpress\/ -->\n<title>Vilarejo mineiro com clima europeu encanta a 1.554 metros de altitude e j\u00e1 marcou -4,5 \u00b0C - Estado de Minas - Em Alta<\/title>\n<meta name=\"description\" content=\"Com altitude elevada e temperaturas que j\u00e1 ficaram abaixo de zero, este vilarejo mineiro chama aten\u00e7\u00e3o pelo frio e pelo cen\u00e1rio serrano.\" \/>\n<meta name=\"robots\" content=\"index, follow, max-snippet:-1, max-image-preview:large, max-video-preview:-1\" \/>\n<link rel=\"canonical\" href=\"https:\/\/www.em.com.br\/emalta\/2026\/09\/01\/vilarejo-mineiro-com-clima-europeu-encanta-a-1-554-metros-de-altitude-e-ja-marcou-45-c\/\" \/>\n<meta property=\"og:locale\" content=\"pt_BR\" \/>\n<meta property=\"og:type\" content=\"article\" \/>\n<meta property=\"og:title\" content=\"Vilarejo mineiro com clima europeu encanta a 1.554 metros de altitude e j\u00e1 marcou -4,5 \u00b0C - Estado de Minas - Em Alta\" \/>\n<meta property=\"og:description\" content=\"Com altitude elevada e temperaturas que j\u00e1 ficaram abaixo de zero, este vilarejo mineiro chama aten\u00e7\u00e3o pelo frio e pelo cen\u00e1rio serrano.\" \/>\n<meta property=\"og:url\" content=\"https:\/\/www.em.com.br\/emalta\/2026\/09\/01\/vilarejo-mineiro-com-clima-europeu-encanta-a-1-554-metros-de-altitude-e-ja-marcou-45-c\/\" \/>\n<meta property=\"og:site_name\" content=\"Estado de Minas - Em Alta\" \/>\n<meta property=\"article:published_time\" content=\"2026-09-01T23:37:00+00:00\" \/>\n<meta property=\"og:image\" content=\"https:\/\/www.em.com.br\/emalta\/wp-content\/uploads\/2026\/09\/image-2.png\" \/>\n\t<meta property=\"og:image:width\" content=\"1280\" \/>\n\t<meta property=\"og:image:height\" content=\"720\" \/>\n\t<meta property=\"og:image:type\" content=\"image\/png\" \/>\n<meta name=\"author\" content=\"Guilherme Ara\u00fajo\" \/>\n<meta name=\"twitter:card\" content=\"summary_large_image\" \/>\n<meta name=\"twitter:label1\" content=\"Escrito por\" \/>\n\t<meta name=\"twitter:data1\" content=\"Guilherme Ara\u00fajo\" \/>\n\t<meta name=\"twitter:label2\" content=\"Est. tempo de leitura\" \/>\n\t<meta name=\"twitter:data2\" content=\"8 minutos\" \/>\n<!-- \/ Yoast SEO plugin. -->","yoast_head_json":{"title":"Vilarejo mineiro com clima europeu encanta a 1.554 metros de altitude e j\u00e1 marcou -4,5 \u00b0C - Estado de Minas - Em Alta","description":"Com altitude elevada e temperaturas que j\u00e1 ficaram abaixo de zero, este vilarejo mineiro chama aten\u00e7\u00e3o pelo frio e pelo cen\u00e1rio serrano.","robots":{"index":"index","follow":"follow","max-snippet":"max-snippet:-1","max-image-preview":"max-image-preview:large","max-video-preview":"max-video-preview:-1"},"canonical":"https:\/\/www.em.com.br\/emalta\/2026\/09\/01\/vilarejo-mineiro-com-clima-europeu-encanta-a-1-554-metros-de-altitude-e-ja-marcou-45-c\/","og_locale":"pt_BR","og_type":"article","og_title":"Vilarejo mineiro com clima europeu encanta a 1.554 metros de altitude e j\u00e1 marcou -4,5 \u00b0C - Estado de Minas - Em Alta","og_description":"Com altitude elevada e temperaturas que j\u00e1 ficaram abaixo de zero, este vilarejo mineiro chama aten\u00e7\u00e3o pelo frio e pelo cen\u00e1rio serrano.","og_url":"https:\/\/www.em.com.br\/emalta\/2026\/09\/01\/vilarejo-mineiro-com-clima-europeu-encanta-a-1-554-metros-de-altitude-e-ja-marcou-45-c\/","og_site_name":"Estado de Minas - Em Alta","article_published_time":"2026-09-01T23:37:00+00:00","og_image":[{"width":1280,"height":720,"url":"https:\/\/www.em.com.br\/emalta\/wp-content\/uploads\/2026\/09\/image-2.png","type":"image\/png"}],"author":"Guilherme Ara\u00fajo","twitter_card":"summary_large_image","twitter_misc":{"Escrito por":"Guilherme Ara\u00fajo","Est. tempo de leitura":"8 minutos"},"schema":{"@context":"https:\/\/schema.org","@graph":[{"@type":"Article","@id":"https:\/\/www.em.com.br\/emalta\/2026\/09\/01\/vilarejo-mineiro-com-clima-europeu-encanta-a-1-554-metros-de-altitude-e-ja-marcou-45-c\/#article","isPartOf":{"@id":"https:\/\/www.em.com.br\/emalta\/2026\/09\/01\/vilarejo-mineiro-com-clima-europeu-encanta-a-1-554-metros-de-altitude-e-ja-marcou-45-c\/"},"author":{"name":"Guilherme Ara\u00fajo","@id":"https:\/\/www.em.com.br\/emalta\/#\/schema\/person\/a8c27556910de924e3004c2fd747ec3a"},"headline":"Vilarejo mineiro com clima europeu encanta a 1.554 metros de altitude e j\u00e1 marcou -4,5 \u00b0C","datePublished":"2026-09-01T23:37:00+00:00","mainEntityOfPage":{"@id":"https:\/\/www.em.com.br\/emalta\/2026\/09\/01\/vilarejo-mineiro-com-clima-europeu-encanta-a-1-554-metros-de-altitude-e-ja-marcou-45-c\/"},"wordCount":1289,"image":{"@id":"https:\/\/www.em.com.br\/emalta\/2026\/09\/01\/vilarejo-mineiro-com-clima-europeu-encanta-a-1-554-metros-de-altitude-e-ja-marcou-45-c\/#primaryimage"},"thumbnailUrl":"https:\/\/www.em.com.br\/emalta\/wp-content\/uploads\/2026\/09\/image-2.png","keywords":["Cidade","Minas Gerais","monte verde"],"articleSection":["Cidades"],"inLanguage":"pt-BR"},{"@type":"WebPage","@id":"https:\/\/www.em.com.br\/emalta\/2026\/09\/01\/vilarejo-mineiro-com-clima-europeu-encanta-a-1-554-metros-de-altitude-e-ja-marcou-45-c\/","url":"https:\/\/www.em.com.br\/emalta\/2026\/09\/01\/vilarejo-mineiro-com-clima-europeu-encanta-a-1-554-metros-de-altitude-e-ja-marcou-45-c\/","name":"Vilarejo mineiro com clima europeu encanta a 1.554 metros de altitude e j\u00e1 marcou -4,5 \u00b0C - Estado de Minas - Em Alta","isPartOf":{"@id":"https:\/\/www.em.com.br\/emalta\/#website"},"primaryImageOfPage":{"@id":"https:\/\/www.em.com.br\/emalta\/2026\/09\/01\/vilarejo-mineiro-com-clima-europeu-encanta-a-1-554-metros-de-altitude-e-ja-marcou-45-c\/#primaryimage"},"image":{"@id":"https:\/\/www.em.com.br\/emalta\/2026\/09\/01\/vilarejo-mineiro-com-clima-europeu-encanta-a-1-554-metros-de-altitude-e-ja-marcou-45-c\/#primaryimage"},"thumbnailUrl":"https:\/\/www.em.com.br\/emalta\/wp-content\/uploads\/2026\/09\/image-2.png","datePublished":"2026-09-01T23:37:00+00:00","author":{"@id":"https:\/\/www.em.com.br\/emalta\/#\/schema\/person\/a8c27556910de924e3004c2fd747ec3a"},"description":"Com altitude elevada e temperaturas que j\u00e1 ficaram abaixo de zero, este vilarejo mineiro chama aten\u00e7\u00e3o pelo frio e pelo cen\u00e1rio serrano.","breadcrumb":{"@id":"https:\/\/www.em.com.br\/emalta\/2026\/09\/01\/vilarejo-mineiro-com-clima-europeu-encanta-a-1-554-metros-de-altitude-e-ja-marcou-45-c\/#breadcrumb"},"inLanguage":"pt-BR","potentialAction":[{"@type":"ReadAction","target":["https:\/\/www.em.com.br\/emalta\/2026\/09\/01\/vilarejo-mineiro-com-clima-europeu-encanta-a-1-554-metros-de-altitude-e-ja-marcou-45-c\/"]}]},{"@type":"ImageObject","inLanguage":"pt-BR","@id":"https:\/\/www.em.com.br\/emalta\/2026\/09\/01\/vilarejo-mineiro-com-clima-europeu-encanta-a-1-554-metros-de-altitude-e-ja-marcou-45-c\/#primaryimage","url":"https:\/\/www.em.com.br\/emalta\/wp-content\/uploads\/2026\/09\/image-2.png","contentUrl":"https:\/\/www.em.com.br\/emalta\/wp-content\/uploads\/2026\/09\/image-2.png","width":1280,"height":720,"caption":"O frio intenso se tornou uma das caracter\u00edsticas mais conhecidas desse pequeno destino serrano (imagem ilustrativa)"},{"@type":"BreadcrumbList","@id":"https:\/\/www.em.com.br\/emalta\/2026\/09\/01\/vilarejo-mineiro-com-clima-europeu-encanta-a-1-554-metros-de-altitude-e-ja-marcou-45-c\/#breadcrumb","itemListElement":[{"@type":"ListItem","position":1,"name":"In\u00edcio","item":"https:\/\/www.em.com.br\/emalta\/"},{"@type":"ListItem","position":2,"name":"Vilarejo mineiro com clima europeu encanta a 1.554 metros de altitude e j\u00e1 marcou -4,5 \u00b0C"}]},{"@type":"WebSite","@id":"https:\/\/www.em.com.br\/emalta\/#website","url":"https:\/\/www.em.com.br\/emalta\/","name":"Estado de Minas - Em Alta","description":"Acompanhe as \u00faltimas not\u00edcias e fique bem informado sobre tudo o que acontece em Minas Gerais, Brasil e no mundo.","potentialAction":[{"@type":"SearchAction","target":{"@type":"EntryPoint","urlTemplate":"https:\/\/www.em.com.br\/emalta\/?s={search_term_string}"},"query-input":{"@type":"PropertyValueSpecification","valueRequired":true,"valueName":"search_term_string"}}],"inLanguage":"pt-BR"},{"@type":"Person","@id":"https:\/\/www.em.com.br\/emalta\/#\/schema\/person\/a8c27556910de924e3004c2fd747ec3a","name":"Guilherme Ara\u00fajo","image":{"@type":"ImageObject","inLanguage":"pt-BR","@id":"https:\/\/secure.gravatar.com\/avatar\/063bc96e5a2afd1844386c45bd1360efc771eff011a9fab8cd399e2a104c3ecd?s=96&d=mm&r=g","url":"https:\/\/secure.gravatar.com\/avatar\/063bc96e5a2afd1844386c45bd1360efc771eff011a9fab8cd399e2a104c3ecd?s=96&d=mm&r=g","contentUrl":"https:\/\/secure.gravatar.com\/avatar\/063bc96e5a2afd1844386c45bd1360efc771eff011a9fab8cd399e2a104c3ecd?s=96&d=mm&r=g","caption":"Guilherme Ara\u00fajo"},"sameAs":["https:\/\/www.em.com.br\/emalta"],"url":"https:\/\/www.em.com.br\/emalta\/author\/guilhermeamyth\/"}]}},"_links":{"self":[{"href":"https:\/\/www.em.com.br\/emalta\/wp-json\/wp\/v2\/posts\/268864","targetHints":{"allow":["GET"]}}],"collection":[{"href":"https:\/\/www.em.com.br\/emalta\/wp-json\/wp\/v2\/posts"}],"about":[{"href":"https:\/\/www.em.com.br\/emalta\/wp-json\/wp\/v2\/types\/post"}],"author":[{"embeddable":true,"href":"https:\/\/www.em.com.br\/emalta\/wp-json\/wp\/v2\/users\/30"}],"replies":[{"embeddable":true,"href":"https:\/\/www.em.com.br\/emalta\/wp-json\/wp\/v2\/comments?post=268864"}],"version-history":[{"count":5,"href":"https:\/\/www.em.com.br\/emalta\/wp-json\/wp\/v2\/posts\/268864\/revisions"}],"predecessor-version":[{"id":268917,"href":"https:\/\/www.em.com.br\/emalta\/wp-json\/wp\/v2\/posts\/268864\/revisions\/268917"}],"wp:featuredmedia":[{"embeddable":true,"href":"https:\/\/www.em.com.br\/emalta\/wp-json\/wp\/v2\/media\/268912"}],"wp:attachment":[{"href":"https:\/\/www.em.com.br\/emalta\/wp-json\/wp\/v2\/media?parent=268864"}],"wp:term":[{"taxonomy":"category","embeddable":true,"href":"https:\/\/www.em.com.br\/emalta\/wp-json\/wp\/v2\/categories?post=268864"},{"taxonomy":"post_tag","embeddable":true,"href":"https:\/\/www.em.com.br\/emalta\/wp-json\/wp\/v2\/tags?post=268864"}],"curies":[{"name":"wp","href":"https:\/\/api.w.org\/{rel}","templated":true}]}}