{"id":268863,"date":"2026-09-01T16:37:00","date_gmt":"2026-09-01T19:37:00","guid":{"rendered":"https:\/\/www.em.com.br\/emalta\/?p=268863"},"modified":"2026-08-31T20:51:14","modified_gmt":"2026-08-31T23:51:14","slug":"a-princesa-do-norte-de-minas-reune-tres-universidades-e-recebe-mais-de-100-cidades-em-saude-sem-perder-a-calma-do-interior","status":"publish","type":"post","link":"https:\/\/www.em.com.br\/emalta\/2026\/09\/01\/a-princesa-do-norte-de-minas-reune-tres-universidades-e-recebe-mais-de-100-cidades-em-saude-sem-perder-a-calma-do-interior\/","title":{"rendered":"A Princesa do Norte de Minas re\u00fane tr\u00eas universidades e recebe mais de 100 cidades em sa\u00fade sem perder a calma do interior"},"content":{"rendered":"\n<p class=\"wp-block-paragraph\">No norte de <strong>Minas Gerais<\/strong>, <strong>Montes Claros<\/strong> vai muito al\u00e9m de ser uma cidade grande do interior: funciona como o principal centro de uma regi\u00e3o inteira. Conhecida como Princesa do Norte, concentra universidades, hospitais, com\u00e9rcio forte e servi\u00e7os que atendem dezenas de munic\u00edpios, sem perder um ritmo mais tranquilo e um custo de vida menor que o das capitais. Essa combina\u00e7\u00e3o tem levado cada vez mais pessoas a considerar a cidade para estudar, trabalhar, criar a fam\u00edlia e viver melhor.<\/p>\n\n\n\n<h2 class=\"wp-block-heading\">Como Montes Claros se tornou o principal polo universit\u00e1rio do norte de Minas?<\/h2>\n\n\n\n<p class=\"wp-block-paragraph\">Montes Claros se consolidou como polo universit\u00e1rio por reunir institui\u00e7\u00f5es importantes que movimentam a economia e atraem estudantes de toda a regi\u00e3o. O munic\u00edpio abriga a sede da <strong>Universidade Estadual de Montes Claros (Unimontes)<\/strong>, um campus da <strong>Universidade Federal de Minas Gerais (UFMG)<\/strong> e o <strong>Instituto Federal do Norte de Minas Gerais (IFNMG)<\/strong>, conforme o <a href=\"https:\/\/portal.montesclaros.mg.gov.br\/cidade\/aspectos-gerais\" target=\"_blank\" rel=\"noreferrer noopener\"><strong>Portal da Prefeitura de Montes Claros<\/strong><\/a>.<\/p>\n\n\n\n<p class=\"wp-block-paragraph\">A Unimontes, criada em 1962, j\u00e1 completou seis d\u00e9cadas de ensino superior no norte mineiro e recebe estudantes de dezenas de munic\u00edpios, segundo a <a href=\"https:\/\/www.agenciaminas.mg.gov.br\/noticia\/unimontes-chega-aos-60-anos-comprometida-com-o-desenvolvimento-regional-e-a-melhoria-da-qualidade-de-vida\" target=\"_blank\" rel=\"noreferrer noopener\"><strong>Ag\u00eancia Minas<\/strong><\/a>, do governo estadual. Esse ambiente acad\u00eamico ajuda a formar profissionais, movimenta a economia e mant\u00e9m uma vida cultural ativa, enquanto a escolariza\u00e7\u00e3o chega a 99% entre crian\u00e7as de 6 a 14 anos.<\/p>\n\n\n<div class=\"wp-block-image\">\n<figure class=\"aligncenter size-large\"><img decoding=\"async\" src=\"https:\/\/www.em.com.br\/emfoco\/wp-content\/uploads\/2026\/06\/Montes-Claros-1024x576.jpg\" alt=\"\" class=\"wp-image-224572\"\/><figcaption class=\"wp-element-caption\">Ensino superior e atendimento em sa\u00fade ajudam a movimentar a rotina de toda a regi\u00e3o &#8211; Cr\u00e9ditos: Wikimedia Commons<\/figcaption><\/figure>\n<\/div>\n\n\n<h2 class=\"wp-block-heading\">O que faz Montes Claros atrair fam\u00edlias em busca de sa\u00fade e tranquilidade?<\/h2>\n\n\n\n<p class=\"wp-block-paragraph\">Montes Claros chama aten\u00e7\u00e3o de fam\u00edlias porque re\u00fane estrutura de cidade grande com uma rotina mais tranquila de interior. O munic\u00edpio \u00e9 refer\u00eancia em sa\u00fade para todo o norte de Minas, com ampla rede hospitalar, hospital universit\u00e1rio e atendimento especializado em oncologia que recebe pacientes de mais de uma centena de cidades, segundo a Prefeitura.<\/p>\n\n\n\n<p class=\"wp-block-paragraph\">Essa import\u00e2ncia regional convive com uma rotina mais acolhedora e um custo de vida abaixo do encontrado nas capitais, refor\u00e7ando a cidade como op\u00e7\u00e3o para quem procura estabilidade. O \u00edndice de desenvolvimento humano \u00e9 considerado alto, pr\u00f3ximo de 0,77, resultado ligado a avan\u00e7os em sa\u00fade, educa\u00e7\u00e3o e saneamento. A poucos minutos da \u00e1rea urbana, o <a href=\"https:\/\/www.ief.mg.gov.br\/lapa-grande\" target=\"_blank\" rel=\"noreferrer noopener\"><strong>Parque Estadual da Lapa Grande<\/strong><\/a>, com mais de 15 mil hectares de cerrado e cavernas, oferece contato f\u00e1cil com a natureza.<\/p>\n\n\n\n<p class=\"wp-block-paragraph\">Quem quer conhecer os detalhes urbanos e algumas das principais paisagens naturais do norte mineiro pode acompanhar este v\u00eddeo selecionado do canal <strong>DEVA NO AR<\/strong>, com mais de <strong>61 mil<\/strong> visualiza\u00e7\u00f5es. Nele, o apresentador visita o mercado municipal, pra\u00e7as e as cavernas do <strong>Parque Estadual da Lapa Grande<\/strong>, em <strong>Montes Claros &#8211; MG<\/strong>:<\/p>\n\n\n\n<figure class=\"wp-block-embed is-type-video is-provider-youtube wp-block-embed-youtube wp-embed-aspect-16-9 wp-has-aspect-ratio\"><div class=\"wp-block-embed__wrapper\">\n<div class=\"jeg_video_container jeg_video_content\"><iframe loading=\"lazy\" title=\"MONTES CLAROS MG - Encontrei as CAVERNAS MAIS INCR\u00cdVEIS de MINAS GERAIS!\" width=\"500\" height=\"281\" src=\"https:\/\/www.youtube.com\/embed\/9zgA9iwaz1U?feature=oembed\" frameborder=\"0\" allow=\"accelerometer; autoplay; clipboard-write; encrypted-media; gyroscope; picture-in-picture; web-share\" referrerpolicy=\"strict-origin-when-cross-origin\" allowfullscreen><\/iframe><\/div>\n<\/div><\/figure>\n\n\n\n<h2 class=\"wp-block-heading\">Onde est\u00e1 Montes Claros e o que torna sua localiza\u00e7\u00e3o t\u00e3o importante?<\/h2>\n\n\n\n<p class=\"wp-block-paragraph\">Montes Claros est\u00e1 no norte de Minas Gerais, a cerca de 422 km de <strong>Belo Horizonte<\/strong>, em uma posi\u00e7\u00e3o importante entre o Sudeste e o Nordeste. A cidade ocupa o cora\u00e7\u00e3o do sert\u00e3o mineiro, entre \u00e1reas de cerrado e a Serra do Espinha\u00e7o, localiza\u00e7\u00e3o que ajudou a fortalecer seu papel como grande ponto de conex\u00e3o regional.<\/p>\n\n\n\n<p class=\"wp-block-paragraph\">O munic\u00edpio \u00e9 atravessado por quatro rodovias federais, as BRs 135, 251, 365 e 122, e conta com o <strong>Aeroporto M\u00e1rio Ribeiro<\/strong>, que oferece voos regulares para Belo Horizonte e S\u00e3o Paulo. Essa rede de acessos refor\u00e7a Montes Claros como polo de com\u00e9rcio, sa\u00fade, educa\u00e7\u00e3o e servi\u00e7os para mais de cem munic\u00edpios do norte mineiro.<\/p>\n\n\n\n<iframe src=\"https:\/\/www.google.com\/maps\/embed?pb=!1m18!1m12!1m3!1d795426.048037907!2d-43.99540595393008!3d-16.755256639388257!2m3!1f0!2f0!3f0!3m2!1i1024!2i768!4f13.1!3m3!1m2!1s0xab54b430dce6f5%3A0x231bf948b0041bbb!2sMontes%20Claros%2C%20MG!5e1!3m2!1spt-BR!2sbr!4v1780647973172!5m2!1spt-BR!2sbr\" width=\"600\" height=\"450\" style=\"border:0;\" allowfullscreen=\"\" loading=\"lazy\" referrerpolicy=\"no-referrer-when-downgrade\"><\/iframe>\n\n\n\n<p class=\"wp-block-paragraph\"><strong>Leia tamb\u00e9m: <a href=\"https:\/\/www.em.com.br\/emalta\/2026\/08\/31\/esta-entre-as-10-maiores-economias-de-minas-gerais-e-produz-quase-9-em-cada-10-morangos-do-estado-a-cidade-da-fernao-dias-que-virou-destino-de-multinacionais\/\" target=\"_blank\" rel=\"noreferrer noopener\">Est\u00e1 entre as 10 maiores economias de Minas Gerais e produz quase 9 em cada 10 morangos do estado: a cidade da Fern\u00e3o Dias que virou destino de multinacionais<\/a><\/strong><\/p>\n\n\n\n<h2 class=\"wp-block-heading\">Morar na Princesa do Norte realmente vale a pena?<\/h2>\n\n\n\n<p class=\"wp-block-paragraph\">Viver na Princesa do Norte pode valer a pena para quem procura boa estrutura sem abrir m\u00e3o de uma rotina mais tranquila. Montes Claros re\u00fane universidades importantes, sa\u00fade de refer\u00eancia, com\u00e9rcio forte, natureza pr\u00f3xima e um cotidiano menos sufocante que o encontrado nas grandes capitais.<\/p>\n\n\n\n<p class=\"wp-block-paragraph\">O grande diferencial de Montes Claros est\u00e1 justamente nessa combina\u00e7\u00e3o dif\u00edcil de encontrar: a cidade tem import\u00e2ncia de metr\u00f3pole regional, mas ainda mant\u00e9m caracter\u00edsticas de uma cidade mineira do interior. Para quem quer fugir de tr\u00e2nsito pesado, aluguel caro e correria constante, a Princesa do Norte aparece como uma alternativa com mais espa\u00e7o, servi\u00e7os por perto e menos caos na rotina.<\/p>\n","protected":false},"excerpt":{"rendered":"<p>No norte de Minas Gerais, Montes Claros vai muito al\u00e9m de ser uma cidade grande do interior: funciona como o principal centro de uma regi\u00e3o inteira. Conhecida como Princesa do Norte, concentra universidades, hospitais, com\u00e9rcio forte e servi\u00e7os que atendem dezenas de munic\u00edpios, sem perder um ritmo mais tranquilo e um custo de vida menor [&hellip;]<\/p>\n","protected":false},"author":30,"featured_media":268911,"comment_status":"closed","ping_status":"closed","sticky":false,"template":"","format":"standard","meta":{"jnews-multi-image_gallery":[],"jnews_single_post":{"format":"standard"},"jnews_primary_category":[],"jnews_social_meta":[],"jnews_override_counter":[],"footnotes":""},"categories":[26],"tags":[11179,207,3485],"class_list":["post-268863","post","type-post","status-publish","format-standard","has-post-thumbnail","hentry","category-cidades","tag-cidade-2","tag-minas-gerais","tag-montes-claros"],"yoast_head":"<!-- This site is optimized with the Yoast SEO plugin v28.3 - https:\/\/yoast.com\/product\/yoast-seo-wordpress\/ -->\n<title>A Princesa do Norte de Minas re\u00fane tr\u00eas universidades e recebe mais de 100 cidades em sa\u00fade sem perder a calma do interior - Estado de Minas - Em Alta<\/title>\n<meta name=\"description\" content=\"Entre vida universit\u00e1ria, atendimento em sa\u00fade e rotina tranquila, esta cidade mostra como crescer sem perder o perfil t\u00edpico do interior.\" \/>\n<meta name=\"robots\" content=\"index, follow, max-snippet:-1, max-image-preview:large, max-video-preview:-1\" \/>\n<link rel=\"canonical\" href=\"https:\/\/www.em.com.br\/emalta\/2026\/09\/01\/a-princesa-do-norte-de-minas-reune-tres-universidades-e-recebe-mais-de-100-cidades-em-saude-sem-perder-a-calma-do-interior\/\" \/>\n<meta property=\"og:locale\" content=\"pt_BR\" \/>\n<meta property=\"og:type\" content=\"article\" \/>\n<meta property=\"og:title\" content=\"A Princesa do Norte de Minas re\u00fane tr\u00eas universidades e recebe mais de 100 cidades em sa\u00fade sem perder a calma do interior - Estado de Minas - Em Alta\" \/>\n<meta property=\"og:description\" content=\"Entre vida universit\u00e1ria, atendimento em sa\u00fade e rotina tranquila, esta cidade mostra como crescer sem perder o perfil t\u00edpico do interior.\" \/>\n<meta property=\"og:url\" content=\"https:\/\/www.em.com.br\/emalta\/2026\/09\/01\/a-princesa-do-norte-de-minas-reune-tres-universidades-e-recebe-mais-de-100-cidades-em-saude-sem-perder-a-calma-do-interior\/\" \/>\n<meta property=\"og:site_name\" content=\"Estado de Minas - Em Alta\" \/>\n<meta property=\"article:published_time\" content=\"2026-09-01T19:37:00+00:00\" \/>\n<meta property=\"og:image\" content=\"https:\/\/www.em.com.br\/emalta\/wp-content\/uploads\/2026\/09\/image-1.png\" \/>\n\t<meta property=\"og:image:width\" content=\"1280\" \/>\n\t<meta property=\"og:image:height\" content=\"720\" \/>\n\t<meta property=\"og:image:type\" content=\"image\/png\" \/>\n<meta name=\"author\" content=\"Guilherme Ara\u00fajo\" \/>\n<meta name=\"twitter:card\" content=\"summary_large_image\" \/>\n<meta name=\"twitter:label1\" content=\"Escrito por\" \/>\n\t<meta name=\"twitter:data1\" content=\"Guilherme Ara\u00fajo\" \/>\n\t<meta name=\"twitter:label2\" content=\"Est. tempo de leitura\" \/>\n\t<meta name=\"twitter:data2\" content=\"5 minutos\" \/>\n<!-- \/ Yoast SEO plugin. -->","yoast_head_json":{"title":"A Princesa do Norte de Minas re\u00fane tr\u00eas universidades e recebe mais de 100 cidades em sa\u00fade sem perder a calma do interior - Estado de Minas - Em Alta","description":"Entre vida universit\u00e1ria, atendimento em sa\u00fade e rotina tranquila, esta cidade mostra como crescer sem perder o perfil t\u00edpico do interior.","robots":{"index":"index","follow":"follow","max-snippet":"max-snippet:-1","max-image-preview":"max-image-preview:large","max-video-preview":"max-video-preview:-1"},"canonical":"https:\/\/www.em.com.br\/emalta\/2026\/09\/01\/a-princesa-do-norte-de-minas-reune-tres-universidades-e-recebe-mais-de-100-cidades-em-saude-sem-perder-a-calma-do-interior\/","og_locale":"pt_BR","og_type":"article","og_title":"A Princesa do Norte de Minas re\u00fane tr\u00eas universidades e recebe mais de 100 cidades em sa\u00fade sem perder a calma do interior - Estado de Minas - Em Alta","og_description":"Entre vida universit\u00e1ria, atendimento em sa\u00fade e rotina tranquila, esta cidade mostra como crescer sem perder o perfil t\u00edpico do interior.","og_url":"https:\/\/www.em.com.br\/emalta\/2026\/09\/01\/a-princesa-do-norte-de-minas-reune-tres-universidades-e-recebe-mais-de-100-cidades-em-saude-sem-perder-a-calma-do-interior\/","og_site_name":"Estado de Minas - Em Alta","article_published_time":"2026-09-01T19:37:00+00:00","og_image":[{"width":1280,"height":720,"url":"https:\/\/www.em.com.br\/emalta\/wp-content\/uploads\/2026\/09\/image-1.png","type":"image\/png"}],"author":"Guilherme Ara\u00fajo","twitter_card":"summary_large_image","twitter_misc":{"Escrito por":"Guilherme Ara\u00fajo","Est. tempo de leitura":"5 minutos"},"schema":{"@context":"https:\/\/schema.org","@graph":[{"@type":"Article","@id":"https:\/\/www.em.com.br\/emalta\/2026\/09\/01\/a-princesa-do-norte-de-minas-reune-tres-universidades-e-recebe-mais-de-100-cidades-em-saude-sem-perder-a-calma-do-interior\/#article","isPartOf":{"@id":"https:\/\/www.em.com.br\/emalta\/2026\/09\/01\/a-princesa-do-norte-de-minas-reune-tres-universidades-e-recebe-mais-de-100-cidades-em-saude-sem-perder-a-calma-do-interior\/"},"author":{"name":"Guilherme Ara\u00fajo","@id":"https:\/\/www.em.com.br\/emalta\/#\/schema\/person\/a8c27556910de924e3004c2fd747ec3a"},"headline":"A Princesa do Norte de Minas re\u00fane tr\u00eas universidades e recebe mais de 100 cidades em sa\u00fade sem perder a calma do interior","datePublished":"2026-09-01T19:37:00+00:00","mainEntityOfPage":{"@id":"https:\/\/www.em.com.br\/emalta\/2026\/09\/01\/a-princesa-do-norte-de-minas-reune-tres-universidades-e-recebe-mais-de-100-cidades-em-saude-sem-perder-a-calma-do-interior\/"},"wordCount":789,"image":{"@id":"https:\/\/www.em.com.br\/emalta\/2026\/09\/01\/a-princesa-do-norte-de-minas-reune-tres-universidades-e-recebe-mais-de-100-cidades-em-saude-sem-perder-a-calma-do-interior\/#primaryimage"},"thumbnailUrl":"https:\/\/www.em.com.br\/emalta\/wp-content\/uploads\/2026\/09\/image-1.png","keywords":["Cidade","Minas Gerais","montes claros"],"articleSection":["Cidades"],"inLanguage":"pt-BR"},{"@type":"WebPage","@id":"https:\/\/www.em.com.br\/emalta\/2026\/09\/01\/a-princesa-do-norte-de-minas-reune-tres-universidades-e-recebe-mais-de-100-cidades-em-saude-sem-perder-a-calma-do-interior\/","url":"https:\/\/www.em.com.br\/emalta\/2026\/09\/01\/a-princesa-do-norte-de-minas-reune-tres-universidades-e-recebe-mais-de-100-cidades-em-saude-sem-perder-a-calma-do-interior\/","name":"A Princesa do Norte de Minas re\u00fane tr\u00eas universidades e recebe mais de 100 cidades em sa\u00fade sem perder a calma do interior - Estado de Minas - Em Alta","isPartOf":{"@id":"https:\/\/www.em.com.br\/emalta\/#website"},"primaryImageOfPage":{"@id":"https:\/\/www.em.com.br\/emalta\/2026\/09\/01\/a-princesa-do-norte-de-minas-reune-tres-universidades-e-recebe-mais-de-100-cidades-em-saude-sem-perder-a-calma-do-interior\/#primaryimage"},"image":{"@id":"https:\/\/www.em.com.br\/emalta\/2026\/09\/01\/a-princesa-do-norte-de-minas-reune-tres-universidades-e-recebe-mais-de-100-cidades-em-saude-sem-perder-a-calma-do-interior\/#primaryimage"},"thumbnailUrl":"https:\/\/www.em.com.br\/emalta\/wp-content\/uploads\/2026\/09\/image-1.png","datePublished":"2026-09-01T19:37:00+00:00","author":{"@id":"https:\/\/www.em.com.br\/emalta\/#\/schema\/person\/a8c27556910de924e3004c2fd747ec3a"},"description":"Entre vida universit\u00e1ria, atendimento em sa\u00fade e rotina tranquila, esta cidade mostra como crescer sem perder o perfil t\u00edpico do interior.","breadcrumb":{"@id":"https:\/\/www.em.com.br\/emalta\/2026\/09\/01\/a-princesa-do-norte-de-minas-reune-tres-universidades-e-recebe-mais-de-100-cidades-em-saude-sem-perder-a-calma-do-interior\/#breadcrumb"},"inLanguage":"pt-BR","potentialAction":[{"@type":"ReadAction","target":["https:\/\/www.em.com.br\/emalta\/2026\/09\/01\/a-princesa-do-norte-de-minas-reune-tres-universidades-e-recebe-mais-de-100-cidades-em-saude-sem-perder-a-calma-do-interior\/"]}]},{"@type":"ImageObject","inLanguage":"pt-BR","@id":"https:\/\/www.em.com.br\/emalta\/2026\/09\/01\/a-princesa-do-norte-de-minas-reune-tres-universidades-e-recebe-mais-de-100-cidades-em-saude-sem-perder-a-calma-do-interior\/#primaryimage","url":"https:\/\/www.em.com.br\/emalta\/wp-content\/uploads\/2026\/09\/image-1.png","contentUrl":"https:\/\/www.em.com.br\/emalta\/wp-content\/uploads\/2026\/09\/image-1.png","width":1280,"height":720,"caption":"A cidade cresceu como polo regional sem abandonar caracter\u00edsticas comuns da vida no interior (imagem ilustrativa)"},{"@type":"BreadcrumbList","@id":"https:\/\/www.em.com.br\/emalta\/2026\/09\/01\/a-princesa-do-norte-de-minas-reune-tres-universidades-e-recebe-mais-de-100-cidades-em-saude-sem-perder-a-calma-do-interior\/#breadcrumb","itemListElement":[{"@type":"ListItem","position":1,"name":"In\u00edcio","item":"https:\/\/www.em.com.br\/emalta\/"},{"@type":"ListItem","position":2,"name":"A Princesa do Norte de Minas re\u00fane tr\u00eas universidades e recebe mais de 100 cidades em sa\u00fade sem perder a calma do interior"}]},{"@type":"WebSite","@id":"https:\/\/www.em.com.br\/emalta\/#website","url":"https:\/\/www.em.com.br\/emalta\/","name":"Estado de Minas - Em Alta","description":"Acompanhe as \u00faltimas not\u00edcias e fique bem informado sobre tudo o que acontece em Minas Gerais, Brasil e no mundo.","potentialAction":[{"@type":"SearchAction","target":{"@type":"EntryPoint","urlTemplate":"https:\/\/www.em.com.br\/emalta\/?s={search_term_string}"},"query-input":{"@type":"PropertyValueSpecification","valueRequired":true,"valueName":"search_term_string"}}],"inLanguage":"pt-BR"},{"@type":"Person","@id":"https:\/\/www.em.com.br\/emalta\/#\/schema\/person\/a8c27556910de924e3004c2fd747ec3a","name":"Guilherme Ara\u00fajo","image":{"@type":"ImageObject","inLanguage":"pt-BR","@id":"https:\/\/secure.gravatar.com\/avatar\/063bc96e5a2afd1844386c45bd1360efc771eff011a9fab8cd399e2a104c3ecd?s=96&d=mm&r=g","url":"https:\/\/secure.gravatar.com\/avatar\/063bc96e5a2afd1844386c45bd1360efc771eff011a9fab8cd399e2a104c3ecd?s=96&d=mm&r=g","contentUrl":"https:\/\/secure.gravatar.com\/avatar\/063bc96e5a2afd1844386c45bd1360efc771eff011a9fab8cd399e2a104c3ecd?s=96&d=mm&r=g","caption":"Guilherme Ara\u00fajo"},"sameAs":["https:\/\/www.em.com.br\/emalta"],"url":"https:\/\/www.em.com.br\/emalta\/author\/guilhermeamyth\/"}]}},"_links":{"self":[{"href":"https:\/\/www.em.com.br\/emalta\/wp-json\/wp\/v2\/posts\/268863","targetHints":{"allow":["GET"]}}],"collection":[{"href":"https:\/\/www.em.com.br\/emalta\/wp-json\/wp\/v2\/posts"}],"about":[{"href":"https:\/\/www.em.com.br\/emalta\/wp-json\/wp\/v2\/types\/post"}],"author":[{"embeddable":true,"href":"https:\/\/www.em.com.br\/emalta\/wp-json\/wp\/v2\/users\/30"}],"replies":[{"embeddable":true,"href":"https:\/\/www.em.com.br\/emalta\/wp-json\/wp\/v2\/comments?post=268863"}],"version-history":[{"count":5,"href":"https:\/\/www.em.com.br\/emalta\/wp-json\/wp\/v2\/posts\/268863\/revisions"}],"predecessor-version":[{"id":268916,"href":"https:\/\/www.em.com.br\/emalta\/wp-json\/wp\/v2\/posts\/268863\/revisions\/268916"}],"wp:featuredmedia":[{"embeddable":true,"href":"https:\/\/www.em.com.br\/emalta\/wp-json\/wp\/v2\/media\/268911"}],"wp:attachment":[{"href":"https:\/\/www.em.com.br\/emalta\/wp-json\/wp\/v2\/media?parent=268863"}],"wp:term":[{"taxonomy":"category","embeddable":true,"href":"https:\/\/www.em.com.br\/emalta\/wp-json\/wp\/v2\/categories?post=268863"},{"taxonomy":"post_tag","embeddable":true,"href":"https:\/\/www.em.com.br\/emalta\/wp-json\/wp\/v2\/tags?post=268863"}],"curies":[{"name":"wp","href":"https:\/\/api.w.org\/{rel}","templated":true}]}}