{"id":268862,"date":"2026-09-01T14:07:00","date_gmt":"2026-09-01T17:07:00","guid":{"rendered":"https:\/\/www.em.com.br\/emalta\/?p=268862"},"modified":"2026-08-31T20:51:23","modified_gmt":"2026-08-31T23:51:23","slug":"o-mar-de-minas-a-280-km-de-belo-horizonte-guarda-canions-de-20-metros-e-a-maior-frota-de-embarcacoes-do-estado","status":"publish","type":"post","link":"https:\/\/www.em.com.br\/emalta\/2026\/09\/01\/o-mar-de-minas-a-280-km-de-belo-horizonte-guarda-canions-de-20-metros-e-a-maior-frota-de-embarcacoes-do-estado\/","title":{"rendered":"O Mar de Minas a 280 km de Belo Horizonte guarda c\u00e2nions de 20 metros e a maior frota de embarca\u00e7\u00f5es do estado"},"content":{"rendered":"\n<p class=\"wp-block-paragraph\">N\u00e3o tem praia, mas guarda um verdadeiro mar no interior de <strong>Minas Gerais<\/strong>. Em <strong>Capit\u00f3lio<\/strong>, no sudoeste do estado, o <strong>Lago de Furnas<\/strong> cria um enorme espelho d&#8217;\u00e1gua cercado por c\u00e2nions, cachoeiras e pared\u00f5es de pedra avermelhada. A paisagem \u00e9 t\u00e3o marcante que a cidade recebeu o apelido de Rainha dos Lagos e se tornou um dos destinos mais procurados por quem quer trocar o litoral por um \u201cmar\u201d de \u00e1gua doce.<\/p>\n\n\n\n<h2 class=\"wp-block-heading\">O que \u00e9 o Mar de Minas e por que tanta gente visita a regi\u00e3o?<\/h2>\n\n\n\n<p class=\"wp-block-paragraph\">Mar de Minas \u00e9 o apelido dado ao <strong>Lago de Furnas<\/strong>, o grande reservat\u00f3rio que ajudou a transformar Capit\u00f3lio em um dos cart\u00f5es-postais do interior mineiro. Segundo a <strong>Secretaria de Estado de Cultura e Turismo de Minas Gerais (Secult-MG)<\/strong>, o lago ocupa cerca de 1.440 km\u00b2 e alcan\u00e7a 34 munic\u00edpios.<\/p>\n\n\n\n<p class=\"wp-block-paragraph\">O tamanho do lago ajuda a explicar parte desse fasc\u00ednio. O reservat\u00f3rio come\u00e7ou a surgir em 1963, ap\u00f3s a constru\u00e7\u00e3o da <strong>Usina Hidrel\u00e9trica de Furnas<\/strong> no <strong>Rio Grande<\/strong>. Com a eleva\u00e7\u00e3o das \u00e1guas, antigos canais de quartzito foram preenchidos e formaram os c\u00e2nions que hoje recebem visitantes de v\u00e1rias regi\u00f5es do pa\u00eds.<\/p>\n\n\n\n<p class=\"wp-block-paragraph\">O <a href=\"https:\/\/www.minasgerais.com.br\/pt\/roteiros\/capitolio-0\" target=\"_blank\" rel=\"noreferrer noopener\"><strong>portal oficial de turismo de Minas Gerais<\/strong><\/a> informa que Capit\u00f3lio re\u00fane o maior n\u00famero de embarca\u00e7\u00f5es do estado. S\u00e3o essas lanchas e barcos que levam os visitantes para dentro dos corredores de pedra, onde a \u00e1gua esverdeada contrasta com os pared\u00f5es que cercam o lago.<\/p>\n\n\n<div class=\"wp-block-image\">\n<figure class=\"aligncenter size-large\"><img decoding=\"async\" src=\"https:\/\/www.em.com.br\/emfoco\/wp-content\/uploads\/2026\/02\/Capitolio-minas-gerais_1770530123368-1024x576.jpg\" alt=\"A cidade mineira que trocou o pasto pelo mar: 10 mil moradores, 1.440 km\u00b2 de \u00e1gua e o maior n\u00famero de lanchas que voc\u00ea j\u00e1 viu no interior\" class=\"wp-image-171892\"\/><figcaption class=\"wp-element-caption\">Capit\u00f3lio destaca-se como o &#8220;Mar de Minas&#8221; no sudoeste de Minas Gerais \/\/  Cr\u00e9ditos: depositphotos.com \/ vbacarin<\/figcaption><\/figure>\n<\/div>\n\n\n<h2 class=\"wp-block-heading\">Como explorar os c\u00e2nions e as cachoeiras de Capit\u00f3lio?<\/h2>\n\n\n\n<p class=\"wp-block-paragraph\">Uma das melhores maneiras de conhecer os c\u00e2nions e as cachoeiras de Capit\u00f3lio \u00e9 pela \u00e1gua, em passeios de lancha, chalana ou escuna. As embarca\u00e7\u00f5es atravessam corredores estreitos entre pared\u00f5es, entram em enseadas, fazem paradas em bares flutuantes e chegam a quedas d&#8217;\u00e1gua que descem diretamente para o lago.<\/p>\n\n\n\n<ul class=\"wp-block-list has-medium-font-size\">\n<li><strong>C\u00e2nions de Furnas<\/strong>: principal roteiro n\u00e1utico, com corredores entre pared\u00f5es de quartzito refletidos nas \u00e1guas verdes.<\/li>\n\n\n\n<li><strong>Cachoeira Lagoa Azul<\/strong>: parada tradicional dos passeios de barco, com po\u00e7os de tom esmeralda cercados por vegeta\u00e7\u00e3o.<\/li>\n\n\n\n<li><strong>Vale dos Tucanos<\/strong>: enseada mais tranquila, onde as lanchas costumam ancorar para banho em \u00e1guas calmas.<\/li>\n\n\n\n<li><strong>Cascata Eco Parque<\/strong>: complexo de cachoeiras e trilhas acess\u00edvel por terra, ideal para passar v\u00e1rias horas em contato com a natureza.<\/li>\n<\/ul>\n\n\n\n<p class=\"wp-block-paragraph\">Quem prefere enxergar a paisagem do alto encontra no <strong>Mirante dos Canyons<\/strong> uma das vistas mais conhecidas da regi\u00e3o, com a abertura por onde o lago avan\u00e7a entre as forma\u00e7\u00f5es rochosas. Durante a alta temporada, \u00e9 recomend\u00e1vel reservar os passeios antes, j\u00e1 que a procura costuma aumentar bastante.<\/p>\n\n\n\n<p class=\"wp-block-paragraph\">Quem procura aventura e quer conhecer um dos destinos mais famosos do pa\u00eds pode acompanhar este v\u00eddeo selecionado do canal <strong>Viajantes App<\/strong>, no qual os apresentadores mostram experi\u00eancias com tirolesa, cachoeiras e passeios de lancha em <strong>Capit\u00f3lio, MG<\/strong>:<\/p>\n\n\n\n<figure class=\"wp-block-embed is-type-video is-provider-youtube wp-block-embed-youtube wp-embed-aspect-16-9 wp-has-aspect-ratio\"><div class=\"wp-block-embed__wrapper\">\n<div class=\"jeg_video_container jeg_video_content\"><iframe loading=\"lazy\" title=\"CAPIT\u00d3LIO MG | TUDO QUE VOC\u00ca PRECISA SABER |   PARQUE PAU\u00c1\" width=\"500\" height=\"281\" src=\"https:\/\/www.youtube.com\/embed\/EOr-StDTV_c?feature=oembed\" frameborder=\"0\" allow=\"accelerometer; autoplay; clipboard-write; encrypted-media; gyroscope; picture-in-picture; web-share\" referrerpolicy=\"strict-origin-when-cross-origin\" allowfullscreen><\/iframe><\/div>\n<\/div><\/figure>\n\n\n\n<h2 class=\"wp-block-heading\">O que conhecer em Capit\u00f3lio al\u00e9m dos passeios de barco?<\/h2>\n\n\n\n<p class=\"wp-block-paragraph\">Capit\u00f3lio n\u00e3o se resume aos passeios pelo lago. A regi\u00e3o tamb\u00e9m re\u00fane trilhas, mirantes, cachoeiras e caminhos pela serra. O munic\u00edpio possui \u00e1reas ligadas \u00e0 <strong>Serra da Canastra<\/strong>, com cerrado preservado, piscinas naturais e trajetos que podem ser percorridos a p\u00e9, de bicicleta ou em ve\u00edculos 4&#215;4.<\/p>\n\n\n\n<p class=\"wp-block-paragraph\">Os passeios por terra normalmente misturam caminhadas, mirantes e banhos em \u00e1guas cristalinas sobre forma\u00e7\u00f5es de quartzito. \u00c9 uma maneira de descobrir outro lado do destino, mais distante do movimento das embarca\u00e7\u00f5es e pr\u00f3ximo do sil\u00eancio da vegeta\u00e7\u00e3o.<\/p>\n\n\n\n<p class=\"wp-block-paragraph\">A combina\u00e7\u00e3o entre lago e montanha ajudou a consolidar Capit\u00f3lio como refer\u00eancia em ecoturismo de \u00e1guas no centro-oeste mineiro. Em poucos dias, \u00e9 poss\u00edvel encontrar paisagens bastante diferentes, da dimens\u00e3o do reservat\u00f3rio \u00e0s cachoeiras escondidas entre as rochas.<\/p>\n\n\n<div class=\"wp-block-image\">\n<figure class=\"aligncenter size-large\"><img decoding=\"async\" width=\"1024\" height=\"576\" src=\"https:\/\/www.em.com.br\/emalta\/wp-content\/uploads\/2026\/09\/Capitolio-minas-gerais_1770530013299-1024x576.jpg\" alt=\"\" class=\"wp-image-268907\" srcset=\"https:\/\/www.em.com.br\/emalta\/wp-content\/uploads\/2026\/09\/Capitolio-minas-gerais_1770530013299-1024x576.jpg 1024w, https:\/\/www.em.com.br\/emalta\/wp-content\/uploads\/2026\/09\/Capitolio-minas-gerais_1770530013299-300x169.jpg 300w, https:\/\/www.em.com.br\/emalta\/wp-content\/uploads\/2026\/09\/Capitolio-minas-gerais_1770530013299-768x432.jpg 768w, https:\/\/www.em.com.br\/emalta\/wp-content\/uploads\/2026\/09\/Capitolio-minas-gerais_1770530013299-750x422.jpg 750w, https:\/\/www.em.com.br\/emalta\/wp-content\/uploads\/2026\/09\/Capitolio-minas-gerais_1770530013299-1140x641.jpg 1140w, https:\/\/www.em.com.br\/emalta\/wp-content\/uploads\/2026\/09\/Capitolio-minas-gerais_1770530013299.jpg 1280w\" sizes=\"(max-width: 1024px) 100vw, 1024px\" \/><figcaption class=\"wp-element-caption\">Capit\u00f3lio oferece um cen\u00e1rio de c\u00e2nions majestosos a 280 km da capital \/\/ Cr\u00e9ditos: depositphotos.com \/ vbacarin<\/figcaption><\/figure>\n<\/div>\n\n\n<h2 class=\"wp-block-heading\">Quando \u00e9 melhor visitar o Mar de Minas?<\/h2>\n\n\n\n<p class=\"wp-block-paragraph\">O per\u00edodo seco, entre maio e setembro, costuma ser um dos melhores momentos para visitar o Mar de Minas, j\u00e1 que as condi\u00e7\u00f5es favorecem os passeios de barco. No ver\u00e3o, as chuvas ficam mais concentradas entre dezembro e fevereiro, e algumas tardes podem terminar com temporais.<\/p>\n\n\n\n<!-- ============================================================ -->\n\n<!-- ===== IN\u00cdCIO BLOCO CLIM\u00c1TICO: MAR DE MINAS ===== -->\n\n<!-- ============================================================ -->\n\n<style>\n    .ant-grid { \n        --cor-primaria: #1a2a57;\n        --cor-secundaria: #1a2a57;\n        --cor-txt-secundaria: #ffffff; \n\n        display: grid !important; \n        grid-template-columns: repeat(auto-fit, minmax(190px, 1fr)) !important; \n        gap: 15px !important; \n        justify-content: center !important; \n        align-items: stretch !important;\n        padding: 10px !important;\n        margin: 30px auto !important;\n    }\n    \n    .ant-card { \n        border: 5px solid var(--cor-primaria) !important; \n        border-top: 5px solid var(--cor-secundaria) !important; \n        border-radius: 4px !important;\n        background-color: var(--cor-primaria) !important; \n        background-clip: padding-box !important; \n        display: flex !important; \n        flex-direction: column !important; \n        overflow: hidden !important; \n        cursor: pointer !important; \n        box-shadow: 0 6px 12px rgba(0,0,0, 0.2) !important; \n        transition: transform 0.2s ease, box-shadow 0.2s ease !important; \n        -webkit-tap-highlight-color: transparent !important; \n        user-select: none !important; \n        transform: translateZ(0) !important;\n        animation: wmFadeIn 0.6s cubic-bezier(0.2, 0.8, 0.2, 1) backwards;\n        height: auto !important;\n        min-height: 0 !important;\n        margin: 0 !important;\n        padding: 0 !important;\n    }\n    \n    @keyframes wmFadeIn { from { opacity: 0; transform: translateY(30px); } to { opacity: 1; transform: translateY(0); } }\n\n    .ant-card:hover { transform: translateY(-5px) !important; box-shadow: 0 15px 30px rgba(0,0,0, 0.3) !important; }\n    \n    .ant-header { background: #f0f8f9 !important; padding: 15px 10px !important; text-align: center !important; display: flex !important; flex-direction: column !important; align-items: center !important; justify-content: center !important; margin: 0 !important; }\n    .ant-body { background: #ffffff !important; padding: 15px !important; display: flex !important; flex-direction: column !important; flex-grow: 1 !important; align-items: center !important; margin: 0 !important; height: 100% !important; }\n    \n    .ant-card-destaque { box-shadow: 0 8px 16px rgba(0,0,0, 0.25) !important; }\n    .ant-card-destaque .ant-header { background: var(--cor-secundaria) !important; }\n    .ant-card-destaque .ant-header .ant-titulo { color: var(--cor-txt-secundaria) !important; } \n    \n    .ant-badge-chuva {\n        display: inline-flex !important;\n        align-items: center !important;\n        gap: 5px !important;\n        background: #f0f4f8 !important;\n        color: #555555 !important;\n        font-size: 11px !important;\n        font-weight: 700 !important;\n        padding: 4px 10px !important;\n        border-radius: 4px !important;\n        margin-bottom: 12px !important;\n        text-transform: uppercase !important;\n        letter-spacing: 0.5px !important;\n    }\n\n    .ant-badge-chuva.chuva-alta { background: #e8ecf2 !important; color: #1a2a57 !important; }\n    \n    .pill-ant { display: flex !important; justify-content: center !important; align-items: center !important; text-align: center !important; background: #e8ecf2 !important; color: var(--cor-primaria) !important; font-size: 11px !important; font-weight: 900 !important; letter-spacing: 0.5px !important; padding: 8px 16px !important; border-radius: 4px !important; text-transform: uppercase !important; margin-top: auto !important; margin-bottom: 0 !important; width: 100%; box-sizing: border-box;}\n    .ant-card-destaque .pill-ant { background: var(--cor-secundaria) !important; color: var(--cor-txt-secundaria) !important; } \n    \n    .ant-emoji { font-size: 24px !important; line-height: 1 !important; margin-bottom: 5px !important; display: block !important; }\n    .ant-titulo { color: var(--cor-primaria) !important; font-size: 16px !important; text-transform: uppercase !important; margin-top: 5px !important; font-weight: bold !important; display: block !important; }\n    .ant-mes { font-size: 11px !important; font-weight: 800 !important; color: var(--cor-primaria) !important; text-transform: uppercase !important; margin-bottom: 5px !important; display: block !important; }\n    .ant-temp { font-size: 24px !important; font-weight: 900 !important; color: var(--cor-primaria) !important; margin-bottom: 6px !important; display: block !important; }\n    .ant-desc { font-size: 13px !important; color: #444 !important; text-align: center !important; line-height: 1.5 !important; margin-bottom: 15px !important; flex-grow: 1 !important; font-family: 'Segoe UI', Roboto, Helvetica, Arial, sans-serif !important; display: block !important;}\n    .ant-desc strong { color: #111 !important; font-weight: bold !important; }\n\n    @media (prefers-color-scheme: dark) {\n        .ant-card { border-color: #2b3d6f !important; background-color: #2b3d6f !important; }\n        .ant-header { background: #1a1a1a !important; } .ant-body { background: #121212 !important; }\n        .ant-titulo { color: #7f95d1 !important; } .ant-mes { color: #a3b5e8 !important; } .ant-temp { color: #7f95d1 !important; } \n        .ant-desc { color: #cccccc !important; } .ant-desc strong { color: #ffffff !important; }\n        .pill-ant { background: #1a1a1a !important; color: #7f95d1 !important; }\n        .ant-card-destaque .pill-ant { background: var(--cor-secundaria) !important; color: var(--cor-txt-secundaria) !important; }\n        .ant-badge-chuva { background: #1a1a1a !important; color: #aaaaaa !important; }\n        .ant-badge-chuva.chuva-alta { background: #131f42 !important; color: #7f95d1 !important; }\n    }\n<\/style>\n\n<div class=\"google-auto-ads-ignore ant-grid\" style=\"box-sizing: border-box; width: 100%; max-width: 980px; font-family: 'Segoe UI', Roboto, Helvetica, Arial, sans-serif;\">\n    <div class=\"ant-card\">\n        <div class=\"ant-header\">\n            <span class=\"ant-emoji\">\ud83d\udea4<\/span>\n            <span class=\"ant-titulo\">Ver\u00e3o<\/span>\n        <\/div>\n        <div class=\"ant-body\">\n            <span class=\"ant-mes\">Dezembro a Fevereiro<\/span>\n            <span class=\"ant-temp\">18\u00b0C a 30\u00b0C<\/span>\n            <div class=\"ant-badge-chuva chuva-alta\">\u2614 Chuva Alta<\/div>\n            <div class=\"ant-desc\">As chuvas se concentram nesta esta\u00e7\u00e3o, muitas vezes com temporais no fim da tarde. A dica \u00e9 priorizar os <strong>passeios de barco pela manh\u00e3<\/strong>.<\/div>\n            <div class=\"pill-ant\"><span>VIAJE COM AVISO<\/span><\/div>\n        <\/div>\n    <\/div>\n\n<div class=\"ant-card\">\n    <div class=\"ant-header\">\n        <span class=\"ant-emoji\">\ud83e\udd7e<\/span>\n        <span class=\"ant-titulo\">Outono<\/span>\n    <\/div>\n    <div class=\"ant-body\">\n        <span class=\"ant-mes\">Mar\u00e7o a Maio<\/span>\n        <span class=\"ant-temp\">16\u00b0C a 28\u00b0C<\/span>\n        <div class=\"ant-badge-chuva\">\ud83c\udf24\ufe0f Chuva M\u00e9dia<\/div>\n        <div class=\"ant-desc\">As chuvas e as temperaturas come\u00e7am a cair, deixando o clima mais agrad\u00e1vel. \u00c9 uma fase convidativa para explorar <strong>cachoeiras e trilhas<\/strong>.<\/div>\n        <div class=\"pill-ant\"><span>\ud83c\udf24\ufe0f CLIMA AMENO<\/span><\/div>\n    <\/div>\n<\/div>\n\n<div class=\"ant-card ant-card-destaque\">\n    <div class=\"ant-header\">\n        <span class=\"ant-emoji\">\u26f0\ufe0f<\/span>\n        <span class=\"ant-titulo\">Inverno<\/span>\n    <\/div>\n    <div class=\"ant-body\">\n        <span class=\"ant-mes\">Junho a Agosto<\/span>\n        <span class=\"ant-temp\">12\u00b0C a 26\u00b0C<\/span>\n        <div class=\"ant-badge-chuva\">\u2600\ufe0f Chuva Baixa<\/div>\n        <div class=\"ant-desc\">A \u00e9poca mais cobi\u00e7ada da regi\u00e3o. O tempo seco favorece passeios de barco, mirantes e os imponentes <strong>c\u00e2nions do Mar de Minas<\/strong>.<\/div>\n        <div class=\"pill-ant\" style=\"color: #ffffff;\"><span>\u2b50 MELHOR \u00c9POCA<\/span><\/div>\n    <\/div>\n<\/div>\n\n<div class=\"ant-card\">\n    <div class=\"ant-header\">\n        <span class=\"ant-emoji\">\ud83c\udf0a<\/span>\n        <span class=\"ant-titulo\">Primavera<\/span>\n    <\/div>\n    <div class=\"ant-body\">\n        <span class=\"ant-mes\">Setembro a Novembro<\/span>\n        <span class=\"ant-temp\">16\u00b0C a 31\u00b0C<\/span>\n        <div class=\"ant-badge-chuva\">\ud83c\udf24\ufe0f Chuva M\u00e9dia<\/div>\n        <div class=\"ant-desc\">O calor volta com mais for\u00e7a e as pancadas de chuva reaparecem. \u00c9 uma janela visualmente bonita para curtir o <strong>lago e a Serra da Canastra<\/strong>.<\/div>\n        <div class=\"pill-ant\"><span>\ud83c\udf38 CHUVA M\u00c9DIA<\/span><\/div>\n    <\/div>\n<\/div>\n\n<\/div>\n\n<!-- ============================================================ -->\n\n<!-- ===== FIM BLOCO CLIM\u00c1TICO: MAR DE MINAS ===== -->\n\n<!-- ============================================================ -->\n\n\n\n<p class=\"wp-block-paragraph\"><em>Temperaturas aproximadas com base no <a href=\"https:\/\/www.climatempo.com.br\/previsao-do-tempo\/cidade\/2135\/capitolio-mg\" target=\"_blank\" rel=\"noreferrer noopener\"><strong>Climatempo<\/strong><\/a>. Condi\u00e7\u00f5es podem variar.<\/em><\/p>\n\n\n\n<p class=\"wp-block-paragraph\"><strong>Leia tamb\u00e9m: <a href=\"https:\/\/www.em.com.br\/emalta\/2026\/08\/31\/esta-entre-as-10-maiores-economias-de-minas-gerais-e-produz-quase-9-em-cada-10-morangos-do-estado-a-cidade-da-fernao-dias-que-virou-destino-de-multinacionais\/\" target=\"_blank\" rel=\"noreferrer noopener\">Est\u00e1 entre as 10 maiores economias de Minas Gerais e produz quase 9 em cada 10 morangos do estado: a cidade da Fern\u00e3o Dias que virou destino de multinacionais<\/a><\/strong><\/p>\n\n\n\n<h2 class=\"wp-block-heading\">Por que Capit\u00f3lio ganhou o apelido de Rainha dos Lagos de Minas Gerais?<\/h2>\n\n\n\n<p class=\"wp-block-paragraph\">Capit\u00f3lio recebeu o apelido de Rainha dos Lagos por reunir, em um mesmo destino, a dimens\u00e3o de um mar de \u00e1gua doce, c\u00e2nions de pedra avermelhada e cachoeiras que descem entre a serra e o lago. Poucos destinos do interior brasileiro oferecem uma paisagem t\u00e3o marcante a poucas horas de viagem de carro.<\/p>\n\n\n\n<p class=\"wp-block-paragraph\">Quem visita Capit\u00f3lio percebe rapidamente por que o destino ganhou tanta fama. Navegar pelos c\u00e2nions do Mar de Minas, observar as \u00e1guas verdes cercadas pelos pared\u00f5es e terminar o passeio em mirantes naturais transforma a viagem em uma experi\u00eancia que mostra uma face surpreendente do interior mineiro.<\/p>\n","protected":false},"excerpt":{"rendered":"<p>N\u00e3o tem praia, mas guarda um verdadeiro mar no interior de Minas Gerais. Em Capit\u00f3lio, no sudoeste do estado, o Lago de Furnas cria um enorme espelho d&#8217;\u00e1gua cercado por c\u00e2nions, cachoeiras e pared\u00f5es de pedra avermelhada. A paisagem \u00e9 t\u00e3o marcante que a cidade recebeu o apelido de Rainha dos Lagos e se tornou [&hellip;]<\/p>\n","protected":false},"author":30,"featured_media":268906,"comment_status":"closed","ping_status":"closed","sticky":false,"template":"","format":"standard","meta":{"jnews-multi-image_gallery":[],"jnews_single_post":{"format":"standard"},"jnews_primary_category":[],"jnews_social_meta":[],"jnews_override_counter":[],"footnotes":""},"categories":[26],"tags":[1080,11179,207],"class_list":["post-268862","post","type-post","status-publish","format-standard","has-post-thumbnail","hentry","category-cidades","tag-capitolio","tag-cidade-2","tag-minas-gerais"],"yoast_head":"<!-- This site is optimized with the Yoast SEO plugin v28.3 - https:\/\/yoast.com\/product\/yoast-seo-wordpress\/ -->\n<title>O Mar de Minas a 280 km de Belo Horizonte guarda c\u00e2nions de 20 metros e a maior frota de embarca\u00e7\u00f5es do estado - Estado de Minas - Em Alta<\/title>\n<meta name=\"description\" content=\"A apenas algumas horas da capital, um destino mineiro re\u00fane c\u00e2nions, \u00e1gua por todos os lados e uma estrutura n\u00e1utica que chama aten\u00e7\u00e3o.\" \/>\n<meta name=\"robots\" content=\"index, follow, max-snippet:-1, max-image-preview:large, max-video-preview:-1\" \/>\n<link rel=\"canonical\" href=\"https:\/\/www.em.com.br\/emalta\/2026\/09\/01\/o-mar-de-minas-a-280-km-de-belo-horizonte-guarda-canions-de-20-metros-e-a-maior-frota-de-embarcacoes-do-estado\/\" \/>\n<meta property=\"og:locale\" content=\"pt_BR\" \/>\n<meta property=\"og:type\" content=\"article\" \/>\n<meta property=\"og:title\" content=\"O Mar de Minas a 280 km de Belo Horizonte guarda c\u00e2nions de 20 metros e a maior frota de embarca\u00e7\u00f5es do estado - Estado de Minas - Em Alta\" \/>\n<meta property=\"og:description\" content=\"A apenas algumas horas da capital, um destino mineiro re\u00fane c\u00e2nions, \u00e1gua por todos os lados e uma estrutura n\u00e1utica que chama aten\u00e7\u00e3o.\" \/>\n<meta property=\"og:url\" content=\"https:\/\/www.em.com.br\/emalta\/2026\/09\/01\/o-mar-de-minas-a-280-km-de-belo-horizonte-guarda-canions-de-20-metros-e-a-maior-frota-de-embarcacoes-do-estado\/\" \/>\n<meta property=\"og:site_name\" content=\"Estado de Minas - Em Alta\" \/>\n<meta property=\"article:published_time\" content=\"2026-09-01T17:07:00+00:00\" \/>\n<meta property=\"og:image\" content=\"https:\/\/www.em.com.br\/emalta\/wp-content\/uploads\/2026\/09\/image.png\" \/>\n\t<meta property=\"og:image:width\" content=\"1280\" \/>\n\t<meta property=\"og:image:height\" content=\"720\" \/>\n\t<meta property=\"og:image:type\" content=\"image\/png\" \/>\n<meta name=\"author\" content=\"Guilherme Ara\u00fajo\" \/>\n<meta name=\"twitter:card\" content=\"summary_large_image\" \/>\n<meta name=\"twitter:label1\" content=\"Escrito por\" \/>\n\t<meta name=\"twitter:data1\" content=\"Guilherme Ara\u00fajo\" \/>\n\t<meta name=\"twitter:label2\" content=\"Est. tempo de leitura\" \/>\n\t<meta name=\"twitter:data2\" content=\"6 minutos\" \/>\n<!-- \/ Yoast SEO plugin. -->","yoast_head_json":{"title":"O Mar de Minas a 280 km de Belo Horizonte guarda c\u00e2nions de 20 metros e a maior frota de embarca\u00e7\u00f5es do estado - Estado de Minas - Em Alta","description":"A apenas algumas horas da capital, um destino mineiro re\u00fane c\u00e2nions, \u00e1gua por todos os lados e uma estrutura n\u00e1utica que chama aten\u00e7\u00e3o.","robots":{"index":"index","follow":"follow","max-snippet":"max-snippet:-1","max-image-preview":"max-image-preview:large","max-video-preview":"max-video-preview:-1"},"canonical":"https:\/\/www.em.com.br\/emalta\/2026\/09\/01\/o-mar-de-minas-a-280-km-de-belo-horizonte-guarda-canions-de-20-metros-e-a-maior-frota-de-embarcacoes-do-estado\/","og_locale":"pt_BR","og_type":"article","og_title":"O Mar de Minas a 280 km de Belo Horizonte guarda c\u00e2nions de 20 metros e a maior frota de embarca\u00e7\u00f5es do estado - Estado de Minas - Em Alta","og_description":"A apenas algumas horas da capital, um destino mineiro re\u00fane c\u00e2nions, \u00e1gua por todos os lados e uma estrutura n\u00e1utica que chama aten\u00e7\u00e3o.","og_url":"https:\/\/www.em.com.br\/emalta\/2026\/09\/01\/o-mar-de-minas-a-280-km-de-belo-horizonte-guarda-canions-de-20-metros-e-a-maior-frota-de-embarcacoes-do-estado\/","og_site_name":"Estado de Minas - Em Alta","article_published_time":"2026-09-01T17:07:00+00:00","og_image":[{"width":1280,"height":720,"url":"https:\/\/www.em.com.br\/emalta\/wp-content\/uploads\/2026\/09\/image.png","type":"image\/png"}],"author":"Guilherme Ara\u00fajo","twitter_card":"summary_large_image","twitter_misc":{"Escrito por":"Guilherme Ara\u00fajo","Est. tempo de leitura":"6 minutos"},"schema":{"@context":"https:\/\/schema.org","@graph":[{"@type":"Article","@id":"https:\/\/www.em.com.br\/emalta\/2026\/09\/01\/o-mar-de-minas-a-280-km-de-belo-horizonte-guarda-canions-de-20-metros-e-a-maior-frota-de-embarcacoes-do-estado\/#article","isPartOf":{"@id":"https:\/\/www.em.com.br\/emalta\/2026\/09\/01\/o-mar-de-minas-a-280-km-de-belo-horizonte-guarda-canions-de-20-metros-e-a-maior-frota-de-embarcacoes-do-estado\/"},"author":{"name":"Guilherme Ara\u00fajo","@id":"https:\/\/www.em.com.br\/emalta\/#\/schema\/person\/a8c27556910de924e3004c2fd747ec3a"},"headline":"O Mar de Minas a 280 km de Belo Horizonte guarda c\u00e2nions de 20 metros e a maior frota de embarca\u00e7\u00f5es do estado","datePublished":"2026-09-01T17:07:00+00:00","mainEntityOfPage":{"@id":"https:\/\/www.em.com.br\/emalta\/2026\/09\/01\/o-mar-de-minas-a-280-km-de-belo-horizonte-guarda-canions-de-20-metros-e-a-maior-frota-de-embarcacoes-do-estado\/"},"wordCount":1076,"image":{"@id":"https:\/\/www.em.com.br\/emalta\/2026\/09\/01\/o-mar-de-minas-a-280-km-de-belo-horizonte-guarda-canions-de-20-metros-e-a-maior-frota-de-embarcacoes-do-estado\/#primaryimage"},"thumbnailUrl":"https:\/\/www.em.com.br\/emalta\/wp-content\/uploads\/2026\/09\/image.png","keywords":["Capit\u00f3lio","Cidade","Minas Gerais"],"articleSection":["Cidades"],"inLanguage":"pt-BR"},{"@type":"WebPage","@id":"https:\/\/www.em.com.br\/emalta\/2026\/09\/01\/o-mar-de-minas-a-280-km-de-belo-horizonte-guarda-canions-de-20-metros-e-a-maior-frota-de-embarcacoes-do-estado\/","url":"https:\/\/www.em.com.br\/emalta\/2026\/09\/01\/o-mar-de-minas-a-280-km-de-belo-horizonte-guarda-canions-de-20-metros-e-a-maior-frota-de-embarcacoes-do-estado\/","name":"O Mar de Minas a 280 km de Belo Horizonte guarda c\u00e2nions de 20 metros e a maior frota de embarca\u00e7\u00f5es do estado - Estado de Minas - Em Alta","isPartOf":{"@id":"https:\/\/www.em.com.br\/emalta\/#website"},"primaryImageOfPage":{"@id":"https:\/\/www.em.com.br\/emalta\/2026\/09\/01\/o-mar-de-minas-a-280-km-de-belo-horizonte-guarda-canions-de-20-metros-e-a-maior-frota-de-embarcacoes-do-estado\/#primaryimage"},"image":{"@id":"https:\/\/www.em.com.br\/emalta\/2026\/09\/01\/o-mar-de-minas-a-280-km-de-belo-horizonte-guarda-canions-de-20-metros-e-a-maior-frota-de-embarcacoes-do-estado\/#primaryimage"},"thumbnailUrl":"https:\/\/www.em.com.br\/emalta\/wp-content\/uploads\/2026\/09\/image.png","datePublished":"2026-09-01T17:07:00+00:00","author":{"@id":"https:\/\/www.em.com.br\/emalta\/#\/schema\/person\/a8c27556910de924e3004c2fd747ec3a"},"description":"A apenas algumas horas da capital, um destino mineiro re\u00fane c\u00e2nions, \u00e1gua por todos os lados e uma estrutura n\u00e1utica que chama aten\u00e7\u00e3o.","breadcrumb":{"@id":"https:\/\/www.em.com.br\/emalta\/2026\/09\/01\/o-mar-de-minas-a-280-km-de-belo-horizonte-guarda-canions-de-20-metros-e-a-maior-frota-de-embarcacoes-do-estado\/#breadcrumb"},"inLanguage":"pt-BR","potentialAction":[{"@type":"ReadAction","target":["https:\/\/www.em.com.br\/emalta\/2026\/09\/01\/o-mar-de-minas-a-280-km-de-belo-horizonte-guarda-canions-de-20-metros-e-a-maior-frota-de-embarcacoes-do-estado\/"]}]},{"@type":"ImageObject","inLanguage":"pt-BR","@id":"https:\/\/www.em.com.br\/emalta\/2026\/09\/01\/o-mar-de-minas-a-280-km-de-belo-horizonte-guarda-canions-de-20-metros-e-a-maior-frota-de-embarcacoes-do-estado\/#primaryimage","url":"https:\/\/www.em.com.br\/emalta\/wp-content\/uploads\/2026\/09\/image.png","contentUrl":"https:\/\/www.em.com.br\/emalta\/wp-content\/uploads\/2026\/09\/image.png","width":1280,"height":720,"caption":"Capit\u00f3lio une imensos pared\u00f5es de quartzito \u00e0s \u00e1guas verde-esmeralda \/\/ Cr\u00e9ditos: depositphotos.com \/ vbacarin"},{"@type":"BreadcrumbList","@id":"https:\/\/www.em.com.br\/emalta\/2026\/09\/01\/o-mar-de-minas-a-280-km-de-belo-horizonte-guarda-canions-de-20-metros-e-a-maior-frota-de-embarcacoes-do-estado\/#breadcrumb","itemListElement":[{"@type":"ListItem","position":1,"name":"In\u00edcio","item":"https:\/\/www.em.com.br\/emalta\/"},{"@type":"ListItem","position":2,"name":"O Mar de Minas a 280 km de Belo Horizonte guarda c\u00e2nions de 20 metros e a maior frota de embarca\u00e7\u00f5es do estado"}]},{"@type":"WebSite","@id":"https:\/\/www.em.com.br\/emalta\/#website","url":"https:\/\/www.em.com.br\/emalta\/","name":"Estado de Minas - Em Alta","description":"Acompanhe as \u00faltimas not\u00edcias e fique bem informado sobre tudo o que acontece em Minas Gerais, Brasil e no mundo.","potentialAction":[{"@type":"SearchAction","target":{"@type":"EntryPoint","urlTemplate":"https:\/\/www.em.com.br\/emalta\/?s={search_term_string}"},"query-input":{"@type":"PropertyValueSpecification","valueRequired":true,"valueName":"search_term_string"}}],"inLanguage":"pt-BR"},{"@type":"Person","@id":"https:\/\/www.em.com.br\/emalta\/#\/schema\/person\/a8c27556910de924e3004c2fd747ec3a","name":"Guilherme Ara\u00fajo","image":{"@type":"ImageObject","inLanguage":"pt-BR","@id":"https:\/\/secure.gravatar.com\/avatar\/063bc96e5a2afd1844386c45bd1360efc771eff011a9fab8cd399e2a104c3ecd?s=96&d=mm&r=g","url":"https:\/\/secure.gravatar.com\/avatar\/063bc96e5a2afd1844386c45bd1360efc771eff011a9fab8cd399e2a104c3ecd?s=96&d=mm&r=g","contentUrl":"https:\/\/secure.gravatar.com\/avatar\/063bc96e5a2afd1844386c45bd1360efc771eff011a9fab8cd399e2a104c3ecd?s=96&d=mm&r=g","caption":"Guilherme Ara\u00fajo"},"sameAs":["https:\/\/www.em.com.br\/emalta"],"url":"https:\/\/www.em.com.br\/emalta\/author\/guilhermeamyth\/"}]}},"_links":{"self":[{"href":"https:\/\/www.em.com.br\/emalta\/wp-json\/wp\/v2\/posts\/268862","targetHints":{"allow":["GET"]}}],"collection":[{"href":"https:\/\/www.em.com.br\/emalta\/wp-json\/wp\/v2\/posts"}],"about":[{"href":"https:\/\/www.em.com.br\/emalta\/wp-json\/wp\/v2\/types\/post"}],"author":[{"embeddable":true,"href":"https:\/\/www.em.com.br\/emalta\/wp-json\/wp\/v2\/users\/30"}],"replies":[{"embeddable":true,"href":"https:\/\/www.em.com.br\/emalta\/wp-json\/wp\/v2\/comments?post=268862"}],"version-history":[{"count":6,"href":"https:\/\/www.em.com.br\/emalta\/wp-json\/wp\/v2\/posts\/268862\/revisions"}],"predecessor-version":[{"id":268909,"href":"https:\/\/www.em.com.br\/emalta\/wp-json\/wp\/v2\/posts\/268862\/revisions\/268909"}],"wp:featuredmedia":[{"embeddable":true,"href":"https:\/\/www.em.com.br\/emalta\/wp-json\/wp\/v2\/media\/268906"}],"wp:attachment":[{"href":"https:\/\/www.em.com.br\/emalta\/wp-json\/wp\/v2\/media?parent=268862"}],"wp:term":[{"taxonomy":"category","embeddable":true,"href":"https:\/\/www.em.com.br\/emalta\/wp-json\/wp\/v2\/categories?post=268862"},{"taxonomy":"post_tag","embeddable":true,"href":"https:\/\/www.em.com.br\/emalta\/wp-json\/wp\/v2\/tags?post=268862"}],"curies":[{"name":"wp","href":"https:\/\/api.w.org\/{rel}","templated":true}]}}