{"id":268685,"date":"2026-09-01T22:57:00","date_gmt":"2026-09-02T01:57:00","guid":{"rendered":"https:\/\/www.em.com.br\/emalta\/?p=268685"},"modified":"2026-08-31T19:44:54","modified_gmt":"2026-08-31T22:44:54","slug":"um-pequeno-frasco-de-pedra-preservou-por-quase-4-mil-anos-um-cosmetico-vermelho-cuja-mistura-lembra-a-dos-batons-atuais","status":"publish","type":"post","link":"https:\/\/www.em.com.br\/emalta\/2026\/09\/01\/um-pequeno-frasco-de-pedra-preservou-por-quase-4-mil-anos-um-cosmetico-vermelho-cuja-mistura-lembra-a-dos-batons-atuais\/","title":{"rendered":"Um pequeno frasco de pedra preservou por quase 4 mil anos um cosm\u00e9tico vermelho cuja mistura lembra a dos batons atuais"},"content":{"rendered":"\n<p class=\"wp-block-paragraph\">Dentro de um pequeno frasco de pedra, um <strong>cosm\u00e9tico vermelho de quase 4 mil anos<\/strong> preservou minerais, ceras vegetais e mat\u00e9ria org\u00e2nica. A mistura foi datada entre <strong>1936 e 1687 a.C.<\/strong> e se parece com receitas de batom, embora ningu\u00e9m saiba quem a usou durante a Idade do Bronze.<\/p>\n\n\n\n<h2 class=\"wp-block-heading\">O que havia dentro daquele pequeno recipiente de pedra?<\/h2>\n\n\n\n<p class=\"wp-block-paragraph\">O frasco veio da <a href=\"https:\/\/www.nature.com\/articles\/s41598-024-52490-w\" target=\"_blank\" rel=\"noopener noreferrer\"><strong>regi\u00e3o de Jiroft, no sudeste do Ir\u00e3<\/strong><\/a> e foi produzido em clorita, uma rocha esverdeada. Dentro dele permanecia uma prepara\u00e7\u00e3o de cor vermelha intensa que podia ser analisada em laborat\u00f3rio.<\/p>\n\n\n\n<p class=\"wp-block-paragraph\">Os pesquisadores encontraram uma mistura elaborada. O vermelho vinha principalmente da <strong>hematita<\/strong>, mineral rico em \u00f3xido de ferro. Outros minerais escureciam o tom, enquanto ceras de origem vegetal ajudavam a formar a parte org\u00e2nica da prepara\u00e7\u00e3o.<\/p>\n\n\n<div class=\"wp-block-image\">\n<figure class=\"aligncenter size-large\"><img decoding=\"async\" width=\"1024\" height=\"576\" src=\"https:\/\/www.em.com.br\/emalta\/wp-content\/uploads\/2026\/09\/aqr2-1024x576.jpg\" alt=\"\" class=\"wp-image-268721\" srcset=\"https:\/\/www.em.com.br\/emalta\/wp-content\/uploads\/2026\/09\/aqr2-1024x576.jpg 1024w, https:\/\/www.em.com.br\/emalta\/wp-content\/uploads\/2026\/09\/aqr2-300x169.jpg 300w, https:\/\/www.em.com.br\/emalta\/wp-content\/uploads\/2026\/09\/aqr2-768x432.jpg 768w, https:\/\/www.em.com.br\/emalta\/wp-content\/uploads\/2026\/09\/aqr2-750x422.jpg 750w, https:\/\/www.em.com.br\/emalta\/wp-content\/uploads\/2026\/09\/aqr2-1140x641.jpg 1140w, https:\/\/www.em.com.br\/emalta\/wp-content\/uploads\/2026\/09\/aqr2.jpg 1280w\" sizes=\"(max-width: 1024px) 100vw, 1024px\" \/><figcaption class=\"wp-element-caption\">O pequeno recipiente manteve vest\u00edgios suficientes para permitir uma an\u00e1lise moderna<\/figcaption><\/figure>\n<\/div>\n\n\n<h2 class=\"wp-block-heading\">Quais ingredientes fizeram a mistura lembrar um batom?<\/h2>\n\n\n\n<p class=\"wp-block-paragraph\">A semelhan\u00e7a n\u00e3o veio apenas da cor. O material combinava pigmentos minerais intensamente vermelhos com subst\u00e2ncias cerosas, uma estrutura parecida com a l\u00f3gica de formula\u00e7\u00f5es modernas usadas para levar cor aos l\u00e1bios.<\/p>\n\n\n\n<p class=\"wp-block-paragraph\">Os principais componentes identificados foram:<\/p>\n\n\n\n<style>\n.card-list{box-sizing:border-box;display:flex;flex-direction:column;gap:14px;width:100%;max-width:680px;margin:16px auto;font-family:'Segoe UI',Arial,sans-serif;}\n.card-list .item{box-sizing:border-box;display:grid;grid-template-columns:52px 1fr;gap:14px;align-items:start;background:#fff;border:1px solid #e5e7eb;border-radius:18px;padding:16px;box-shadow:0 8px 22px rgba(0,0,0,.06);}\n.card-list .num{width:42px;height:42px;border-radius:14px;background:#2c3e50;color:#fff;display:flex;align-items:center;justify-content:center;font-size:15px;font-weight:800;line-height:1;}\n.card-list .txt{display:flex;flex-direction:column;gap:4px;}\n.card-list .title{font-size:15px;font-weight:700;color:#1a1a1a;line-height:1.35;}\n.card-list .desc{font-size:13px;color:#6b6b6b;line-height:1.5;}\n@media(max-width:480px){\n  .card-list{gap:12px;margin:14px auto;}\n  .card-list .item{grid-template-columns:1fr;padding:14px;border-radius:16px;}\n  .card-list .num{width:38px;height:38px;border-radius:12px;font-size:14px;}\n}\n<\/style>\n<div class=\"google-auto-ads-ignore card-list\">\n  <div class=\"item\">\n    <div class=\"num\">1<\/div>\n    <div class=\"txt\">\n      <span class=\"title\">Hematita<\/span>\n      <span class=\"desc\">Foi a principal fase mineral e forneceu a cor vermelha intensa da prepara\u00e7\u00e3o.<\/span>\n    <\/div>\n  <\/div>\n  <div class=\"item\">\n    <div class=\"num\">2<\/div>\n    <div class=\"txt\">\n      <span class=\"title\">Manganita e braunita<\/span>\n      <span class=\"desc\">Minerais escuros podiam modificar e aprofundar o tom vermelho da mistura.<\/span>\n    <\/div>\n  <\/div>\n  <div class=\"item\">\n    <div class=\"num\">3<\/div>\n    <div class=\"txt\">\n      <span class=\"title\">Minerais de chumbo em tra\u00e7os<\/span>\n      <span class=\"desc\">Galena e anglesita apareceram em quantidades pequenas na amostra analisada.<\/span>\n    <\/div>\n  <\/div>\n  <div class=\"item\">\n    <div class=\"num\">4<\/div>\n    <div class=\"txt\">\n      <span class=\"title\">Ceras vegetais<\/span>\n      <span class=\"desc\">Compostos associados a ceras ajudavam a formar a parte org\u00e2nica e pastosa do cosm\u00e9tico.<\/span>\n    <\/div>\n  <\/div>\n<\/div>\n\n\n\n<h2 class=\"wp-block-heading\">Como um material t\u00e3o antigo conseguiu revelar sua composi\u00e7\u00e3o?<\/h2>\n\n\n\n<p class=\"wp-block-paragraph\">Uma \u00fanica t\u00e9cnica n\u00e3o resolveria todas as perguntas. A equipe combinou m\u00e9todos capazes de identificar minerais, observar part\u00edculas e procurar compostos org\u00e2nicos, al\u00e9m de datar a mat\u00e9ria preservada.<\/p>\n\n\n\n<p class=\"wp-block-paragraph\">As an\u00e1lises inclu\u00edram:<\/p>\n\n\n\n<ul class=\"wp-block-list\">\n<li><strong>difra\u00e7\u00e3o de raios X<\/strong>, usada para reconhecer fases minerais;<\/li>\n\n\n\n<li><strong>microscopia com an\u00e1lise qu\u00edmica<\/strong>, que examina part\u00edculas muito pequenas;<\/li>\n\n\n\n<li><strong>cromatografia com espectrometria de massa<\/strong>, aplicada aos componentes org\u00e2nicos;<\/li>\n\n\n\n<li><strong>data\u00e7\u00e3o por radiocarbono<\/strong>, feita a partir da mat\u00e9ria org\u00e2nica da prepara\u00e7\u00e3o.<\/li>\n<\/ul>\n\n\n\n<p class=\"wp-block-paragraph\">O cruzamento desses resultados colocou a fabrica\u00e7\u00e3o do material entre <strong>1936 e 1687 a.C.<\/strong>, com 95% de probabilidade dentro do intervalo calculado. A data mostra que a formula\u00e7\u00e3o pertence ao in\u00edcio do segundo mil\u00eanio antes da era comum.<\/p>\n\n\n<div class=\"wp-block-image\">\n<figure class=\"aligncenter size-large\"><img decoding=\"async\" width=\"1024\" height=\"576\" src=\"https:\/\/www.em.com.br\/emalta\/wp-content\/uploads\/2026\/09\/aqr23-1-1024x576.jpg\" alt=\"\" class=\"wp-image-268723\" srcset=\"https:\/\/www.em.com.br\/emalta\/wp-content\/uploads\/2026\/09\/aqr23-1-1024x576.jpg 1024w, https:\/\/www.em.com.br\/emalta\/wp-content\/uploads\/2026\/09\/aqr23-1-300x169.jpg 300w, https:\/\/www.em.com.br\/emalta\/wp-content\/uploads\/2026\/09\/aqr23-1-768x432.jpg 768w, https:\/\/www.em.com.br\/emalta\/wp-content\/uploads\/2026\/09\/aqr23-1-750x422.jpg 750w, https:\/\/www.em.com.br\/emalta\/wp-content\/uploads\/2026\/09\/aqr23-1-1140x641.jpg 1140w, https:\/\/www.em.com.br\/emalta\/wp-content\/uploads\/2026\/09\/aqr23-1.jpg 1280w\" sizes=\"(max-width: 1024px) 100vw, 1024px\" \/><figcaption class=\"wp-element-caption\">Alguns ingredientes produziram uma compara\u00e7\u00e3o curiosa com cosm\u00e9ticos usados atualmente<\/figcaption><\/figure>\n<\/div>\n\n\n<h2 class=\"wp-block-heading\">Por que os pesquisadores falam em tinta para os l\u00e1bios com cautela?<\/h2>\n\n\n\n<p class=\"wp-block-paragraph\">Cor intensa, minerais vermelhos e ceras formam um conjunto compat\u00edvel com uma prepara\u00e7\u00e3o labial. O pr\u00f3prio estudo descreve o material como prov\u00e1vel tinta ou pasta para colorir os l\u00e1bios e chama aten\u00e7\u00e3o para sua semelhan\u00e7a com receitas contempor\u00e2neas.<\/p>\n\n\n\n<p class=\"wp-block-paragraph\">As evid\u00eancias e seus limites ficam assim:<\/p>\n\n\n\n\n<style>\n.premium-tbl{box-sizing:border-box!important;display:flex!important;flex-direction:column!important;width:calc(100% - 32px)!important;max-width:650px!important;margin:16px auto!important;padding:0!important;background:#fff!important;border:1px solid #e3e7e2!important;border-radius:14px!important;overflow:hidden!important;box-shadow:0 5px 15px rgba(0,0,0,.055)!important;font-family:Arial,'Segoe UI',sans-serif!important}\n.premium-tbl table{box-sizing:border-box!important;display:table!important;width:100%!important;max-width:none!important;min-width:0!important;margin:0!important;padding:0!important;border:0!important;border-spacing:0!important;border-collapse:collapse!important;table-layout:fixed!important;background:#fff!important}\n.premium-tbl thead{display:table-header-group!important;background:#2c3e50!important}.premium-tbl thead tr{display:table-row!important;background:#2c3e50!important}\n.premium-tbl th{box-sizing:border-box!important;padding:10px 12px!important;background:#2c3e50!important;color:#fff!important;border:0!important;border-right:1px solid rgba(255,255,255,.18)!important;text-align:left!important;vertical-align:middle!important;font-family:Arial,'Segoe UI',sans-serif!important;font-size:12px!important;line-height:1.25!important;font-weight:700!important;text-transform:none!important;letter-spacing:0!important}\n.premium-tbl th:last-child{border-right:0!important}.premium-tbl th:nth-child(1){width:29%!important}.premium-tbl th:nth-child(2){width:51%!important}.premium-tbl th:nth-child(3){width:20%!important}\n.premium-tbl tbody{display:table-row-group!important}.premium-tbl tbody tr{display:table-row!important;background:#fff!important}.premium-tbl tbody tr:nth-child(odd){background:#fafafa!important}.premium-tbl tbody tr:hover{background:#f5f7f9!important}\n.premium-tbl td{box-sizing:border-box!important;display:table-cell!important;padding:10px 12px!important;background:transparent!important;color:#111!important;border:0!important;border-right:1px solid #e8ebe7!important;border-bottom:1px solid #e8ebe7!important;text-align:left!important;vertical-align:middle!important;font-family:Arial,'Segoe UI',sans-serif!important;font-size:12px!important;line-height:1.4!important;font-weight:400!important;overflow-wrap:anywhere!important}\n.premium-tbl td:last-child{border-right:0!important}.premium-tbl tbody tr:last-child td{border-bottom:0!important}\n.premium-tbl .main{display:block!important;margin:0 0 2px!important;color:#111!important;font-size:12px!important;line-height:1.3!important;font-weight:700!important}.premium-tbl .sub{display:block!important;margin:0!important;color:#666!important;font-size:10.5px!important;line-height:1.35!important;font-weight:400!important}\n.premium-tbl .badge{display:inline-flex!important;width:auto!important;min-width:0!important;padding:3px 8px!important;border-radius:999px!important;font-size:10.5px!important;line-height:1.25!important;font-weight:700!important;white-space:nowrap!important}\n.premium-tbl .ok{background:#dff5e8!important;color:#11643a!important}.premium-tbl .alerta{background:#fff0d5!important;color:#875108!important}.premium-tbl .neutro{background:#e4f0fb!important;color:#145d96!important}\n@media(max-width:680px){\n.premium-tbl{width:100%!important;max-width:100%!important;margin:14px auto!important;border:0!important;border-radius:0!important;overflow:visible!important;background:transparent!important;box-shadow:none!important}\n.premium-tbl table{display:block!important;width:100%!important;max-width:100%!important;background:transparent!important}.premium-tbl thead{display:none!important}\n.premium-tbl tbody{box-sizing:border-box!important;display:flex!important;flex-direction:column!important;gap:12px!important;width:100%!important}\n.premium-tbl tbody tr,.premium-tbl tbody tr:nth-child(odd){box-sizing:border-box!important;display:block!important;width:100%!important;margin:0!important;background:#fff!important;border:1px solid #e3e7e2!important;border-radius:14px!important;overflow:hidden!important;box-shadow:0 5px 14px rgba(0,0,0,.05)!important}\n.premium-tbl td{box-sizing:border-box!important;display:block!important;width:100%!important;padding:10px 12px!important;background:#fff!important;color:#111!important;border:0!important;border-bottom:1px solid #e8ebe7!important;text-align:left!important}\n.premium-tbl td:last-child{border-bottom:0!important}\n.premium-tbl td::before{content:attr(data-label)!important;display:block!important;width:100%!important;margin:0 0 5px!important;color:#2c3e50!important;font-size:9px!important;line-height:1.2!important;font-weight:800!important;text-align:left!important;text-transform:uppercase!important;letter-spacing:.03em!important}\n.premium-tbl .main,.premium-tbl .sub{width:100%!important;max-width:none!important;text-align:left!important}.premium-tbl .badge{display:inline-flex!important;width:auto!important;margin:0!important;padding:4px 9px!important;justify-content:flex-start!important;text-align:left!important}\n}\n<\/style>\n<div class=\"google-auto-ads-ignore premium-tbl\">\n  <table>\n    <thead>\n      <tr>\n        <th>Evid\u00eancia<\/th>\n        <th>O que indica<\/th>\n        <th>Grau<\/th>\n      <\/tr>\n    <\/thead>\n    <tbody>\n      <tr>\n        <td data-label=\"Evid\u00eancia\">\n          <span class=\"main\">Cor vermelha<\/span>\n          <span class=\"sub\">Hematita dominante<\/span>\n        <\/td>\n        <td data-label=\"O que indica\">A prepara\u00e7\u00e3o foi feita para produzir um pigmento intenso.<\/td>\n        <td data-label=\"Grau\"><span class=\"badge ok\">Confirmado<\/span><\/td>\n      <\/tr>\n      <tr>\n        <td data-label=\"Evid\u00eancia\">\n          <span class=\"main\">Ceras vegetais<\/span>\n          <span class=\"sub\">Parte org\u00e2nica<\/span>\n        <\/td>\n        <td data-label=\"O que indica\">A mistura tinha componentes compat\u00edveis com uma pasta cosm\u00e9tica.<\/td>\n        <td data-label=\"Grau\"><span class=\"badge ok\">Identificado<\/span><\/td>\n      <\/tr>\n      <tr>\n        <td data-label=\"Evid\u00eancia\">\n          <span class=\"main\">Uso nos l\u00e1bios<\/span>\n          <span class=\"sub\">Interpreta\u00e7\u00e3o funcional<\/span>\n        <\/td>\n        <td data-label=\"O que indica\">A composi\u00e7\u00e3o \u00e9 fortemente compat\u00edvel com tinta labial.<\/td>\n        <td data-label=\"Grau\"><span class=\"badge alerta\">Prov\u00e1vel<\/span><\/td>\n      <\/tr>\n      <tr>\n        <td data-label=\"Evid\u00eancia\">\n          <span class=\"main\">Quem usava<\/span>\n          <span class=\"sub\">Identidade desconhecida<\/span>\n        <\/td>\n        <td data-label=\"O que indica\">O contexto preservado n\u00e3o permite definir sexo, g\u00eanero ou identidade do usu\u00e1rio.<\/td>\n        <td data-label=\"Grau\"><span class=\"badge neutro\">Sem resposta<\/span><\/td>\n      <\/tr>\n    <\/tbody>\n  <\/table>\n<\/div>\n\n\n\n\n<p class=\"wp-block-paragraph\"><strong>Leia tamb\u00e9m: <a href=\"https:\/\/www.em.com.br\/emalta\/2026\/08\/31\/um-pente-de-cerca-de-3-700-anos-guarda-uma-frase-contra-piolhos-e-ainda-conserva-restos-do-parasita-entre-os-dentes\/\" target=\"_blank\" rel=\"noreferrer noopener\">Um pente de cerca de 3.700 anos guarda uma frase contra piolhos e ainda conserva restos do parasita entre os dentes<\/a><\/strong><\/p>\n\n\n\n<h2 class=\"wp-block-heading\">O que esse frasco permite enxergar sobre um h\u00e1bito de quase 4 mil anos?<\/h2>\n\n\n\n<p class=\"wp-block-paragraph\">O recipiente conserva mais que uma cor. Sua composi\u00e7\u00e3o mostra conhecimento para combinar minerais capazes de produzir tons espec\u00edficos com subst\u00e2ncias vegetais que davam outra consist\u00eancia ao produto.<\/p>\n\n\n\n<p class=\"wp-block-paragraph\">O <strong>cosm\u00e9tico vermelho<\/strong> provavelmente serviu para colorir os l\u00e1bios, mas a an\u00e1lise para exatamente onde a evid\u00eancia termina. A qu\u00edmica conseguiu reconstruir ingredientes e idade; o usu\u00e1rio daquele pequeno frasco continua desconhecido, sem base suficiente para atribuir o produto a mulheres, homens ou um grupo social espec\u00edfico.<\/p>\n\n\n\n<style>\n.curio-box{box-sizing:border-box;display:flex;flex-direction:column;gap:6px;width:100%;max-width:680px;margin:20px auto 4px;background:#f5f7fa;border:1px solid #e5e7eb;border-radius:16px;padding:16px 18px;box-shadow:0 6px 18px rgba(0,0,0,.05);font-family:'Segoe UI',Arial,sans-serif;}\n.curio-box .tag{display:flex;align-items:center;gap:6px;font-size:11px;font-weight:800;text-transform:uppercase;letter-spacing:.05em;color:#2c3e50;}\n.curio-box .txt{font-size:13px;color:#333;line-height:1.6;}\n<\/style>\n<div class=\"google-auto-ads-ignore curio-box\">\n  <span class=\"tag\">\ud83d\udca1 Curiosidade<\/span>\n  <span class=\"txt\">O estudo apresenta essa como a primeira data\u00e7\u00e3o por radiocarbono obtida diretamente de um cosm\u00e9tico da Idade do Bronze no antigo Oriente Pr\u00f3ximo.<\/span>\n<\/div>\n","protected":false},"excerpt":{"rendered":"<p>Dentro de um pequeno frasco de pedra, um cosm\u00e9tico vermelho de quase 4 mil anos preservou minerais, ceras vegetais e mat\u00e9ria org\u00e2nica. A mistura foi datada entre 1936 e 1687 a.C. e se parece com receitas de batom, embora ningu\u00e9m saiba quem a usou durante a Idade do Bronze. O que havia dentro daquele pequeno [&hellip;]<\/p>\n","protected":false},"author":30,"featured_media":268720,"comment_status":"closed","ping_status":"closed","sticky":false,"template":"","format":"standard","meta":{"jnews-multi-image_gallery":[],"jnews_single_post":{"format":"standard"},"jnews_primary_category":[],"jnews_social_meta":[],"jnews_override_counter":[],"footnotes":""},"categories":[29],"tags":[675,7482,36622,34909],"class_list":["post-268685","post","type-post","status-publish","format-standard","has-post-thumbnail","hentry","category-entretenimento","tag-arqueologia","tag-batom","tag-cosmetico-antigo","tag-idade-do-bronze"],"yoast_head":"<!-- This site is optimized with the Yoast SEO plugin v28.3 - https:\/\/yoast.com\/product\/yoast-seo-wordpress\/ -->\n<title>Um pequeno frasco de pedra preservou por quase 4 mil anos um cosm\u00e9tico vermelho cuja mistura lembra a dos batons atuais - Estado de Minas - Em Alta<\/title>\n<meta name=\"description\" content=\"Um cosm\u00e9tico vermelho ficou quase 4 mil anos dentro de um frasco de pedra. A composi\u00e7\u00e3o revelou uma semelhan\u00e7a inesperada com o batom atual.\" \/>\n<meta name=\"robots\" content=\"index, follow, max-snippet:-1, max-image-preview:large, max-video-preview:-1\" \/>\n<link rel=\"canonical\" href=\"https:\/\/www.em.com.br\/emalta\/2026\/09\/01\/um-pequeno-frasco-de-pedra-preservou-por-quase-4-mil-anos-um-cosmetico-vermelho-cuja-mistura-lembra-a-dos-batons-atuais\/\" \/>\n<meta property=\"og:locale\" content=\"pt_BR\" \/>\n<meta property=\"og:type\" content=\"article\" \/>\n<meta property=\"og:title\" content=\"Um pequeno frasco de pedra preservou por quase 4 mil anos um cosm\u00e9tico vermelho cuja mistura lembra a dos batons atuais - Estado de Minas - Em Alta\" \/>\n<meta property=\"og:description\" content=\"Um cosm\u00e9tico vermelho ficou quase 4 mil anos dentro de um frasco de pedra. A composi\u00e7\u00e3o revelou uma semelhan\u00e7a inesperada com o batom atual.\" \/>\n<meta property=\"og:url\" content=\"https:\/\/www.em.com.br\/emalta\/2026\/09\/01\/um-pequeno-frasco-de-pedra-preservou-por-quase-4-mil-anos-um-cosmetico-vermelho-cuja-mistura-lembra-a-dos-batons-atuais\/\" \/>\n<meta property=\"og:site_name\" content=\"Estado de Minas - Em Alta\" \/>\n<meta property=\"article:published_time\" content=\"2026-09-02T01:57:00+00:00\" \/>\n<meta property=\"og:image\" content=\"https:\/\/www.em.com.br\/emalta\/wp-content\/uploads\/2026\/09\/arq1.jpg\" \/>\n\t<meta property=\"og:image:width\" content=\"1280\" \/>\n\t<meta property=\"og:image:height\" content=\"720\" \/>\n\t<meta property=\"og:image:type\" content=\"image\/jpeg\" \/>\n<meta name=\"author\" content=\"Guilherme Ara\u00fajo\" \/>\n<meta name=\"twitter:card\" content=\"summary_large_image\" \/>\n<meta name=\"twitter:label1\" content=\"Escrito por\" \/>\n\t<meta name=\"twitter:data1\" content=\"Guilherme Ara\u00fajo\" \/>\n\t<meta name=\"twitter:label2\" content=\"Est. tempo de leitura\" \/>\n\t<meta name=\"twitter:data2\" content=\"5 minutos\" \/>\n<!-- \/ Yoast SEO plugin. -->","yoast_head_json":{"title":"Um pequeno frasco de pedra preservou por quase 4 mil anos um cosm\u00e9tico vermelho cuja mistura lembra a dos batons atuais - Estado de Minas - Em Alta","description":"Um cosm\u00e9tico vermelho ficou quase 4 mil anos dentro de um frasco de pedra. A composi\u00e7\u00e3o revelou uma semelhan\u00e7a inesperada com o batom atual.","robots":{"index":"index","follow":"follow","max-snippet":"max-snippet:-1","max-image-preview":"max-image-preview:large","max-video-preview":"max-video-preview:-1"},"canonical":"https:\/\/www.em.com.br\/emalta\/2026\/09\/01\/um-pequeno-frasco-de-pedra-preservou-por-quase-4-mil-anos-um-cosmetico-vermelho-cuja-mistura-lembra-a-dos-batons-atuais\/","og_locale":"pt_BR","og_type":"article","og_title":"Um pequeno frasco de pedra preservou por quase 4 mil anos um cosm\u00e9tico vermelho cuja mistura lembra a dos batons atuais - Estado de Minas - Em Alta","og_description":"Um cosm\u00e9tico vermelho ficou quase 4 mil anos dentro de um frasco de pedra. A composi\u00e7\u00e3o revelou uma semelhan\u00e7a inesperada com o batom atual.","og_url":"https:\/\/www.em.com.br\/emalta\/2026\/09\/01\/um-pequeno-frasco-de-pedra-preservou-por-quase-4-mil-anos-um-cosmetico-vermelho-cuja-mistura-lembra-a-dos-batons-atuais\/","og_site_name":"Estado de Minas - Em Alta","article_published_time":"2026-09-02T01:57:00+00:00","og_image":[{"width":1280,"height":720,"url":"https:\/\/www.em.com.br\/emalta\/wp-content\/uploads\/2026\/09\/arq1.jpg","type":"image\/jpeg"}],"author":"Guilherme Ara\u00fajo","twitter_card":"summary_large_image","twitter_misc":{"Escrito por":"Guilherme Ara\u00fajo","Est. tempo de leitura":"5 minutos"},"schema":{"@context":"https:\/\/schema.org","@graph":[{"@type":"Article","@id":"https:\/\/www.em.com.br\/emalta\/2026\/09\/01\/um-pequeno-frasco-de-pedra-preservou-por-quase-4-mil-anos-um-cosmetico-vermelho-cuja-mistura-lembra-a-dos-batons-atuais\/#article","isPartOf":{"@id":"https:\/\/www.em.com.br\/emalta\/2026\/09\/01\/um-pequeno-frasco-de-pedra-preservou-por-quase-4-mil-anos-um-cosmetico-vermelho-cuja-mistura-lembra-a-dos-batons-atuais\/"},"author":{"name":"Guilherme Ara\u00fajo","@id":"https:\/\/www.em.com.br\/emalta\/#\/schema\/person\/a8c27556910de924e3004c2fd747ec3a"},"headline":"Um pequeno frasco de pedra preservou por quase 4 mil anos um cosm\u00e9tico vermelho cuja mistura lembra a dos batons atuais","datePublished":"2026-09-02T01:57:00+00:00","mainEntityOfPage":{"@id":"https:\/\/www.em.com.br\/emalta\/2026\/09\/01\/um-pequeno-frasco-de-pedra-preservou-por-quase-4-mil-anos-um-cosmetico-vermelho-cuja-mistura-lembra-a-dos-batons-atuais\/"},"wordCount":727,"image":{"@id":"https:\/\/www.em.com.br\/emalta\/2026\/09\/01\/um-pequeno-frasco-de-pedra-preservou-por-quase-4-mil-anos-um-cosmetico-vermelho-cuja-mistura-lembra-a-dos-batons-atuais\/#primaryimage"},"thumbnailUrl":"https:\/\/www.em.com.br\/emalta\/wp-content\/uploads\/2026\/09\/arq1.jpg","keywords":["arqueologia","Batom","cosm\u00e9tico antigo","Idade do Bronze"],"articleSection":["Entretenimento"],"inLanguage":"pt-BR"},{"@type":"WebPage","@id":"https:\/\/www.em.com.br\/emalta\/2026\/09\/01\/um-pequeno-frasco-de-pedra-preservou-por-quase-4-mil-anos-um-cosmetico-vermelho-cuja-mistura-lembra-a-dos-batons-atuais\/","url":"https:\/\/www.em.com.br\/emalta\/2026\/09\/01\/um-pequeno-frasco-de-pedra-preservou-por-quase-4-mil-anos-um-cosmetico-vermelho-cuja-mistura-lembra-a-dos-batons-atuais\/","name":"Um pequeno frasco de pedra preservou por quase 4 mil anos um cosm\u00e9tico vermelho cuja mistura lembra a dos batons atuais - Estado de Minas - Em Alta","isPartOf":{"@id":"https:\/\/www.em.com.br\/emalta\/#website"},"primaryImageOfPage":{"@id":"https:\/\/www.em.com.br\/emalta\/2026\/09\/01\/um-pequeno-frasco-de-pedra-preservou-por-quase-4-mil-anos-um-cosmetico-vermelho-cuja-mistura-lembra-a-dos-batons-atuais\/#primaryimage"},"image":{"@id":"https:\/\/www.em.com.br\/emalta\/2026\/09\/01\/um-pequeno-frasco-de-pedra-preservou-por-quase-4-mil-anos-um-cosmetico-vermelho-cuja-mistura-lembra-a-dos-batons-atuais\/#primaryimage"},"thumbnailUrl":"https:\/\/www.em.com.br\/emalta\/wp-content\/uploads\/2026\/09\/arq1.jpg","datePublished":"2026-09-02T01:57:00+00:00","author":{"@id":"https:\/\/www.em.com.br\/emalta\/#\/schema\/person\/a8c27556910de924e3004c2fd747ec3a"},"description":"Um cosm\u00e9tico vermelho ficou quase 4 mil anos dentro de um frasco de pedra. A composi\u00e7\u00e3o revelou uma semelhan\u00e7a inesperada com o batom atual.","breadcrumb":{"@id":"https:\/\/www.em.com.br\/emalta\/2026\/09\/01\/um-pequeno-frasco-de-pedra-preservou-por-quase-4-mil-anos-um-cosmetico-vermelho-cuja-mistura-lembra-a-dos-batons-atuais\/#breadcrumb"},"inLanguage":"pt-BR","potentialAction":[{"@type":"ReadAction","target":["https:\/\/www.em.com.br\/emalta\/2026\/09\/01\/um-pequeno-frasco-de-pedra-preservou-por-quase-4-mil-anos-um-cosmetico-vermelho-cuja-mistura-lembra-a-dos-batons-atuais\/"]}]},{"@type":"ImageObject","inLanguage":"pt-BR","@id":"https:\/\/www.em.com.br\/emalta\/2026\/09\/01\/um-pequeno-frasco-de-pedra-preservou-por-quase-4-mil-anos-um-cosmetico-vermelho-cuja-mistura-lembra-a-dos-batons-atuais\/#primaryimage","url":"https:\/\/www.em.com.br\/emalta\/wp-content\/uploads\/2026\/09\/arq1.jpg","contentUrl":"https:\/\/www.em.com.br\/emalta\/wp-content\/uploads\/2026\/09\/arq1.jpg","width":1280,"height":720,"caption":"A composi\u00e7\u00e3o preservada mostra que a preocupa\u00e7\u00e3o com cores e apar\u00eancia vem de muito longe"},{"@type":"BreadcrumbList","@id":"https:\/\/www.em.com.br\/emalta\/2026\/09\/01\/um-pequeno-frasco-de-pedra-preservou-por-quase-4-mil-anos-um-cosmetico-vermelho-cuja-mistura-lembra-a-dos-batons-atuais\/#breadcrumb","itemListElement":[{"@type":"ListItem","position":1,"name":"In\u00edcio","item":"https:\/\/www.em.com.br\/emalta\/"},{"@type":"ListItem","position":2,"name":"Um pequeno frasco de pedra preservou por quase 4 mil anos um cosm\u00e9tico vermelho cuja mistura lembra a dos batons atuais"}]},{"@type":"WebSite","@id":"https:\/\/www.em.com.br\/emalta\/#website","url":"https:\/\/www.em.com.br\/emalta\/","name":"Estado de Minas - Em Alta","description":"Acompanhe as \u00faltimas not\u00edcias e fique bem informado sobre tudo o que acontece em Minas Gerais, Brasil e no mundo.","potentialAction":[{"@type":"SearchAction","target":{"@type":"EntryPoint","urlTemplate":"https:\/\/www.em.com.br\/emalta\/?s={search_term_string}"},"query-input":{"@type":"PropertyValueSpecification","valueRequired":true,"valueName":"search_term_string"}}],"inLanguage":"pt-BR"},{"@type":"Person","@id":"https:\/\/www.em.com.br\/emalta\/#\/schema\/person\/a8c27556910de924e3004c2fd747ec3a","name":"Guilherme Ara\u00fajo","image":{"@type":"ImageObject","inLanguage":"pt-BR","@id":"https:\/\/secure.gravatar.com\/avatar\/063bc96e5a2afd1844386c45bd1360efc771eff011a9fab8cd399e2a104c3ecd?s=96&d=mm&r=g","url":"https:\/\/secure.gravatar.com\/avatar\/063bc96e5a2afd1844386c45bd1360efc771eff011a9fab8cd399e2a104c3ecd?s=96&d=mm&r=g","contentUrl":"https:\/\/secure.gravatar.com\/avatar\/063bc96e5a2afd1844386c45bd1360efc771eff011a9fab8cd399e2a104c3ecd?s=96&d=mm&r=g","caption":"Guilherme Ara\u00fajo"},"sameAs":["https:\/\/www.em.com.br\/emalta"],"url":"https:\/\/www.em.com.br\/emalta\/author\/guilhermeamyth\/"}]}},"_links":{"self":[{"href":"https:\/\/www.em.com.br\/emalta\/wp-json\/wp\/v2\/posts\/268685","targetHints":{"allow":["GET"]}}],"collection":[{"href":"https:\/\/www.em.com.br\/emalta\/wp-json\/wp\/v2\/posts"}],"about":[{"href":"https:\/\/www.em.com.br\/emalta\/wp-json\/wp\/v2\/types\/post"}],"author":[{"embeddable":true,"href":"https:\/\/www.em.com.br\/emalta\/wp-json\/wp\/v2\/users\/30"}],"replies":[{"embeddable":true,"href":"https:\/\/www.em.com.br\/emalta\/wp-json\/wp\/v2\/comments?post=268685"}],"version-history":[{"count":5,"href":"https:\/\/www.em.com.br\/emalta\/wp-json\/wp\/v2\/posts\/268685\/revisions"}],"predecessor-version":[{"id":268829,"href":"https:\/\/www.em.com.br\/emalta\/wp-json\/wp\/v2\/posts\/268685\/revisions\/268829"}],"wp:featuredmedia":[{"embeddable":true,"href":"https:\/\/www.em.com.br\/emalta\/wp-json\/wp\/v2\/media\/268720"}],"wp:attachment":[{"href":"https:\/\/www.em.com.br\/emalta\/wp-json\/wp\/v2\/media?parent=268685"}],"wp:term":[{"taxonomy":"category","embeddable":true,"href":"https:\/\/www.em.com.br\/emalta\/wp-json\/wp\/v2\/categories?post=268685"},{"taxonomy":"post_tag","embeddable":true,"href":"https:\/\/www.em.com.br\/emalta\/wp-json\/wp\/v2\/tags?post=268685"}],"curies":[{"name":"wp","href":"https:\/\/api.w.org\/{rel}","templated":true}]}}