{"id":268683,"date":"2026-09-01T14:37:00","date_gmt":"2026-09-01T17:37:00","guid":{"rendered":"https:\/\/www.em.com.br\/emalta\/?p=268683"},"modified":"2026-08-31T19:44:52","modified_gmt":"2026-08-31T22:44:52","slug":"arqueologos-encontraram-uma-massa-branca-dentro-de-um-jarro-numa-tumba-egipcia-e-analises-apontaram-queijo-de-cerca-de-3-200-anos","status":"publish","type":"post","link":"https:\/\/www.em.com.br\/emalta\/2026\/09\/01\/arqueologos-encontraram-uma-massa-branca-dentro-de-um-jarro-numa-tumba-egipcia-e-analises-apontaram-queijo-de-cerca-de-3-200-anos\/","title":{"rendered":"Arque\u00f3logos encontraram uma massa branca dentro de um jarro numa tumba eg\u00edpcia e an\u00e1lises apontaram queijo de cerca de 3.200 anos"},"content":{"rendered":"\n<p class=\"wp-block-paragraph\">Dentro de um jarro antigo, uma <strong>massa branca de 3.200 anos<\/strong> parecia apenas mais um res\u00edduo preservado numa tumba. An\u00e1lises de prote\u00ednas mostraram que o material era um produto l\u00e1cteo feito com leite de vaca misturado ao de ovelha ou cabra, abrindo uma pista rara sobre a alimenta\u00e7\u00e3o antiga.<\/p>\n\n\n\n<h2 class=\"wp-block-heading\">Como uma massa endurecida conseguiu ser reconhecida como alimento?<\/h2>\n\n\n\n<p class=\"wp-block-paragraph\">O material foi recuperado na <a href=\"https:\/\/pubs.acs.org\/doi\/10.1021\/acs.analchem.8b02535\" target=\"_blank\" rel=\"noopener noreferrer\"><strong>tumba de Ptahmes, em Saqqara<\/strong><\/a>. A apar\u00eancia sozinha n\u00e3o permitia dizer exatamente o que havia dentro daquele jarro depois de mil\u00eanios de altera\u00e7\u00f5es qu\u00edmicas.<\/p>\n\n\n\n<p class=\"wp-block-paragraph\">Os pesquisadores recorreram \u00e0 <strong>prote\u00f4mica<\/strong>, an\u00e1lise das prote\u00ednas presentes numa amostra. Mesmo quando gordura, cheiro e textura j\u00e1 desapareceram, fragmentos de prote\u00ednas podem carregar sinais que ajudam a identificar a origem biol\u00f3gica do material.<\/p>\n\n\n<div class=\"wp-block-image\">\n<figure class=\"aligncenter size-large\"><img decoding=\"async\" width=\"1024\" height=\"576\" src=\"https:\/\/www.em.com.br\/emalta\/wp-content\/uploads\/2026\/09\/mo2-1-1024x576.jpg\" alt=\"\" class=\"wp-image-268714\" srcset=\"https:\/\/www.em.com.br\/emalta\/wp-content\/uploads\/2026\/09\/mo2-1-1024x576.jpg 1024w, https:\/\/www.em.com.br\/emalta\/wp-content\/uploads\/2026\/09\/mo2-1-300x169.jpg 300w, https:\/\/www.em.com.br\/emalta\/wp-content\/uploads\/2026\/09\/mo2-1-768x432.jpg 768w, https:\/\/www.em.com.br\/emalta\/wp-content\/uploads\/2026\/09\/mo2-1-750x422.jpg 750w, https:\/\/www.em.com.br\/emalta\/wp-content\/uploads\/2026\/09\/mo2-1-1140x641.jpg 1140w, https:\/\/www.em.com.br\/emalta\/wp-content\/uploads\/2026\/09\/mo2-1.jpg 1280w\" sizes=\"(max-width: 1024px) 100vw, 1024px\" \/><figcaption class=\"wp-element-caption\">T\u00e9cnicas modernas permitiram identificar aquilo que restava do antigo alimento<\/figcaption><\/figure>\n<\/div>\n\n\n<h2 class=\"wp-block-heading\">Que pistas apontaram para leite de mais de um animal?<\/h2>\n\n\n\n<p class=\"wp-block-paragraph\">Os testes encontraram marcadores de prote\u00ednas compat\u00edveis com <strong>leite de vaca<\/strong> e outros que podiam vir de <strong>ovelha ou cabra<\/strong>. A combina\u00e7\u00e3o levou a equipe a classificar a massa como um produto l\u00e1cteo s\u00f3lido, provavelmente queijo.<\/p>\n\n\n\n<p class=\"wp-block-paragraph\">O caminho da identifica\u00e7\u00e3o pode ser resumido assim:<\/p>\n\n\n\n<style>\n.card-list{box-sizing:border-box;display:flex;flex-direction:column;gap:14px;width:100%;max-width:680px;margin:16px auto;font-family:'Segoe UI',Arial,sans-serif;}\n.card-list .item{box-sizing:border-box;display:grid;grid-template-columns:52px 1fr;gap:14px;align-items:start;background:#fff;border:1px solid #e5e7eb;border-radius:18px;padding:16px;box-shadow:0 8px 22px rgba(0,0,0,.06);}\n.card-list .num{width:42px;height:42px;border-radius:14px;background:#d46b08;color:#fff;display:flex;align-items:center;justify-content:center;font-size:15px;font-weight:800;line-height:1;}\n.card-list .txt{display:flex;flex-direction:column;gap:4px;}\n.card-list .title{font-size:15px;font-weight:700;color:#1a1a1a;line-height:1.35;}\n.card-list .desc{font-size:13px;color:#6b6b6b;line-height:1.5;}\n@media(max-width:480px){\n  .card-list{gap:12px;margin:14px auto;}\n  .card-list .item{grid-template-columns:1fr;padding:14px;border-radius:16px;}\n  .card-list .num{width:38px;height:38px;border-radius:12px;font-size:14px;}\n}\n<\/style>\n<div class=\"google-auto-ads-ignore card-list\">\n  <div class=\"item\">\n    <div class=\"num\">1<\/div>\n    <div class=\"txt\">\n      <span class=\"title\">A massa estava num jarro<\/span>\n      <span class=\"desc\">O res\u00edduo havia se solidificado e j\u00e1 n\u00e3o conservava a apar\u00eancia de um alimento fresco.<\/span>\n    <\/div>\n  <\/div>\n  <div class=\"item\">\n    <div class=\"num\">2<\/div>\n    <div class=\"txt\">\n      <span class=\"title\">Prote\u00ednas resistiram<\/span>\n      <span class=\"desc\">Pequenos marcadores permaneceram detect\u00e1veis apesar das condi\u00e7\u00f5es enfrentadas durante milhares de anos.<\/span>\n    <\/div>\n  <\/div>\n  <div class=\"item\">\n    <div class=\"num\">3<\/div>\n    <div class=\"txt\">\n      <span class=\"title\">Leite bovino apareceu na an\u00e1lise<\/span>\n      <span class=\"desc\">Parte dos pept\u00eddeos, fragmentos menores de prote\u00ednas, apontou para leite de vaca.<\/span>\n    <\/div>\n  <\/div>\n  <div class=\"item\">\n    <div class=\"num\">4<\/div>\n    <div class=\"txt\">\n      <span class=\"title\">Outro leite completava a mistura<\/span>\n      <span class=\"desc\">Outros sinais indicaram leite de ovelha ou cabra, sem permitir separar com seguran\u00e7a as duas possibilidades.<\/span>\n    <\/div>\n  <\/div>\n<\/div>\n\n\n\n<h2 class=\"wp-block-heading\">O que esse res\u00edduo conta e o que continua imposs\u00edvel saber?<\/h2>\n\n\n\n<p class=\"wp-block-paragraph\">O resultado abre uma janela para a produ\u00e7\u00e3o de alimentos, mas n\u00e3o recupera uma receita completa. Depois de cerca de <strong>3.200 anos<\/strong>, v\u00e1rias caracter\u00edsticas que algu\u00e9m perceberia numa mesa desapareceram.<\/p>\n\n\n\n<p class=\"wp-block-paragraph\">As an\u00e1lises sustentam alguns pontos e deixam outros em aberto:<\/p>\n\n\n\n<ul class=\"wp-block-list\">\n<li>o material era um <strong>produto l\u00e1cteo s\u00f3lido<\/strong>;<\/li>\n\n\n\n<li>havia uma mistura com <strong>leite de vaca<\/strong>;<\/li>\n\n\n\n<li>o segundo componente vinha de <strong>ovelha ou cabra<\/strong>;<\/li>\n\n\n\n<li>n\u00e3o \u00e9 poss\u00edvel reconstruir o sabor original apenas com esses dados;<\/li>\n\n\n\n<li>a an\u00e1lise tamb\u00e9m n\u00e3o entrega uma receita completa de fabrica\u00e7\u00e3o.<\/li>\n<\/ul>\n\n\n\n<p class=\"wp-block-paragraph\">Essa diferen\u00e7a evita transformar uma identifica\u00e7\u00e3o qu\u00edmica numa descri\u00e7\u00e3o detalhada de um queijo que ningu\u00e9m pode provar hoje. O estudo consegue responder de onde parte das prote\u00ednas veio, mas n\u00e3o recupera textura, aroma ou temperos que possam ter existido.<\/p>\n\n\n<div class=\"wp-block-image\">\n<figure class=\"aligncenter size-large\"><img decoding=\"async\" width=\"1024\" height=\"576\" src=\"https:\/\/www.em.com.br\/emalta\/wp-content\/uploads\/2026\/09\/animais-1024x576.jpg\" alt=\"\" class=\"wp-image-268715\" srcset=\"https:\/\/www.em.com.br\/emalta\/wp-content\/uploads\/2026\/09\/animais-1024x576.jpg 1024w, https:\/\/www.em.com.br\/emalta\/wp-content\/uploads\/2026\/09\/animais-300x169.jpg 300w, https:\/\/www.em.com.br\/emalta\/wp-content\/uploads\/2026\/09\/animais-768x432.jpg 768w, https:\/\/www.em.com.br\/emalta\/wp-content\/uploads\/2026\/09\/animais-750x422.jpg 750w, https:\/\/www.em.com.br\/emalta\/wp-content\/uploads\/2026\/09\/animais-1140x641.jpg 1140w, https:\/\/www.em.com.br\/emalta\/wp-content\/uploads\/2026\/09\/animais.jpg 1280w\" sizes=\"(max-width: 1024px) 100vw, 1024px\" \/><figcaption class=\"wp-element-caption\">O achado oferece pistas sobre produtos consumidos e preparados naquela \u00e9poca<\/figcaption><\/figure>\n<\/div>\n\n\n<h2 class=\"wp-block-heading\">Por que prote\u00ednas sobreviventes valem tanto para a arqueologia?<\/h2>\n\n\n\n<p class=\"wp-block-paragraph\">A massa passou milhares de anos em contato com um ambiente fortemente alcalino, rico em carbonato de s\u00f3dio. Ainda assim, marcadores espec\u00edficos permaneceram est\u00e1veis o bastante para serem encontrados nos testes.<\/p>\n\n\n\n<p class=\"wp-block-paragraph\">A informa\u00e7\u00e3o preservada pode ser organizada desta forma:<\/p>\n\n\n\n\n<style>\n.premium-tbl{box-sizing:border-box!important;display:flex!important;flex-direction:column!important;width:calc(100% - 32px)!important;max-width:650px!important;margin:16px auto!important;padding:0!important;background:#fff!important;border:1px solid #e3e7e2!important;border-radius:14px!important;overflow:hidden!important;box-shadow:0 5px 15px rgba(0,0,0,.055)!important;font-family:Arial,'Segoe UI',sans-serif!important}\n.premium-tbl table{box-sizing:border-box!important;display:table!important;width:100%!important;max-width:none!important;min-width:0!important;margin:0!important;padding:0!important;border:0!important;border-spacing:0!important;border-collapse:collapse!important;table-layout:fixed!important;background:#fff!important}\n.premium-tbl thead{display:table-header-group!important;background:#d46b08!important}\n.premium-tbl thead tr{display:table-row!important;background:#d46b08!important}\n.premium-tbl th{box-sizing:border-box!important;padding:10px 12px!important;background:#d46b08!important;color:#fff!important;border:0!important;border-right:1px solid rgba(255,255,255,.22)!important;text-align:left!important;vertical-align:middle!important;font-family:Arial,'Segoe UI',sans-serif!important;font-size:12px!important;line-height:1.25!important;font-weight:700!important;text-transform:none!important;letter-spacing:0!important}\n.premium-tbl th:last-child{border-right:0!important}\n.premium-tbl th:nth-child(1){width:29%!important}.premium-tbl th:nth-child(2){width:51%!important}.premium-tbl th:nth-child(3){width:20%!important}\n.premium-tbl tbody{display:table-row-group!important}.premium-tbl tbody tr{display:table-row!important;background:#fff!important}.premium-tbl tbody tr:nth-child(odd){background:#fffaf3!important}.premium-tbl tbody tr:hover{background:#fff6e8!important}\n.premium-tbl td{box-sizing:border-box!important;display:table-cell!important;padding:10px 12px!important;background:transparent!important;color:#111!important;border:0!important;border-right:1px solid #ece8e2!important;border-bottom:1px solid #ece8e2!important;text-align:left!important;vertical-align:middle!important;font-family:Arial,'Segoe UI',sans-serif!important;font-size:12px!important;line-height:1.4!important;font-weight:400!important;overflow-wrap:anywhere!important}\n.premium-tbl td:last-child{border-right:0!important}.premium-tbl tbody tr:last-child td{border-bottom:0!important}\n.premium-tbl .main{display:block!important;margin:0 0 2px!important;color:#111!important;font-size:12px!important;line-height:1.3!important;font-weight:700!important}\n.premium-tbl .sub{display:block!important;margin:0!important;color:#666!important;font-size:10.5px!important;line-height:1.35!important;font-weight:400!important}\n.premium-tbl .badge{display:inline-flex!important;width:auto!important;min-width:0!important;padding:3px 8px!important;border-radius:999px!important;font-size:10.5px!important;line-height:1.25!important;font-weight:700!important;white-space:nowrap!important}\n.premium-tbl .ok{background:#dff5e8!important;color:#11643a!important}.premium-tbl .alerta{background:#fff0d5!important;color:#875108!important}.premium-tbl .neutro{background:#e4f0fb!important;color:#145d96!important}\n@media(max-width:680px){\n.premium-tbl{width:100%!important;max-width:100%!important;margin:14px auto!important;border:0!important;border-radius:0!important;overflow:visible!important;background:transparent!important;box-shadow:none!important}\n.premium-tbl table{display:block!important;width:100%!important;max-width:100%!important;background:transparent!important}\n.premium-tbl thead{display:none!important}\n.premium-tbl tbody{box-sizing:border-box!important;display:flex!important;flex-direction:column!important;gap:12px!important;width:100%!important}\n.premium-tbl tbody tr,.premium-tbl tbody tr:nth-child(odd){box-sizing:border-box!important;display:block!important;width:100%!important;margin:0!important;background:#fff!important;border:1px solid #e3e7e2!important;border-radius:14px!important;overflow:hidden!important;box-shadow:0 5px 14px rgba(0,0,0,.05)!important}\n.premium-tbl td{box-sizing:border-box!important;display:block!important;width:100%!important;padding:10px 12px!important;background:#fff!important;color:#111!important;border:0!important;border-bottom:1px solid #e8ebe7!important;text-align:left!important}\n.premium-tbl td:last-child{border-bottom:0!important}\n.premium-tbl td::before{content:attr(data-label)!important;display:block!important;width:100%!important;margin:0 0 5px!important;color:#d46b08!important;font-size:9px!important;line-height:1.2!important;font-weight:800!important;text-align:left!important;text-transform:uppercase!important;letter-spacing:.03em!important}\n.premium-tbl .main,.premium-tbl .sub{width:100%!important;max-width:none!important;text-align:left!important}\n.premium-tbl .badge{display:inline-flex!important;width:auto!important;margin:0!important;padding:4px 9px!important;justify-content:flex-start!important;text-align:left!important}\n}\n<\/style>\n<div class=\"google-auto-ads-ignore premium-tbl\">\n  <table>\n    <thead>\n      <tr>\n        <th>Pista<\/th>\n        <th>O que ela permitiu concluir<\/th>\n        <th>Limite<\/th>\n      <\/tr>\n    <\/thead>\n    <tbody>\n      <tr>\n        <td data-label=\"Pista\">\n          <span class=\"main\">Prote\u00ednas bovinas<\/span>\n          <span class=\"sub\">Marcadores preservados<\/span>\n        <\/td>\n        <td data-label=\"O que ela permitiu concluir\">Leite de vaca fazia parte do alimento.<\/td>\n        <td data-label=\"Limite\"><span class=\"badge ok\">Identificado<\/span><\/td>\n      <\/tr>\n      <tr>\n        <td data-label=\"Pista\">\n          <span class=\"main\">Outros pept\u00eddeos<\/span>\n          <span class=\"sub\">Origem animal<\/span>\n        <\/td>\n        <td data-label=\"O que ela permitiu concluir\">Havia leite de ovelha ou de cabra na mistura.<\/td>\n        <td data-label=\"Limite\"><span class=\"badge alerta\">Sem separar<\/span><\/td>\n      <\/tr>\n      <tr>\n        <td data-label=\"Pista\">\n          <span class=\"main\">Estado s\u00f3lido<\/span>\n          <span class=\"sub\">Massa preservada<\/span>\n        <\/td>\n        <td data-label=\"O que ela permitiu concluir\">O conjunto das evid\u00eancias foi compat\u00edvel com queijo antigo.<\/td>\n        <td data-label=\"Limite\"><span class=\"badge ok\">Sustentado<\/span><\/td>\n      <\/tr>\n      <tr>\n        <td data-label=\"Pista\">\n          <span class=\"main\">Receita<\/span>\n          <span class=\"sub\">Detalhes perdidos<\/span>\n        <\/td>\n        <td data-label=\"O que ela permitiu concluir\">Os testes n\u00e3o permitem reproduzir exatamente o alimento.<\/td>\n        <td data-label=\"Limite\"><span class=\"badge neutro\">Desconhecido<\/span><\/td>\n      <\/tr>\n    <\/tbody>\n  <\/table>\n<\/div>\n\n\n\n\n<p class=\"wp-block-paragraph\"><strong>Leia tamb\u00e9m: <a href=\"https:\/\/www.em.com.br\/emalta\/2026\/08\/31\/um-pente-de-cerca-de-3-700-anos-guarda-uma-frase-contra-piolhos-e-ainda-conserva-restos-do-parasita-entre-os-dentes\/\" target=\"_blank\" rel=\"noreferrer noopener\">Um pente de cerca de 3.700 anos guarda uma frase contra piolhos e ainda conserva restos do parasita entre os dentes<\/a><\/strong><\/p>\n\n\n\n<h2 class=\"wp-block-heading\">Como um resto aparentemente sem valor virou uma pista sobre alimenta\u00e7\u00e3o antiga?<\/h2>\n\n\n\n<p class=\"wp-block-paragraph\">O jarro n\u00e3o preservou uma refei\u00e7\u00e3o pronta para ser reconhecida a olho nu. Foram mol\u00e9culas microsc\u00f3picas que entregaram parte de sua origem e mostraram que diferentes tipos de leite estavam sendo combinados na produ\u00e7\u00e3o daquele alimento.<\/p>\n\n\n\n<p class=\"wp-block-paragraph\">O <strong>queijo de 3.200 anos<\/strong> revela quanto pode sobreviver dentro de um res\u00edduo arqueol\u00f3gico. Uma massa branca endurecida conseguiu conservar informa\u00e7\u00e3o suficiente para ligar um recipiente encontrado numa tumba a pr\u00e1ticas reais de transforma\u00e7\u00e3o do leite no Egito antigo.<\/p>\n\n\n\n<style>\n.curio-box{box-sizing:border-box;display:flex;flex-direction:column;gap:6px;width:100%;max-width:680px;margin:20px auto 4px;background:#fff7e6;border:1px solid #e5e7eb;border-radius:16px;padding:16px 18px;box-shadow:0 6px 18px rgba(0,0,0,.05);font-family:'Segoe UI',Arial,sans-serif;}\n.curio-box .tag{display:flex;align-items:center;gap:6px;font-size:11px;font-weight:800;text-transform:uppercase;letter-spacing:.05em;color:#d46b08;}\n.curio-box .txt{font-size:13px;color:#333;line-height:1.6;}\n<\/style>\n<div class=\"google-auto-ads-ignore curio-box\">\n  <span class=\"tag\">\ud83d\udca1 Curiosidade<\/span>\n  <span class=\"txt\">A tumba de Ptahmes foi descoberta no s\u00e9culo XIX, acabou novamente coberta pela areia e foi redescoberta em 2010.<\/span>\n<\/div>\n","protected":false},"excerpt":{"rendered":"<p>Dentro de um jarro antigo, uma massa branca de 3.200 anos parecia apenas mais um res\u00edduo preservado numa tumba. An\u00e1lises de prote\u00ednas mostraram que o material era um produto l\u00e1cteo feito com leite de vaca misturado ao de ovelha ou cabra, abrindo uma pista rara sobre a alimenta\u00e7\u00e3o antiga. Como uma massa endurecida conseguiu ser [&hellip;]<\/p>\n","protected":false},"author":30,"featured_media":268712,"comment_status":"closed","ping_status":"closed","sticky":false,"template":"","format":"standard","meta":{"jnews-multi-image_gallery":[],"jnews_single_post":{"format":"standard"},"jnews_primary_category":[],"jnews_social_meta":[],"jnews_override_counter":[],"footnotes":""},"categories":[29],"tags":[3081,675,10998,36621],"class_list":["post-268683","post","type-post","status-publish","format-standard","has-post-thumbnail","hentry","category-entretenimento","tag-alimentos","tag-arqueologia","tag-egito-antigo","tag-queijo-antigo"],"yoast_head":"<!-- This site is optimized with the Yoast SEO plugin v28.3 - https:\/\/yoast.com\/product\/yoast-seo-wordpress\/ -->\n<title>Arque\u00f3logos encontraram uma massa branca dentro de um jarro numa tumba eg\u00edpcia e an\u00e1lises apontaram queijo de cerca de 3.200 anos - Estado de Minas - Em Alta<\/title>\n<meta name=\"description\" content=\"Um queijo de 3.200 anos surgiu de uma massa branca numa tumba. Prote\u00ednas antigas revelaram uma pista inesperada sobre o conte\u00fado do jarro.\" \/>\n<meta name=\"robots\" content=\"index, follow, max-snippet:-1, max-image-preview:large, max-video-preview:-1\" \/>\n<link rel=\"canonical\" href=\"https:\/\/www.em.com.br\/emalta\/2026\/09\/01\/arqueologos-encontraram-uma-massa-branca-dentro-de-um-jarro-numa-tumba-egipcia-e-analises-apontaram-queijo-de-cerca-de-3-200-anos\/\" \/>\n<meta property=\"og:locale\" content=\"pt_BR\" \/>\n<meta property=\"og:type\" content=\"article\" \/>\n<meta property=\"og:title\" content=\"Arque\u00f3logos encontraram uma massa branca dentro de um jarro numa tumba eg\u00edpcia e an\u00e1lises apontaram queijo de cerca de 3.200 anos - Estado de Minas - Em Alta\" \/>\n<meta property=\"og:description\" content=\"Um queijo de 3.200 anos surgiu de uma massa branca numa tumba. Prote\u00ednas antigas revelaram uma pista inesperada sobre o conte\u00fado do jarro.\" \/>\n<meta property=\"og:url\" content=\"https:\/\/www.em.com.br\/emalta\/2026\/09\/01\/arqueologos-encontraram-uma-massa-branca-dentro-de-um-jarro-numa-tumba-egipcia-e-analises-apontaram-queijo-de-cerca-de-3-200-anos\/\" \/>\n<meta property=\"og:site_name\" content=\"Estado de Minas - Em Alta\" \/>\n<meta property=\"article:published_time\" content=\"2026-09-01T17:37:00+00:00\" \/>\n<meta property=\"og:image\" content=\"https:\/\/www.em.com.br\/emalta\/wp-content\/uploads\/2026\/09\/capa1.jpg\" \/>\n\t<meta property=\"og:image:width\" content=\"1280\" \/>\n\t<meta property=\"og:image:height\" content=\"720\" \/>\n\t<meta property=\"og:image:type\" content=\"image\/jpeg\" \/>\n<meta name=\"author\" content=\"Guilherme Ara\u00fajo\" \/>\n<meta name=\"twitter:card\" content=\"summary_large_image\" \/>\n<meta name=\"twitter:label1\" content=\"Escrito por\" \/>\n\t<meta name=\"twitter:data1\" content=\"Guilherme Ara\u00fajo\" \/>\n\t<meta name=\"twitter:label2\" content=\"Est. tempo de leitura\" \/>\n\t<meta name=\"twitter:data2\" content=\"5 minutos\" \/>\n<!-- \/ Yoast SEO plugin. -->","yoast_head_json":{"title":"Arque\u00f3logos encontraram uma massa branca dentro de um jarro numa tumba eg\u00edpcia e an\u00e1lises apontaram queijo de cerca de 3.200 anos - Estado de Minas - Em Alta","description":"Um queijo de 3.200 anos surgiu de uma massa branca numa tumba. Prote\u00ednas antigas revelaram uma pista inesperada sobre o conte\u00fado do jarro.","robots":{"index":"index","follow":"follow","max-snippet":"max-snippet:-1","max-image-preview":"max-image-preview:large","max-video-preview":"max-video-preview:-1"},"canonical":"https:\/\/www.em.com.br\/emalta\/2026\/09\/01\/arqueologos-encontraram-uma-massa-branca-dentro-de-um-jarro-numa-tumba-egipcia-e-analises-apontaram-queijo-de-cerca-de-3-200-anos\/","og_locale":"pt_BR","og_type":"article","og_title":"Arque\u00f3logos encontraram uma massa branca dentro de um jarro numa tumba eg\u00edpcia e an\u00e1lises apontaram queijo de cerca de 3.200 anos - Estado de Minas - Em Alta","og_description":"Um queijo de 3.200 anos surgiu de uma massa branca numa tumba. Prote\u00ednas antigas revelaram uma pista inesperada sobre o conte\u00fado do jarro.","og_url":"https:\/\/www.em.com.br\/emalta\/2026\/09\/01\/arqueologos-encontraram-uma-massa-branca-dentro-de-um-jarro-numa-tumba-egipcia-e-analises-apontaram-queijo-de-cerca-de-3-200-anos\/","og_site_name":"Estado de Minas - Em Alta","article_published_time":"2026-09-01T17:37:00+00:00","og_image":[{"width":1280,"height":720,"url":"https:\/\/www.em.com.br\/emalta\/wp-content\/uploads\/2026\/09\/capa1.jpg","type":"image\/jpeg"}],"author":"Guilherme Ara\u00fajo","twitter_card":"summary_large_image","twitter_misc":{"Escrito por":"Guilherme Ara\u00fajo","Est. tempo de leitura":"5 minutos"},"schema":{"@context":"https:\/\/schema.org","@graph":[{"@type":"Article","@id":"https:\/\/www.em.com.br\/emalta\/2026\/09\/01\/arqueologos-encontraram-uma-massa-branca-dentro-de-um-jarro-numa-tumba-egipcia-e-analises-apontaram-queijo-de-cerca-de-3-200-anos\/#article","isPartOf":{"@id":"https:\/\/www.em.com.br\/emalta\/2026\/09\/01\/arqueologos-encontraram-uma-massa-branca-dentro-de-um-jarro-numa-tumba-egipcia-e-analises-apontaram-queijo-de-cerca-de-3-200-anos\/"},"author":{"name":"Guilherme Ara\u00fajo","@id":"https:\/\/www.em.com.br\/emalta\/#\/schema\/person\/a8c27556910de924e3004c2fd747ec3a"},"headline":"Arque\u00f3logos encontraram uma massa branca dentro de um jarro numa tumba eg\u00edpcia e an\u00e1lises apontaram queijo de cerca de 3.200 anos","datePublished":"2026-09-01T17:37:00+00:00","mainEntityOfPage":{"@id":"https:\/\/www.em.com.br\/emalta\/2026\/09\/01\/arqueologos-encontraram-uma-massa-branca-dentro-de-um-jarro-numa-tumba-egipcia-e-analises-apontaram-queijo-de-cerca-de-3-200-anos\/"},"wordCount":734,"image":{"@id":"https:\/\/www.em.com.br\/emalta\/2026\/09\/01\/arqueologos-encontraram-uma-massa-branca-dentro-de-um-jarro-numa-tumba-egipcia-e-analises-apontaram-queijo-de-cerca-de-3-200-anos\/#primaryimage"},"thumbnailUrl":"https:\/\/www.em.com.br\/emalta\/wp-content\/uploads\/2026\/09\/capa1.jpg","keywords":["alimentos","arqueologia","Egito Antigo","queijo antigo"],"articleSection":["Entretenimento"],"inLanguage":"pt-BR"},{"@type":"WebPage","@id":"https:\/\/www.em.com.br\/emalta\/2026\/09\/01\/arqueologos-encontraram-uma-massa-branca-dentro-de-um-jarro-numa-tumba-egipcia-e-analises-apontaram-queijo-de-cerca-de-3-200-anos\/","url":"https:\/\/www.em.com.br\/emalta\/2026\/09\/01\/arqueologos-encontraram-uma-massa-branca-dentro-de-um-jarro-numa-tumba-egipcia-e-analises-apontaram-queijo-de-cerca-de-3-200-anos\/","name":"Arque\u00f3logos encontraram uma massa branca dentro de um jarro numa tumba eg\u00edpcia e an\u00e1lises apontaram queijo de cerca de 3.200 anos - Estado de Minas - Em Alta","isPartOf":{"@id":"https:\/\/www.em.com.br\/emalta\/#website"},"primaryImageOfPage":{"@id":"https:\/\/www.em.com.br\/emalta\/2026\/09\/01\/arqueologos-encontraram-uma-massa-branca-dentro-de-um-jarro-numa-tumba-egipcia-e-analises-apontaram-queijo-de-cerca-de-3-200-anos\/#primaryimage"},"image":{"@id":"https:\/\/www.em.com.br\/emalta\/2026\/09\/01\/arqueologos-encontraram-uma-massa-branca-dentro-de-um-jarro-numa-tumba-egipcia-e-analises-apontaram-queijo-de-cerca-de-3-200-anos\/#primaryimage"},"thumbnailUrl":"https:\/\/www.em.com.br\/emalta\/wp-content\/uploads\/2026\/09\/capa1.jpg","datePublished":"2026-09-01T17:37:00+00:00","author":{"@id":"https:\/\/www.em.com.br\/emalta\/#\/schema\/person\/a8c27556910de924e3004c2fd747ec3a"},"description":"Um queijo de 3.200 anos surgiu de uma massa branca numa tumba. Prote\u00ednas antigas revelaram uma pista inesperada sobre o conte\u00fado do jarro.","breadcrumb":{"@id":"https:\/\/www.em.com.br\/emalta\/2026\/09\/01\/arqueologos-encontraram-uma-massa-branca-dentro-de-um-jarro-numa-tumba-egipcia-e-analises-apontaram-queijo-de-cerca-de-3-200-anos\/#breadcrumb"},"inLanguage":"pt-BR","potentialAction":[{"@type":"ReadAction","target":["https:\/\/www.em.com.br\/emalta\/2026\/09\/01\/arqueologos-encontraram-uma-massa-branca-dentro-de-um-jarro-numa-tumba-egipcia-e-analises-apontaram-queijo-de-cerca-de-3-200-anos\/"]}]},{"@type":"ImageObject","inLanguage":"pt-BR","@id":"https:\/\/www.em.com.br\/emalta\/2026\/09\/01\/arqueologos-encontraram-uma-massa-branca-dentro-de-um-jarro-numa-tumba-egipcia-e-analises-apontaram-queijo-de-cerca-de-3-200-anos\/#primaryimage","url":"https:\/\/www.em.com.br\/emalta\/wp-content\/uploads\/2026\/09\/capa1.jpg","contentUrl":"https:\/\/www.em.com.br\/emalta\/wp-content\/uploads\/2026\/09\/capa1.jpg","width":1280,"height":720,"caption":"O conte\u00fado do recipiente permaneceu preservado durante mil\u00eanios antes de ser analisado"},{"@type":"BreadcrumbList","@id":"https:\/\/www.em.com.br\/emalta\/2026\/09\/01\/arqueologos-encontraram-uma-massa-branca-dentro-de-um-jarro-numa-tumba-egipcia-e-analises-apontaram-queijo-de-cerca-de-3-200-anos\/#breadcrumb","itemListElement":[{"@type":"ListItem","position":1,"name":"In\u00edcio","item":"https:\/\/www.em.com.br\/emalta\/"},{"@type":"ListItem","position":2,"name":"Arque\u00f3logos encontraram uma massa branca dentro de um jarro numa tumba eg\u00edpcia e an\u00e1lises apontaram queijo de cerca de 3.200 anos"}]},{"@type":"WebSite","@id":"https:\/\/www.em.com.br\/emalta\/#website","url":"https:\/\/www.em.com.br\/emalta\/","name":"Estado de Minas - Em Alta","description":"Acompanhe as \u00faltimas not\u00edcias e fique bem informado sobre tudo o que acontece em Minas Gerais, Brasil e no mundo.","potentialAction":[{"@type":"SearchAction","target":{"@type":"EntryPoint","urlTemplate":"https:\/\/www.em.com.br\/emalta\/?s={search_term_string}"},"query-input":{"@type":"PropertyValueSpecification","valueRequired":true,"valueName":"search_term_string"}}],"inLanguage":"pt-BR"},{"@type":"Person","@id":"https:\/\/www.em.com.br\/emalta\/#\/schema\/person\/a8c27556910de924e3004c2fd747ec3a","name":"Guilherme Ara\u00fajo","image":{"@type":"ImageObject","inLanguage":"pt-BR","@id":"https:\/\/secure.gravatar.com\/avatar\/063bc96e5a2afd1844386c45bd1360efc771eff011a9fab8cd399e2a104c3ecd?s=96&d=mm&r=g","url":"https:\/\/secure.gravatar.com\/avatar\/063bc96e5a2afd1844386c45bd1360efc771eff011a9fab8cd399e2a104c3ecd?s=96&d=mm&r=g","contentUrl":"https:\/\/secure.gravatar.com\/avatar\/063bc96e5a2afd1844386c45bd1360efc771eff011a9fab8cd399e2a104c3ecd?s=96&d=mm&r=g","caption":"Guilherme Ara\u00fajo"},"sameAs":["https:\/\/www.em.com.br\/emalta"],"url":"https:\/\/www.em.com.br\/emalta\/author\/guilhermeamyth\/"}]}},"_links":{"self":[{"href":"https:\/\/www.em.com.br\/emalta\/wp-json\/wp\/v2\/posts\/268683","targetHints":{"allow":["GET"]}}],"collection":[{"href":"https:\/\/www.em.com.br\/emalta\/wp-json\/wp\/v2\/posts"}],"about":[{"href":"https:\/\/www.em.com.br\/emalta\/wp-json\/wp\/v2\/types\/post"}],"author":[{"embeddable":true,"href":"https:\/\/www.em.com.br\/emalta\/wp-json\/wp\/v2\/users\/30"}],"replies":[{"embeddable":true,"href":"https:\/\/www.em.com.br\/emalta\/wp-json\/wp\/v2\/comments?post=268683"}],"version-history":[{"count":6,"href":"https:\/\/www.em.com.br\/emalta\/wp-json\/wp\/v2\/posts\/268683\/revisions"}],"predecessor-version":[{"id":268827,"href":"https:\/\/www.em.com.br\/emalta\/wp-json\/wp\/v2\/posts\/268683\/revisions\/268827"}],"wp:featuredmedia":[{"embeddable":true,"href":"https:\/\/www.em.com.br\/emalta\/wp-json\/wp\/v2\/media\/268712"}],"wp:attachment":[{"href":"https:\/\/www.em.com.br\/emalta\/wp-json\/wp\/v2\/media?parent=268683"}],"wp:term":[{"taxonomy":"category","embeddable":true,"href":"https:\/\/www.em.com.br\/emalta\/wp-json\/wp\/v2\/categories?post=268683"},{"taxonomy":"post_tag","embeddable":true,"href":"https:\/\/www.em.com.br\/emalta\/wp-json\/wp\/v2\/tags?post=268683"}],"curies":[{"name":"wp","href":"https:\/\/api.w.org\/{rel}","templated":true}]}}