{"id":268682,"date":"2026-09-01T08:17:00","date_gmt":"2026-09-01T11:17:00","guid":{"rendered":"https:\/\/www.em.com.br\/emalta\/?p=268682"},"modified":"2026-08-31T19:44:50","modified_gmt":"2026-08-31T22:44:50","slug":"uma-peca-romana-de-cerca-de-1-800-anos-reunia-seis-utensilios-dobraveis-incluindo-faca-garfo-e-colher-como-um-antigo-canivete-suico","status":"publish","type":"post","link":"https:\/\/www.em.com.br\/emalta\/2026\/09\/01\/uma-peca-romana-de-cerca-de-1-800-anos-reunia-seis-utensilios-dobraveis-incluindo-faca-garfo-e-colher-como-um-antigo-canivete-suico\/","title":{"rendered":"Uma pe\u00e7a romana de cerca de 1.800 anos reunia seis utens\u00edlios dobr\u00e1veis, incluindo faca, garfo e colher, como um antigo canivete su\u00ed\u00e7o"},"content":{"rendered":"\n<p class=\"wp-block-paragraph\">Com 15,5 cm de largura, um <strong>utens\u00edlio romano dobr\u00e1vel<\/strong> reunia faca, garfo, colher e outras tr\u00eas pe\u00e7as em um \u00fanico conjunto. Feito de prata e ferro, ele foi datado entre <strong>201 e 300 d.C.<\/strong> e pode ter acompanhado um viajante rico durante refei\u00e7\u00f5es em deslocamentos longos.<\/p>\n\n\n\n<h2 class=\"wp-block-heading\">Como tanta coisa cabia numa pe\u00e7a com apenas 15,5 cent\u00edmetros?<\/h2>\n\n\n\n<p class=\"wp-block-paragraph\">As partes do conjunto podiam ser dobradas, criando uma solu\u00e7\u00e3o port\u00e1til para fun\u00e7\u00f5es que hoje exigiriam v\u00e1rios objetos separados. O <a href=\"https:\/\/data.fitzmuseum.cam.ac.uk\/id\/object\/70534\" target=\"_blank\" rel=\"noopener noreferrer\"><strong>registro detalhado da pe\u00e7a romana<\/strong><\/a> informa ainda uma altura de <strong>8,8 cm<\/strong>.<\/p>\n\n\n\n<p class=\"wp-block-paragraph\">O corpo foi produzido em <strong>prata<\/strong>, enquanto a faca possui componente de <strong>ferro<\/strong>. Essa combina\u00e7\u00e3o, somada \u00e0 quantidade de fun\u00e7\u00f5es reunidas, ajuda a explicar por que o objeto \u00e9 tratado como uma pe\u00e7a bem mais elaborada que facas dobr\u00e1veis romanas simples.<\/p>\n\n\n<div class=\"wp-block-image\">\n<figure class=\"aligncenter size-large\"><img decoding=\"async\" width=\"1024\" height=\"576\" src=\"https:\/\/www.em.com.br\/emalta\/wp-content\/uploads\/2026\/09\/multitarefa-1-1024x576.jpg\" alt=\"\" class=\"wp-image-268711\" srcset=\"https:\/\/www.em.com.br\/emalta\/wp-content\/uploads\/2026\/09\/multitarefa-1-1024x576.jpg 1024w, https:\/\/www.em.com.br\/emalta\/wp-content\/uploads\/2026\/09\/multitarefa-1-300x169.jpg 300w, https:\/\/www.em.com.br\/emalta\/wp-content\/uploads\/2026\/09\/multitarefa-1-768x432.jpg 768w, https:\/\/www.em.com.br\/emalta\/wp-content\/uploads\/2026\/09\/multitarefa-1-750x422.jpg 750w, https:\/\/www.em.com.br\/emalta\/wp-content\/uploads\/2026\/09\/multitarefa-1-1140x641.jpg 1140w, https:\/\/www.em.com.br\/emalta\/wp-content\/uploads\/2026\/09\/multitarefa-1.jpg 1280w\" sizes=\"(max-width: 1024px) 100vw, 1024px\" \/><figcaption class=\"wp-element-caption\">Cada utens\u00edlio podia ser dobrado para deixar o conjunto mais compacto<\/figcaption><\/figure>\n<\/div>\n\n\n<h2 class=\"wp-block-heading\">O que eram as seis pe\u00e7as escondidas nesse conjunto?<\/h2>\n\n\n\n<p class=\"wp-block-paragraph\">Tr\u00eas fun\u00e7\u00f5es s\u00e3o imediatamente familiares: cortar, espetar alimentos e usar uma colher. As outras pe\u00e7as s\u00e3o mais espec\u00edficas, e algumas finalidades s\u00e3o apresentadas como possibilidades porque n\u00e3o h\u00e1 como observar diretamente o dono usando o objeto h\u00e1 quase dois mil\u00eanios.<\/p>\n\n\n\n<p class=\"wp-block-paragraph\">O conjunto pode ser organizado assim:<\/p>\n\n\n\n<style>\r\n.card-list{box-sizing:border-box;display:flex;flex-direction:column;gap:14px;width:100%;max-width:680px;margin:16px auto;font-family:'Segoe UI',Arial,sans-serif;}\r\n.card-list .item{box-sizing:border-box;display:grid;grid-template-columns:52px 1fr;gap:14px;align-items:start;background:#fff;border:1px solid #e5e7eb;border-radius:18px;padding:16px;box-shadow:0 8px 22px rgba(0,0,0,.06);}\r\n.card-list .num{width:42px;height:42px;border-radius:14px;background:#2c3e50;color:#fff;display:flex;align-items:center;justify-content:center;font-size:15px;font-weight:800;line-height:1;}\r\n.card-list .txt{display:flex;flex-direction:column;gap:4px;}\r\n.card-list .title{font-size:15px;font-weight:700;color:#1a1a1a;line-height:1.35;}\r\n.card-list .desc{font-size:13px;color:#6b6b6b;line-height:1.5;}\r\n@media(max-width:480px){\r\n  .card-list{gap:12px;margin:14px auto;}\r\n  .card-list .item{grid-template-columns:1fr;padding:14px;border-radius:16px;}\r\n  .card-list .num{width:38px;height:38px;border-radius:12px;font-size:14px;}\r\n}\r\n<\/style>\r\n<div class=\"google-auto-ads-ignore card-list\">\r\n  <div class=\"item\">\r\n    <div class=\"num\">1<\/div>\r\n    <div class=\"txt\">\r\n      <span class=\"title\">Faca<\/span>\r\n      <span class=\"desc\">A l\u00e2mina de ferro permitia cortar os alimentos durante a refei\u00e7\u00e3o.<\/span>\r\n    <\/div>\r\n  <\/div>\r\n  <div class=\"item\">\r\n    <div class=\"num\">2<\/div>\r\n    <div class=\"txt\">\r\n      <span class=\"title\">Garfo<\/span>\r\n      <span class=\"desc\">O conjunto traz um pequeno garfo com tr\u00eas pontas.<\/span>\r\n    <\/div>\r\n  <\/div>\r\n  <div class=\"item\">\r\n    <div class=\"num\">3<\/div>\r\n    <div class=\"txt\">\r\n      <span class=\"title\">Colher<\/span>\r\n      <span class=\"desc\">A pe\u00e7a oferecia uma terceira fun\u00e7\u00e3o diretamente ligada \u00e0s refei\u00e7\u00f5es.<\/span>\r\n    <\/div>\r\n  <\/div>\r\n  <div class=\"item\">\r\n    <div class=\"num\">4<\/div>\r\n    <div class=\"txt\">\r\n      <span class=\"title\">Espeto<\/span>\r\n      <span class=\"desc\">Uma hip\u00f3tese \u00e9 que pudesse ajudar a retirar carne de alimentos como carac\u00f3is.<\/span>\r\n    <\/div>\r\n  <\/div>\r\n  <div class=\"item\">\r\n    <div class=\"num\">5<\/div>\r\n    <div class=\"txt\">\r\n      <span class=\"title\">Esp\u00e1tula<\/span>\r\n      <span class=\"desc\">Pode ter servido para alcan\u00e7ar molhos guardados em recipientes de gargalo estreito.<\/span>\r\n    <\/div>\r\n  <\/div>\r\n  <div class=\"item\">\r\n    <div class=\"num\">6<\/div>\r\n    <div class=\"txt\">\r\n      <span class=\"title\">Pequena haste<\/span>\r\n      <span class=\"desc\">O registro considera poss\u00edvel seu uso como palito para os dentes.<\/span>\r\n    <\/div>\r\n  <\/div>\r\n<\/div>\n\n\n\n<h2 class=\"wp-block-heading\">O objeto prova que os romanos j\u00e1 tinham um verdadeiro canivete su\u00ed\u00e7o?<\/h2>\n\n\n\n<p class=\"wp-block-paragraph\">A compara\u00e7\u00e3o moderna ajuda a visualizar a ideia de reunir v\u00e1rias fun\u00e7\u00f5es num objeto dobr\u00e1vel, mas o nome \u201ccanivete su\u00ed\u00e7o\u201d \u00e9 apenas um apelido usado para descrever a pe\u00e7a. O objeto romano tinha fun\u00e7\u00f5es voltadas principalmente \u00e0 alimenta\u00e7\u00e3o.<\/p>\n\n\n\n<p class=\"wp-block-paragraph\">Alguns detalhes podem ser afirmados com seguran\u00e7a:<\/p>\n\n\n\n<ul class=\"wp-block-list\">\n<li>o conjunto possui <strong>seis utens\u00edlios<\/strong>;<\/li>\n\n\n\n<li>sua largura registrada \u00e9 de <strong>155 mm<\/strong>;<\/li>\n\n\n\n<li>a data\u00e7\u00e3o fica entre <strong>201 e 300 d.C.<\/strong>;<\/li>\n\n\n\n<li>a pe\u00e7a combina <strong>prata<\/strong> e uma faca de <strong>ferro<\/strong>;<\/li>\n\n\n\n<li>os utens\u00edlios foram feitos para serem dobrados.<\/li>\n<\/ul>\n\n\n\n<p class=\"wp-block-paragraph\">A hip\u00f3tese de um viajante rico surge da combina\u00e7\u00e3o entre portabilidade e material valioso. Ela \u00e9 plaus\u00edvel, mas o objeto n\u00e3o veio acompanhado de um documento dizendo quem era seu dono ou em quais viagens foi usado.<\/p>\n\n\n\n<p class=\"wp-block-paragraph\"><strong>Leia tamb\u00e9m: <a href=\"https:\/\/www.em.com.br\/emalta\/2026\/08\/31\/um-pente-de-cerca-de-3-700-anos-guarda-uma-frase-contra-piolhos-e-ainda-conserva-restos-do-parasita-entre-os-dentes\/\" target=\"_blank\" rel=\"noreferrer noopener\">Um pente de cerca de 3.700 anos guarda uma frase contra piolhos e ainda conserva restos do parasita entre os dentes<\/a><\/strong><\/p>\n\n\n\n<h2 class=\"wp-block-heading\">O que \u00e9 fato e o que ainda depende de interpreta\u00e7\u00e3o?<\/h2>\n\n\n\n<p class=\"wp-block-paragraph\">Uma pe\u00e7a arqueol\u00f3gica permite medir dimens\u00f5es, identificar materiais e observar sua constru\u00e7\u00e3o. J\u00e1 a identidade do propriet\u00e1rio e o uso exato das ferramentas menores exigem cautela, porque essas informa\u00e7\u00f5es precisam ser reconstru\u00eddas a partir das caracter\u00edsticas f\u00edsicas.<\/p>\n\n\n\n<p class=\"wp-block-paragraph\">A separa\u00e7\u00e3o fica mais clara nesta compara\u00e7\u00e3o:<\/p>\n\n\n\n\n<style>\n.premium-tbl{\n  box-sizing:border-box!important;\n  display:flex!important;\n  flex-direction:column!important;\n  width:calc(100% - 32px)!important;\n  max-width:650px!important;\n  margin:16px auto!important;\n  padding:0!important;\n  background:#ffffff!important;\n  border:1px solid #e3e7e2!important;\n  border-radius:14px!important;\n  overflow:hidden!important;\n  box-shadow:0 5px 15px rgba(0,0,0,.055)!important;\n  font-family:Arial,'Segoe UI',sans-serif!important;\n}\n.premium-tbl table{\n  box-sizing:border-box!important;\n  display:table!important;\n  width:100%!important;\n  max-width:none!important;\n  min-width:0!important;\n  margin:0!important;\n  padding:0!important;\n  border:0!important;\n  border-spacing:0!important;\n  border-collapse:collapse!important;\n  table-layout:fixed!important;\n  background:#ffffff!important;\n}\n.premium-tbl thead{\n  display:table-header-group!important;\n  width:100%!important;\n  background:#2c3e50!important;\n}\n.premium-tbl thead tr{\n  display:table-row!important;\n  width:100%!important;\n  background:#2c3e50!important;\n}\n.premium-tbl th{\n  box-sizing:border-box!important;\n  padding:10px 12px!important;\n  background:#2c3e50!important;\n  color:#ffffff!important;\n  border:0!important;\n  border-right:1px solid rgba(255,255,255,.18)!important;\n  text-align:left!important;\n  vertical-align:middle!important;\n  font-family:Arial,'Segoe UI',sans-serif!important;\n  font-size:12px!important;\n  line-height:1.25!important;\n  font-weight:700!important;\n  text-transform:none!important;\n  letter-spacing:0!important;\n}\n.premium-tbl th:last-child{\n  border-right:0!important;\n}\n.premium-tbl th:nth-child(1){\n  width:29%!important;\n}\n.premium-tbl th:nth-child(2){\n  width:51%!important;\n}\n.premium-tbl th:nth-child(3){\n  width:20%!important;\n}\n.premium-tbl tbody{\n  display:table-row-group!important;\n  width:100%!important;\n}\n.premium-tbl tbody tr{\n  display:table-row!important;\n  width:100%!important;\n  background:#ffffff!important;\n}\n.premium-tbl tbody tr:nth-child(odd){\n  background:#fafafa!important;\n}\n.premium-tbl tbody tr:hover{\n  background:#f5f7f9!important;\n}\n.premium-tbl td{\n  box-sizing:border-box!important;\n  display:table-cell!important;\n  padding:10px 12px!important;\n  background:transparent!important;\n  color:#111111!important;\n  border:0!important;\n  border-right:1px solid #e8ebe7!important;\n  border-bottom:1px solid #e8ebe7!important;\n  text-align:left!important;\n  vertical-align:middle!important;\n  font-family:Arial,'Segoe UI',sans-serif!important;\n  font-size:12px!important;\n  line-height:1.4!important;\n  font-weight:400!important;\n  overflow-wrap:anywhere!important;\n}\n.premium-tbl td:last-child{\n  border-right:0!important;\n}\n.premium-tbl tbody tr:last-child td{\n  border-bottom:0!important;\n}\n.premium-tbl .main{\n  display:block!important;\n  margin:0 0 2px!important;\n  color:#111111!important;\n  font-size:12px!important;\n  line-height:1.3!important;\n  font-weight:700!important;\n}\n.premium-tbl .sub{\n  display:block!important;\n  margin:0!important;\n  color:#666666!important;\n  font-size:10.5px!important;\n  line-height:1.35!important;\n  font-weight:400!important;\n}\n.premium-tbl .badge{\n  display:inline-flex!important;\n  width:auto!important;\n  min-width:0!important;\n  padding:3px 8px!important;\n  border-radius:999px!important;\n  font-size:10.5px!important;\n  line-height:1.25!important;\n  font-weight:700!important;\n  white-space:nowrap!important;\n}\n.premium-tbl .ok{\n  background:#dff5e8!important;\n  color:#11643a!important;\n}\n.premium-tbl .alerta{\n  background:#fff0d5!important;\n  color:#875108!important;\n}\n.premium-tbl .risco{\n  background:#fde5e5!important;\n  color:#9e2828!important;\n}\n.premium-tbl .neutro{\n  background:#e4f0fb!important;\n  color:#145d96!important;\n}\n@media(max-width:680px){\n  .premium-tbl{\n    width:100%!important;\n    max-width:100%!important;\n    margin:14px auto!important;\n    border:0!important;\n    border-radius:0!important;\n    overflow:visible!important;\n    background:transparent!important;\n    box-shadow:none!important;\n  }\n  .premium-tbl table{\n    display:block!important;\n    width:100%!important;\n    max-width:100%!important;\n    background:transparent!important;\n  }\n  .premium-tbl thead{\n    display:none!important;\n  }\n  .premium-tbl tbody{\n    box-sizing:border-box!important;\n    display:flex!important;\n    flex-direction:column!important;\n    gap:12px!important;\n    width:100%!important;\n  }\n  .premium-tbl tbody tr,\n  .premium-tbl tbody tr:nth-child(odd){\n    box-sizing:border-box!important;\n    display:block!important;\n    width:100%!important;\n    margin:0!important;\n    background:#ffffff!important;\n    border:1px solid #e3e7e2!important;\n    border-radius:14px!important;\n    overflow:hidden!important;\n    box-shadow:0 5px 14px rgba(0,0,0,.05)!important;\n  }\n  .premium-tbl td{\n    box-sizing:border-box!important;\n    display:block!important;\n    width:100%!important;\n    padding:10px 12px!important;\n    background:#ffffff!important;\n    color:#111111!important;\n    border:0!important;\n    border-bottom:1px solid #e8ebe7!important;\n    text-align:left!important;\n  }\n  .premium-tbl td:last-child{\n    border-bottom:0!important;\n  }\n  .premium-tbl td::before{\n    content:attr(data-label)!important;\n    display:block!important;\n    width:100%!important;\n    margin:0 0 5px!important;\n    color:#2c3e50!important;\n    font-size:9px!important;\n    line-height:1.2!important;\n    font-weight:800!important;\n    text-align:left!important;\n    text-transform:uppercase!important;\n    letter-spacing:.03em!important;\n  }\n  .premium-tbl .main,\n  .premium-tbl .sub{\n    width:100%!important;\n    max-width:none!important;\n    text-align:left!important;\n  }\n  .premium-tbl .badge{\n    display:inline-flex!important;\n    width:auto!important;\n    margin:0!important;\n    padding:4px 9px!important;\n    justify-content:flex-start!important;\n    text-align:left!important;\n  }\n}\n<\/style>\n<div class=\"google-auto-ads-ignore premium-tbl\">\n  <table>\n    <thead>\n      <tr>\n        <th>Detalhe<\/th>\n        <th>O que se sabe<\/th>\n        <th>Grau<\/th>\n      <\/tr>\n    <\/thead>\n    <tbody>\n      <tr>\n        <td data-label=\"Detalhe\">\n          <span class=\"main\">Data<\/span>\n          <span class=\"sub\">Per\u00edodo romano<\/span>\n        <\/td>\n        <td data-label=\"O que se sabe\">A pe\u00e7a foi datada entre 201 e 300 d.C.<\/td>\n        <td data-label=\"Grau\"><span class=\"badge ok\">Registrado<\/span><\/td>\n      <\/tr>\n      <tr>\n        <td data-label=\"Detalhe\">\n          <span class=\"main\">Dimens\u00f5es<\/span>\n          <span class=\"sub\">Objeto compacto<\/span>\n        <\/td>\n        <td data-label=\"O que se sabe\">Mede 15,5 cm de largura e 8,8 cm de altura.<\/td>\n        <td data-label=\"Grau\"><span class=\"badge ok\">Medido<\/span><\/td>\n      <\/tr>\n      <tr>\n        <td data-label=\"Detalhe\">\n          <span class=\"main\">Fun\u00e7\u00f5es menores<\/span>\n          <span class=\"sub\">Espeto e haste<\/span>\n        <\/td>\n        <td data-label=\"O que se sabe\">Os usos espec\u00edficos s\u00e3o reconstru\u00eddos a partir do formato das pe\u00e7as.<\/td>\n        <td data-label=\"Grau\"><span class=\"badge alerta\">Hip\u00f3tese<\/span><\/td>\n      <\/tr>\n      <tr>\n        <td data-label=\"Detalhe\">\n          <span class=\"main\">Propriet\u00e1rio<\/span>\n          <span class=\"sub\">Poss\u00edvel viajante rico<\/span>\n        <\/td>\n        <td data-label=\"O que se sabe\">A prata e a complexidade sugerem um objeto de luxo e port\u00e1til.<\/td>\n        <td data-label=\"Grau\"><span class=\"badge neutro\">Poss\u00edvel<\/span><\/td>\n      <\/tr>\n    <\/tbody>\n  <\/table>\n<\/div>\n\n\n\n\n<h2 class=\"wp-block-heading\">Por que uma pe\u00e7a t\u00e3o pequena chama aten\u00e7\u00e3o quase 1.800 anos depois?<\/h2>\n\n\n\n<p class=\"wp-block-paragraph\">Ela mostra uma preocupa\u00e7\u00e3o bastante pr\u00e1tica: carregar v\u00e1rios utens\u00edlios ocupando pouco espa\u00e7o. O mecanismo dobr\u00e1vel resolvia essa necessidade num objeto compacto, enquanto a prata transformava a solu\u00e7\u00e3o cotidiana em uma pe\u00e7a de valor.<\/p>\n\n\n\n<p class=\"wp-block-paragraph\">O formato moderno da compara\u00e7\u00e3o n\u00e3o apaga a dist\u00e2ncia hist\u00f3rica. O que sobreviveu foi um conjunto romano de alimenta\u00e7\u00e3o com seis fun\u00e7\u00f5es, produzido entre os s\u00e9culos III e IV e elaborado o bastante para levantar a possibilidade de ter pertencido a algu\u00e9m com recursos para viajar com conforto.<\/p>\n\n\n\n<style>\r\n.curio-box{box-sizing:border-box;display:flex;flex-direction:column;gap:6px;width:100%;max-width:680px;margin:20px auto 4px;background:#f5f7fa;border:1px solid #e5e7eb;border-radius:16px;padding:16px 18px;box-shadow:0 6px 18px rgba(0,0,0,.05);font-family:'Segoe UI',Arial,sans-serif;}\r\n.curio-box .tag{display:flex;align-items:center;gap:6px;font-size:11px;font-weight:800;text-transform:uppercase;letter-spacing:.05em;color:#2c3e50;}\r\n.curio-box .txt{font-size:13px;color:#333;line-height:1.6;}\r\n<\/style>\r\n<div class=\"google-auto-ads-ignore curio-box\">\r\n  <span class=\"tag\">\ud83d\udca1 Curiosidade<\/span>\r\n  <span class=\"txt\">Al\u00e9m dos 15,5 cm de largura, o registro do objeto informa apenas 8,8 cm de altura para o conjunto dobr\u00e1vel.<\/span>\r\n<\/div>\n","protected":false},"excerpt":{"rendered":"<p>Com 15,5 cm de largura, um utens\u00edlio romano dobr\u00e1vel reunia faca, garfo, colher e outras tr\u00eas pe\u00e7as em um \u00fanico conjunto. Feito de prata e ferro, ele foi datado entre 201 e 300 d.C. e pode ter acompanhado um viajante rico durante refei\u00e7\u00f5es em deslocamentos longos. Como tanta coisa cabia numa pe\u00e7a com apenas 15,5 [&hellip;]<\/p>\n","protected":false},"author":30,"featured_media":268709,"comment_status":"closed","ping_status":"closed","sticky":false,"template":"","format":"standard","meta":{"jnews-multi-image_gallery":[],"jnews_single_post":{"format":"standard"},"jnews_primary_category":[],"jnews_social_meta":[],"jnews_override_counter":[],"footnotes":""},"categories":[29],"tags":[675,1143,19136,36620],"class_list":["post-268682","post","type-post","status-publish","format-standard","has-post-thumbnail","hentry","category-entretenimento","tag-arqueologia","tag-roma-antiga","tag-talheres","tag-utensilio-romano"],"yoast_head":"<!-- This site is optimized with the Yoast SEO plugin v28.3 - https:\/\/yoast.com\/product\/yoast-seo-wordpress\/ -->\n<title>Uma pe\u00e7a romana de cerca de 1.800 anos reunia seis utens\u00edlios dobr\u00e1veis, incluindo faca, garfo e colher, como um antigo canivete su\u00ed\u00e7o - Estado de Minas - Em Alta<\/title>\n<meta name=\"description\" content=\"Um utens\u00edlio romano pequeno reunia seis fun\u00e7\u00f5es e atravessou cerca de 1.800 anos. Os detalhes mostram por que ele parece t\u00e3o moderno.\" \/>\n<meta name=\"robots\" content=\"index, follow, max-snippet:-1, max-image-preview:large, max-video-preview:-1\" \/>\n<link rel=\"canonical\" href=\"https:\/\/www.em.com.br\/emalta\/2026\/09\/01\/uma-peca-romana-de-cerca-de-1-800-anos-reunia-seis-utensilios-dobraveis-incluindo-faca-garfo-e-colher-como-um-antigo-canivete-suico\/\" \/>\n<meta property=\"og:locale\" content=\"pt_BR\" \/>\n<meta property=\"og:type\" content=\"article\" \/>\n<meta property=\"og:title\" content=\"Uma pe\u00e7a romana de cerca de 1.800 anos reunia seis utens\u00edlios dobr\u00e1veis, incluindo faca, garfo e colher, como um antigo canivete su\u00ed\u00e7o - Estado de Minas - Em Alta\" \/>\n<meta property=\"og:description\" content=\"Um utens\u00edlio romano pequeno reunia seis fun\u00e7\u00f5es e atravessou cerca de 1.800 anos. Os detalhes mostram por que ele parece t\u00e3o moderno.\" \/>\n<meta property=\"og:url\" content=\"https:\/\/www.em.com.br\/emalta\/2026\/09\/01\/uma-peca-romana-de-cerca-de-1-800-anos-reunia-seis-utensilios-dobraveis-incluindo-faca-garfo-e-colher-como-um-antigo-canivete-suico\/\" \/>\n<meta property=\"og:site_name\" content=\"Estado de Minas - Em Alta\" \/>\n<meta property=\"article:published_time\" content=\"2026-09-01T11:17:00+00:00\" \/>\n<meta property=\"og:image\" content=\"https:\/\/www.em.com.br\/emalta\/wp-content\/uploads\/2026\/09\/ferramenta1.jpg\" \/>\n\t<meta property=\"og:image:width\" content=\"1280\" \/>\n\t<meta property=\"og:image:height\" content=\"720\" \/>\n\t<meta property=\"og:image:type\" content=\"image\/jpeg\" \/>\n<meta name=\"author\" content=\"Guilherme Ara\u00fajo\" \/>\n<meta name=\"twitter:card\" content=\"summary_large_image\" \/>\n<meta name=\"twitter:label1\" content=\"Escrito por\" \/>\n\t<meta name=\"twitter:data1\" content=\"Guilherme Ara\u00fajo\" \/>\n\t<meta name=\"twitter:label2\" content=\"Est. tempo de leitura\" \/>\n\t<meta name=\"twitter:data2\" content=\"5 minutos\" \/>\n<!-- \/ Yoast SEO plugin. -->","yoast_head_json":{"title":"Uma pe\u00e7a romana de cerca de 1.800 anos reunia seis utens\u00edlios dobr\u00e1veis, incluindo faca, garfo e colher, como um antigo canivete su\u00ed\u00e7o - Estado de Minas - Em Alta","description":"Um utens\u00edlio romano pequeno reunia seis fun\u00e7\u00f5es e atravessou cerca de 1.800 anos. Os detalhes mostram por que ele parece t\u00e3o moderno.","robots":{"index":"index","follow":"follow","max-snippet":"max-snippet:-1","max-image-preview":"max-image-preview:large","max-video-preview":"max-video-preview:-1"},"canonical":"https:\/\/www.em.com.br\/emalta\/2026\/09\/01\/uma-peca-romana-de-cerca-de-1-800-anos-reunia-seis-utensilios-dobraveis-incluindo-faca-garfo-e-colher-como-um-antigo-canivete-suico\/","og_locale":"pt_BR","og_type":"article","og_title":"Uma pe\u00e7a romana de cerca de 1.800 anos reunia seis utens\u00edlios dobr\u00e1veis, incluindo faca, garfo e colher, como um antigo canivete su\u00ed\u00e7o - Estado de Minas - Em Alta","og_description":"Um utens\u00edlio romano pequeno reunia seis fun\u00e7\u00f5es e atravessou cerca de 1.800 anos. Os detalhes mostram por que ele parece t\u00e3o moderno.","og_url":"https:\/\/www.em.com.br\/emalta\/2026\/09\/01\/uma-peca-romana-de-cerca-de-1-800-anos-reunia-seis-utensilios-dobraveis-incluindo-faca-garfo-e-colher-como-um-antigo-canivete-suico\/","og_site_name":"Estado de Minas - Em Alta","article_published_time":"2026-09-01T11:17:00+00:00","og_image":[{"width":1280,"height":720,"url":"https:\/\/www.em.com.br\/emalta\/wp-content\/uploads\/2026\/09\/ferramenta1.jpg","type":"image\/jpeg"}],"author":"Guilherme Ara\u00fajo","twitter_card":"summary_large_image","twitter_misc":{"Escrito por":"Guilherme Ara\u00fajo","Est. tempo de leitura":"5 minutos"},"schema":{"@context":"https:\/\/schema.org","@graph":[{"@type":"Article","@id":"https:\/\/www.em.com.br\/emalta\/2026\/09\/01\/uma-peca-romana-de-cerca-de-1-800-anos-reunia-seis-utensilios-dobraveis-incluindo-faca-garfo-e-colher-como-um-antigo-canivete-suico\/#article","isPartOf":{"@id":"https:\/\/www.em.com.br\/emalta\/2026\/09\/01\/uma-peca-romana-de-cerca-de-1-800-anos-reunia-seis-utensilios-dobraveis-incluindo-faca-garfo-e-colher-como-um-antigo-canivete-suico\/"},"author":{"name":"Guilherme Ara\u00fajo","@id":"https:\/\/www.em.com.br\/emalta\/#\/schema\/person\/a8c27556910de924e3004c2fd747ec3a"},"headline":"Uma pe\u00e7a romana de cerca de 1.800 anos reunia seis utens\u00edlios dobr\u00e1veis, incluindo faca, garfo e colher, como um antigo canivete su\u00ed\u00e7o","datePublished":"2026-09-01T11:17:00+00:00","mainEntityOfPage":{"@id":"https:\/\/www.em.com.br\/emalta\/2026\/09\/01\/uma-peca-romana-de-cerca-de-1-800-anos-reunia-seis-utensilios-dobraveis-incluindo-faca-garfo-e-colher-como-um-antigo-canivete-suico\/"},"wordCount":764,"image":{"@id":"https:\/\/www.em.com.br\/emalta\/2026\/09\/01\/uma-peca-romana-de-cerca-de-1-800-anos-reunia-seis-utensilios-dobraveis-incluindo-faca-garfo-e-colher-como-um-antigo-canivete-suico\/#primaryimage"},"thumbnailUrl":"https:\/\/www.em.com.br\/emalta\/wp-content\/uploads\/2026\/09\/ferramenta1.jpg","keywords":["arqueologia","Roma Antiga","talheres","utens\u00edlio romano"],"articleSection":["Entretenimento"],"inLanguage":"pt-BR"},{"@type":"WebPage","@id":"https:\/\/www.em.com.br\/emalta\/2026\/09\/01\/uma-peca-romana-de-cerca-de-1-800-anos-reunia-seis-utensilios-dobraveis-incluindo-faca-garfo-e-colher-como-um-antigo-canivete-suico\/","url":"https:\/\/www.em.com.br\/emalta\/2026\/09\/01\/uma-peca-romana-de-cerca-de-1-800-anos-reunia-seis-utensilios-dobraveis-incluindo-faca-garfo-e-colher-como-um-antigo-canivete-suico\/","name":"Uma pe\u00e7a romana de cerca de 1.800 anos reunia seis utens\u00edlios dobr\u00e1veis, incluindo faca, garfo e colher, como um antigo canivete su\u00ed\u00e7o - Estado de Minas - Em Alta","isPartOf":{"@id":"https:\/\/www.em.com.br\/emalta\/#website"},"primaryImageOfPage":{"@id":"https:\/\/www.em.com.br\/emalta\/2026\/09\/01\/uma-peca-romana-de-cerca-de-1-800-anos-reunia-seis-utensilios-dobraveis-incluindo-faca-garfo-e-colher-como-um-antigo-canivete-suico\/#primaryimage"},"image":{"@id":"https:\/\/www.em.com.br\/emalta\/2026\/09\/01\/uma-peca-romana-de-cerca-de-1-800-anos-reunia-seis-utensilios-dobraveis-incluindo-faca-garfo-e-colher-como-um-antigo-canivete-suico\/#primaryimage"},"thumbnailUrl":"https:\/\/www.em.com.br\/emalta\/wp-content\/uploads\/2026\/09\/ferramenta1.jpg","datePublished":"2026-09-01T11:17:00+00:00","author":{"@id":"https:\/\/www.em.com.br\/emalta\/#\/schema\/person\/a8c27556910de924e3004c2fd747ec3a"},"description":"Um utens\u00edlio romano pequeno reunia seis fun\u00e7\u00f5es e atravessou cerca de 1.800 anos. Os detalhes mostram por que ele parece t\u00e3o moderno.","breadcrumb":{"@id":"https:\/\/www.em.com.br\/emalta\/2026\/09\/01\/uma-peca-romana-de-cerca-de-1-800-anos-reunia-seis-utensilios-dobraveis-incluindo-faca-garfo-e-colher-como-um-antigo-canivete-suico\/#breadcrumb"},"inLanguage":"pt-BR","potentialAction":[{"@type":"ReadAction","target":["https:\/\/www.em.com.br\/emalta\/2026\/09\/01\/uma-peca-romana-de-cerca-de-1-800-anos-reunia-seis-utensilios-dobraveis-incluindo-faca-garfo-e-colher-como-um-antigo-canivete-suico\/"]}]},{"@type":"ImageObject","inLanguage":"pt-BR","@id":"https:\/\/www.em.com.br\/emalta\/2026\/09\/01\/uma-peca-romana-de-cerca-de-1-800-anos-reunia-seis-utensilios-dobraveis-incluindo-faca-garfo-e-colher-como-um-antigo-canivete-suico\/#primaryimage","url":"https:\/\/www.em.com.br\/emalta\/wp-content\/uploads\/2026\/09\/ferramenta1.jpg","contentUrl":"https:\/\/www.em.com.br\/emalta\/wp-content\/uploads\/2026\/09\/ferramenta1.jpg","width":1280,"height":720,"caption":"O objeto reunia diferentes fun\u00e7\u00f5es em uma solu\u00e7\u00e3o port\u00e1til criada h\u00e1 muitos s\u00e9culos"},{"@type":"BreadcrumbList","@id":"https:\/\/www.em.com.br\/emalta\/2026\/09\/01\/uma-peca-romana-de-cerca-de-1-800-anos-reunia-seis-utensilios-dobraveis-incluindo-faca-garfo-e-colher-como-um-antigo-canivete-suico\/#breadcrumb","itemListElement":[{"@type":"ListItem","position":1,"name":"In\u00edcio","item":"https:\/\/www.em.com.br\/emalta\/"},{"@type":"ListItem","position":2,"name":"Uma pe\u00e7a romana de cerca de 1.800 anos reunia seis utens\u00edlios dobr\u00e1veis, incluindo faca, garfo e colher, como um antigo canivete su\u00ed\u00e7o"}]},{"@type":"WebSite","@id":"https:\/\/www.em.com.br\/emalta\/#website","url":"https:\/\/www.em.com.br\/emalta\/","name":"Estado de Minas - Em Alta","description":"Acompanhe as \u00faltimas not\u00edcias e fique bem informado sobre tudo o que acontece em Minas Gerais, Brasil e no mundo.","potentialAction":[{"@type":"SearchAction","target":{"@type":"EntryPoint","urlTemplate":"https:\/\/www.em.com.br\/emalta\/?s={search_term_string}"},"query-input":{"@type":"PropertyValueSpecification","valueRequired":true,"valueName":"search_term_string"}}],"inLanguage":"pt-BR"},{"@type":"Person","@id":"https:\/\/www.em.com.br\/emalta\/#\/schema\/person\/a8c27556910de924e3004c2fd747ec3a","name":"Guilherme Ara\u00fajo","image":{"@type":"ImageObject","inLanguage":"pt-BR","@id":"https:\/\/secure.gravatar.com\/avatar\/063bc96e5a2afd1844386c45bd1360efc771eff011a9fab8cd399e2a104c3ecd?s=96&d=mm&r=g","url":"https:\/\/secure.gravatar.com\/avatar\/063bc96e5a2afd1844386c45bd1360efc771eff011a9fab8cd399e2a104c3ecd?s=96&d=mm&r=g","contentUrl":"https:\/\/secure.gravatar.com\/avatar\/063bc96e5a2afd1844386c45bd1360efc771eff011a9fab8cd399e2a104c3ecd?s=96&d=mm&r=g","caption":"Guilherme Ara\u00fajo"},"sameAs":["https:\/\/www.em.com.br\/emalta"],"url":"https:\/\/www.em.com.br\/emalta\/author\/guilhermeamyth\/"}]}},"_links":{"self":[{"href":"https:\/\/www.em.com.br\/emalta\/wp-json\/wp\/v2\/posts\/268682","targetHints":{"allow":["GET"]}}],"collection":[{"href":"https:\/\/www.em.com.br\/emalta\/wp-json\/wp\/v2\/posts"}],"about":[{"href":"https:\/\/www.em.com.br\/emalta\/wp-json\/wp\/v2\/types\/post"}],"author":[{"embeddable":true,"href":"https:\/\/www.em.com.br\/emalta\/wp-json\/wp\/v2\/users\/30"}],"replies":[{"embeddable":true,"href":"https:\/\/www.em.com.br\/emalta\/wp-json\/wp\/v2\/comments?post=268682"}],"version-history":[{"count":6,"href":"https:\/\/www.em.com.br\/emalta\/wp-json\/wp\/v2\/posts\/268682\/revisions"}],"predecessor-version":[{"id":268826,"href":"https:\/\/www.em.com.br\/emalta\/wp-json\/wp\/v2\/posts\/268682\/revisions\/268826"}],"wp:featuredmedia":[{"embeddable":true,"href":"https:\/\/www.em.com.br\/emalta\/wp-json\/wp\/v2\/media\/268709"}],"wp:attachment":[{"href":"https:\/\/www.em.com.br\/emalta\/wp-json\/wp\/v2\/media?parent=268682"}],"wp:term":[{"taxonomy":"category","embeddable":true,"href":"https:\/\/www.em.com.br\/emalta\/wp-json\/wp\/v2\/categories?post=268682"},{"taxonomy":"post_tag","embeddable":true,"href":"https:\/\/www.em.com.br\/emalta\/wp-json\/wp\/v2\/tags?post=268682"}],"curies":[{"name":"wp","href":"https:\/\/api.w.org\/{rel}","templated":true}]}}