{"id":268478,"date":"2026-08-31T17:37:00","date_gmt":"2026-08-31T20:37:00","guid":{"rendered":"https:\/\/www.em.com.br\/emalta\/?p=268478"},"modified":"2026-08-30T23:14:26","modified_gmt":"2026-08-31T02:14:26","slug":"cliente-prende-a-bicicleta-com-corrente-ao-lado-do-bicicletario-entra-para-treinar-e-perde-o-veiculo-academia-alega-que-ele-estacionou-fora-da-estrutura","status":"publish","type":"post","link":"https:\/\/www.em.com.br\/emalta\/2026\/08\/31\/cliente-prende-a-bicicleta-com-corrente-ao-lado-do-bicicletario-entra-para-treinar-e-perde-o-veiculo-academia-alega-que-ele-estacionou-fora-da-estrutura\/","title":{"rendered":"Cliente prende a bicicleta com corrente ao lado do biciclet\u00e1rio, entra para treinar e perde o ve\u00edculo; academia alega que ele estacionou fora da estrutura"},"content":{"rendered":"\n<p class=\"wp-block-paragraph\">Antes do treino, o cliente prendeu a <strong>bicicleta<\/strong> com corrente e cadeado ao lado do biciclet\u00e1rio da academia. Ao sair, o ve\u00edculo tinha sumido. A discuss\u00e3o chegou \u00e0 Justi\u00e7a porque a empresa dizia que o ponto escolhido ficava fora da estrutura destinada \u00e0s bicicletas.<\/p>\n\n\n\n<h2 class=\"wp-block-heading\">Onde exatamente a bicicleta estava quando ocorreu o furto?<\/h2>\n\n\n\n<p class=\"wp-block-paragraph\">O caso aconteceu em <strong>2 de dezembro de 2025<\/strong>, por volta das <strong>20h50<\/strong>. O cliente afirmou que deixou a bicicleta numa \u00e1rea imediatamente ao lado do biciclet\u00e1rio disponibilizado pela academia na entrada e entrou para treinar.<\/p>\n\n\n\n<p class=\"wp-block-paragraph\">A <a href=\"https:\/\/www.tjdft.jus.br\/institucional\/imprensa\/noticias\/2026\/maio\/academia-deve-ressarcir-cliente-por-furto-de-bicicleta-ocorrido-em-suas-dependencias\" target=\"_blank\" rel=\"noopener noreferrer\"><strong>senten\u00e7a divulgada em maio de 2026<\/strong><\/a> registrou que a bicicleta estava trancada com corrente e cadeado. O bem havia sido comprado por <strong>R$ 779,99<\/strong>, valor pedido como preju\u00edzo material.<\/p>\n\n\n<div class=\"wp-block-image\">\n<figure class=\"aligncenter size-large\"><img decoding=\"async\" width=\"1024\" height=\"576\" src=\"https:\/\/www.em.com.br\/emalta\/wp-content\/uploads\/2026\/08\/bike1-1-1024x576.jpg\" alt=\"\" class=\"wp-image-268514\" srcset=\"https:\/\/www.em.com.br\/emalta\/wp-content\/uploads\/2026\/08\/bike1-1-1024x576.jpg 1024w, https:\/\/www.em.com.br\/emalta\/wp-content\/uploads\/2026\/08\/bike1-1-300x169.jpg 300w, https:\/\/www.em.com.br\/emalta\/wp-content\/uploads\/2026\/08\/bike1-1-768x432.jpg 768w, https:\/\/www.em.com.br\/emalta\/wp-content\/uploads\/2026\/08\/bike1-1-750x422.jpg 750w, https:\/\/www.em.com.br\/emalta\/wp-content\/uploads\/2026\/08\/bike1-1-1140x641.jpg 1140w, https:\/\/www.em.com.br\/emalta\/wp-content\/uploads\/2026\/08\/bike1-1.jpg 1280w\" sizes=\"(max-width: 1024px) 100vw, 1024px\" \/><figcaption class=\"wp-element-caption\">Avisos e regras do estabelecimento ajudam a mostrar quais condi\u00e7\u00f5es eram informadas aos clientes \u2014 imagem meramente ilustrativa<\/figcaption><\/figure>\n<\/div>\n\n\n<h2 class=\"wp-block-heading\">Por que ficar ao lado do suporte n\u00e3o encerrou a discuss\u00e3o contra o cliente?<\/h2>\n\n\n\n<p class=\"wp-block-paragraph\">A academia tentou separar o local escolhido da estrutura met\u00e1lica do biciclet\u00e1rio. A ju\u00edza olhou tamb\u00e9m para a rela\u00e7\u00e3o daquele espa\u00e7o com o servi\u00e7o oferecido aos frequentadores.<\/p>\n\n\n\n<p class=\"wp-block-paragraph\">Quatro circunst\u00e2ncias aparecem na fundamenta\u00e7\u00e3o divulgada:<\/p>\n\n\n\n<style>\r\n.card-list{box-sizing:border-box;display:flex;flex-direction:column;gap:14px;width:100%;max-width:680px;margin:16px auto;font-family:'Segoe UI',Arial,sans-serif;}\r\n.card-list .item{box-sizing:border-box;display:grid;grid-template-columns:52px 1fr;gap:14px;align-items:start;background:#fff;border:1px solid #e5e7eb;border-radius:18px;padding:16px;box-shadow:0 8px 22px rgba(0,0,0,.06);}\r\n.card-list .num{width:42px;height:42px;border-radius:14px;background:#2c3e50;color:#fff;display:flex;align-items:center;justify-content:center;font-size:15px;font-weight:800;line-height:1;}\r\n.card-list .txt{display:flex;flex-direction:column;gap:4px;}\r\n.card-list .title{font-size:15px;font-weight:700;color:#1a1a1a;line-height:1.35;}\r\n.card-list .desc{font-size:13px;color:#6b6b6b;line-height:1.5;}\r\n@media(max-width:480px){\r\n  .card-list{gap:12px;margin:14px auto;}\r\n  .card-list .item{grid-template-columns:1fr;padding:14px;border-radius:16px;}\r\n  .card-list .num{width:38px;height:38px;border-radius:12px;font-size:14px;}\r\n}\r\n<\/style>\r\n<div class=\"google-auto-ads-ignore card-list\">\r\n  <div class=\"item\">\r\n    <div class=\"num\">1<\/div>\r\n    <div class=\"txt\">\r\n      <span class=\"title\">Espa\u00e7o imediatamente cont\u00edguo<\/span>\r\n      <span class=\"desc\">A bicicleta estava ao lado da estrutura destinada aos clientes, em \u00e1rea considerada vinculada ao estabelecimento.<\/span>\r\n    <\/div>\r\n  <\/div>\r\n  <div class=\"item\">\r\n    <div class=\"num\">2<\/div>\r\n    <div class=\"txt\">\r\n      <span class=\"title\">Biciclet\u00e1rio oferecido pela academia<\/span>\r\n      <span class=\"desc\">A estrutura fazia parte das facilidades colocadas \u00e0 disposi\u00e7\u00e3o de quem frequentava o local.<\/span>\r\n    <\/div>\r\n  <\/div>\r\n  <div class=\"item\">\r\n    <div class=\"num\">3<\/div>\r\n    <div class=\"txt\">\r\n      <span class=\"title\">Corrente e cadeado<\/span>\r\n      <span class=\"desc\">A senten\u00e7a registrou que o cliente havia tomado uma medida concreta para prender o bem.<\/span>\r\n    <\/div>\r\n  <\/div>\r\n  <div class=\"item\">\r\n    <div class=\"num\">4<\/div>\r\n    <div class=\"txt\">\r\n      <span class=\"title\">Expectativa de seguran\u00e7a<\/span>\r\n      <span class=\"desc\">A disponibiliza\u00e7\u00e3o do biciclet\u00e1rio foi considerada capaz de criar uma expectativa leg\u00edtima de prote\u00e7\u00e3o para o consumidor.<\/span>\r\n    <\/div>\r\n  <\/div>\r\n<\/div>\n\n\n\n<h2 class=\"wp-block-heading\">Quais argumentos a academia apresentou para tentar afastar a cobran\u00e7a?<\/h2>\n\n\n\n<p class=\"wp-block-paragraph\">A empresa sustentou que n\u00e3o havia assumido dever de guarda porque a bicicleta ficou fora da estrutura. Tamb\u00e9m invocou uma cl\u00e1usula contratual sobre objetos pessoais e apontou responsabilidade de terceiro e do pr\u00f3prio cliente.<\/p>\n\n\n\n<p class=\"wp-block-paragraph\">A defesa apresentada reuniu estes pontos:<\/p>\n\n\n\n<ul class=\"wp-block-list\">\n<li>bicicleta deixada fora do interior do biciclet\u00e1rio;<\/li>\n\n\n\n<li>aus\u00eancia de transfer\u00eancia do dever de guarda;<\/li>\n\n\n\n<li>cl\u00e1usula afastando responsabilidade por objetos pessoais;<\/li>\n\n\n\n<li>culpa exclusiva de terceiro ou da pr\u00f3pria v\u00edtima.<\/li>\n<\/ul>\n\n\n\n<p class=\"wp-block-paragraph\">A senten\u00e7a rejeitou essas teses no caso concreto. A cl\u00e1usula n\u00e3o foi considerada suficiente para afastar a <a href=\"https:\/\/www.planalto.gov.br\/ccivil_03\/leis\/l8078compilado.htm\" target=\"_blank\" rel=\"noopener noreferrer\"><strong>prote\u00e7\u00e3o prevista nas rela\u00e7\u00f5es de consumo<\/strong><\/a> quando o pr\u00f3prio estabelecimento havia disponibilizado o espa\u00e7o ligado ao estacionamento das bicicletas.<\/p>\n\n\n\n<p class=\"wp-block-paragraph\"><strong>Leia tamb\u00e9m: <a href=\"https:\/\/www.em.com.br\/emalta\/2026\/08\/30\/consumidora-usa-tintura-conforme-as-instrucoes-fica-com-os-olhos-e-o-rosto-inchados-e-fabricante-culpa-a-falta-de-um-teste-que-nao-detectaria-alergia\/\" target=\"_blank\" rel=\"noreferrer noopener\">Consumidora usa tintura conforme as instru\u00e7\u00f5es, fica com os olhos e o rosto inchados e fabricante culpa a falta de um teste que n\u00e3o detectaria alergia<\/a><\/strong><\/p>\n\n\n\n<h2 class=\"wp-block-heading\">Como a Justi\u00e7a chegou ao ressarcimento de R$ 779,99?<\/h2>\n\n\n\n<p class=\"wp-block-paragraph\">A decis\u00e3o tratou o furto de terceiro naquela \u00e1rea como <strong>fortuito interno<\/strong>, express\u00e3o usada para um evento ligado aos riscos da pr\u00f3pria atividade. Tamb\u00e9m aplicou por analogia um entendimento consolidado sobre ve\u00edculos deixados em estacionamentos empresariais.<\/p>\n\n\n\n<p class=\"wp-block-paragraph\">Os pontos ficaram assim:<\/p>\n\n\n\n<style>\r\n.premium-tbl{\r\n  box-sizing:border-box!important;\r\n  display:flex!important;\r\n  flex-direction:column!important;\r\n  width:calc(100% - 32px)!important;\r\n  max-width:650px!important;\r\n  margin:16px auto!important;\r\n  background:#ffffff!important;\r\n  border:1px solid #e3e7e2!important;\r\n  border-radius:14px!important;\r\n  overflow:hidden!important;\r\n  box-shadow:0 5px 15px rgba(0,0,0,.055)!important;\r\n  font-family:Arial,'Segoe UI',sans-serif!important;\r\n}\r\n.premium-tbl table{\r\n  width:100%!important;\r\n  margin:0!important;\r\n  border-collapse:collapse!important;\r\n  table-layout:fixed!important;\r\n}\r\n.premium-tbl thead,\r\n.premium-tbl thead tr{\r\n  background:#2c3e50!important;\r\n}\r\n.premium-tbl th{\r\n  padding:10px 12px!important;\r\n  background:#2c3e50!important;\r\n  color:#ffffff!important;\r\n  border:0!important;\r\n  text-align:left!important;\r\n  font-size:12px!important;\r\n  font-weight:700!important;\r\n  text-transform:none!important;\r\n}\r\n.premium-tbl th:nth-child(1){\r\n  width:29%!important;\r\n}\r\n.premium-tbl th:nth-child(2){\r\n  width:51%!important;\r\n}\r\n.premium-tbl th:nth-child(3){\r\n  width:20%!important;\r\n}\r\n.premium-tbl td{\r\n  padding:10px 12px!important;\r\n  color:#111111!important;\r\n  border:0!important;\r\n  border-bottom:1px solid #e8ebe7!important;\r\n  text-align:left!important;\r\n  font-size:12px!important;\r\n  line-height:1.4!important;\r\n}\r\n.premium-tbl tbody tr:nth-child(odd){\r\n  background:#fafafa!important;\r\n}\r\n.premium-tbl .main{\r\n  display:block!important;\r\n  color:#111111!important;\r\n  font-weight:700!important;\r\n}\r\n.premium-tbl .sub{\r\n  display:block!important;\r\n  color:#666666!important;\r\n  font-size:10.5px!important;\r\n}\r\n.premium-tbl .badge{\r\n  display:inline-flex!important;\r\n  width:auto!important;\r\n  padding:3px 8px!important;\r\n  border-radius:999px!important;\r\n  font-size:10.5px!important;\r\n  font-weight:700!important;\r\n  white-space:nowrap!important;\r\n}\r\n.premium-tbl .ok{\r\n  background:#dff5e8!important;\r\n  color:#11643a!important;\r\n}\r\n.premium-tbl .alerta{\r\n  background:#fff0d5!important;\r\n  color:#875108!important;\r\n}\r\n.premium-tbl .neutro{\r\n  background:#e4f0fb!important;\r\n  color:#145d96!important;\r\n}\r\n@media(max-width:680px){\r\n  .premium-tbl{\r\n    width:100%!important;\r\n    max-width:100%!important;\r\n    margin:14px auto!important;\r\n    border:0!important;\r\n    border-radius:0!important;\r\n    overflow:visible!important;\r\n    background:transparent!important;\r\n    box-shadow:none!important;\r\n  }\r\n  .premium-tbl table{\r\n    display:block!important;\r\n    width:100%!important;\r\n  }\r\n  .premium-tbl thead{\r\n    display:none!important;\r\n  }\r\n  .premium-tbl tbody{\r\n    display:flex!important;\r\n    flex-direction:column!important;\r\n    gap:12px!important;\r\n    width:100%!important;\r\n  }\r\n  .premium-tbl tbody tr,\r\n  .premium-tbl tbody tr:nth-child(odd){\r\n    display:block!important;\r\n    width:100%!important;\r\n    background:#ffffff!important;\r\n    border:1px solid #e3e7e2!important;\r\n    border-radius:14px!important;\r\n    overflow:hidden!important;\r\n    box-shadow:0 5px 14px rgba(0,0,0,.05)!important;\r\n  }\r\n  .premium-tbl td{\r\n    box-sizing:border-box!important;\r\n    display:block!important;\r\n    width:100%!important;\r\n    padding:10px 12px!important;\r\n    background:#ffffff!important;\r\n    border:0!important;\r\n    border-bottom:1px solid #e8ebe7!important;\r\n    text-align:left!important;\r\n  }\r\n  .premium-tbl td:last-child{\r\n    border-bottom:0!important;\r\n  }\r\n  .premium-tbl td::before{\r\n    content:attr(data-label)!important;\r\n    display:block!important;\r\n    width:100%!important;\r\n    margin:0 0 5px!important;\r\n    color:#2c3e50!important;\r\n    font-size:9px!important;\r\n    font-weight:800!important;\r\n    text-transform:uppercase!important;\r\n    text-align:left!important;\r\n  }\r\n  .premium-tbl .main,\r\n  .premium-tbl .sub{\r\n    width:100%!important;\r\n    text-align:left!important;\r\n  }\r\n  .premium-tbl .badge{\r\n    display:inline-flex!important;\r\n    width:auto!important;\r\n    margin:0!important;\r\n    padding:4px 9px!important;\r\n  }\r\n}\r\n<\/style>\r\n<div class=\"google-auto-ads-ignore premium-tbl\">\r\n  <table>\r\n    <thead>\r\n      <tr>\r\n        <th>Ponto<\/th>\r\n        <th>Como foi tratado<\/th>\r\n        <th>Resultado<\/th>\r\n      <\/tr>\r\n    <\/thead>\r\n    <tbody>\r\n      <tr>\r\n        <td data-label=\"Ponto\">\r\n          <span class=\"main\">Biciclet\u00e1rio<\/span>\r\n          <span class=\"sub\">Servi\u00e7o aos clientes<\/span>\r\n        <\/td>\r\n        <td data-label=\"Como foi tratado\">A estrutura foi considerada um incremento ligado \u00e0 atividade da academia.<\/td>\r\n        <td data-label=\"Resultado\"><span class=\"badge ok\">Relevante<\/span><\/td>\r\n      <\/tr>\r\n      <tr>\r\n        <td data-label=\"Ponto\">\r\n          <span class=\"main\">Furto<\/span>\r\n          <span class=\"sub\">Ato de terceiro<\/span>\r\n        <\/td>\r\n        <td data-label=\"Como foi tratado\">Foi classificado como risco interno da atividade naquele contexto.<\/td>\r\n        <td data-label=\"Resultado\"><span class=\"badge alerta\">Responsabilidade<\/span><\/td>\r\n      <\/tr>\r\n      <tr>\r\n        <td data-label=\"Ponto\">\r\n          <span class=\"main\">S\u00famula 130<\/span>\r\n          <span class=\"sub\">Aplica\u00e7\u00e3o por analogia<\/span>\r\n        <\/td>\r\n        <td data-label=\"Como foi tratado\">O entendimento do STJ sobre furto em estacionamento foi usado como refer\u00eancia.<\/td>\r\n        <td data-label=\"Resultado\"><span class=\"badge neutro\">Analogia<\/span><\/td>\r\n      <\/tr>\r\n      <tr>\r\n        <td data-label=\"Ponto\">\r\n          <span class=\"main\">Bicicleta<\/span>\r\n          <span class=\"sub\">Valor da compra<\/span>\r\n        <\/td>\r\n        <td data-label=\"Como foi tratado\">O preju\u00edzo material reconhecido correspondeu a R$ 779,99.<\/td>\r\n        <td data-label=\"Resultado\"><span class=\"badge ok\">Ressarcir<\/span><\/td>\r\n      <\/tr>\r\n    <\/tbody>\r\n  <\/table>\r\n<\/div>\n\n\n\n<h2 class=\"wp-block-heading\">Qualquer bicicleta deixada perto de uma academia gera direito ao ressarcimento?<\/h2>\n\n\n\n<p class=\"wp-block-paragraph\">N\u00e3o. A decis\u00e3o dependeu da posi\u00e7\u00e3o concreta do bem, da liga\u00e7\u00e3o daquele espa\u00e7o com o biciclet\u00e1rio, do fato de a bicicleta estar trancada e da facilidade oferecida pela pr\u00f3pria empresa. A <a href=\"https:\/\/processo.stj.jus.br\/SCON\/pesquisar.jsp?b=SUMU&amp;sumula=130\" target=\"_blank\" rel=\"noopener noreferrer\"><strong>S\u00famula 130<\/strong><\/a> foi aplicada por analogia, e n\u00e3o como resposta autom\u00e1tica para qualquer local pr\u00f3ximo.<\/p>\n\n\n\n<p class=\"wp-block-paragraph\">H\u00e1 ainda uma diferen\u00e7a processual relevante: quando a not\u00edcia foi publicada, em <strong>15 de maio de 2026<\/strong>, a senten\u00e7a admitia recurso. O que estava definido naquele momento era a condena\u00e7\u00e3o em primeira inst\u00e2ncia ao pagamento dos <strong>R$ 779,99<\/strong>.<\/p>\n\n\n\n<style>\r\n.curio-box{box-sizing:border-box;display:flex;flex-direction:column;gap:6px;width:100%;max-width:680px;margin:20px auto 4px;background:#f5f7fa;border:1px solid #e5e7eb;border-radius:16px;padding:16px 18px;box-shadow:0 6px 18px rgba(0,0,0,.05);font-family:'Segoe UI',Arial,sans-serif;}\r\n.curio-box .tag{display:flex;align-items:center;gap:6px;font-size:11px;font-weight:800;text-transform:uppercase;letter-spacing:.05em;color:#2c3e50;}\r\n.curio-box .txt{font-size:13px;color:#333;line-height:1.6;}\r\n<\/style>\r\n<div class=\"google-auto-ads-ignore curio-box\">\r\n  <span class=\"tag\">\ud83d\udca1 Curiosidade<\/span>\r\n  <span class=\"txt\">A S\u00famula 130 do STJ, usada por analogia nesse caso, foi julgada em 29 de mar\u00e7o de 1995 e trata de danos ou furtos de ve\u00edculos em estacionamento empresarial.<\/span>\r\n<\/div>\n","protected":false},"excerpt":{"rendered":"<p>Antes do treino, o cliente prendeu a bicicleta com corrente e cadeado ao lado do biciclet\u00e1rio da academia. Ao sair, o ve\u00edculo tinha sumido. A discuss\u00e3o chegou \u00e0 Justi\u00e7a porque a empresa dizia que o ponto escolhido ficava fora da estrutura destinada \u00e0s bicicletas. Onde exatamente a bicicleta estava quando ocorreu o furto? O caso [&hellip;]<\/p>\n","protected":false},"author":30,"featured_media":268512,"comment_status":"closed","ping_status":"closed","sticky":false,"template":"","format":"standard","meta":{"jnews-multi-image_gallery":[],"jnews_single_post":{"format":"standard"},"jnews_primary_category":[],"jnews_social_meta":[],"jnews_override_counter":[],"footnotes":""},"categories":[35965],"tags":[4956,35516,1333,36608],"class_list":["post-268478","post","type-post","status-publish","format-standard","has-post-thumbnail","hentry","category-relatos","tag-academia","tag-bicicletario","tag-consumidor","tag-furto-de-bicicleta"],"yoast_head":"<!-- This site is optimized with the Yoast SEO plugin v28.3 - https:\/\/yoast.com\/product\/yoast-seo-wordpress\/ -->\n<title>Cliente prende a bicicleta com corrente ao lado do biciclet\u00e1rio, entra para treinar e perde o ve\u00edculo; academia alega que ele estacionou fora da estrutura - Estado de Minas - Em Alta<\/title>\n<meta name=\"description\" content=\"Uma bicicleta presa ao lado do biciclet\u00e1rio sumiu durante o treino, e a posi\u00e7\u00e3o escolhida pelo cliente virou o ponto central da disputa.\" \/>\n<meta name=\"robots\" content=\"index, follow, max-snippet:-1, max-image-preview:large, max-video-preview:-1\" \/>\n<link rel=\"canonical\" href=\"https:\/\/www.em.com.br\/emalta\/2026\/08\/31\/cliente-prende-a-bicicleta-com-corrente-ao-lado-do-bicicletario-entra-para-treinar-e-perde-o-veiculo-academia-alega-que-ele-estacionou-fora-da-estrutura\/\" \/>\n<meta property=\"og:locale\" content=\"pt_BR\" \/>\n<meta property=\"og:type\" content=\"article\" \/>\n<meta property=\"og:title\" content=\"Cliente prende a bicicleta com corrente ao lado do biciclet\u00e1rio, entra para treinar e perde o ve\u00edculo; academia alega que ele estacionou fora da estrutura - Estado de Minas - Em Alta\" \/>\n<meta property=\"og:description\" content=\"Uma bicicleta presa ao lado do biciclet\u00e1rio sumiu durante o treino, e a posi\u00e7\u00e3o escolhida pelo cliente virou o ponto central da disputa.\" \/>\n<meta property=\"og:url\" content=\"https:\/\/www.em.com.br\/emalta\/2026\/08\/31\/cliente-prende-a-bicicleta-com-corrente-ao-lado-do-bicicletario-entra-para-treinar-e-perde-o-veiculo-academia-alega-que-ele-estacionou-fora-da-estrutura\/\" \/>\n<meta property=\"og:site_name\" content=\"Estado de Minas - Em Alta\" \/>\n<meta property=\"article:published_time\" content=\"2026-08-31T20:37:00+00:00\" \/>\n<meta property=\"og:image\" content=\"https:\/\/www.em.com.br\/emalta\/wp-content\/uploads\/2026\/08\/cadeadop23.jpg\" \/>\n\t<meta property=\"og:image:width\" content=\"1280\" \/>\n\t<meta property=\"og:image:height\" content=\"720\" \/>\n\t<meta property=\"og:image:type\" content=\"image\/jpeg\" \/>\n<meta name=\"author\" content=\"Guilherme Ara\u00fajo\" \/>\n<meta name=\"twitter:card\" content=\"summary_large_image\" \/>\n<meta name=\"twitter:label1\" content=\"Escrito por\" \/>\n\t<meta name=\"twitter:data1\" content=\"Guilherme Ara\u00fajo\" \/>\n\t<meta name=\"twitter:label2\" content=\"Est. tempo de leitura\" \/>\n\t<meta name=\"twitter:data2\" content=\"4 minutos\" \/>\n<!-- \/ Yoast SEO plugin. -->","yoast_head_json":{"title":"Cliente prende a bicicleta com corrente ao lado do biciclet\u00e1rio, entra para treinar e perde o ve\u00edculo; academia alega que ele estacionou fora da estrutura - Estado de Minas - Em Alta","description":"Uma bicicleta presa ao lado do biciclet\u00e1rio sumiu durante o treino, e a posi\u00e7\u00e3o escolhida pelo cliente virou o ponto central da disputa.","robots":{"index":"index","follow":"follow","max-snippet":"max-snippet:-1","max-image-preview":"max-image-preview:large","max-video-preview":"max-video-preview:-1"},"canonical":"https:\/\/www.em.com.br\/emalta\/2026\/08\/31\/cliente-prende-a-bicicleta-com-corrente-ao-lado-do-bicicletario-entra-para-treinar-e-perde-o-veiculo-academia-alega-que-ele-estacionou-fora-da-estrutura\/","og_locale":"pt_BR","og_type":"article","og_title":"Cliente prende a bicicleta com corrente ao lado do biciclet\u00e1rio, entra para treinar e perde o ve\u00edculo; academia alega que ele estacionou fora da estrutura - Estado de Minas - Em Alta","og_description":"Uma bicicleta presa ao lado do biciclet\u00e1rio sumiu durante o treino, e a posi\u00e7\u00e3o escolhida pelo cliente virou o ponto central da disputa.","og_url":"https:\/\/www.em.com.br\/emalta\/2026\/08\/31\/cliente-prende-a-bicicleta-com-corrente-ao-lado-do-bicicletario-entra-para-treinar-e-perde-o-veiculo-academia-alega-que-ele-estacionou-fora-da-estrutura\/","og_site_name":"Estado de Minas - Em Alta","article_published_time":"2026-08-31T20:37:00+00:00","og_image":[{"width":1280,"height":720,"url":"https:\/\/www.em.com.br\/emalta\/wp-content\/uploads\/2026\/08\/cadeadop23.jpg","type":"image\/jpeg"}],"author":"Guilherme Ara\u00fajo","twitter_card":"summary_large_image","twitter_misc":{"Escrito por":"Guilherme Ara\u00fajo","Est. tempo de leitura":"4 minutos"},"schema":{"@context":"https:\/\/schema.org","@graph":[{"@type":"Article","@id":"https:\/\/www.em.com.br\/emalta\/2026\/08\/31\/cliente-prende-a-bicicleta-com-corrente-ao-lado-do-bicicletario-entra-para-treinar-e-perde-o-veiculo-academia-alega-que-ele-estacionou-fora-da-estrutura\/#article","isPartOf":{"@id":"https:\/\/www.em.com.br\/emalta\/2026\/08\/31\/cliente-prende-a-bicicleta-com-corrente-ao-lado-do-bicicletario-entra-para-treinar-e-perde-o-veiculo-academia-alega-que-ele-estacionou-fora-da-estrutura\/"},"author":{"name":"Guilherme Ara\u00fajo","@id":"https:\/\/www.em.com.br\/emalta\/#\/schema\/person\/a8c27556910de924e3004c2fd747ec3a"},"headline":"Cliente prende a bicicleta com corrente ao lado do biciclet\u00e1rio, entra para treinar e perde o ve\u00edculo; academia alega que ele estacionou fora da estrutura","datePublished":"2026-08-31T20:37:00+00:00","mainEntityOfPage":{"@id":"https:\/\/www.em.com.br\/emalta\/2026\/08\/31\/cliente-prende-a-bicicleta-com-corrente-ao-lado-do-bicicletario-entra-para-treinar-e-perde-o-veiculo-academia-alega-que-ele-estacionou-fora-da-estrutura\/"},"wordCount":731,"image":{"@id":"https:\/\/www.em.com.br\/emalta\/2026\/08\/31\/cliente-prende-a-bicicleta-com-corrente-ao-lado-do-bicicletario-entra-para-treinar-e-perde-o-veiculo-academia-alega-que-ele-estacionou-fora-da-estrutura\/#primaryimage"},"thumbnailUrl":"https:\/\/www.em.com.br\/emalta\/wp-content\/uploads\/2026\/08\/cadeadop23.jpg","keywords":["academia","biciclet\u00e1rio","consumidor","furto de bicicleta"],"articleSection":["Relatos"],"inLanguage":"pt-BR"},{"@type":"WebPage","@id":"https:\/\/www.em.com.br\/emalta\/2026\/08\/31\/cliente-prende-a-bicicleta-com-corrente-ao-lado-do-bicicletario-entra-para-treinar-e-perde-o-veiculo-academia-alega-que-ele-estacionou-fora-da-estrutura\/","url":"https:\/\/www.em.com.br\/emalta\/2026\/08\/31\/cliente-prende-a-bicicleta-com-corrente-ao-lado-do-bicicletario-entra-para-treinar-e-perde-o-veiculo-academia-alega-que-ele-estacionou-fora-da-estrutura\/","name":"Cliente prende a bicicleta com corrente ao lado do biciclet\u00e1rio, entra para treinar e perde o ve\u00edculo; academia alega que ele estacionou fora da estrutura - Estado de Minas - Em Alta","isPartOf":{"@id":"https:\/\/www.em.com.br\/emalta\/#website"},"primaryImageOfPage":{"@id":"https:\/\/www.em.com.br\/emalta\/2026\/08\/31\/cliente-prende-a-bicicleta-com-corrente-ao-lado-do-bicicletario-entra-para-treinar-e-perde-o-veiculo-academia-alega-que-ele-estacionou-fora-da-estrutura\/#primaryimage"},"image":{"@id":"https:\/\/www.em.com.br\/emalta\/2026\/08\/31\/cliente-prende-a-bicicleta-com-corrente-ao-lado-do-bicicletario-entra-para-treinar-e-perde-o-veiculo-academia-alega-que-ele-estacionou-fora-da-estrutura\/#primaryimage"},"thumbnailUrl":"https:\/\/www.em.com.br\/emalta\/wp-content\/uploads\/2026\/08\/cadeadop23.jpg","datePublished":"2026-08-31T20:37:00+00:00","author":{"@id":"https:\/\/www.em.com.br\/emalta\/#\/schema\/person\/a8c27556910de924e3004c2fd747ec3a"},"description":"Uma bicicleta presa ao lado do biciclet\u00e1rio sumiu durante o treino, e a posi\u00e7\u00e3o escolhida pelo cliente virou o ponto central da disputa.","breadcrumb":{"@id":"https:\/\/www.em.com.br\/emalta\/2026\/08\/31\/cliente-prende-a-bicicleta-com-corrente-ao-lado-do-bicicletario-entra-para-treinar-e-perde-o-veiculo-academia-alega-que-ele-estacionou-fora-da-estrutura\/#breadcrumb"},"inLanguage":"pt-BR","potentialAction":[{"@type":"ReadAction","target":["https:\/\/www.em.com.br\/emalta\/2026\/08\/31\/cliente-prende-a-bicicleta-com-corrente-ao-lado-do-bicicletario-entra-para-treinar-e-perde-o-veiculo-academia-alega-que-ele-estacionou-fora-da-estrutura\/"]}]},{"@type":"ImageObject","inLanguage":"pt-BR","@id":"https:\/\/www.em.com.br\/emalta\/2026\/08\/31\/cliente-prende-a-bicicleta-com-corrente-ao-lado-do-bicicletario-entra-para-treinar-e-perde-o-veiculo-academia-alega-que-ele-estacionou-fora-da-estrutura\/#primaryimage","url":"https:\/\/www.em.com.br\/emalta\/wp-content\/uploads\/2026\/08\/cadeadop23.jpg","contentUrl":"https:\/\/www.em.com.br\/emalta\/wp-content\/uploads\/2026\/08\/cadeadop23.jpg","width":1280,"height":720,"caption":"A proximidade com o biciclet\u00e1rio pode entrar na discuss\u00e3o sobre a expectativa de seguran\u00e7a oferecida \u2014 imagem meramente ilustrativa"},{"@type":"BreadcrumbList","@id":"https:\/\/www.em.com.br\/emalta\/2026\/08\/31\/cliente-prende-a-bicicleta-com-corrente-ao-lado-do-bicicletario-entra-para-treinar-e-perde-o-veiculo-academia-alega-que-ele-estacionou-fora-da-estrutura\/#breadcrumb","itemListElement":[{"@type":"ListItem","position":1,"name":"In\u00edcio","item":"https:\/\/www.em.com.br\/emalta\/"},{"@type":"ListItem","position":2,"name":"Cliente prende a bicicleta com corrente ao lado do biciclet\u00e1rio, entra para treinar e perde o ve\u00edculo; academia alega que ele estacionou fora da estrutura"}]},{"@type":"WebSite","@id":"https:\/\/www.em.com.br\/emalta\/#website","url":"https:\/\/www.em.com.br\/emalta\/","name":"Estado de Minas - Em Alta","description":"Acompanhe as \u00faltimas not\u00edcias e fique bem informado sobre tudo o que acontece em Minas Gerais, Brasil e no mundo.","potentialAction":[{"@type":"SearchAction","target":{"@type":"EntryPoint","urlTemplate":"https:\/\/www.em.com.br\/emalta\/?s={search_term_string}"},"query-input":{"@type":"PropertyValueSpecification","valueRequired":true,"valueName":"search_term_string"}}],"inLanguage":"pt-BR"},{"@type":"Person","@id":"https:\/\/www.em.com.br\/emalta\/#\/schema\/person\/a8c27556910de924e3004c2fd747ec3a","name":"Guilherme Ara\u00fajo","image":{"@type":"ImageObject","inLanguage":"pt-BR","@id":"https:\/\/secure.gravatar.com\/avatar\/063bc96e5a2afd1844386c45bd1360efc771eff011a9fab8cd399e2a104c3ecd?s=96&d=mm&r=g","url":"https:\/\/secure.gravatar.com\/avatar\/063bc96e5a2afd1844386c45bd1360efc771eff011a9fab8cd399e2a104c3ecd?s=96&d=mm&r=g","contentUrl":"https:\/\/secure.gravatar.com\/avatar\/063bc96e5a2afd1844386c45bd1360efc771eff011a9fab8cd399e2a104c3ecd?s=96&d=mm&r=g","caption":"Guilherme Ara\u00fajo"},"sameAs":["https:\/\/www.em.com.br\/emalta"],"url":"https:\/\/www.em.com.br\/emalta\/author\/guilhermeamyth\/"}]}},"_links":{"self":[{"href":"https:\/\/www.em.com.br\/emalta\/wp-json\/wp\/v2\/posts\/268478","targetHints":{"allow":["GET"]}}],"collection":[{"href":"https:\/\/www.em.com.br\/emalta\/wp-json\/wp\/v2\/posts"}],"about":[{"href":"https:\/\/www.em.com.br\/emalta\/wp-json\/wp\/v2\/types\/post"}],"author":[{"embeddable":true,"href":"https:\/\/www.em.com.br\/emalta\/wp-json\/wp\/v2\/users\/30"}],"replies":[{"embeddable":true,"href":"https:\/\/www.em.com.br\/emalta\/wp-json\/wp\/v2\/comments?post=268478"}],"version-history":[{"count":4,"href":"https:\/\/www.em.com.br\/emalta\/wp-json\/wp\/v2\/posts\/268478\/revisions"}],"predecessor-version":[{"id":268552,"href":"https:\/\/www.em.com.br\/emalta\/wp-json\/wp\/v2\/posts\/268478\/revisions\/268552"}],"wp:featuredmedia":[{"embeddable":true,"href":"https:\/\/www.em.com.br\/emalta\/wp-json\/wp\/v2\/media\/268512"}],"wp:attachment":[{"href":"https:\/\/www.em.com.br\/emalta\/wp-json\/wp\/v2\/media?parent=268478"}],"wp:term":[{"taxonomy":"category","embeddable":true,"href":"https:\/\/www.em.com.br\/emalta\/wp-json\/wp\/v2\/categories?post=268478"},{"taxonomy":"post_tag","embeddable":true,"href":"https:\/\/www.em.com.br\/emalta\/wp-json\/wp\/v2\/tags?post=268478"}],"curies":[{"name":"wp","href":"https:\/\/api.w.org\/{rel}","templated":true}]}}