{"id":268439,"date":"2026-08-31T09:07:00","date_gmt":"2026-08-31T12:07:00","guid":{"rendered":"https:\/\/www.em.com.br\/emalta\/?p=268439"},"modified":"2026-08-30T23:06:35","modified_gmt":"2026-08-31T02:06:35","slug":"mae-empresta-o-celular-ao-filho-de-9-anos-para-jogar-e-descobre-r-2-400-em-compras-feitas-com-o-cartao-que-estava-salvo-no-aplicativo","status":"publish","type":"post","link":"https:\/\/www.em.com.br\/emalta\/2026\/08\/31\/mae-empresta-o-celular-ao-filho-de-9-anos-para-jogar-e-descobre-r-2-400-em-compras-feitas-com-o-cartao-que-estava-salvo-no-aplicativo\/","title":{"rendered":"M\u00e3e empresta o celular ao filho de 9 anos para jogar e descobre R$ 2.400 em compras feitas com o cart\u00e3o que estava salvo no aplicativo"},"content":{"rendered":"\n<p class=\"wp-block-paragraph\">O celular foi entregue apenas para uma partida r\u00e1pida. Dias depois, a m\u00e3e encontrou <strong>R$ 2.400 em compras feitas por crian\u00e7a no jogo<\/strong>. O cart\u00e3o j\u00e1 estava cadastrado e algumas transa\u00e7\u00f5es passaram sem que ela percebesse. A idade do filho importa, mas n\u00e3o \u00e9 a \u00fanica informa\u00e7\u00e3o necess\u00e1ria para discutir uma devolu\u00e7\u00e3o. <strong>A situa\u00e7\u00e3o \u00e9 fict\u00edcia e ser\u00e1 usada no decorrer do artigo para explicar quais pontos precisam ser considerados em casos semelhantes.<\/strong><\/p>\n\n\n\n<h2 class=\"wp-block-heading\">Uma crian\u00e7a de 9 anos pode contratar sozinha como um adulto?<\/h2>\n\n\n\n<p class=\"wp-block-paragraph\">O <a href=\"https:\/\/www.planalto.gov.br\/ccivil_03\/leis\/2002\/l10406compilada.htm\" target=\"_blank\" rel=\"noopener noreferrer\"><strong>C\u00f3digo Civil<\/strong><\/a> considera absolutamente incapazes de exercer pessoalmente os atos da vida civil os menores de <strong>16 anos<\/strong>.<\/p>\n\n\n\n<p class=\"wp-block-paragraph\">Isso torna relevante descobrir quem efetivamente realizou e autorizou a compra. No ambiente digital, por\u00e9m, essa resposta nem sempre aparece apenas olhando o nome da conta. Tamb\u00e9m existem cart\u00e3o salvo, senha, biometria, c\u00f3digo do aparelho e configura\u00e7\u00f5es de confirma\u00e7\u00e3o.<\/p>\n\n\n<div class=\"wp-block-image\">\n<figure class=\"aligncenter size-large\"><img decoding=\"async\" width=\"1024\" height=\"576\" src=\"https:\/\/www.em.com.br\/emalta\/wp-content\/uploads\/2026\/08\/histrorico2-1-1024x576.jpg\" alt=\"\" class=\"wp-image-268489\" srcset=\"https:\/\/www.em.com.br\/emalta\/wp-content\/uploads\/2026\/08\/histrorico2-1-1024x576.jpg 1024w, https:\/\/www.em.com.br\/emalta\/wp-content\/uploads\/2026\/08\/histrorico2-1-300x169.jpg 300w, https:\/\/www.em.com.br\/emalta\/wp-content\/uploads\/2026\/08\/histrorico2-1-768x432.jpg 768w, https:\/\/www.em.com.br\/emalta\/wp-content\/uploads\/2026\/08\/histrorico2-1-750x422.jpg 750w, https:\/\/www.em.com.br\/emalta\/wp-content\/uploads\/2026\/08\/histrorico2-1-1140x641.jpg 1140w, https:\/\/www.em.com.br\/emalta\/wp-content\/uploads\/2026\/08\/histrorico2-1.jpg 1280w\" sizes=\"(max-width: 1024px) 100vw, 1024px\" \/><figcaption class=\"wp-element-caption\">A forma como as compras foram autorizadas pode ser importante para analisar as cobran\u00e7as<\/figcaption><\/figure>\n<\/div>\n\n\n<h2 class=\"wp-block-heading\">A idade do filho garante que os R$ 2.400 sejam devolvidos?<\/h2>\n\n\n\n<p class=\"wp-block-paragraph\">N\u00e3o \u00e9 seguro prometer isso. A idade \u00e9 um elemento importante, mas plataformas e meios de pagamento analisam outros dados antes de aceitar uma contesta\u00e7\u00e3o ou pedido de reembolso.<\/p>\n\n\n\n<p class=\"wp-block-paragraph\">Como exemplo, o <a href=\"https:\/\/support.google.com\/googleplay\/answer\/2479637?hl=pt-BR\" target=\"_blank\" rel=\"noopener noreferrer\"><strong>Google Play<\/strong><\/a> diferencia compras n\u00e3o reconhecidas de compras feitas acidentalmente por amigo ou familiar usando a conta. A pr\u00f3pria pol\u00edtica informa que os pedidos s\u00e3o analisados conforme as circunst\u00e2ncias.<\/p>\n\n\n\n<h2 class=\"wp-block-heading\">O C\u00f3digo de Defesa do Consumidor tamb\u00e9m pode entrar na discuss\u00e3o?<\/h2>\n\n\n\n<p class=\"wp-block-paragraph\">Sim, quando existe uma rela\u00e7\u00e3o de consumo. O <a href=\"https:\/\/www.planalto.gov.br\/ccivil_03\/leis\/l8078compilado.htm\" target=\"_blank\" rel=\"noopener noreferrer\"><strong>C\u00f3digo de Defesa do Consumidor<\/strong><\/a> pro\u00edbe que o fornecedor se aproveite da fraqueza ou ignor\u00e2ncia do consumidor considerando, entre outros fatores, sua idade.<\/p>\n\n\n\n<p class=\"wp-block-paragraph\">Mas isso n\u00e3o significa que toda compra feita num aparelho usado por crian\u00e7a seja automaticamente uma pr\u00e1tica abusiva. Seria preciso analisar a forma como o produto foi oferecido, as barreiras de pagamento e quem era o titular da conta e do cart\u00e3o.<\/p>\n\n\n\n<h2 class=\"wp-block-heading\">O que a m\u00e3e poderia fazer logo depois de descobrir as cobran\u00e7as?<\/h2>\n\n\n\n<p class=\"wp-block-paragraph\">A m\u00e3o nessa situa\u00e7\u00e3o pode fazer os seguintes passos:<\/p>\n\n\n\n<ul class=\"wp-block-list\">\n<li>salvar o hist\u00f3rico completo das compras;<\/li>\n\n\n\n<li>registrar datas, hor\u00e1rios, valores e nome do aplicativo;<\/li>\n\n\n\n<li>verificar qual loja ou intermediador processou o pagamento;<\/li>\n\n\n\n<li>alterar senha e exigir autentica\u00e7\u00e3o para novas compras;<\/li>\n\n\n\n<li>usar o canal oficial de reembolso ou contesta\u00e7\u00e3o da plataforma;<\/li>\n\n\n\n<li>guardar protocolos e respostas recebidas.<\/li>\n<\/ul>\n\n\n<div class=\"wp-block-image\">\n<figure class=\"aligncenter size-large\"><img decoding=\"async\" width=\"1024\" height=\"576\" src=\"https:\/\/www.em.com.br\/emalta\/wp-content\/uploads\/2026\/08\/compra3-1024x576.jpg\" alt=\"\" class=\"wp-image-268487\" srcset=\"https:\/\/www.em.com.br\/emalta\/wp-content\/uploads\/2026\/08\/compra3-1024x576.jpg 1024w, https:\/\/www.em.com.br\/emalta\/wp-content\/uploads\/2026\/08\/compra3-300x169.jpg 300w, https:\/\/www.em.com.br\/emalta\/wp-content\/uploads\/2026\/08\/compra3-768x432.jpg 768w, https:\/\/www.em.com.br\/emalta\/wp-content\/uploads\/2026\/08\/compra3-750x422.jpg 750w, https:\/\/www.em.com.br\/emalta\/wp-content\/uploads\/2026\/08\/compra3-1140x641.jpg 1140w, https:\/\/www.em.com.br\/emalta\/wp-content\/uploads\/2026\/08\/compra3.jpg 1280w\" sizes=\"(max-width: 1024px) 100vw, 1024px\" \/><figcaption class=\"wp-element-caption\">Hist\u00f3rico do aplicativo e comprovantes ajudam a reconstruir como os valores foram acumulados<\/figcaption><\/figure>\n<\/div>\n\n\n<p class=\"wp-block-paragraph\"><strong>Leia tamb\u00e9m: <a href=\"https:\/\/www.em.com.br\/emalta\/2026\/08\/26\/homem-faz-cerca-de-90-mil-apostas-em-sete-meses-perde-mais-de-r-200-mil-e-justica-condena-empresa-de-bet-a-devolver-r-206-mil\/\" target=\"_blank\" rel=\"noreferrer noopener\">Homem faz cerca de 90 mil apostas em sete meses, perde mais de R$ 200 mil e Justi\u00e7a condena empresa de bet a devolver R$ 206 mil<\/a><\/strong><\/p>\n\n\n\n<h2 class=\"wp-block-heading\">Como evitar uma repeti\u00e7\u00e3o depois do pedido de reembolso?<\/h2>\n\n\n\n<p class=\"wp-block-paragraph\">Mesmo enquanto a contesta\u00e7\u00e3o \u00e9 analisada, vale mudar as configura\u00e7\u00f5es. Remover o cart\u00e3o salvo, exigir biometria ou senha em cada pagamento e ativar ferramentas de controle parental reduz o risco de novas compras.<\/p>\n\n\n\n<p class=\"wp-block-paragraph\">No caso dos <strong>R$ 2.400<\/strong>, o resultado do pedido dependeria das circunst\u00e2ncias concretas. A exist\u00eancia de uma crian\u00e7a de 9 anos pesa na an\u00e1lise, mas n\u00e3o substitui a verifica\u00e7\u00e3o de quem autorizou, como o pagamento foi confirmado e quais regras eram usadas pela plataforma.<\/p>\n\n\n\n<style>\r\n.curio-box{box-sizing:border-box;width:100%;max-width:680px;margin:20px auto 4px;background:#f5f7fa;border:1px solid #e5e7eb;border-radius:16px;padding:16px 18px;font-family:Arial,'Segoe UI',sans-serif!important}.curio-box .tag{display:block;font-size:11px;font-weight:800;text-transform:uppercase;color:#2c3e50;margin-bottom:6px}.curio-box .txt{font-size:13px;color:#333;line-height:1.6}\r\n<\/style>\r\n<div class=\"google-auto-ads-ignore curio-box\"><span class=\"tag\">\ud83d\udca1 Vale observar<\/span><span class=\"txt\">Em algumas plataformas, compras acidentais feitas por familiares possuem um fluxo pr\u00f3prio de reembolso. Isso \u00e9 diferente de simplesmente declarar uma cobran\u00e7a como totalmente desconhecida.<\/span><\/div>\n","protected":false},"excerpt":{"rendered":"<p>O celular foi entregue apenas para uma partida r\u00e1pida. Dias depois, a m\u00e3e encontrou R$ 2.400 em compras feitas por crian\u00e7a no jogo. O cart\u00e3o j\u00e1 estava cadastrado e algumas transa\u00e7\u00f5es passaram sem que ela percebesse. A idade do filho importa, mas n\u00e3o \u00e9 a \u00fanica informa\u00e7\u00e3o necess\u00e1ria para discutir uma devolu\u00e7\u00e3o. A situa\u00e7\u00e3o \u00e9 [&hellip;]<\/p>\n","protected":false},"author":30,"featured_media":268486,"comment_status":"closed","ping_status":"closed","sticky":false,"template":"","format":"standard","meta":{"jnews-multi-image_gallery":[],"jnews_single_post":{"format":"standard"},"jnews_primary_category":[],"jnews_social_meta":[],"jnews_override_counter":[],"footnotes":""},"categories":[1],"tags":[974,36605,1388,4498],"class_list":["post-268439","post","type-post","status-publish","format-standard","has-post-thumbnail","hentry","category-noticias","tag-cartao","tag-compras-no-aplicativo","tag-crianca","tag-reembolso"],"yoast_head":"<!-- This site is optimized with the Yoast SEO plugin v28.3 - https:\/\/yoast.com\/product\/yoast-seo-wordpress\/ -->\n<title>M\u00e3e empresta o celular ao filho de 9 anos para jogar e descobre R$ 2.400 em compras feitas com o cart\u00e3o que estava salvo no aplicativo - Estado de Minas - Em Alta<\/title>\n<meta name=\"description\" content=\"Crian\u00e7a de 9 anos faz R$ 2.400 em compras dentro de um jogo. Idade, senha, confirma\u00e7\u00e3o e regras da plataforma podem mudar o resultado.\" \/>\n<meta name=\"robots\" content=\"index, follow, max-snippet:-1, max-image-preview:large, max-video-preview:-1\" \/>\n<link rel=\"canonical\" href=\"https:\/\/www.em.com.br\/emalta\/2026\/08\/31\/mae-empresta-o-celular-ao-filho-de-9-anos-para-jogar-e-descobre-r-2-400-em-compras-feitas-com-o-cartao-que-estava-salvo-no-aplicativo\/\" \/>\n<meta property=\"og:locale\" content=\"pt_BR\" \/>\n<meta property=\"og:type\" content=\"article\" \/>\n<meta property=\"og:title\" content=\"M\u00e3e empresta o celular ao filho de 9 anos para jogar e descobre R$ 2.400 em compras feitas com o cart\u00e3o que estava salvo no aplicativo - Estado de Minas - Em Alta\" \/>\n<meta property=\"og:description\" content=\"Crian\u00e7a de 9 anos faz R$ 2.400 em compras dentro de um jogo. Idade, senha, confirma\u00e7\u00e3o e regras da plataforma podem mudar o resultado.\" \/>\n<meta property=\"og:url\" content=\"https:\/\/www.em.com.br\/emalta\/2026\/08\/31\/mae-empresta-o-celular-ao-filho-de-9-anos-para-jogar-e-descobre-r-2-400-em-compras-feitas-com-o-cartao-que-estava-salvo-no-aplicativo\/\" \/>\n<meta property=\"og:site_name\" content=\"Estado de Minas - Em Alta\" \/>\n<meta property=\"article:published_time\" content=\"2026-08-31T12:07:00+00:00\" \/>\n<meta property=\"og:image\" content=\"https:\/\/www.em.com.br\/emalta\/wp-content\/uploads\/2026\/08\/comrpa2.jpg\" \/>\n\t<meta property=\"og:image:width\" content=\"1280\" \/>\n\t<meta property=\"og:image:height\" content=\"720\" \/>\n\t<meta property=\"og:image:type\" content=\"image\/jpeg\" \/>\n<meta name=\"author\" content=\"Guilherme Ara\u00fajo\" \/>\n<meta name=\"twitter:card\" content=\"summary_large_image\" \/>\n<meta name=\"twitter:label1\" content=\"Escrito por\" \/>\n\t<meta name=\"twitter:data1\" content=\"Guilherme Ara\u00fajo\" \/>\n\t<meta name=\"twitter:label2\" content=\"Est. tempo de leitura\" \/>\n\t<meta name=\"twitter:data2\" content=\"4 minutos\" \/>\n<!-- \/ Yoast SEO plugin. -->","yoast_head_json":{"title":"M\u00e3e empresta o celular ao filho de 9 anos para jogar e descobre R$ 2.400 em compras feitas com o cart\u00e3o que estava salvo no aplicativo - Estado de Minas - Em Alta","description":"Crian\u00e7a de 9 anos faz R$ 2.400 em compras dentro de um jogo. Idade, senha, confirma\u00e7\u00e3o e regras da plataforma podem mudar o resultado.","robots":{"index":"index","follow":"follow","max-snippet":"max-snippet:-1","max-image-preview":"max-image-preview:large","max-video-preview":"max-video-preview:-1"},"canonical":"https:\/\/www.em.com.br\/emalta\/2026\/08\/31\/mae-empresta-o-celular-ao-filho-de-9-anos-para-jogar-e-descobre-r-2-400-em-compras-feitas-com-o-cartao-que-estava-salvo-no-aplicativo\/","og_locale":"pt_BR","og_type":"article","og_title":"M\u00e3e empresta o celular ao filho de 9 anos para jogar e descobre R$ 2.400 em compras feitas com o cart\u00e3o que estava salvo no aplicativo - Estado de Minas - Em Alta","og_description":"Crian\u00e7a de 9 anos faz R$ 2.400 em compras dentro de um jogo. Idade, senha, confirma\u00e7\u00e3o e regras da plataforma podem mudar o resultado.","og_url":"https:\/\/www.em.com.br\/emalta\/2026\/08\/31\/mae-empresta-o-celular-ao-filho-de-9-anos-para-jogar-e-descobre-r-2-400-em-compras-feitas-com-o-cartao-que-estava-salvo-no-aplicativo\/","og_site_name":"Estado de Minas - Em Alta","article_published_time":"2026-08-31T12:07:00+00:00","og_image":[{"width":1280,"height":720,"url":"https:\/\/www.em.com.br\/emalta\/wp-content\/uploads\/2026\/08\/comrpa2.jpg","type":"image\/jpeg"}],"author":"Guilherme Ara\u00fajo","twitter_card":"summary_large_image","twitter_misc":{"Escrito por":"Guilherme Ara\u00fajo","Est. tempo de leitura":"4 minutos"},"schema":{"@context":"https:\/\/schema.org","@graph":[{"@type":"Article","@id":"https:\/\/www.em.com.br\/emalta\/2026\/08\/31\/mae-empresta-o-celular-ao-filho-de-9-anos-para-jogar-e-descobre-r-2-400-em-compras-feitas-com-o-cartao-que-estava-salvo-no-aplicativo\/#article","isPartOf":{"@id":"https:\/\/www.em.com.br\/emalta\/2026\/08\/31\/mae-empresta-o-celular-ao-filho-de-9-anos-para-jogar-e-descobre-r-2-400-em-compras-feitas-com-o-cartao-que-estava-salvo-no-aplicativo\/"},"author":{"name":"Guilherme Ara\u00fajo","@id":"https:\/\/www.em.com.br\/emalta\/#\/schema\/person\/a8c27556910de924e3004c2fd747ec3a"},"headline":"M\u00e3e empresta o celular ao filho de 9 anos para jogar e descobre R$ 2.400 em compras feitas com o cart\u00e3o que estava salvo no aplicativo","datePublished":"2026-08-31T12:07:00+00:00","mainEntityOfPage":{"@id":"https:\/\/www.em.com.br\/emalta\/2026\/08\/31\/mae-empresta-o-celular-ao-filho-de-9-anos-para-jogar-e-descobre-r-2-400-em-compras-feitas-com-o-cartao-que-estava-salvo-no-aplicativo\/"},"wordCount":605,"image":{"@id":"https:\/\/www.em.com.br\/emalta\/2026\/08\/31\/mae-empresta-o-celular-ao-filho-de-9-anos-para-jogar-e-descobre-r-2-400-em-compras-feitas-com-o-cartao-que-estava-salvo-no-aplicativo\/#primaryimage"},"thumbnailUrl":"https:\/\/www.em.com.br\/emalta\/wp-content\/uploads\/2026\/08\/comrpa2.jpg","keywords":["Cart\u00e3o","compras no aplicativo","Crian\u00e7a","Reembolso"],"articleSection":["Not\u00edcias"],"inLanguage":"pt-BR"},{"@type":"WebPage","@id":"https:\/\/www.em.com.br\/emalta\/2026\/08\/31\/mae-empresta-o-celular-ao-filho-de-9-anos-para-jogar-e-descobre-r-2-400-em-compras-feitas-com-o-cartao-que-estava-salvo-no-aplicativo\/","url":"https:\/\/www.em.com.br\/emalta\/2026\/08\/31\/mae-empresta-o-celular-ao-filho-de-9-anos-para-jogar-e-descobre-r-2-400-em-compras-feitas-com-o-cartao-que-estava-salvo-no-aplicativo\/","name":"M\u00e3e empresta o celular ao filho de 9 anos para jogar e descobre R$ 2.400 em compras feitas com o cart\u00e3o que estava salvo no aplicativo - Estado de Minas - Em Alta","isPartOf":{"@id":"https:\/\/www.em.com.br\/emalta\/#website"},"primaryImageOfPage":{"@id":"https:\/\/www.em.com.br\/emalta\/2026\/08\/31\/mae-empresta-o-celular-ao-filho-de-9-anos-para-jogar-e-descobre-r-2-400-em-compras-feitas-com-o-cartao-que-estava-salvo-no-aplicativo\/#primaryimage"},"image":{"@id":"https:\/\/www.em.com.br\/emalta\/2026\/08\/31\/mae-empresta-o-celular-ao-filho-de-9-anos-para-jogar-e-descobre-r-2-400-em-compras-feitas-com-o-cartao-que-estava-salvo-no-aplicativo\/#primaryimage"},"thumbnailUrl":"https:\/\/www.em.com.br\/emalta\/wp-content\/uploads\/2026\/08\/comrpa2.jpg","datePublished":"2026-08-31T12:07:00+00:00","author":{"@id":"https:\/\/www.em.com.br\/emalta\/#\/schema\/person\/a8c27556910de924e3004c2fd747ec3a"},"description":"Crian\u00e7a de 9 anos faz R$ 2.400 em compras dentro de um jogo. Idade, senha, confirma\u00e7\u00e3o e regras da plataforma podem mudar o resultado.","breadcrumb":{"@id":"https:\/\/www.em.com.br\/emalta\/2026\/08\/31\/mae-empresta-o-celular-ao-filho-de-9-anos-para-jogar-e-descobre-r-2-400-em-compras-feitas-com-o-cartao-que-estava-salvo-no-aplicativo\/#breadcrumb"},"inLanguage":"pt-BR","potentialAction":[{"@type":"ReadAction","target":["https:\/\/www.em.com.br\/emalta\/2026\/08\/31\/mae-empresta-o-celular-ao-filho-de-9-anos-para-jogar-e-descobre-r-2-400-em-compras-feitas-com-o-cartao-que-estava-salvo-no-aplicativo\/"]}]},{"@type":"ImageObject","inLanguage":"pt-BR","@id":"https:\/\/www.em.com.br\/emalta\/2026\/08\/31\/mae-empresta-o-celular-ao-filho-de-9-anos-para-jogar-e-descobre-r-2-400-em-compras-feitas-com-o-cartao-que-estava-salvo-no-aplicativo\/#primaryimage","url":"https:\/\/www.em.com.br\/emalta\/wp-content\/uploads\/2026\/08\/comrpa2.jpg","contentUrl":"https:\/\/www.em.com.br\/emalta\/wp-content\/uploads\/2026\/08\/comrpa2.jpg","width":1280,"height":720,"caption":"Ter o cart\u00e3o salvo no aplicativo pode facilitar compras sem que a crian\u00e7a perceba o gasto real"},{"@type":"BreadcrumbList","@id":"https:\/\/www.em.com.br\/emalta\/2026\/08\/31\/mae-empresta-o-celular-ao-filho-de-9-anos-para-jogar-e-descobre-r-2-400-em-compras-feitas-com-o-cartao-que-estava-salvo-no-aplicativo\/#breadcrumb","itemListElement":[{"@type":"ListItem","position":1,"name":"In\u00edcio","item":"https:\/\/www.em.com.br\/emalta\/"},{"@type":"ListItem","position":2,"name":"M\u00e3e empresta o celular ao filho de 9 anos para jogar e descobre R$ 2.400 em compras feitas com o cart\u00e3o que estava salvo no aplicativo"}]},{"@type":"WebSite","@id":"https:\/\/www.em.com.br\/emalta\/#website","url":"https:\/\/www.em.com.br\/emalta\/","name":"Estado de Minas - Em Alta","description":"Acompanhe as \u00faltimas not\u00edcias e fique bem informado sobre tudo o que acontece em Minas Gerais, Brasil e no mundo.","potentialAction":[{"@type":"SearchAction","target":{"@type":"EntryPoint","urlTemplate":"https:\/\/www.em.com.br\/emalta\/?s={search_term_string}"},"query-input":{"@type":"PropertyValueSpecification","valueRequired":true,"valueName":"search_term_string"}}],"inLanguage":"pt-BR"},{"@type":"Person","@id":"https:\/\/www.em.com.br\/emalta\/#\/schema\/person\/a8c27556910de924e3004c2fd747ec3a","name":"Guilherme Ara\u00fajo","image":{"@type":"ImageObject","inLanguage":"pt-BR","@id":"https:\/\/secure.gravatar.com\/avatar\/063bc96e5a2afd1844386c45bd1360efc771eff011a9fab8cd399e2a104c3ecd?s=96&d=mm&r=g","url":"https:\/\/secure.gravatar.com\/avatar\/063bc96e5a2afd1844386c45bd1360efc771eff011a9fab8cd399e2a104c3ecd?s=96&d=mm&r=g","contentUrl":"https:\/\/secure.gravatar.com\/avatar\/063bc96e5a2afd1844386c45bd1360efc771eff011a9fab8cd399e2a104c3ecd?s=96&d=mm&r=g","caption":"Guilherme Ara\u00fajo"},"sameAs":["https:\/\/www.em.com.br\/emalta"],"url":"https:\/\/www.em.com.br\/emalta\/author\/guilhermeamyth\/"}]}},"_links":{"self":[{"href":"https:\/\/www.em.com.br\/emalta\/wp-json\/wp\/v2\/posts\/268439","targetHints":{"allow":["GET"]}}],"collection":[{"href":"https:\/\/www.em.com.br\/emalta\/wp-json\/wp\/v2\/posts"}],"about":[{"href":"https:\/\/www.em.com.br\/emalta\/wp-json\/wp\/v2\/types\/post"}],"author":[{"embeddable":true,"href":"https:\/\/www.em.com.br\/emalta\/wp-json\/wp\/v2\/users\/30"}],"replies":[{"embeddable":true,"href":"https:\/\/www.em.com.br\/emalta\/wp-json\/wp\/v2\/comments?post=268439"}],"version-history":[{"count":10,"href":"https:\/\/www.em.com.br\/emalta\/wp-json\/wp\/v2\/posts\/268439\/revisions"}],"predecessor-version":[{"id":268538,"href":"https:\/\/www.em.com.br\/emalta\/wp-json\/wp\/v2\/posts\/268439\/revisions\/268538"}],"wp:featuredmedia":[{"embeddable":true,"href":"https:\/\/www.em.com.br\/emalta\/wp-json\/wp\/v2\/media\/268486"}],"wp:attachment":[{"href":"https:\/\/www.em.com.br\/emalta\/wp-json\/wp\/v2\/media?parent=268439"}],"wp:term":[{"taxonomy":"category","embeddable":true,"href":"https:\/\/www.em.com.br\/emalta\/wp-json\/wp\/v2\/categories?post=268439"},{"taxonomy":"post_tag","embeddable":true,"href":"https:\/\/www.em.com.br\/emalta\/wp-json\/wp\/v2\/tags?post=268439"}],"curies":[{"name":"wp","href":"https:\/\/api.w.org\/{rel}","templated":true}]}}