{"id":268254,"date":"2026-08-31T22:57:00","date_gmt":"2026-09-01T01:57:00","guid":{"rendered":"https:\/\/www.em.com.br\/emalta\/?p=268254"},"modified":"2026-08-30T18:10:16","modified_gmt":"2026-08-30T21:10:16","slug":"arqueologos-encontram-colmeias-de-barro-de-3-000-anos-com-restos-de-abelhas-e-revelam-uma-criacao-organizada-dentro-de-uma-cidade","status":"publish","type":"post","link":"https:\/\/www.em.com.br\/emalta\/2026\/08\/31\/arqueologos-encontram-colmeias-de-barro-de-3-000-anos-com-restos-de-abelhas-e-revelam-uma-criacao-organizada-dentro-de-uma-cidade\/","title":{"rendered":"Arque\u00f3logos encontram colmeias de barro de 3.000 anos com restos de abelhas e revelam uma cria\u00e7\u00e3o organizada dentro de uma cidade"},"content":{"rendered":"\n<p class=\"wp-block-paragraph\">No meio de uma antiga \u00e1rea urbana, cerca de <strong>30 colmeias de barro<\/strong> sobreviveram por aproximadamente tr\u00eas mil\u00eanios. Elas j\u00e1 sugeriam cria\u00e7\u00e3o de abelhas, mas havia uma prova ainda melhor dentro dos cilindros: restos de oper\u00e1rias, zang\u00f5es, larvas e pupas confirmaram que ali funcionava um grande api\u00e1rio.<\/p>\n\n\n\n<h2 class=\"wp-block-heading\">Por que os cilindros encontrados em Tel Rehov chamaram tanta aten\u00e7\u00e3o?<\/h2>\n\n\n\n<p class=\"wp-block-paragraph\">As estruturas apareceram em Tel Rehov, no vale do Jord\u00e3o. Eram cilindros feitos com argila n\u00e3o cozida e organizados em fileiras dentro da cidade. Um pequeno orif\u00edcio permitia a entrada das abelhas, enquanto a outra extremidade dava acesso ao interior.<\/p>\n\n\n\n<p class=\"wp-block-paragraph\">O <strong><a href=\"https:\/\/pmc.ncbi.nlm.nih.gov\/articles\/PMC2895135\/\" target=\"_blank\" rel=\"noopener noreferrer\">estudo publicado na PNAS<\/a><\/strong> descreve cerca de <strong>30 colmeias identificadas<\/strong> e estima que o api\u00e1rio original pudesse ter reunido aproximadamente <strong>100 a 200 unidades<\/strong>.<\/p>\n\n\n<div class=\"wp-block-image\">\n<figure class=\"aligncenter size-large\"><img decoding=\"async\" width=\"1024\" height=\"576\" src=\"https:\/\/www.em.com.br\/emalta\/wp-content\/uploads\/2026\/08\/mel213-1-1024x576.jpg\" alt=\"\" class=\"wp-image-268277\" srcset=\"https:\/\/www.em.com.br\/emalta\/wp-content\/uploads\/2026\/08\/mel213-1-1024x576.jpg 1024w, https:\/\/www.em.com.br\/emalta\/wp-content\/uploads\/2026\/08\/mel213-1-300x169.jpg 300w, https:\/\/www.em.com.br\/emalta\/wp-content\/uploads\/2026\/08\/mel213-1-768x432.jpg 768w, https:\/\/www.em.com.br\/emalta\/wp-content\/uploads\/2026\/08\/mel213-1-750x422.jpg 750w, https:\/\/www.em.com.br\/emalta\/wp-content\/uploads\/2026\/08\/mel213-1-1140x641.jpg 1140w, https:\/\/www.em.com.br\/emalta\/wp-content\/uploads\/2026\/08\/mel213-1.jpg 1280w\" sizes=\"(max-width: 1024px) 100vw, 1024px\" \/><figcaption class=\"wp-element-caption\">Vest\u00edgios preservados ajudam a confirmar que as estruturas realmente eram usadas para manter os insetos<\/figcaption><\/figure>\n<\/div>\n\n\n<h2 class=\"wp-block-heading\">Como os pesquisadores confirmaram que aquilo realmente abrigava abelhas?<\/h2>\n\n\n\n<p class=\"wp-block-paragraph\">O formato lembrava colmeias tradicionais, mas a confirma\u00e7\u00e3o veio do pr\u00f3prio conte\u00fado preservado. Dentro de alguns cilindros havia restos de favos carbonizados e partes de abelhas misturadas a material escuro preservado pelo inc\u00eandio que destruiu aquela \u00e1rea.<\/p>\n\n\n\n<p class=\"wp-block-paragraph\">A an\u00e1lise encontrou diferentes fases e tipos de indiv\u00edduos, algo importante para identificar uma col\u00f4nia ativa. Entre os vest\u00edgios estavam:<\/p>\n\n\n\n<style>\n.card-list{box-sizing:border-box;display:flex;flex-direction:column;gap:14px;width:100%;max-width:680px;margin:16px auto;font-family:'Segoe UI',Arial,sans-serif;}\n.card-list .item{box-sizing:border-box;display:grid;grid-template-columns:52px 1fr;gap:14px;align-items:start;background:#fff;border:1px solid #e5e7eb;border-radius:18px;padding:16px;box-shadow:0 8px 22px rgba(0,0,0,.06);}\n.card-list .num{width:42px;height:42px;border-radius:14px;background:#d46b08;color:#fff;display:flex;align-items:center;justify-content:center;font-size:15px;font-weight:800;line-height:1;}\n.card-list .txt{display:flex;flex-direction:column;gap:4px;}\n.card-list .title{font-size:15px;font-weight:700;color:#1a1a1a;line-height:1.35;}\n.card-list .desc{font-size:13px;color:#6b6b6b;line-height:1.5;}\n@media(max-width:480px){\n  .card-list .item{grid-template-columns:1fr;padding:14px;}\n  .card-list .num{width:38px;height:38px;}\n}\n<\/style>\n<div class=\"google-auto-ads-ignore card-list\">\n  <div class=\"item\">\n    <div class=\"num\">1<\/div>\n    <div class=\"txt\">\n      <span class=\"title\">Abelhas oper\u00e1rias<\/span>\n      <span class=\"desc\">Partes de indiv\u00edduos adultos apareceram preservadas dentro das antigas estruturas.<\/span>\n    <\/div>\n  <\/div>\n  <div class=\"item\">\n    <div class=\"num\">2<\/div>\n    <div class=\"txt\">\n      <span class=\"title\">Zang\u00f5es<\/span>\n      <span class=\"desc\">A presen\u00e7a dos machos ajudou a mostrar que os cilindros abrigavam col\u00f4nias de verdade.<\/span>\n    <\/div>\n  <\/div>\n  <div class=\"item\">\n    <div class=\"num\">3<\/div>\n    <div class=\"txt\">\n      <span class=\"title\">Larvas e pupas<\/span>\n      <span class=\"desc\">Fases jovens do desenvolvimento foram encontradas junto aos restos de insetos adultos.<\/span>\n    <\/div>\n  <\/div>\n  <div class=\"item\">\n    <div class=\"num\">4<\/div>\n    <div class=\"txt\">\n      <span class=\"title\">Restos de favos<\/span>\n      <span class=\"desc\">Material carbonizado relacionado aos favos tamb\u00e9m sobreviveu dentro de algumas colmeias.<\/span>\n    <\/div>\n  <\/div>\n<\/div>\n\n\n\n<p class=\"wp-block-paragraph\"><strong>Leia tamb\u00e9m: <a href=\"https:\/\/www.em.com.br\/emalta\/2026\/08\/30\/um-bumerangue-de-72-centimetros-foi-esculpido-em-uma-presa-de-mamute-e-pode-ter-ate-42-290-anos-com-riscos-polimento-e-pigmento-vermelho-ainda-preservados\/\" target=\"_blank\" rel=\"noreferrer noopener\">Um bumerangue de 72 cent\u00edmetros foi esculpido em uma presa de mamute e pode ter at\u00e9 42.290 anos, com riscos, polimento e pigmento vermelho ainda preservados<\/a><\/strong><\/p>\n\n\n\n<h2 class=\"wp-block-heading\">Por que colocar tantas colmeias dentro de uma cidade era incomum?<\/h2>\n\n\n\n<p class=\"wp-block-paragraph\">Um api\u00e1rio grande re\u00fane muitos insetos em um espa\u00e7o relativamente pequeno. Isso chama aten\u00e7\u00e3o porque a atividade estava instalada numa \u00e1rea urbana densa, onde pessoas circulavam e outras constru\u00e7\u00f5es ficavam pr\u00f3ximas.<\/p>\n\n\n\n<p class=\"wp-block-paragraph\">Os pesquisadores consideram poss\u00edvel que a localiza\u00e7\u00e3o ajudasse a proteger um produto valioso. Mel e cera tinham v\u00e1rios usos. A pr\u00f3pria escala da instala\u00e7\u00e3o indica que a cria\u00e7\u00e3o ultrapassava a manuten\u00e7\u00e3o de uma ou duas colmeias para consumo de uma fam\u00edlia.<\/p>\n\n\n\n<p class=\"wp-block-paragraph\">As evid\u00eancias apontam para uma atividade organizada:<\/p>\n\n\n\n<ul class=\"wp-block-list\">\n<li>as colmeias estavam reunidas em fileiras;<\/li>\n\n\n\n<li>o conjunto fazia parte de um complexo arquitet\u00f4nico maior;<\/li>\n\n\n\n<li>havia espa\u00e7o de acesso para o manejo dos favos;<\/li>\n\n\n\n<li>a estimativa total chega a 100 ou 200 colmeias.<\/li>\n<\/ul>\n\n\n\n<p class=\"wp-block-paragraph\">A combina\u00e7\u00e3o permitiu aos autores descrever Tel Rehov como o mais antigo api\u00e1rio conhecido encontrado no pr\u00f3prio local de funcionamento naquele momento da pesquisa.<\/p>\n\n\n<div class=\"wp-block-image\">\n<figure class=\"aligncenter size-large\"><img decoding=\"async\" width=\"1024\" height=\"576\" src=\"https:\/\/www.em.com.br\/emalta\/wp-content\/uploads\/2026\/08\/mel12314-1-1024x576.jpg\" alt=\"\" class=\"wp-image-268279\" srcset=\"https:\/\/www.em.com.br\/emalta\/wp-content\/uploads\/2026\/08\/mel12314-1-1024x576.jpg 1024w, https:\/\/www.em.com.br\/emalta\/wp-content\/uploads\/2026\/08\/mel12314-1-300x169.jpg 300w, https:\/\/www.em.com.br\/emalta\/wp-content\/uploads\/2026\/08\/mel12314-1-768x432.jpg 768w, https:\/\/www.em.com.br\/emalta\/wp-content\/uploads\/2026\/08\/mel12314-1-750x422.jpg 750w, https:\/\/www.em.com.br\/emalta\/wp-content\/uploads\/2026\/08\/mel12314-1-1140x641.jpg 1140w, https:\/\/www.em.com.br\/emalta\/wp-content\/uploads\/2026\/08\/mel12314-1.jpg 1280w\" sizes=\"(max-width: 1024px) 100vw, 1024px\" \/><figcaption class=\"wp-element-caption\">O conjunto permite observar como uma produ\u00e7\u00e3o especializada funcionava em plena \u00e1rea urbana<\/figcaption><\/figure>\n<\/div>\n\n\n<h2 class=\"wp-block-heading\">As abelhas eram iguais \u00e0s que vivem naquela regi\u00e3o hoje?<\/h2>\n\n\n\n<p class=\"wp-block-paragraph\">Essa parte trouxe outra surpresa. Os pesquisadores mediram estruturas preservadas, incluindo asas, e compararam suas formas com diferentes grupos modernos. Os resultados n\u00e3o combinaram bem com a subesp\u00e9cie local da regi\u00e3o.<\/p>\n\n\n\n<p class=\"wp-block-paragraph\">A compara\u00e7\u00e3o ficou assim:<\/p>\n\n\n\n<style>\n.premium-tbl-compact{box-sizing:border-box!important;display:flex!important;flex-direction:column!important;width:calc(100% - 32px)!important;max-width:650px!important;margin:16px auto!important;background:#fff!important;border:1px solid #e3e7e2!important;border-radius:14px!important;overflow:hidden!important;box-shadow:0 5px 15px rgba(0,0,0,.055)!important;font-family:Arial,'Segoe UI',sans-serif!important;}\n.premium-tbl-compact table{width:100%!important;border-collapse:collapse!important;table-layout:fixed!important;}\n.premium-tbl-compact thead,.premium-tbl-compact thead tr{background:#d46b08!important;}\n.premium-tbl-compact th{padding:10px 12px!important;background:#d46b08!important;color:#fff!important;border:0!important;text-align:left!important;font-size:12px!important;font-weight:700!important;text-transform:none!important;}\n.premium-tbl-compact th:nth-child(1){width:29%!important;}\n.premium-tbl-compact th:nth-child(2){width:51%!important;}\n.premium-tbl-compact th:nth-child(3){width:20%!important;}\n.premium-tbl-compact td{padding:10px 12px!important;color:#111!important;border:0!important;border-bottom:1px solid #eee7df!important;text-align:left!important;font-size:12px!important;line-height:1.4!important;}\n.premium-tbl-compact tbody tr:nth-child(odd){background:#fffaf5!important;}\n.premium-tbl-compact .main{display:block!important;font-weight:700!important;color:#111!important;}\n.premium-tbl-compact .sub{display:block!important;color:#666!important;font-size:10.5px!important;}\n.premium-tbl-compact .badge{display:inline-flex!important;width:auto!important;padding:3px 8px!important;border-radius:999px!important;font-size:10.5px!important;font-weight:700!important;white-space:nowrap!important;}\n.premium-tbl-compact .ok{background:#dff5e8!important;color:#11643a!important;}\n.premium-tbl-compact .neutro{background:#e4f0fb!important;color:#145d96!important;}\n@media(max-width:680px){\n  .premium-tbl-compact{width:100%!important;max-width:100%!important;border:0!important;border-radius:0!important;overflow:visible!important;background:transparent!important;box-shadow:none!important;}\n  .premium-tbl-compact table{display:block!important;width:100%!important;}\n  .premium-tbl-compact thead{display:none!important;}\n  .premium-tbl-compact tbody{display:flex!important;flex-direction:column!important;gap:12px!important;}\n  .premium-tbl-compact tr{display:block!important;width:100%!important;background:#fff!important;border:1px solid #e3e7e2!important;border-radius:14px!important;overflow:hidden!important;box-shadow:0 5px 14px rgba(0,0,0,.05)!important;}\n  .premium-tbl-compact td{display:block!important;width:100%!important;padding:10px 12px!important;background:#fff!important;border:0!important;border-bottom:1px solid #eee7df!important;text-align:left!important;}\n  .premium-tbl-compact td::before{content:attr(data-label)!important;display:block!important;margin:0 0 5px!important;color:#d46b08!important;font-size:9px!important;font-weight:800!important;text-transform:uppercase!important;text-align:left!important;}\n  .premium-tbl-compact .badge{display:inline-flex!important;width:auto!important;}\n}\n<\/style>\n<div class=\"google-auto-ads-ignore premium-tbl-compact\">\n  <table>\n    <thead>\n      <tr>\n        <th>Evid\u00eancia<\/th>\n        <th>Resultado<\/th>\n        <th>Leitura<\/th>\n      <\/tr>\n    <\/thead>\n    <tbody>\n      <tr>\n        <td data-label=\"Evid\u00eancia\">\n          <span class=\"main\">Abelha local<\/span>\n          <span class=\"sub\">A. m. syriaca<\/span>\n        <\/td>\n        <td data-label=\"Resultado\">As medidas dos restos n\u00e3o combinaram com a subesp\u00e9cie local esperada.<\/td>\n        <td data-label=\"Leitura\"><span class=\"badge neutro\">Descartada<\/span><\/td>\n      <\/tr>\n      <tr>\n        <td data-label=\"Evid\u00eancia\">\n          <span class=\"main\">Abelha anat\u00f3lica<\/span>\n          <span class=\"sub\">A. m. anatoliaca<\/span>\n        <\/td>\n        <td data-label=\"Resultado\">Foi o grupo moderno mais compat\u00edvel com os vest\u00edgios analisados.<\/td>\n        <td data-label=\"Leitura\"><span class=\"badge ok\">Compat\u00edvel<\/span><\/td>\n      <\/tr>\n      <tr>\n        <td data-label=\"Evid\u00eancia\">\n          <span class=\"main\">Origem<\/span>\n          <span class=\"sub\">Hip\u00f3teses dos autores<\/span>\n        <\/td>\n        <td data-label=\"Resultado\">A distribui\u00e7\u00e3o antiga pode ter sido diferente ou as abelhas podem ter sido trazidas de outra regi\u00e3o.<\/td>\n        <td data-label=\"Leitura\"><span class=\"badge neutro\">Em aberto<\/span><\/td>\n      <\/tr>\n    <\/tbody>\n  <\/table>\n<\/div>\n\n\n\n<h2 class=\"wp-block-heading\">O que essas colmeias revelam sobre a apicultura de tr\u00eas mil\u00eanios atr\u00e1s?<\/h2>\n\n\n\n<p class=\"wp-block-paragraph\">Os vest\u00edgios mostram que criar abelhas j\u00e1 podia ser uma atividade planejada e feita em grande escala. A <strong><a href=\"https:\/\/cris.huji.ac.il\/en\/publications\/industrial-apiculture-in-the-jordan-valley-during-biblical-times\/\" target=\"_blank\" rel=\"noopener noreferrer\">pesquisa da Universidade Hebraica de Jerusal\u00e9m<\/a><\/strong> trata o conjunto como evid\u00eancia direta de apicultura organizada no vale do Jord\u00e3o.<\/p>\n\n\n\n<p class=\"wp-block-paragraph\">As <strong>colmeias de barro<\/strong> preservaram algo ainda mais raro: partes dos pr\u00f3prios animais que viveram nelas. Isso permitiu confirmar a fun\u00e7\u00e3o das estruturas e investigar at\u00e9 que tipo de abelha era mantido ali, transformando uma fileira de cilindros antigos em um retrato detalhado de uma produ\u00e7\u00e3o urbana de tr\u00eas mil anos.<\/p>\n\n\n\n<style>\n.curio-box{box-sizing:border-box;display:flex;flex-direction:column;gap:6px;width:100%;max-width:680px;margin:20px auto 4px;background:#fff7e6;border:1px solid #e5e7eb;border-radius:16px;padding:16px 18px;box-shadow:0 6px 18px rgba(0,0,0,.05);font-family:'Segoe UI',Arial,sans-serif;}\n.curio-box .tag{font-size:11px;font-weight:800;text-transform:uppercase;color:#d46b08;}\n.curio-box .txt{font-size:13px;color:#333;line-height:1.6;}\n<\/style>\n<div class=\"google-auto-ads-ignore curio-box\">\n  <span class=\"tag\">\ud83d\udca1 Curiosidade<\/span>\n  <span class=\"txt\">A an\u00e1lise das antigas abelhas levantou a possibilidade de que moradores de Tel Rehov j\u00e1 transportassem col\u00f4nias de outras regi\u00f5es para manter uma cria\u00e7\u00e3o mais adequada ao api\u00e1rio.<\/span>\n<\/div>\n","protected":false},"excerpt":{"rendered":"<p>No meio de uma antiga \u00e1rea urbana, cerca de 30 colmeias de barro sobreviveram por aproximadamente tr\u00eas mil\u00eanios. Elas j\u00e1 sugeriam cria\u00e7\u00e3o de abelhas, mas havia uma prova ainda melhor dentro dos cilindros: restos de oper\u00e1rias, zang\u00f5es, larvas e pupas confirmaram que ali funcionava um grande api\u00e1rio. Por que os cilindros encontrados em Tel Rehov [&hellip;]<\/p>\n","protected":false},"author":30,"featured_media":268275,"comment_status":"closed","ping_status":"closed","sticky":false,"template":"","format":"standard","meta":{"jnews-multi-image_gallery":[],"jnews_single_post":{"format":"standard"},"jnews_primary_category":[],"jnews_social_meta":[],"jnews_override_counter":[],"footnotes":""},"categories":[29,1],"tags":[6030,36586,675,36585],"class_list":["post-268254","post","type-post","status-publish","format-standard","has-post-thumbnail","hentry","category-entretenimento","category-noticias","tag-abelhas","tag-apicultura-antiga","tag-arqueologia","tag-tel-rehov"],"yoast_head":"<!-- This site is optimized with the Yoast SEO plugin v28.3 - https:\/\/yoast.com\/product\/yoast-seo-wordpress\/ -->\n<title>Arque\u00f3logos encontram colmeias de barro de 3.000 anos com restos de abelhas e revelam uma cria\u00e7\u00e3o organizada dentro de uma cidade - Estado de Minas - Em Alta<\/title>\n<meta name=\"description\" content=\"Colmeias de barro preservadas por 3.000 anos revelaram abelhas, larvas e sinais de uma produ\u00e7\u00e3o organizada dentro de uma antiga cidade.\" \/>\n<meta name=\"robots\" content=\"index, follow, max-snippet:-1, max-image-preview:large, max-video-preview:-1\" \/>\n<link rel=\"canonical\" href=\"https:\/\/www.em.com.br\/emalta\/2026\/08\/31\/arqueologos-encontram-colmeias-de-barro-de-3-000-anos-com-restos-de-abelhas-e-revelam-uma-criacao-organizada-dentro-de-uma-cidade\/\" \/>\n<meta property=\"og:locale\" content=\"pt_BR\" \/>\n<meta property=\"og:type\" content=\"article\" \/>\n<meta property=\"og:title\" content=\"Arque\u00f3logos encontram colmeias de barro de 3.000 anos com restos de abelhas e revelam uma cria\u00e7\u00e3o organizada dentro de uma cidade - Estado de Minas - Em Alta\" \/>\n<meta property=\"og:description\" content=\"Colmeias de barro preservadas por 3.000 anos revelaram abelhas, larvas e sinais de uma produ\u00e7\u00e3o organizada dentro de uma antiga cidade.\" \/>\n<meta property=\"og:url\" content=\"https:\/\/www.em.com.br\/emalta\/2026\/08\/31\/arqueologos-encontram-colmeias-de-barro-de-3-000-anos-com-restos-de-abelhas-e-revelam-uma-criacao-organizada-dentro-de-uma-cidade\/\" \/>\n<meta property=\"og:site_name\" content=\"Estado de Minas - Em Alta\" \/>\n<meta property=\"article:published_time\" content=\"2026-09-01T01:57:00+00:00\" \/>\n<meta property=\"og:image\" content=\"https:\/\/www.em.com.br\/emalta\/wp-content\/uploads\/2026\/08\/laidpi2.jpg\" \/>\n\t<meta property=\"og:image:width\" content=\"1280\" \/>\n\t<meta property=\"og:image:height\" content=\"720\" \/>\n\t<meta property=\"og:image:type\" content=\"image\/jpeg\" \/>\n<meta name=\"author\" content=\"Guilherme Ara\u00fajo\" \/>\n<meta name=\"twitter:card\" content=\"summary_large_image\" \/>\n<meta name=\"twitter:label1\" content=\"Escrito por\" \/>\n\t<meta name=\"twitter:data1\" content=\"Guilherme Ara\u00fajo\" \/>\n\t<meta name=\"twitter:label2\" content=\"Est. tempo de leitura\" \/>\n\t<meta name=\"twitter:data2\" content=\"5 minutos\" \/>\n<!-- \/ Yoast SEO plugin. -->","yoast_head_json":{"title":"Arque\u00f3logos encontram colmeias de barro de 3.000 anos com restos de abelhas e revelam uma cria\u00e7\u00e3o organizada dentro de uma cidade - Estado de Minas - Em Alta","description":"Colmeias de barro preservadas por 3.000 anos revelaram abelhas, larvas e sinais de uma produ\u00e7\u00e3o organizada dentro de uma antiga cidade.","robots":{"index":"index","follow":"follow","max-snippet":"max-snippet:-1","max-image-preview":"max-image-preview:large","max-video-preview":"max-video-preview:-1"},"canonical":"https:\/\/www.em.com.br\/emalta\/2026\/08\/31\/arqueologos-encontram-colmeias-de-barro-de-3-000-anos-com-restos-de-abelhas-e-revelam-uma-criacao-organizada-dentro-de-uma-cidade\/","og_locale":"pt_BR","og_type":"article","og_title":"Arque\u00f3logos encontram colmeias de barro de 3.000 anos com restos de abelhas e revelam uma cria\u00e7\u00e3o organizada dentro de uma cidade - Estado de Minas - Em Alta","og_description":"Colmeias de barro preservadas por 3.000 anos revelaram abelhas, larvas e sinais de uma produ\u00e7\u00e3o organizada dentro de uma antiga cidade.","og_url":"https:\/\/www.em.com.br\/emalta\/2026\/08\/31\/arqueologos-encontram-colmeias-de-barro-de-3-000-anos-com-restos-de-abelhas-e-revelam-uma-criacao-organizada-dentro-de-uma-cidade\/","og_site_name":"Estado de Minas - Em Alta","article_published_time":"2026-09-01T01:57:00+00:00","og_image":[{"width":1280,"height":720,"url":"https:\/\/www.em.com.br\/emalta\/wp-content\/uploads\/2026\/08\/laidpi2.jpg","type":"image\/jpeg"}],"author":"Guilherme Ara\u00fajo","twitter_card":"summary_large_image","twitter_misc":{"Escrito por":"Guilherme Ara\u00fajo","Est. tempo de leitura":"5 minutos"},"schema":{"@context":"https:\/\/schema.org","@graph":[{"@type":"Article","@id":"https:\/\/www.em.com.br\/emalta\/2026\/08\/31\/arqueologos-encontram-colmeias-de-barro-de-3-000-anos-com-restos-de-abelhas-e-revelam-uma-criacao-organizada-dentro-de-uma-cidade\/#article","isPartOf":{"@id":"https:\/\/www.em.com.br\/emalta\/2026\/08\/31\/arqueologos-encontram-colmeias-de-barro-de-3-000-anos-com-restos-de-abelhas-e-revelam-uma-criacao-organizada-dentro-de-uma-cidade\/"},"author":{"name":"Guilherme Ara\u00fajo","@id":"https:\/\/www.em.com.br\/emalta\/#\/schema\/person\/a8c27556910de924e3004c2fd747ec3a"},"headline":"Arque\u00f3logos encontram colmeias de barro de 3.000 anos com restos de abelhas e revelam uma cria\u00e7\u00e3o organizada dentro de uma cidade","datePublished":"2026-09-01T01:57:00+00:00","mainEntityOfPage":{"@id":"https:\/\/www.em.com.br\/emalta\/2026\/08\/31\/arqueologos-encontram-colmeias-de-barro-de-3-000-anos-com-restos-de-abelhas-e-revelam-uma-criacao-organizada-dentro-de-uma-cidade\/"},"wordCount":775,"image":{"@id":"https:\/\/www.em.com.br\/emalta\/2026\/08\/31\/arqueologos-encontram-colmeias-de-barro-de-3-000-anos-com-restos-de-abelhas-e-revelam-uma-criacao-organizada-dentro-de-uma-cidade\/#primaryimage"},"thumbnailUrl":"https:\/\/www.em.com.br\/emalta\/wp-content\/uploads\/2026\/08\/laidpi2.jpg","keywords":["abelhas","apicultura antiga","arqueologia","Tel Rehov"],"articleSection":["Entretenimento","Not\u00edcias"],"inLanguage":"pt-BR"},{"@type":"WebPage","@id":"https:\/\/www.em.com.br\/emalta\/2026\/08\/31\/arqueologos-encontram-colmeias-de-barro-de-3-000-anos-com-restos-de-abelhas-e-revelam-uma-criacao-organizada-dentro-de-uma-cidade\/","url":"https:\/\/www.em.com.br\/emalta\/2026\/08\/31\/arqueologos-encontram-colmeias-de-barro-de-3-000-anos-com-restos-de-abelhas-e-revelam-uma-criacao-organizada-dentro-de-uma-cidade\/","name":"Arque\u00f3logos encontram colmeias de barro de 3.000 anos com restos de abelhas e revelam uma cria\u00e7\u00e3o organizada dentro de uma cidade - Estado de Minas - Em Alta","isPartOf":{"@id":"https:\/\/www.em.com.br\/emalta\/#website"},"primaryImageOfPage":{"@id":"https:\/\/www.em.com.br\/emalta\/2026\/08\/31\/arqueologos-encontram-colmeias-de-barro-de-3-000-anos-com-restos-de-abelhas-e-revelam-uma-criacao-organizada-dentro-de-uma-cidade\/#primaryimage"},"image":{"@id":"https:\/\/www.em.com.br\/emalta\/2026\/08\/31\/arqueologos-encontram-colmeias-de-barro-de-3-000-anos-com-restos-de-abelhas-e-revelam-uma-criacao-organizada-dentro-de-uma-cidade\/#primaryimage"},"thumbnailUrl":"https:\/\/www.em.com.br\/emalta\/wp-content\/uploads\/2026\/08\/laidpi2.jpg","datePublished":"2026-09-01T01:57:00+00:00","author":{"@id":"https:\/\/www.em.com.br\/emalta\/#\/schema\/person\/a8c27556910de924e3004c2fd747ec3a"},"description":"Colmeias de barro preservadas por 3.000 anos revelaram abelhas, larvas e sinais de uma produ\u00e7\u00e3o organizada dentro de uma antiga cidade.","breadcrumb":{"@id":"https:\/\/www.em.com.br\/emalta\/2026\/08\/31\/arqueologos-encontram-colmeias-de-barro-de-3-000-anos-com-restos-de-abelhas-e-revelam-uma-criacao-organizada-dentro-de-uma-cidade\/#breadcrumb"},"inLanguage":"pt-BR","potentialAction":[{"@type":"ReadAction","target":["https:\/\/www.em.com.br\/emalta\/2026\/08\/31\/arqueologos-encontram-colmeias-de-barro-de-3-000-anos-com-restos-de-abelhas-e-revelam-uma-criacao-organizada-dentro-de-uma-cidade\/"]}]},{"@type":"ImageObject","inLanguage":"pt-BR","@id":"https:\/\/www.em.com.br\/emalta\/2026\/08\/31\/arqueologos-encontram-colmeias-de-barro-de-3-000-anos-com-restos-de-abelhas-e-revelam-uma-criacao-organizada-dentro-de-uma-cidade\/#primaryimage","url":"https:\/\/www.em.com.br\/emalta\/wp-content\/uploads\/2026\/08\/laidpi2.jpg","contentUrl":"https:\/\/www.em.com.br\/emalta\/wp-content\/uploads\/2026\/08\/laidpi2.jpg","width":1280,"height":720,"caption":"As colmeias mostram que a cria\u00e7\u00e3o de abelhas fazia parte de uma atividade planejada dentro da cidade"},{"@type":"BreadcrumbList","@id":"https:\/\/www.em.com.br\/emalta\/2026\/08\/31\/arqueologos-encontram-colmeias-de-barro-de-3-000-anos-com-restos-de-abelhas-e-revelam-uma-criacao-organizada-dentro-de-uma-cidade\/#breadcrumb","itemListElement":[{"@type":"ListItem","position":1,"name":"In\u00edcio","item":"https:\/\/www.em.com.br\/emalta\/"},{"@type":"ListItem","position":2,"name":"Arque\u00f3logos encontram colmeias de barro de 3.000 anos com restos de abelhas e revelam uma cria\u00e7\u00e3o organizada dentro de uma cidade"}]},{"@type":"WebSite","@id":"https:\/\/www.em.com.br\/emalta\/#website","url":"https:\/\/www.em.com.br\/emalta\/","name":"Estado de Minas - Em Alta","description":"Acompanhe as \u00faltimas not\u00edcias e fique bem informado sobre tudo o que acontece em Minas Gerais, Brasil e no mundo.","potentialAction":[{"@type":"SearchAction","target":{"@type":"EntryPoint","urlTemplate":"https:\/\/www.em.com.br\/emalta\/?s={search_term_string}"},"query-input":{"@type":"PropertyValueSpecification","valueRequired":true,"valueName":"search_term_string"}}],"inLanguage":"pt-BR"},{"@type":"Person","@id":"https:\/\/www.em.com.br\/emalta\/#\/schema\/person\/a8c27556910de924e3004c2fd747ec3a","name":"Guilherme Ara\u00fajo","image":{"@type":"ImageObject","inLanguage":"pt-BR","@id":"https:\/\/secure.gravatar.com\/avatar\/063bc96e5a2afd1844386c45bd1360efc771eff011a9fab8cd399e2a104c3ecd?s=96&d=mm&r=g","url":"https:\/\/secure.gravatar.com\/avatar\/063bc96e5a2afd1844386c45bd1360efc771eff011a9fab8cd399e2a104c3ecd?s=96&d=mm&r=g","contentUrl":"https:\/\/secure.gravatar.com\/avatar\/063bc96e5a2afd1844386c45bd1360efc771eff011a9fab8cd399e2a104c3ecd?s=96&d=mm&r=g","caption":"Guilherme Ara\u00fajo"},"sameAs":["https:\/\/www.em.com.br\/emalta"],"url":"https:\/\/www.em.com.br\/emalta\/author\/guilhermeamyth\/"}]}},"_links":{"self":[{"href":"https:\/\/www.em.com.br\/emalta\/wp-json\/wp\/v2\/posts\/268254","targetHints":{"allow":["GET"]}}],"collection":[{"href":"https:\/\/www.em.com.br\/emalta\/wp-json\/wp\/v2\/posts"}],"about":[{"href":"https:\/\/www.em.com.br\/emalta\/wp-json\/wp\/v2\/types\/post"}],"author":[{"embeddable":true,"href":"https:\/\/www.em.com.br\/emalta\/wp-json\/wp\/v2\/users\/30"}],"replies":[{"embeddable":true,"href":"https:\/\/www.em.com.br\/emalta\/wp-json\/wp\/v2\/comments?post=268254"}],"version-history":[{"count":5,"href":"https:\/\/www.em.com.br\/emalta\/wp-json\/wp\/v2\/posts\/268254\/revisions"}],"predecessor-version":[{"id":268293,"href":"https:\/\/www.em.com.br\/emalta\/wp-json\/wp\/v2\/posts\/268254\/revisions\/268293"}],"wp:featuredmedia":[{"embeddable":true,"href":"https:\/\/www.em.com.br\/emalta\/wp-json\/wp\/v2\/media\/268275"}],"wp:attachment":[{"href":"https:\/\/www.em.com.br\/emalta\/wp-json\/wp\/v2\/media?parent=268254"}],"wp:term":[{"taxonomy":"category","embeddable":true,"href":"https:\/\/www.em.com.br\/emalta\/wp-json\/wp\/v2\/categories?post=268254"},{"taxonomy":"post_tag","embeddable":true,"href":"https:\/\/www.em.com.br\/emalta\/wp-json\/wp\/v2\/tags?post=268254"}],"curies":[{"name":"wp","href":"https:\/\/api.w.org\/{rel}","templated":true}]}}