{"id":268253,"date":"2026-08-31T22:17:00","date_gmt":"2026-09-01T01:17:00","guid":{"rendered":"https:\/\/www.em.com.br\/emalta\/?p=268253"},"modified":"2026-08-30T18:10:16","modified_gmt":"2026-08-30T21:10:16","slug":"uma-aldeia-de-cerca-de-500-moradores-ja-usava-canos-de-ceramica-ha-4-000-anos-para-levar-a-agua-da-chuva-para-fora-das-casas","status":"publish","type":"post","link":"https:\/\/www.em.com.br\/emalta\/2026\/08\/31\/uma-aldeia-de-cerca-de-500-moradores-ja-usava-canos-de-ceramica-ha-4-000-anos-para-levar-a-agua-da-chuva-para-fora-das-casas\/","title":{"rendered":"Uma aldeia de cerca de 500 moradores j\u00e1 usava canos de cer\u00e2mica h\u00e1 4.000 anos para levar a \u00e1gua da chuva para fora das casas"},"content":{"rendered":"\n<p class=\"wp-block-paragraph\">H\u00e1 cerca de quatro mil\u00eanios, moradores de uma pequena comunidade j\u00e1 encaixavam <strong>canos de cer\u00e2mica<\/strong> para controlar a \u00e1gua das chuvas. Em Pingliangtai, tubos ligados a valas atravessavam \u00e1reas residenciais e espa\u00e7os p\u00fablicos. O sistema levava o excesso de \u00e1gua at\u00e9 estruturas conectadas ao fosso que cercava o assentamento.<\/p>\n\n\n\n<h2 class=\"wp-block-heading\">Por que uma aldeia t\u00e3o pequena precisava de uma rede de drenagem?<\/h2>\n\n\n\n<p class=\"wp-block-paragraph\">Pingliangtai foi constru\u00edda numa regi\u00e3o baixa sujeita \u00e0s chuvas de mon\u00e7\u00e3o e a alagamentos peri\u00f3dicos. Mesmo ficando em um terreno ligeiramente mais alto que a \u00e1rea ao redor, suas casas e caminhos continuavam expostos ao excesso de \u00e1gua.<\/p>\n\n\n\n<p class=\"wp-block-paragraph\">O <strong><a href=\"https:\/\/www.nature.com\/articles\/s44221-023-00114-4\" target=\"_blank\" rel=\"noopener noreferrer\">estudo sobre o sistema hidr\u00e1ulico<\/a><\/strong> data boa parte das casas, valas e tubos entre aproximadamente <strong>4.100 e 3.900 anos atr\u00e1s<\/strong>. As escava\u00e7\u00f5es mostram ainda reparos e reconstru\u00e7\u00f5es feitas ao longo da ocupa\u00e7\u00e3o.<\/p>\n\n\n<div class=\"wp-block-image\">\n<figure class=\"aligncenter size-large\"><img decoding=\"async\" width=\"1024\" height=\"576\" src=\"https:\/\/www.em.com.br\/emalta\/wp-content\/uploads\/2026\/08\/canos231-1-1024x576.jpg\" alt=\"\" class=\"wp-image-268273\" srcset=\"https:\/\/www.em.com.br\/emalta\/wp-content\/uploads\/2026\/08\/canos231-1-1024x576.jpg 1024w, https:\/\/www.em.com.br\/emalta\/wp-content\/uploads\/2026\/08\/canos231-1-300x169.jpg 300w, https:\/\/www.em.com.br\/emalta\/wp-content\/uploads\/2026\/08\/canos231-1-768x432.jpg 768w, https:\/\/www.em.com.br\/emalta\/wp-content\/uploads\/2026\/08\/canos231-1-750x422.jpg 750w, https:\/\/www.em.com.br\/emalta\/wp-content\/uploads\/2026\/08\/canos231-1-1140x641.jpg 1140w, https:\/\/www.em.com.br\/emalta\/wp-content\/uploads\/2026\/08\/canos231-1.jpg 1280w\" sizes=\"(max-width: 1024px) 100vw, 1024px\" \/><figcaption class=\"wp-element-caption\">Tubos feitos de cer\u00e2mica ajudavam a controlar um problema cotidiano enfrentado pelas moradias<\/figcaption><\/figure>\n<\/div>\n\n\n<h2 class=\"wp-block-heading\">Como os tubos de barro trabalhavam junto com as valas?<\/h2>\n\n\n\n<p class=\"wp-block-paragraph\">A drenagem funcionava em mais de uma escala. Valas acompanhavam \u00e1reas pr\u00f3ximas das casas, enquanto os tubos cer\u00e2micos apareciam tamb\u00e9m em pontos p\u00fablicos, incluindo vias e a regi\u00e3o dos port\u00f5es. Tudo ajudava a conduzir a \u00e1gua para fora das partes ocupadas.<\/p>\n\n\n\n<p class=\"wp-block-paragraph\">Os tubos eram relativamente curtos e precisavam ser conectados uns aos outros. A maior parte seguia dimens\u00f5es semelhantes, sinal de uma produ\u00e7\u00e3o pensada para funcionar como rede. O sistema tinha estas caracter\u00edsticas:<\/p>\n\n\n\n<style>\n.card-list{box-sizing:border-box;display:flex;flex-direction:column;gap:14px;width:100%;max-width:680px;margin:16px auto;font-family:'Segoe UI',Arial,sans-serif;}\n.card-list .item{box-sizing:border-box;display:grid;grid-template-columns:52px 1fr;gap:14px;align-items:start;background:#fff;border:1px solid #e5e7eb;border-radius:18px;padding:16px;box-shadow:0 8px 22px rgba(0,0,0,.06);}\n.card-list .num{width:42px;height:42px;border-radius:14px;background:#2c3e50;color:#fff;display:flex;align-items:center;justify-content:center;font-size:15px;font-weight:800;line-height:1;}\n.card-list .txt{display:flex;flex-direction:column;gap:4px;}\n.card-list .title{font-size:15px;font-weight:700;color:#1a1a1a;line-height:1.35;}\n.card-list .desc{font-size:13px;color:#6b6b6b;line-height:1.5;}\n@media(max-width:480px){\n  .card-list .item{grid-template-columns:1fr;padding:14px;}\n  .card-list .num{width:38px;height:38px;}\n}\n<\/style>\n<div class=\"google-auto-ads-ignore card-list\">\n  <div class=\"item\">\n    <div class=\"num\">1<\/div>\n    <div class=\"txt\">\n      <span class=\"title\">Tubos de 30 a 40 cent\u00edmetros<\/span>\n      <span class=\"desc\">A maior parte das pe\u00e7as tinha esse comprimento e cerca de 20 a 30 cent\u00edmetros de di\u00e2metro.<\/span>\n    <\/div>\n  <\/div>\n  <div class=\"item\">\n    <div class=\"num\">2<\/div>\n    <div class=\"txt\">\n      <span class=\"title\">Pe\u00e7as instaladas com inclina\u00e7\u00e3o<\/span>\n      <span class=\"desc\">Muitos tubos foram colocados em \u00e2ngulos de aproximadamente 3 a 7 graus para favorecer o fluxo.<\/span>\n    <\/div>\n  <\/div>\n  <div class=\"item\">\n    <div class=\"num\">3<\/div>\n    <div class=\"txt\">\n      <span class=\"title\">Valas perto das casas<\/span>\n      <span class=\"desc\">Canais menores ajudavam a retirar \u00e1gua das \u00e1reas residenciais e lev\u00e1-la a partes comuns da rede.<\/span>\n    <\/div>\n  <\/div>\n  <div class=\"item\">\n    <div class=\"num\">4<\/div>\n    <div class=\"txt\">\n      <span class=\"title\">Sa\u00edda ligada ao fosso<\/span>\n      <span class=\"desc\">A drenagem estava conectada ao sistema de \u00e1gua mais amplo que cercava a comunidade.<\/span>\n    <\/div>\n  <\/div>\n<\/div>\n\n\n\n<h2 class=\"wp-block-heading\">Quantas pessoas viviam naquele assentamento?<\/h2>\n\n\n\n<p class=\"wp-block-paragraph\">Os pesquisadores estimaram a popula\u00e7\u00e3o com base na quantidade e na capacidade das casas alinhadas. O resultado ficou entre <strong>460 e 600 moradores<\/strong>, o que coloca Pingliangtai como uma comunidade de porte m\u00e9dio para aquele contexto.<\/p>\n\n\n\n<p class=\"wp-block-paragraph\">O local murado ocupava cerca de <strong>3,4 hectares<\/strong>. Uma via central cruzava a \u00e1rea entre os port\u00f5es, e as casas se organizavam em fileiras dos dois lados. Parte importante da drenagem p\u00fablica tamb\u00e9m seguia essa \u00e1rea comum.<\/p>\n\n\n\n<p class=\"wp-block-paragraph\">O trabalho n\u00e3o terminava quando a rede era instalada:<\/p>\n\n\n\n<ul class=\"wp-block-list\">\n<li>valas precisavam ser limpas quando sedimentos se acumulavam;<\/li>\n\n\n\n<li>trechos dos canais foram reconstru\u00eddos em diferentes momentos;<\/li>\n\n\n\n<li>novos tubos eram instalados onde a drenagem precisava ser refor\u00e7ada;<\/li>\n\n\n\n<li>em situa\u00e7\u00f5es de bloqueio, novas valas podiam ser abertas para escoar \u00e1gua rapidamente.<\/li>\n<\/ul>\n\n\n\n<p class=\"wp-block-paragraph\">Isso mostra uma infraestrutura que exigia manuten\u00e7\u00e3o cont\u00ednua, principalmente durante chuvas fortes.<\/p>\n\n\n\n<p class=\"wp-block-paragraph\"><strong>Leia tamb\u00e9m: <a href=\"https:\/\/www.em.com.br\/emalta\/2026\/08\/30\/um-bumerangue-de-72-centimetros-foi-esculpido-em-uma-presa-de-mamute-e-pode-ter-ate-42-290-anos-com-riscos-polimento-e-pigmento-vermelho-ainda-preservados\/\" target=\"_blank\" rel=\"noreferrer noopener\">Um bumerangue de 72 cent\u00edmetros foi esculpido em uma presa de mamute e pode ter at\u00e9 42.290 anos, com riscos, polimento e pigmento vermelho ainda preservados<\/a><\/strong><\/p>\n\n\n\n<h2 class=\"wp-block-heading\">Quem mandava construir uma obra usada pela comunidade inteira?<\/h2>\n\n\n\n<p class=\"wp-block-paragraph\">Essa \u00e9 uma das partes mais interessantes da descoberta. Os pesquisadores n\u00e3o encontraram sinais claros de uma elite poderosa concentrando riqueza em casas ou sepulturas. A organiza\u00e7\u00e3o social parece ter sido menos hierarquizada do que em outros assentamentos da mesma \u00e9poca.<\/p>\n\n\n\n<p class=\"wp-block-paragraph\">Os dados ficam assim:<\/p>\n\n\n\n<style>\n.premium-tbl-compact{box-sizing:border-box!important;display:flex!important;flex-direction:column!important;width:calc(100% - 32px)!important;max-width:650px!important;margin:16px auto!important;background:#fff!important;border:1px solid #e3e7e2!important;border-radius:14px!important;overflow:hidden!important;box-shadow:0 5px 15px rgba(0,0,0,.055)!important;font-family:Arial,'Segoe UI',sans-serif!important;}\n.premium-tbl-compact table{width:100%!important;border-collapse:collapse!important;table-layout:fixed!important;}\n.premium-tbl-compact thead,.premium-tbl-compact thead tr{background:#2c3e50!important;}\n.premium-tbl-compact th{padding:10px 12px!important;background:#2c3e50!important;color:#fff!important;border:0!important;text-align:left!important;font-size:12px!important;font-weight:700!important;text-transform:none!important;}\n.premium-tbl-compact th:nth-child(1){width:29%!important;}\n.premium-tbl-compact th:nth-child(2){width:51%!important;}\n.premium-tbl-compact th:nth-child(3){width:20%!important;}\n.premium-tbl-compact td{padding:10px 12px!important;color:#111!important;border:0!important;border-bottom:1px solid #e8ebe7!important;text-align:left!important;font-size:12px!important;line-height:1.4!important;}\n.premium-tbl-compact tbody tr:nth-child(odd){background:#fafafa!important;}\n.premium-tbl-compact .main{display:block!important;font-weight:700!important;color:#111!important;}\n.premium-tbl-compact .sub{display:block!important;color:#666!important;font-size:10.5px!important;}\n.premium-tbl-compact .badge{display:inline-flex!important;width:auto!important;padding:3px 8px!important;border-radius:999px!important;font-size:10.5px!important;font-weight:700!important;white-space:nowrap!important;}\n.premium-tbl-compact .ok{background:#dff5e8!important;color:#11643a!important;}\n.premium-tbl-compact .neutro{background:#e4f0fb!important;color:#145d96!important;}\n@media(max-width:680px){\n  .premium-tbl-compact{width:100%!important;max-width:100%!important;border:0!important;border-radius:0!important;overflow:visible!important;background:transparent!important;box-shadow:none!important;}\n  .premium-tbl-compact table{display:block!important;width:100%!important;}\n  .premium-tbl-compact thead{display:none!important;}\n  .premium-tbl-compact tbody{display:flex!important;flex-direction:column!important;gap:12px!important;}\n  .premium-tbl-compact tr{display:block!important;width:100%!important;background:#fff!important;border:1px solid #e3e7e2!important;border-radius:14px!important;overflow:hidden!important;box-shadow:0 5px 14px rgba(0,0,0,.05)!important;}\n  .premium-tbl-compact td{display:block!important;width:100%!important;padding:10px 12px!important;background:#fff!important;border:0!important;border-bottom:1px solid #e8ebe7!important;text-align:left!important;}\n  .premium-tbl-compact td::before{content:attr(data-label)!important;display:block!important;margin:0 0 5px!important;color:#2c3e50!important;font-size:9px!important;font-weight:800!important;text-transform:uppercase!important;text-align:left!important;}\n  .premium-tbl-compact .badge{display:inline-flex!important;width:auto!important;}\n}\n<\/style>\n<div class=\"google-auto-ads-ignore premium-tbl-compact\">\n  <table>\n    <thead>\n      <tr>\n        <th>Ind\u00edcio<\/th>\n        <th>O que foi encontrado<\/th>\n        <th>Leitura<\/th>\n      <\/tr>\n    <\/thead>\n    <tbody>\n      <tr>\n        <td data-label=\"Ind\u00edcio\">\n          <span class=\"main\">Casas<\/span>\n          <span class=\"sub\">Moradias em fileiras<\/span>\n        <\/td>\n        <td data-label=\"O que foi encontrado\">Constru\u00e7\u00f5es geralmente pequenas e relativamente parecidas.<\/td>\n        <td data-label=\"Leitura\"><span class=\"badge neutro\">Pouca diferen\u00e7a<\/span><\/td>\n      <\/tr>\n      <tr>\n        <td data-label=\"Ind\u00edcio\">\n          <span class=\"main\">Sepulturas<\/span>\n          <span class=\"sub\">Cemit\u00e9rio comunit\u00e1rio<\/span>\n        <\/td>\n        <td data-label=\"O que foi encontrado\">N\u00e3o apareceram diferen\u00e7as fortes que apontassem uma elite funer\u00e1ria.<\/td>\n        <td data-label=\"Leitura\"><span class=\"badge neutro\">Sem elite clara<\/span><\/td>\n      <\/tr>\n      <tr>\n        <td data-label=\"Ind\u00edcio\">\n          <span class=\"main\">Drenagem p\u00fablica<\/span>\n          <span class=\"sub\">Tubos e canais<\/span>\n        <\/td>\n        <td data-label=\"O que foi encontrado\">A instala\u00e7\u00e3o exigia planejamento e trabalho al\u00e9m de uma \u00fanica casa.<\/td>\n        <td data-label=\"Leitura\"><span class=\"badge ok\">Coopera\u00e7\u00e3o<\/span><\/td>\n      <\/tr>\n    <\/tbody>\n  <\/table>\n<\/div>\n\n\n<div class=\"wp-block-image\">\n<figure class=\"aligncenter size-large\"><img decoding=\"async\" width=\"1024\" height=\"576\" src=\"https:\/\/www.em.com.br\/emalta\/wp-content\/uploads\/2026\/08\/argila-1024x576.jpg\" alt=\"\" class=\"wp-image-268274\" srcset=\"https:\/\/www.em.com.br\/emalta\/wp-content\/uploads\/2026\/08\/argila-1024x576.jpg 1024w, https:\/\/www.em.com.br\/emalta\/wp-content\/uploads\/2026\/08\/argila-300x169.jpg 300w, https:\/\/www.em.com.br\/emalta\/wp-content\/uploads\/2026\/08\/argila-768x432.jpg 768w, https:\/\/www.em.com.br\/emalta\/wp-content\/uploads\/2026\/08\/argila-750x422.jpg 750w, https:\/\/www.em.com.br\/emalta\/wp-content\/uploads\/2026\/08\/argila-1140x641.jpg 1140w, https:\/\/www.em.com.br\/emalta\/wp-content\/uploads\/2026\/08\/argila.jpg 1280w\" sizes=\"(max-width: 1024px) 100vw, 1024px\" \/><figcaption class=\"wp-element-caption\">A solu\u00e7\u00e3o revela um n\u00edvel de planejamento que vai al\u00e9m da simples constru\u00e7\u00e3o das casas<\/figcaption><\/figure>\n<\/div>\n\n\n<h2 class=\"wp-block-heading\">O que os canos mudam na imagem dessas comunidades antigas?<\/h2>\n\n\n\n<p class=\"wp-block-paragraph\">A <strong><a href=\"https:\/\/www.ucl.ac.uk\/news\/2023\/aug\/chinas-oldest-water-pipes-were-communal-effort\" target=\"_blank\" rel=\"noopener noreferrer\">an\u00e1lise apresentada pela University College London<\/a><\/strong> chama aten\u00e7\u00e3o para uma possibilidade: obras p\u00fablicas complexas n\u00e3o dependiam obrigatoriamente de um governante muito poderoso para existir.<\/p>\n\n\n\n<p class=\"wp-block-paragraph\">Os <strong>canos de cer\u00e2mica<\/strong> de Pingliangtai mostram centenas de pessoas lidando com um problema coletivo h\u00e1 quatro mil\u00eanios. Elas produziram pe\u00e7as padronizadas, abriram valas e mantiveram uma rede ligada ao fosso, mesmo sem sinais arqueol\u00f3gicos claros de uma elite comandando tudo de cima.<\/p>\n\n\n\n<style>\n.curio-box{box-sizing:border-box;display:flex;flex-direction:column;gap:6px;width:100%;max-width:680px;margin:20px auto 4px;background:#f5f7fa;border:1px solid #e5e7eb;border-radius:16px;padding:16px 18px;box-shadow:0 6px 18px rgba(0,0,0,.05);font-family:'Segoe UI',Arial,sans-serif;}\n.curio-box .tag{font-size:11px;font-weight:800;text-transform:uppercase;color:#2c3e50;}\n.curio-box .txt{font-size:13px;color:#333;line-height:1.6;}\n<\/style>\n<div class=\"google-auto-ads-ignore curio-box\">\n  <span class=\"tag\">\ud83d\udca1 Curiosidade<\/span>\n  <span class=\"txt\">Os pesquisadores estimam que Pingliangtai reunia entre 460 e 600 moradores, apesar de manter uma rede de drenagem que atendia \u00e1reas privadas e espa\u00e7os p\u00fablicos.<\/span>\n<\/div>\n","protected":false},"excerpt":{"rendered":"<p>H\u00e1 cerca de quatro mil\u00eanios, moradores de uma pequena comunidade j\u00e1 encaixavam canos de cer\u00e2mica para controlar a \u00e1gua das chuvas. Em Pingliangtai, tubos ligados a valas atravessavam \u00e1reas residenciais e espa\u00e7os p\u00fablicos. O sistema levava o excesso de \u00e1gua at\u00e9 estruturas conectadas ao fosso que cercava o assentamento. Por que uma aldeia t\u00e3o pequena [&hellip;]<\/p>\n","protected":false},"author":30,"featured_media":268271,"comment_status":"closed","ping_status":"closed","sticky":false,"template":"","format":"standard","meta":{"jnews-multi-image_gallery":[],"jnews_single_post":{"format":"standard"},"jnews_primary_category":[],"jnews_social_meta":[],"jnews_override_counter":[],"footnotes":""},"categories":[29],"tags":[675,1824,36584,36583],"class_list":["post-268253","post","type-post","status-publish","format-standard","has-post-thumbnail","hentry","category-entretenimento","tag-arqueologia","tag-china","tag-drenagem-antiga","tag-pingliangtai"],"yoast_head":"<!-- This site is optimized with the Yoast SEO plugin v28.3 - https:\/\/yoast.com\/product\/yoast-seo-wordpress\/ -->\n<title>Uma aldeia de cerca de 500 moradores j\u00e1 usava canos de cer\u00e2mica h\u00e1 4.000 anos para levar a \u00e1gua da chuva para fora das casas - Estado de Minas - Em Alta<\/title>\n<meta name=\"description\" content=\"Uma aldeia de 4.000 anos tinha drenagem com tubos de cer\u00e2mica. A obra levanta uma quest\u00e3o sobre como aquele trabalho foi coordenado.\" \/>\n<meta name=\"robots\" content=\"index, follow, max-snippet:-1, max-image-preview:large, max-video-preview:-1\" \/>\n<link rel=\"canonical\" href=\"https:\/\/www.em.com.br\/emalta\/2026\/08\/31\/uma-aldeia-de-cerca-de-500-moradores-ja-usava-canos-de-ceramica-ha-4-000-anos-para-levar-a-agua-da-chuva-para-fora-das-casas\/\" \/>\n<meta property=\"og:locale\" content=\"pt_BR\" \/>\n<meta property=\"og:type\" content=\"article\" \/>\n<meta property=\"og:title\" content=\"Uma aldeia de cerca de 500 moradores j\u00e1 usava canos de cer\u00e2mica h\u00e1 4.000 anos para levar a \u00e1gua da chuva para fora das casas - Estado de Minas - Em Alta\" \/>\n<meta property=\"og:description\" content=\"Uma aldeia de 4.000 anos tinha drenagem com tubos de cer\u00e2mica. A obra levanta uma quest\u00e3o sobre como aquele trabalho foi coordenado.\" \/>\n<meta property=\"og:url\" content=\"https:\/\/www.em.com.br\/emalta\/2026\/08\/31\/uma-aldeia-de-cerca-de-500-moradores-ja-usava-canos-de-ceramica-ha-4-000-anos-para-levar-a-agua-da-chuva-para-fora-das-casas\/\" \/>\n<meta property=\"og:site_name\" content=\"Estado de Minas - Em Alta\" \/>\n<meta property=\"article:published_time\" content=\"2026-09-01T01:17:00+00:00\" \/>\n<meta property=\"og:image\" content=\"https:\/\/www.em.com.br\/emalta\/wp-content\/uploads\/2026\/08\/canos2.jpg\" \/>\n\t<meta property=\"og:image:width\" content=\"1280\" \/>\n\t<meta property=\"og:image:height\" content=\"720\" \/>\n\t<meta property=\"og:image:type\" content=\"image\/jpeg\" \/>\n<meta name=\"author\" content=\"Guilherme Ara\u00fajo\" \/>\n<meta name=\"twitter:card\" content=\"summary_large_image\" \/>\n<meta name=\"twitter:label1\" content=\"Escrito por\" \/>\n\t<meta name=\"twitter:data1\" content=\"Guilherme Ara\u00fajo\" \/>\n\t<meta name=\"twitter:label2\" content=\"Est. tempo de leitura\" \/>\n\t<meta name=\"twitter:data2\" content=\"5 minutos\" \/>\n<!-- \/ Yoast SEO plugin. -->","yoast_head_json":{"title":"Uma aldeia de cerca de 500 moradores j\u00e1 usava canos de cer\u00e2mica h\u00e1 4.000 anos para levar a \u00e1gua da chuva para fora das casas - Estado de Minas - Em Alta","description":"Uma aldeia de 4.000 anos tinha drenagem com tubos de cer\u00e2mica. A obra levanta uma quest\u00e3o sobre como aquele trabalho foi coordenado.","robots":{"index":"index","follow":"follow","max-snippet":"max-snippet:-1","max-image-preview":"max-image-preview:large","max-video-preview":"max-video-preview:-1"},"canonical":"https:\/\/www.em.com.br\/emalta\/2026\/08\/31\/uma-aldeia-de-cerca-de-500-moradores-ja-usava-canos-de-ceramica-ha-4-000-anos-para-levar-a-agua-da-chuva-para-fora-das-casas\/","og_locale":"pt_BR","og_type":"article","og_title":"Uma aldeia de cerca de 500 moradores j\u00e1 usava canos de cer\u00e2mica h\u00e1 4.000 anos para levar a \u00e1gua da chuva para fora das casas - Estado de Minas - Em Alta","og_description":"Uma aldeia de 4.000 anos tinha drenagem com tubos de cer\u00e2mica. A obra levanta uma quest\u00e3o sobre como aquele trabalho foi coordenado.","og_url":"https:\/\/www.em.com.br\/emalta\/2026\/08\/31\/uma-aldeia-de-cerca-de-500-moradores-ja-usava-canos-de-ceramica-ha-4-000-anos-para-levar-a-agua-da-chuva-para-fora-das-casas\/","og_site_name":"Estado de Minas - Em Alta","article_published_time":"2026-09-01T01:17:00+00:00","og_image":[{"width":1280,"height":720,"url":"https:\/\/www.em.com.br\/emalta\/wp-content\/uploads\/2026\/08\/canos2.jpg","type":"image\/jpeg"}],"author":"Guilherme Ara\u00fajo","twitter_card":"summary_large_image","twitter_misc":{"Escrito por":"Guilherme Ara\u00fajo","Est. tempo de leitura":"5 minutos"},"schema":{"@context":"https:\/\/schema.org","@graph":[{"@type":"Article","@id":"https:\/\/www.em.com.br\/emalta\/2026\/08\/31\/uma-aldeia-de-cerca-de-500-moradores-ja-usava-canos-de-ceramica-ha-4-000-anos-para-levar-a-agua-da-chuva-para-fora-das-casas\/#article","isPartOf":{"@id":"https:\/\/www.em.com.br\/emalta\/2026\/08\/31\/uma-aldeia-de-cerca-de-500-moradores-ja-usava-canos-de-ceramica-ha-4-000-anos-para-levar-a-agua-da-chuva-para-fora-das-casas\/"},"author":{"name":"Guilherme Ara\u00fajo","@id":"https:\/\/www.em.com.br\/emalta\/#\/schema\/person\/a8c27556910de924e3004c2fd747ec3a"},"headline":"Uma aldeia de cerca de 500 moradores j\u00e1 usava canos de cer\u00e2mica h\u00e1 4.000 anos para levar a \u00e1gua da chuva para fora das casas","datePublished":"2026-09-01T01:17:00+00:00","mainEntityOfPage":{"@id":"https:\/\/www.em.com.br\/emalta\/2026\/08\/31\/uma-aldeia-de-cerca-de-500-moradores-ja-usava-canos-de-ceramica-ha-4-000-anos-para-levar-a-agua-da-chuva-para-fora-das-casas\/"},"wordCount":779,"image":{"@id":"https:\/\/www.em.com.br\/emalta\/2026\/08\/31\/uma-aldeia-de-cerca-de-500-moradores-ja-usava-canos-de-ceramica-ha-4-000-anos-para-levar-a-agua-da-chuva-para-fora-das-casas\/#primaryimage"},"thumbnailUrl":"https:\/\/www.em.com.br\/emalta\/wp-content\/uploads\/2026\/08\/canos2.jpg","keywords":["arqueologia","China","drenagem antiga","Pingliangtai"],"articleSection":["Entretenimento"],"inLanguage":"pt-BR"},{"@type":"WebPage","@id":"https:\/\/www.em.com.br\/emalta\/2026\/08\/31\/uma-aldeia-de-cerca-de-500-moradores-ja-usava-canos-de-ceramica-ha-4-000-anos-para-levar-a-agua-da-chuva-para-fora-das-casas\/","url":"https:\/\/www.em.com.br\/emalta\/2026\/08\/31\/uma-aldeia-de-cerca-de-500-moradores-ja-usava-canos-de-ceramica-ha-4-000-anos-para-levar-a-agua-da-chuva-para-fora-das-casas\/","name":"Uma aldeia de cerca de 500 moradores j\u00e1 usava canos de cer\u00e2mica h\u00e1 4.000 anos para levar a \u00e1gua da chuva para fora das casas - Estado de Minas - Em Alta","isPartOf":{"@id":"https:\/\/www.em.com.br\/emalta\/#website"},"primaryImageOfPage":{"@id":"https:\/\/www.em.com.br\/emalta\/2026\/08\/31\/uma-aldeia-de-cerca-de-500-moradores-ja-usava-canos-de-ceramica-ha-4-000-anos-para-levar-a-agua-da-chuva-para-fora-das-casas\/#primaryimage"},"image":{"@id":"https:\/\/www.em.com.br\/emalta\/2026\/08\/31\/uma-aldeia-de-cerca-de-500-moradores-ja-usava-canos-de-ceramica-ha-4-000-anos-para-levar-a-agua-da-chuva-para-fora-das-casas\/#primaryimage"},"thumbnailUrl":"https:\/\/www.em.com.br\/emalta\/wp-content\/uploads\/2026\/08\/canos2.jpg","datePublished":"2026-09-01T01:17:00+00:00","author":{"@id":"https:\/\/www.em.com.br\/emalta\/#\/schema\/person\/a8c27556910de924e3004c2fd747ec3a"},"description":"Uma aldeia de 4.000 anos tinha drenagem com tubos de cer\u00e2mica. A obra levanta uma quest\u00e3o sobre como aquele trabalho foi coordenado.","breadcrumb":{"@id":"https:\/\/www.em.com.br\/emalta\/2026\/08\/31\/uma-aldeia-de-cerca-de-500-moradores-ja-usava-canos-de-ceramica-ha-4-000-anos-para-levar-a-agua-da-chuva-para-fora-das-casas\/#breadcrumb"},"inLanguage":"pt-BR","potentialAction":[{"@type":"ReadAction","target":["https:\/\/www.em.com.br\/emalta\/2026\/08\/31\/uma-aldeia-de-cerca-de-500-moradores-ja-usava-canos-de-ceramica-ha-4-000-anos-para-levar-a-agua-da-chuva-para-fora-das-casas\/"]}]},{"@type":"ImageObject","inLanguage":"pt-BR","@id":"https:\/\/www.em.com.br\/emalta\/2026\/08\/31\/uma-aldeia-de-cerca-de-500-moradores-ja-usava-canos-de-ceramica-ha-4-000-anos-para-levar-a-agua-da-chuva-para-fora-das-casas\/#primaryimage","url":"https:\/\/www.em.com.br\/emalta\/wp-content\/uploads\/2026\/08\/canos2.jpg","contentUrl":"https:\/\/www.em.com.br\/emalta\/wp-content\/uploads\/2026\/08\/canos2.jpg","width":1280,"height":720,"caption":"O sistema mostra uma preocupa\u00e7\u00e3o pr\u00e1tica com a \u00e1gua dentro de uma comunidade relativamente pequena"},{"@type":"BreadcrumbList","@id":"https:\/\/www.em.com.br\/emalta\/2026\/08\/31\/uma-aldeia-de-cerca-de-500-moradores-ja-usava-canos-de-ceramica-ha-4-000-anos-para-levar-a-agua-da-chuva-para-fora-das-casas\/#breadcrumb","itemListElement":[{"@type":"ListItem","position":1,"name":"In\u00edcio","item":"https:\/\/www.em.com.br\/emalta\/"},{"@type":"ListItem","position":2,"name":"Uma aldeia de cerca de 500 moradores j\u00e1 usava canos de cer\u00e2mica h\u00e1 4.000 anos para levar a \u00e1gua da chuva para fora das casas"}]},{"@type":"WebSite","@id":"https:\/\/www.em.com.br\/emalta\/#website","url":"https:\/\/www.em.com.br\/emalta\/","name":"Estado de Minas - Em Alta","description":"Acompanhe as \u00faltimas not\u00edcias e fique bem informado sobre tudo o que acontece em Minas Gerais, Brasil e no mundo.","potentialAction":[{"@type":"SearchAction","target":{"@type":"EntryPoint","urlTemplate":"https:\/\/www.em.com.br\/emalta\/?s={search_term_string}"},"query-input":{"@type":"PropertyValueSpecification","valueRequired":true,"valueName":"search_term_string"}}],"inLanguage":"pt-BR"},{"@type":"Person","@id":"https:\/\/www.em.com.br\/emalta\/#\/schema\/person\/a8c27556910de924e3004c2fd747ec3a","name":"Guilherme Ara\u00fajo","image":{"@type":"ImageObject","inLanguage":"pt-BR","@id":"https:\/\/secure.gravatar.com\/avatar\/063bc96e5a2afd1844386c45bd1360efc771eff011a9fab8cd399e2a104c3ecd?s=96&d=mm&r=g","url":"https:\/\/secure.gravatar.com\/avatar\/063bc96e5a2afd1844386c45bd1360efc771eff011a9fab8cd399e2a104c3ecd?s=96&d=mm&r=g","contentUrl":"https:\/\/secure.gravatar.com\/avatar\/063bc96e5a2afd1844386c45bd1360efc771eff011a9fab8cd399e2a104c3ecd?s=96&d=mm&r=g","caption":"Guilherme Ara\u00fajo"},"sameAs":["https:\/\/www.em.com.br\/emalta"],"url":"https:\/\/www.em.com.br\/emalta\/author\/guilhermeamyth\/"}]}},"_links":{"self":[{"href":"https:\/\/www.em.com.br\/emalta\/wp-json\/wp\/v2\/posts\/268253","targetHints":{"allow":["GET"]}}],"collection":[{"href":"https:\/\/www.em.com.br\/emalta\/wp-json\/wp\/v2\/posts"}],"about":[{"href":"https:\/\/www.em.com.br\/emalta\/wp-json\/wp\/v2\/types\/post"}],"author":[{"embeddable":true,"href":"https:\/\/www.em.com.br\/emalta\/wp-json\/wp\/v2\/users\/30"}],"replies":[{"embeddable":true,"href":"https:\/\/www.em.com.br\/emalta\/wp-json\/wp\/v2\/comments?post=268253"}],"version-history":[{"count":4,"href":"https:\/\/www.em.com.br\/emalta\/wp-json\/wp\/v2\/posts\/268253\/revisions"}],"predecessor-version":[{"id":268292,"href":"https:\/\/www.em.com.br\/emalta\/wp-json\/wp\/v2\/posts\/268253\/revisions\/268292"}],"wp:featuredmedia":[{"embeddable":true,"href":"https:\/\/www.em.com.br\/emalta\/wp-json\/wp\/v2\/media\/268271"}],"wp:attachment":[{"href":"https:\/\/www.em.com.br\/emalta\/wp-json\/wp\/v2\/media?parent=268253"}],"wp:term":[{"taxonomy":"category","embeddable":true,"href":"https:\/\/www.em.com.br\/emalta\/wp-json\/wp\/v2\/categories?post=268253"},{"taxonomy":"post_tag","embeddable":true,"href":"https:\/\/www.em.com.br\/emalta\/wp-json\/wp\/v2\/tags?post=268253"}],"curies":[{"name":"wp","href":"https:\/\/api.w.org\/{rel}","templated":true}]}}