{"id":267978,"date":"2026-08-29T08:29:00","date_gmt":"2026-08-29T11:29:00","guid":{"rendered":"https:\/\/www.em.com.br\/emalta\/?p=267978"},"modified":"2026-08-28T16:14:05","modified_gmt":"2026-08-28T19:14:05","slug":"roma-construiu-sem-querer-uma-colina-de-quase-50-metros-feita-apenas-de-milhoes-de-anforas-quebradas-que-revelam-como-a-cidade-era-abastecida-ha-2-000-anos","status":"publish","type":"post","link":"https:\/\/www.em.com.br\/emalta\/2026\/08\/29\/roma-construiu-sem-querer-uma-colina-de-quase-50-metros-feita-apenas-de-milhoes-de-anforas-quebradas-que-revelam-como-a-cidade-era-abastecida-ha-2-000-anos\/","title":{"rendered":"Roma construiu sem querer uma colina de quase 50 metros feita apenas de milh\u00f5es de \u00e2nforas quebradas que revelam como a cidade era abastecida h\u00e1 2.000 anos"},"content":{"rendered":"\n<p class=\"wp-block-paragraph\">Em Roma, o <strong>Monte Testaccio<\/strong> parece uma colina comum, mas foi criado pelo descarte organizado de milh\u00f5es de \u00e2nforas rotas. Os recipientes transportaram sobretudo azeite para a capital imperial e suas marcas preservaram nomes, pesos, datas e controles fiscais, transformando o monte em um arquivo do abastecimento romano.<\/p>\n\n\n\n<h2 class=\"wp-block-heading\">Como o Monte Testaccio cresceu sem ter sido planejado como monumento?<\/h2>\n\n\n\n<p class=\"wp-block-paragraph\">O monte surgiu entre os s\u00e9culos I e III com o descarte de recipientes vazios ap\u00f3s a chegada de mercadorias a Roma. No <a href=\"https:\/\/pt.wikipedia.org\/wiki\/Monte_Test%C3%A1cio\" target=\"_blank\" rel=\"noreferrer noopener\"><strong>Monte Testaccio<\/strong><\/a>, fragmentos eram empilhados em camadas, formando uma eleva\u00e7\u00e3o artificial que chegou perto de 50 metros na Antiguidade.<\/p>\n\n\n\n<p class=\"wp-block-paragraph\">N\u00e3o era um lix\u00e3o aleat\u00f3rio. Os cacos foram organizados para ocupar espa\u00e7o e manter a pilha est\u00e1vel. Grande parte das \u00e2nforas havia transportado <strong>azeite de oliva<\/strong>, produto consumido em enorme escala pela popula\u00e7\u00e3o e por institui\u00e7\u00f5es que dependiam de abastecimento constante.<\/p>\n\n\n<div class=\"wp-block-image\">\n<figure class=\"aligncenter size-large\"><img decoding=\"async\" width=\"1024\" height=\"576\" src=\"https:\/\/www.em.com.br\/emalta\/wp-content\/uploads\/2026\/08\/Ceramic_fragments_with_painted_m\u2026_202608281610-1024x576.jpg\" alt=\"Como o Monte Testaccio registrou o abastecimento de Roma\" class=\"wp-image-267982\" srcset=\"https:\/\/www.em.com.br\/emalta\/wp-content\/uploads\/2026\/08\/Ceramic_fragments_with_painted_m\u2026_202608281610-1024x576.jpg 1024w, https:\/\/www.em.com.br\/emalta\/wp-content\/uploads\/2026\/08\/Ceramic_fragments_with_painted_m\u2026_202608281610-300x169.jpg 300w, https:\/\/www.em.com.br\/emalta\/wp-content\/uploads\/2026\/08\/Ceramic_fragments_with_painted_m\u2026_202608281610-768x432.jpg 768w, https:\/\/www.em.com.br\/emalta\/wp-content\/uploads\/2026\/08\/Ceramic_fragments_with_painted_m\u2026_202608281610-750x422.jpg 750w, https:\/\/www.em.com.br\/emalta\/wp-content\/uploads\/2026\/08\/Ceramic_fragments_with_painted_m\u2026_202608281610-1140x641.jpg 1140w, https:\/\/www.em.com.br\/emalta\/wp-content\/uploads\/2026\/08\/Ceramic_fragments_with_painted_m\u2026_202608281610.jpg 1280w\" sizes=\"(max-width: 1024px) 100vw, 1024px\" \/><figcaption class=\"wp-element-caption\">Como o Monte Testaccio registrou o abastecimento de Roma<\/figcaption><\/figure>\n<\/div>\n\n\n<h2 class=\"wp-block-heading\">Por que tantas \u00e2nforas de azeite foram quebradas depois da viagem?<\/h2>\n\n\n\n<p class=\"wp-block-paragraph\">Esses recipientes eram adequados para transportar \u00f3leo por mar e rio, mas reaproveit\u00e1-los em larga escala era pouco pr\u00e1tico. Res\u00edduos gordurosos impregnados na cer\u00e2mica dificultavam outros usos, e o volume vazio ocupava muito espa\u00e7o. O descarte controlado transformou <strong>milh\u00f5es de recipientes<\/strong> em parte permanente da paisagem romana.<\/p>\n\n\n\n<p class=\"wp-block-paragraph\">As escava\u00e7\u00f5es espanholas indicam que mais de <a href=\"https:\/\/www.ub.edu\/ceipac_ub\/excavaciones-espanolas-en-el-monte-testaccio-roma\/\" target=\"_blank\" rel=\"noreferrer noopener\"><strong>80% das \u00e2nforas estudadas<\/strong><\/a> vieram da B\u00e9tica, regi\u00e3o que corresponde em grande parte \u00e0 atual Andaluzia. Isso mostra quanto o abastecimento de Roma dependia do azeite produzido na Pen\u00ednsula Ib\u00e9rica.<\/p>\n\n\n\n<h2 class=\"wp-block-heading\">O que as inscri\u00e7\u00f5es preservadas nos cacos conseguem revelar?<\/h2>\n\n\n\n<p class=\"wp-block-paragraph\">Muitas \u00e2nforas carregavam selos, grafitos e inscri\u00e7\u00f5es pintadas chamadas tituli picti. Elas registravam informa\u00e7\u00f5es ligadas ao conte\u00fado e ao com\u00e9rcio. Em vez de serem apenas fragmentos de cer\u00e2mica, esses peda\u00e7os funcionam como <strong>documentos econ\u00f4micos<\/strong> capazes de ligar produtores, transportadores, pesos, datas e fiscaliza\u00e7\u00e3o.<\/p>\n\n\n\n<p class=\"wp-block-paragraph\">Entre os dados que podem aparecer nas marcas, est\u00e3o <strong>quatro pistas principais<\/strong>:<\/p>\n\n\n\n<ul class=\"wp-block-list\">\n<li><strong>Origem:<\/strong> ajuda a identificar onde o recipiente e o azeite foram produzidos.<\/li>\n\n\n\n<li><strong>Transportador:<\/strong> permite reconhecer pessoas ligadas \u00e0 circula\u00e7\u00e3o da carga.<\/li>\n\n\n\n<li><strong>Peso:<\/strong> registra medidas associadas ao recipiente e ao conte\u00fado transportado.<\/li>\n\n\n\n<li><strong>Data\u00e7\u00e3o:<\/strong> algumas inscri\u00e7\u00f5es permitem situar a expedi\u00e7\u00e3o em um ano espec\u00edfico.<\/li>\n<\/ul>\n\n\n<div class=\"wp-block-image\">\n<figure class=\"aligncenter size-large\"><img decoding=\"async\" width=\"1024\" height=\"576\" src=\"https:\/\/www.em.com.br\/emalta\/wp-content\/uploads\/2026\/08\/Archaeological_excavation_trench\u2026_202608281610-1024x576.jpg\" alt=\"Como o Monte Testaccio registrou o abastecimento de Roma\" class=\"wp-image-267980\" srcset=\"https:\/\/www.em.com.br\/emalta\/wp-content\/uploads\/2026\/08\/Archaeological_excavation_trench\u2026_202608281610-1024x576.jpg 1024w, https:\/\/www.em.com.br\/emalta\/wp-content\/uploads\/2026\/08\/Archaeological_excavation_trench\u2026_202608281610-300x169.jpg 300w, https:\/\/www.em.com.br\/emalta\/wp-content\/uploads\/2026\/08\/Archaeological_excavation_trench\u2026_202608281610-768x432.jpg 768w, https:\/\/www.em.com.br\/emalta\/wp-content\/uploads\/2026\/08\/Archaeological_excavation_trench\u2026_202608281610-750x422.jpg 750w, https:\/\/www.em.com.br\/emalta\/wp-content\/uploads\/2026\/08\/Archaeological_excavation_trench\u2026_202608281610-1140x641.jpg 1140w, https:\/\/www.em.com.br\/emalta\/wp-content\/uploads\/2026\/08\/Archaeological_excavation_trench\u2026_202608281610.jpg 1280w\" sizes=\"(max-width: 1024px) 100vw, 1024px\" \/><figcaption class=\"wp-element-caption\">Como o Monte Testaccio registrou o abastecimento de Roma<\/figcaption><\/figure>\n<\/div>\n\n\n<h2 class=\"wp-block-heading\">Como uma pilha de cer\u00e2mica virou um arquivo do com\u00e9rcio romano?<\/h2>\n\n\n\n<p class=\"wp-block-paragraph\">A combina\u00e7\u00e3o entre quantidade e data\u00e7\u00e3o torna o monte excepcional. O <a href=\"https:\/\/www.ub.edu\/ceipac_ub\/presentacion\/\" target=\"_blank\" rel=\"noreferrer noopener\"><strong>CEIPAC<\/strong><\/a> usa o material do s\u00edtio para estudar produ\u00e7\u00e3o, consumo e administra\u00e7\u00e3o do com\u00e9rcio de azeite. Ao comparar camadas e inscri\u00e7\u00f5es, pesquisadores conseguem acompanhar mudan\u00e7as no abastecimento ao longo de gera\u00e7\u00f5es.<\/p>\n\n\n\n<p class=\"wp-block-paragraph\">Como as \u00e2nforas chegaram a Roma depois de percorrer rotas comerciais, seus fragmentos conectam a capital a regi\u00f5es produtoras distantes. A concentra\u00e7\u00e3o de recipientes b\u00e9ticos mostra um <strong>fluxo regular de mercadorias<\/strong>, enquanto as marca\u00e7\u00f5es revelam que o transporte envolvia controle, registro e agentes identific\u00e1veis.<\/p>\n\n\n\n<h2 class=\"wp-block-heading\">Por que essa colina ainda \u00e9 t\u00e3o importante para entender Roma?<\/h2>\n\n\n\n<p class=\"wp-block-paragraph\">O monte preservou algo que normalmente desaparece: a embalagem de um produto consumido diariamente. Cada camada re\u00fane restos de milhares de viagens e entregas. Somadas, elas mostram que manter a capital funcionando exigia <strong>log\u00edstica em escala imperial<\/strong>, capaz de trazer alimento de outras prov\u00edncias continuamente.<\/p>\n\n\n\n<p class=\"wp-block-paragraph\">Por isso, o valor do local est\u00e1 menos na cer\u00e2mica isolada e mais no conjunto. Uma colina criada pelo descarte acabou registrando padr\u00f5es de produ\u00e7\u00e3o, transporte, tributa\u00e7\u00e3o e consumo. O <strong>abastecimento romano<\/strong> deixou de ser apenas uma ideia abstrata e ganhou milh\u00f5es de evid\u00eancias f\u00edsicas empilhadas no mesmo lugar.<\/p>\n\n\n\n<p class=\"wp-block-paragraph\"><\/p>\n","protected":false},"excerpt":{"rendered":"<p>Em Roma, o Monte Testaccio parece uma colina comum, mas foi criado pelo descarte organizado de milh\u00f5es de \u00e2nforas rotas. Os recipientes transportaram sobretudo azeite para a capital imperial e suas marcas preservaram nomes, pesos, datas e controles fiscais, transformando o monte em um arquivo do abastecimento romano. Como o Monte Testaccio cresceu sem ter [&hellip;]<\/p>\n","protected":false},"author":36,"featured_media":267981,"comment_status":"closed","ping_status":"closed","sticky":false,"template":"","format":"standard","meta":{"jnews-multi-image_gallery":[],"jnews_single_post":{"format":"standard"},"jnews_primary_category":[],"jnews_social_meta":[],"jnews_override_counter":[],"footnotes":""},"categories":[8819],"tags":[36567,675,4584,5134],"class_list":["post-267978","post","type-post","status-publish","format-standard","has-post-thumbnail","hentry","category-curiosidades","tag-anforas","tag-arqueologia","tag-azeite","tag-roma"],"yoast_head":"<!-- This site is optimized with the Yoast SEO plugin v28.3 - https:\/\/yoast.com\/product\/yoast-seo-wordpress\/ -->\n<title>Roma construiu sem querer uma colina de quase 50 metros feita apenas de milh\u00f5es de \u00e2nforas quebradas que revelam como a cidade era abastecida h\u00e1 2.000 anos - Estado de Minas - Em Alta<\/title>\n<meta name=\"description\" content=\"O Monte Testaccio nasceu de milh\u00f5es de \u00e2nforas descartadas e acabou preservando registros detalhados sobre o abastecimento da Roma imperial\" \/>\n<meta name=\"robots\" content=\"index, follow, max-snippet:-1, max-image-preview:large, max-video-preview:-1\" \/>\n<link rel=\"canonical\" href=\"https:\/\/www.em.com.br\/emalta\/2026\/08\/29\/roma-construiu-sem-querer-uma-colina-de-quase-50-metros-feita-apenas-de-milhoes-de-anforas-quebradas-que-revelam-como-a-cidade-era-abastecida-ha-2-000-anos\/\" \/>\n<meta property=\"og:locale\" content=\"pt_BR\" \/>\n<meta property=\"og:type\" content=\"article\" \/>\n<meta property=\"og:title\" content=\"Roma construiu sem querer uma colina de quase 50 metros feita apenas de milh\u00f5es de \u00e2nforas quebradas que revelam como a cidade era abastecida h\u00e1 2.000 anos - Estado de Minas - Em Alta\" \/>\n<meta property=\"og:description\" content=\"O Monte Testaccio nasceu de milh\u00f5es de \u00e2nforas descartadas e acabou preservando registros detalhados sobre o abastecimento da Roma imperial\" \/>\n<meta property=\"og:url\" content=\"https:\/\/www.em.com.br\/emalta\/2026\/08\/29\/roma-construiu-sem-querer-uma-colina-de-quase-50-metros-feita-apenas-de-milhoes-de-anforas-quebradas-que-revelam-como-a-cidade-era-abastecida-ha-2-000-anos\/\" \/>\n<meta property=\"og:site_name\" content=\"Estado de Minas - Em Alta\" \/>\n<meta property=\"article:published_time\" content=\"2026-08-29T11:29:00+00:00\" \/>\n<meta property=\"og:image\" content=\"https:\/\/www.em.com.br\/emalta\/wp-content\/uploads\/2026\/08\/Laborers_stacking_amphorae_in_Rome_202608281610.jpg\" \/>\n\t<meta property=\"og:image:width\" content=\"1280\" \/>\n\t<meta property=\"og:image:height\" content=\"720\" \/>\n\t<meta property=\"og:image:type\" content=\"image\/jpeg\" \/>\n<meta name=\"author\" content=\"Paulo\" \/>\n<meta name=\"twitter:card\" content=\"summary_large_image\" \/>\n<meta name=\"twitter:label1\" content=\"Escrito por\" \/>\n\t<meta name=\"twitter:data1\" content=\"Paulo\" \/>\n\t<meta name=\"twitter:label2\" content=\"Est. tempo de leitura\" \/>\n\t<meta name=\"twitter:data2\" content=\"4 minutos\" \/>\n<!-- \/ Yoast SEO plugin. -->","yoast_head_json":{"title":"Roma construiu sem querer uma colina de quase 50 metros feita apenas de milh\u00f5es de \u00e2nforas quebradas que revelam como a cidade era abastecida h\u00e1 2.000 anos - Estado de Minas - Em Alta","description":"O Monte Testaccio nasceu de milh\u00f5es de \u00e2nforas descartadas e acabou preservando registros detalhados sobre o abastecimento da Roma imperial","robots":{"index":"index","follow":"follow","max-snippet":"max-snippet:-1","max-image-preview":"max-image-preview:large","max-video-preview":"max-video-preview:-1"},"canonical":"https:\/\/www.em.com.br\/emalta\/2026\/08\/29\/roma-construiu-sem-querer-uma-colina-de-quase-50-metros-feita-apenas-de-milhoes-de-anforas-quebradas-que-revelam-como-a-cidade-era-abastecida-ha-2-000-anos\/","og_locale":"pt_BR","og_type":"article","og_title":"Roma construiu sem querer uma colina de quase 50 metros feita apenas de milh\u00f5es de \u00e2nforas quebradas que revelam como a cidade era abastecida h\u00e1 2.000 anos - Estado de Minas - Em Alta","og_description":"O Monte Testaccio nasceu de milh\u00f5es de \u00e2nforas descartadas e acabou preservando registros detalhados sobre o abastecimento da Roma imperial","og_url":"https:\/\/www.em.com.br\/emalta\/2026\/08\/29\/roma-construiu-sem-querer-uma-colina-de-quase-50-metros-feita-apenas-de-milhoes-de-anforas-quebradas-que-revelam-como-a-cidade-era-abastecida-ha-2-000-anos\/","og_site_name":"Estado de Minas - Em Alta","article_published_time":"2026-08-29T11:29:00+00:00","og_image":[{"width":1280,"height":720,"url":"https:\/\/www.em.com.br\/emalta\/wp-content\/uploads\/2026\/08\/Laborers_stacking_amphorae_in_Rome_202608281610.jpg","type":"image\/jpeg"}],"author":"Paulo","twitter_card":"summary_large_image","twitter_misc":{"Escrito por":"Paulo","Est. tempo de leitura":"4 minutos"},"schema":{"@context":"https:\/\/schema.org","@graph":[{"@type":"Article","@id":"https:\/\/www.em.com.br\/emalta\/2026\/08\/29\/roma-construiu-sem-querer-uma-colina-de-quase-50-metros-feita-apenas-de-milhoes-de-anforas-quebradas-que-revelam-como-a-cidade-era-abastecida-ha-2-000-anos\/#article","isPartOf":{"@id":"https:\/\/www.em.com.br\/emalta\/2026\/08\/29\/roma-construiu-sem-querer-uma-colina-de-quase-50-metros-feita-apenas-de-milhoes-de-anforas-quebradas-que-revelam-como-a-cidade-era-abastecida-ha-2-000-anos\/"},"author":{"name":"Paulo","@id":"https:\/\/www.em.com.br\/emalta\/#\/schema\/person\/cec485e8bc9ccf6098090daf4808d37e"},"headline":"Roma construiu sem querer uma colina de quase 50 metros feita apenas de milh\u00f5es de \u00e2nforas quebradas que revelam como a cidade era abastecida h\u00e1 2.000 anos","datePublished":"2026-08-29T11:29:00+00:00","mainEntityOfPage":{"@id":"https:\/\/www.em.com.br\/emalta\/2026\/08\/29\/roma-construiu-sem-querer-uma-colina-de-quase-50-metros-feita-apenas-de-milhoes-de-anforas-quebradas-que-revelam-como-a-cidade-era-abastecida-ha-2-000-anos\/"},"wordCount":649,"image":{"@id":"https:\/\/www.em.com.br\/emalta\/2026\/08\/29\/roma-construiu-sem-querer-uma-colina-de-quase-50-metros-feita-apenas-de-milhoes-de-anforas-quebradas-que-revelam-como-a-cidade-era-abastecida-ha-2-000-anos\/#primaryimage"},"thumbnailUrl":"https:\/\/www.em.com.br\/emalta\/wp-content\/uploads\/2026\/08\/Laborers_stacking_amphorae_in_Rome_202608281610.jpg","keywords":["\u00e2nforas","arqueologia","azeite","Roma"],"articleSection":["Curiosidades"],"inLanguage":"pt-BR"},{"@type":"WebPage","@id":"https:\/\/www.em.com.br\/emalta\/2026\/08\/29\/roma-construiu-sem-querer-uma-colina-de-quase-50-metros-feita-apenas-de-milhoes-de-anforas-quebradas-que-revelam-como-a-cidade-era-abastecida-ha-2-000-anos\/","url":"https:\/\/www.em.com.br\/emalta\/2026\/08\/29\/roma-construiu-sem-querer-uma-colina-de-quase-50-metros-feita-apenas-de-milhoes-de-anforas-quebradas-que-revelam-como-a-cidade-era-abastecida-ha-2-000-anos\/","name":"Roma construiu sem querer uma colina de quase 50 metros feita apenas de milh\u00f5es de \u00e2nforas quebradas que revelam como a cidade era abastecida h\u00e1 2.000 anos - Estado de Minas - Em Alta","isPartOf":{"@id":"https:\/\/www.em.com.br\/emalta\/#website"},"primaryImageOfPage":{"@id":"https:\/\/www.em.com.br\/emalta\/2026\/08\/29\/roma-construiu-sem-querer-uma-colina-de-quase-50-metros-feita-apenas-de-milhoes-de-anforas-quebradas-que-revelam-como-a-cidade-era-abastecida-ha-2-000-anos\/#primaryimage"},"image":{"@id":"https:\/\/www.em.com.br\/emalta\/2026\/08\/29\/roma-construiu-sem-querer-uma-colina-de-quase-50-metros-feita-apenas-de-milhoes-de-anforas-quebradas-que-revelam-como-a-cidade-era-abastecida-ha-2-000-anos\/#primaryimage"},"thumbnailUrl":"https:\/\/www.em.com.br\/emalta\/wp-content\/uploads\/2026\/08\/Laborers_stacking_amphorae_in_Rome_202608281610.jpg","datePublished":"2026-08-29T11:29:00+00:00","author":{"@id":"https:\/\/www.em.com.br\/emalta\/#\/schema\/person\/cec485e8bc9ccf6098090daf4808d37e"},"description":"O Monte Testaccio nasceu de milh\u00f5es de \u00e2nforas descartadas e acabou preservando registros detalhados sobre o abastecimento da Roma imperial","breadcrumb":{"@id":"https:\/\/www.em.com.br\/emalta\/2026\/08\/29\/roma-construiu-sem-querer-uma-colina-de-quase-50-metros-feita-apenas-de-milhoes-de-anforas-quebradas-que-revelam-como-a-cidade-era-abastecida-ha-2-000-anos\/#breadcrumb"},"inLanguage":"pt-BR","potentialAction":[{"@type":"ReadAction","target":["https:\/\/www.em.com.br\/emalta\/2026\/08\/29\/roma-construiu-sem-querer-uma-colina-de-quase-50-metros-feita-apenas-de-milhoes-de-anforas-quebradas-que-revelam-como-a-cidade-era-abastecida-ha-2-000-anos\/"]}]},{"@type":"ImageObject","inLanguage":"pt-BR","@id":"https:\/\/www.em.com.br\/emalta\/2026\/08\/29\/roma-construiu-sem-querer-uma-colina-de-quase-50-metros-feita-apenas-de-milhoes-de-anforas-quebradas-que-revelam-como-a-cidade-era-abastecida-ha-2-000-anos\/#primaryimage","url":"https:\/\/www.em.com.br\/emalta\/wp-content\/uploads\/2026\/08\/Laborers_stacking_amphorae_in_Rome_202608281610.jpg","contentUrl":"https:\/\/www.em.com.br\/emalta\/wp-content\/uploads\/2026\/08\/Laborers_stacking_amphorae_in_Rome_202608281610.jpg","width":1280,"height":720,"caption":"Como o Monte Testaccio registrou o abastecimento de Roma"},{"@type":"BreadcrumbList","@id":"https:\/\/www.em.com.br\/emalta\/2026\/08\/29\/roma-construiu-sem-querer-uma-colina-de-quase-50-metros-feita-apenas-de-milhoes-de-anforas-quebradas-que-revelam-como-a-cidade-era-abastecida-ha-2-000-anos\/#breadcrumb","itemListElement":[{"@type":"ListItem","position":1,"name":"In\u00edcio","item":"https:\/\/www.em.com.br\/emalta\/"},{"@type":"ListItem","position":2,"name":"Roma construiu sem querer uma colina de quase 50 metros feita apenas de milh\u00f5es de \u00e2nforas quebradas que revelam como a cidade era abastecida h\u00e1 2.000 anos"}]},{"@type":"WebSite","@id":"https:\/\/www.em.com.br\/emalta\/#website","url":"https:\/\/www.em.com.br\/emalta\/","name":"Estado de Minas - Em Alta","description":"Acompanhe as \u00faltimas not\u00edcias e fique bem informado sobre tudo o que acontece em Minas Gerais, Brasil e no mundo.","potentialAction":[{"@type":"SearchAction","target":{"@type":"EntryPoint","urlTemplate":"https:\/\/www.em.com.br\/emalta\/?s={search_term_string}"},"query-input":{"@type":"PropertyValueSpecification","valueRequired":true,"valueName":"search_term_string"}}],"inLanguage":"pt-BR"},{"@type":"Person","@id":"https:\/\/www.em.com.br\/emalta\/#\/schema\/person\/cec485e8bc9ccf6098090daf4808d37e","name":"Paulo","image":{"@type":"ImageObject","inLanguage":"pt-BR","@id":"https:\/\/secure.gravatar.com\/avatar\/e97035e905aa7c91d0d43cb122ce3d29e6f75e431f9c5f20d3d2e46f1e2f5af4?s=96&d=mm&r=g","url":"https:\/\/secure.gravatar.com\/avatar\/e97035e905aa7c91d0d43cb122ce3d29e6f75e431f9c5f20d3d2e46f1e2f5af4?s=96&d=mm&r=g","contentUrl":"https:\/\/secure.gravatar.com\/avatar\/e97035e905aa7c91d0d43cb122ce3d29e6f75e431f9c5f20d3d2e46f1e2f5af4?s=96&d=mm&r=g","caption":"Paulo"},"sameAs":["https:\/\/www.em.com.br\/emalta"],"url":"https:\/\/www.em.com.br\/emalta\/author\/paulomyth\/"}]}},"_links":{"self":[{"href":"https:\/\/www.em.com.br\/emalta\/wp-json\/wp\/v2\/posts\/267978","targetHints":{"allow":["GET"]}}],"collection":[{"href":"https:\/\/www.em.com.br\/emalta\/wp-json\/wp\/v2\/posts"}],"about":[{"href":"https:\/\/www.em.com.br\/emalta\/wp-json\/wp\/v2\/types\/post"}],"author":[{"embeddable":true,"href":"https:\/\/www.em.com.br\/emalta\/wp-json\/wp\/v2\/users\/36"}],"replies":[{"embeddable":true,"href":"https:\/\/www.em.com.br\/emalta\/wp-json\/wp\/v2\/comments?post=267978"}],"version-history":[{"count":2,"href":"https:\/\/www.em.com.br\/emalta\/wp-json\/wp\/v2\/posts\/267978\/revisions"}],"predecessor-version":[{"id":267983,"href":"https:\/\/www.em.com.br\/emalta\/wp-json\/wp\/v2\/posts\/267978\/revisions\/267983"}],"wp:featuredmedia":[{"embeddable":true,"href":"https:\/\/www.em.com.br\/emalta\/wp-json\/wp\/v2\/media\/267981"}],"wp:attachment":[{"href":"https:\/\/www.em.com.br\/emalta\/wp-json\/wp\/v2\/media?parent=267978"}],"wp:term":[{"taxonomy":"category","embeddable":true,"href":"https:\/\/www.em.com.br\/emalta\/wp-json\/wp\/v2\/categories?post=267978"},{"taxonomy":"post_tag","embeddable":true,"href":"https:\/\/www.em.com.br\/emalta\/wp-json\/wp\/v2\/tags?post=267978"}],"curies":[{"name":"wp","href":"https:\/\/api.w.org\/{rel}","templated":true}]}}