{"id":267965,"date":"2026-08-30T18:47:00","date_gmt":"2026-08-30T21:47:00","guid":{"rendered":"https:\/\/www.em.com.br\/emalta\/?p=267965"},"modified":"2026-08-29T16:34:58","modified_gmt":"2026-08-29T19:34:58","slug":"plantar-alho-em-casa-comeca-pela-escolha-dos-dentes-certos-e-pelo-momento-adequado-de-coloca-los-na-terra","status":"publish","type":"post","link":"https:\/\/www.em.com.br\/emalta\/2026\/08\/30\/plantar-alho-em-casa-comeca-pela-escolha-dos-dentes-certos-e-pelo-momento-adequado-de-coloca-los-na-terra\/","title":{"rendered":"Plantar alho em casa come\u00e7a pela escolha dos dentes certos e pelo momento adequado de coloc\u00e1-los na terra"},"content":{"rendered":"\n<p class=\"wp-block-paragraph\">O alho (<em>Allium sativum<\/em>) \u00e9 multiplicado normalmente pelos pr\u00f3prios dentes, chamados tecnicamente de bulbilhos, e pode ser cultivado em canteiros ou recipientes com boa profundidade. Para <strong>plantar alho<\/strong> visando formar cabe\u00e7as bem desenvolvidas, n\u00e3o basta enterrar qualquer dente da cozinha: tamanho e sanidade do material, clima, luminosidade, espa\u00e7amento e umidade interferem diretamente no resultado. O alho tamb\u00e9m responde \u00e0 temperatura e ao comprimento do dia, por isso nem toda cultivar forma bons bulbos em qualquer regi\u00e3o ou \u00e9poca.<\/p>\n\n\n\n<h2 class=\"wp-block-heading\">Como plantar alho escolhendo os dentes mais adequados?<\/h2>\n\n\n\n<p class=\"wp-block-paragraph\">Escolha cabe\u00e7as firmes e sadias, sem sinais de podrid\u00e3o, mofo ou ferimentos. Separe os dentes somente pr\u00f3ximo ao plantio para preservar a prote\u00e7\u00e3o natural existente ao redor de cada um. Para produ\u00e7\u00e3o de bulbos, materiais destinados ao plantio s\u00e3o prefer\u00edveis ao alho comum comprado para alimenta\u00e7\u00e3o, principalmente porque a adapta\u00e7\u00e3o da cultivar ao clima influencia bastante a forma\u00e7\u00e3o da cabe\u00e7a.<\/p>\n\n\n\n<p class=\"wp-block-paragraph\">Os dentes maiores e bem formados tendem a ser utilizados como material de propaga\u00e7\u00e3o porque possuem maiores reservas para o estabelecimento inicial. N\u00e3o retire a pel\u00edcula que envolve cada dente. A ponta mais fina deve ficar voltada para cima: a Embrapa informa que essa posi\u00e7\u00e3o n\u00e3o \u00e9 absolutamente obrigat\u00f3ria, mas facilita e acelera a emerg\u00eancia e pode favorecer a qualidade dos bulbos.<\/p>\n\n\n\n<p class=\"wp-block-paragraph\"><strong>Leia tamb\u00e9m: <em><a href=\"https:\/\/www.em.com.br\/emalta\/2026\/08\/27\/nem-toda-planta-gosta-de-ficar-perto-da-janela-algumas-especies-se-desenvolvem-melhor-com-luz-filtrada-e-podem-ser-otimas-para-apartamentos\/\" target=\"_blank\" rel=\"noreferrer noopener\">Nem toda planta gosta de ficar perto da janela: algumas esp\u00e9cies se desenvolvem melhor com luz filtrada e podem ser \u00f3timas para apartamentos<\/a><\/em><\/strong><\/p>\n\n\n\n<h2 class=\"wp-block-heading\">Qual profundidade e espa\u00e7amento usar para plantar alho?<\/h2>\n\n\n\n<p class=\"wp-block-paragraph\">A Embrapa recomenda, nos sistemas tradicionais, cerca de 8 a 10 cent\u00edmetros entre plantas e aproximadamente 20 a 25 cent\u00edmetros entre linhas. Os bulbilhos podem ser colocados a cerca de 2 a 3 cent\u00edmetros de profundidade. Em vasos, o princ\u00edpio permanece o mesmo: \u00e9 necess\u00e1rio fornecer espa\u00e7o suficiente para que cada planta forme seu pr\u00f3prio bulbo sem forte competi\u00e7\u00e3o.<\/p>\n\n\n\n<p class=\"wp-block-paragraph\">O substrato tamb\u00e9m precisa permanecer solto. Solos muito pesados e compactados dificultam a expans\u00e3o das ra\u00edzes, podem deformar os bulbos e tornam a colheita mais trabalhosa. Para come\u00e7ar corretamente:<\/p>\n\n\n\n<ul class=\"wp-block-list\">\n<li>Escolha dentes firmes e sem sinais de doen\u00e7a;<\/li>\n\n\n\n<li>Preserve a pel\u00edcula externa de cada dente;<\/li>\n\n\n\n<li>Posicione a ponta fina preferencialmente para cima;<\/li>\n\n\n\n<li>Enterre aproximadamente 2 a 3 cent\u00edmetros;<\/li>\n\n\n\n<li>Mantenha cerca de 8 a 10 cent\u00edmetros entre plantas;<\/li>\n\n\n\n<li>Utilize solo ou substrato leve e bem drenado.<\/li>\n<\/ul>\n\n\n\n<p class=\"wp-block-paragraph\">Este v\u00eddeo acompanha o cultivo dom\u00e9stico desde o plantio dos dentes at\u00e9 a forma\u00e7\u00e3o e a colheita das cabe\u00e7as.<\/p>\n\n\n\n<figure class=\"wp-block-embed is-type-video is-provider-youtube wp-block-embed-youtube wp-embed-aspect-16-9 wp-has-aspect-ratio\"><div class=\"wp-block-embed__wrapper\">\n<div class=\"jeg_video_container jeg_video_content\"><iframe loading=\"lazy\" title=\"Como Plantar ALHO em CASA do Plantio at\u00e9 a COLHEITA\ud83c\udf31 Horta no Quintal \ud83d\udc9a\" width=\"500\" height=\"281\" src=\"https:\/\/www.youtube.com\/embed\/xsW60NblwoI?feature=oembed\" frameborder=\"0\" allow=\"accelerometer; autoplay; clipboard-write; encrypted-media; gyroscope; picture-in-picture; web-share\" referrerpolicy=\"strict-origin-when-cross-origin\" allowfullscreen><\/iframe><\/div>\n<\/div><\/figure>\n\n\n\n<h2 class=\"wp-block-heading\">Quanto sol e \u00e1gua o alho precisa para desenvolver os bulbos?<\/h2>\n\n\n\n<p class=\"wp-block-paragraph\">O alho precisa de boa luminosidade e deve ser cultivado em local ensolarado. Entretanto, para produzir cabe\u00e7as grandes, tamb\u00e9m depende da combina\u00e7\u00e3o adequada entre cultivar, temperatura e fotoper\u00edodo. Algumas variedades exigem exposi\u00e7\u00e3o a temperaturas mais baixas para que o processo de bulbifica\u00e7\u00e3o aconte\u00e7a adequadamente, condi\u00e7\u00e3o especialmente importante na produ\u00e7\u00e3o comercial brasileira.<\/p>\n\n\n\n<p class=\"wp-block-paragraph\">A \u00e1gua deve ser oferecida de maneira equilibrada. A Embrapa descreve o alho como sens\u00edvel tanto \u00e0 defici\u00eancia quanto ao excesso h\u00eddrico. No in\u00edcio, irriga\u00e7\u00f5es mais leves e frequentes ajudam no estabelecimento; durante crescimento e forma\u00e7\u00e3o do bulbo, a demanda aumenta. Pr\u00f3ximo da matura\u00e7\u00e3o, a irriga\u00e7\u00e3o deve ser reduzida e posteriormente interrompida antes da colheita.<\/p>\n\n\n\n<h2 class=\"wp-block-heading\">Por que excesso de \u00e1gua pode prejudicar o alho?<\/h2>\n\n\n\n<p class=\"wp-block-paragraph\">Manter o terreno permanentemente saturado reduz a aera\u00e7\u00e3o das ra\u00edzes e favorece problemas fitossanit\u00e1rios. O excesso de umidade tamb\u00e9m pode prejudicar a qualidade e conserva\u00e7\u00e3o das cabe\u00e7as. Por isso, regar todos os dias por calend\u00e1rio n\u00e3o \u00e9 uma boa regra para cultivo dom\u00e9stico; temperatura, chuva, recipiente e tipo de substrato precisam orientar a frequ\u00eancia.<\/p>\n\n\n\n<p class=\"wp-block-paragraph\">Em vasos, furos de drenagem s\u00e3o indispens\u00e1veis. Em canteiros, terrenos sujeitos a encharcamento exigem aten\u00e7\u00e3o especial, e a Embrapa recomenda canteiros elevados nessas condi\u00e7\u00f5es. A ideia \u00e9 manter \u00e1gua dispon\u00edvel para o crescimento sem deixar os dentes e ra\u00edzes continuamente mergulhados em solo saturado.<\/p>\n\n\n\n<h2 class=\"wp-block-heading\">Quais cuidados ajudam a plantar alho at\u00e9 chegar \u00e0 colheita?<\/h2>\n\n\n\n<p class=\"wp-block-paragraph\">Durante o ciclo, mantenha a \u00e1rea sem competi\u00e7\u00e3o intensa de plantas espont\u00e2neas e acompanhe a umidade. O solo deve permitir crescimento livre do bulbo, raz\u00e3o pela qual a <a target=\"_blank\" rel=\"noreferrer noopener\" href=\"https:\/\/www.atermaisdigital.cnptia.embrapa.br\/web\/alho\/solo-e-adubacao?utm_source=chatgpt.com\">Embrapa recomenda terrenos leves, bem preparados e sem compacta\u00e7\u00e3o excessiva<\/a>. Perto da matura\u00e7\u00e3o, a necessidade de \u00e1gua diminui e o manejo precisa acompanhar essa mudan\u00e7a.<\/p>\n\n\n\n<p class=\"wp-block-paragraph\">O momento exato de colheita varia com cultivar e ambiente, portanto sinais da pr\u00f3pria planta s\u00e3o importantes. Conforme as folhas envelhecem e a cultura chega \u00e0 matura\u00e7\u00e3o, a irriga\u00e7\u00e3o \u00e9 reduzida para favorecer a qualidade final das cabe\u00e7as.<\/p>\n\n\n<div class=\"wp-block-image\">\n<figure class=\"aligncenter size-large\"><img decoding=\"async\" width=\"1024\" height=\"571\" src=\"https:\/\/www.em.com.br\/emalta\/wp-content\/uploads\/2026\/08\/Planting_garlic_cloves_in_substrate_202608291634-1024x571.jpg\" alt=\"Os dentes de alho devem ser plantados inteiros, com a pel\u00edcula preservada e espa\u00e7amento suficiente para que cada planta forme seu pr\u00f3prio bulbo\" class=\"wp-image-268084\" srcset=\"https:\/\/www.em.com.br\/emalta\/wp-content\/uploads\/2026\/08\/Planting_garlic_cloves_in_substrate_202608291634-1024x571.jpg 1024w, https:\/\/www.em.com.br\/emalta\/wp-content\/uploads\/2026\/08\/Planting_garlic_cloves_in_substrate_202608291634-300x167.jpg 300w, https:\/\/www.em.com.br\/emalta\/wp-content\/uploads\/2026\/08\/Planting_garlic_cloves_in_substrate_202608291634-768x428.jpg 768w, https:\/\/www.em.com.br\/emalta\/wp-content\/uploads\/2026\/08\/Planting_garlic_cloves_in_substrate_202608291634-750x418.jpg 750w, https:\/\/www.em.com.br\/emalta\/wp-content\/uploads\/2026\/08\/Planting_garlic_cloves_in_substrate_202608291634-1140x636.jpg 1140w, https:\/\/www.em.com.br\/emalta\/wp-content\/uploads\/2026\/08\/Planting_garlic_cloves_in_substrate_202608291634.jpg 1280w\" sizes=\"(max-width: 1024px) 100vw, 1024px\" \/><figcaption class=\"wp-element-caption\">Os dentes de alho devem ser plantados inteiros, com a pel\u00edcula preservada e espa\u00e7amento suficiente para que cada planta forme seu pr\u00f3prio bulbo<\/figcaption><\/figure>\n<\/div>\n\n\n<table style=\"width:100%;border-collapse:collapse;background:#f5f1e8\"> <tr style=\"background:#dfd5bd\"><th style=\"padding:8px;border:1px solid #9d927c\">Etapa<\/th><th style=\"padding:8px;border:1px solid #9d927c\">Refer\u00eancia pr\u00e1tica<\/th><\/tr> <tr><td style=\"padding:8px;border:1px solid #9d927c\">Profundidade<\/td><td style=\"padding:8px;border:1px solid #9d927c\">Cerca de 2 a 3 cm<\/td><\/tr> <tr><td style=\"padding:8px;border:1px solid #9d927c\">Entre plantas<\/td><td style=\"padding:8px;border:1px solid #9d927c\">Aproximadamente 8 a 10 cm<\/td><\/tr> <tr><td style=\"padding:8px;border:1px solid #9d927c\">Entre linhas<\/td><td style=\"padding:8px;border:1px solid #9d927c\">Cerca de 20 a 25 cm<\/td><\/tr> <tr><td style=\"padding:8px;border:1px solid #9d927c\">Final do ciclo<\/td><td style=\"padding:8px;border:1px solid #9d927c\">Reduzir e suspender a irriga\u00e7\u00e3o antes da colheita<\/td><\/tr> <\/table>\n\n\n\n<h2 class=\"wp-block-heading\">Como saber quando chegou a hora de colher o alho?<\/h2>\n\n\n\n<p class=\"wp-block-paragraph\">A colheita deve ocorrer depois que os bulbos amadurecem, antes que permane\u00e7am tempo demais no solo e percam qualidade. O amarelecimento e a secagem progressiva da parte a\u00e9rea ajudam a identificar a aproxima\u00e7\u00e3o da maturidade, mas a \u00e9poca tamb\u00e9m depende da cultivar e das condi\u00e7\u00f5es de cultivo. Depois de arrancadas, as cabe\u00e7as precisam passar por cura e secagem antes do armazenamento prolongado.<\/p>\n\n\n\n<p class=\"wp-block-paragraph\">Para quem cultiva em casa, vale retirar inicialmente uma planta e verificar a forma\u00e7\u00e3o da cabe\u00e7a antes de colher todas. Se os dentes j\u00e1 est\u00e3o individualizados e revestidos pelas pel\u00edculas externas, o desenvolvimento est\u00e1 avan\u00e7ado. Assim, produzir alho dom\u00e9stico envolve mais do que esperar um dente brotar: planejamento do material, espa\u00e7o, luz, umidade e momento de colheita determinam se surgir\u00e3o apenas folhas ou cabe\u00e7as realmente aproveit\u00e1veis.<\/p>\n","protected":false},"excerpt":{"rendered":"<p>O alho (Allium sativum) \u00e9 multiplicado normalmente pelos pr\u00f3prios dentes, chamados tecnicamente de bulbilhos, e pode ser cultivado em canteiros ou recipientes com boa profundidade. Para plantar alho visando formar cabe\u00e7as bem desenvolvidas, n\u00e3o basta enterrar qualquer dente da cozinha: tamanho e sanidade do material, clima, luminosidade, espa\u00e7amento e umidade interferem diretamente no resultado. O [&hellip;]<\/p>\n","protected":false},"author":37,"featured_media":268083,"comment_status":"closed","ping_status":"closed","sticky":false,"template":"","format":"standard","meta":{"jnews-multi-image_gallery":[],"jnews_single_post":{"format":"standard"},"jnews_primary_category":[],"jnews_social_meta":[],"jnews_override_counter":[],"footnotes":""},"categories":[35966],"tags":[3766,5246,3818,3358],"class_list":["post-267965","post","type-post","status-publish","format-standard","has-post-thumbnail","hentry","category-casa","tag-alho","tag-cultivo-de-alho","tag-horta-caseira","tag-jardinagem"],"yoast_head":"<!-- This site is optimized with the Yoast SEO plugin v28.3 - https:\/\/yoast.com\/product\/yoast-seo-wordpress\/ -->\n<title>Plantar alho em casa come\u00e7a pela escolha dos dentes certos e pelo momento adequado de coloc\u00e1-los na terra - Estado de Minas - Em Alta<\/title>\n<meta name=\"description\" content=\"Plantar alho exige dentes sadios, espa\u00e7o, luz e rega equilibrada; veja profundidade, espa\u00e7amento e sinais que indicam a hora certa da colheita.\" \/>\n<meta name=\"robots\" content=\"index, follow, max-snippet:-1, max-image-preview:large, max-video-preview:-1\" \/>\n<link rel=\"canonical\" href=\"https:\/\/www.em.com.br\/emalta\/2026\/08\/30\/plantar-alho-em-casa-comeca-pela-escolha-dos-dentes-certos-e-pelo-momento-adequado-de-coloca-los-na-terra\/\" \/>\n<meta property=\"og:locale\" content=\"pt_BR\" \/>\n<meta property=\"og:type\" content=\"article\" \/>\n<meta property=\"og:title\" content=\"Plantar alho em casa come\u00e7a pela escolha dos dentes certos e pelo momento adequado de coloc\u00e1-los na terra - Estado de Minas - Em Alta\" \/>\n<meta property=\"og:description\" content=\"Plantar alho exige dentes sadios, espa\u00e7o, luz e rega equilibrada; veja profundidade, espa\u00e7amento e sinais que indicam a hora certa da colheita.\" \/>\n<meta property=\"og:url\" content=\"https:\/\/www.em.com.br\/emalta\/2026\/08\/30\/plantar-alho-em-casa-comeca-pela-escolha-dos-dentes-certos-e-pelo-momento-adequado-de-coloca-los-na-terra\/\" \/>\n<meta property=\"og:site_name\" content=\"Estado de Minas - Em Alta\" \/>\n<meta property=\"article:published_time\" content=\"2026-08-30T21:47:00+00:00\" \/>\n<meta property=\"og:image\" content=\"https:\/\/www.em.com.br\/emalta\/wp-content\/uploads\/2026\/08\/Cultivating_garlic_in_garden_bed_202608291633.jpg\" \/>\n\t<meta property=\"og:image:width\" content=\"1280\" \/>\n\t<meta property=\"og:image:height\" content=\"714\" \/>\n\t<meta property=\"og:image:type\" content=\"image\/jpeg\" \/>\n<meta name=\"author\" content=\"Jos\u00e9 Gustavo Dantas\" \/>\n<meta name=\"twitter:card\" content=\"summary_large_image\" \/>\n<meta name=\"twitter:label1\" content=\"Escrito por\" \/>\n\t<meta name=\"twitter:data1\" content=\"Jos\u00e9 Gustavo Dantas\" \/>\n\t<meta name=\"twitter:label2\" content=\"Est. tempo de leitura\" \/>\n\t<meta name=\"twitter:data2\" content=\"6 minutos\" \/>\n<!-- \/ Yoast SEO plugin. -->","yoast_head_json":{"title":"Plantar alho em casa come\u00e7a pela escolha dos dentes certos e pelo momento adequado de coloc\u00e1-los na terra - Estado de Minas - Em Alta","description":"Plantar alho exige dentes sadios, espa\u00e7o, luz e rega equilibrada; veja profundidade, espa\u00e7amento e sinais que indicam a hora certa da colheita.","robots":{"index":"index","follow":"follow","max-snippet":"max-snippet:-1","max-image-preview":"max-image-preview:large","max-video-preview":"max-video-preview:-1"},"canonical":"https:\/\/www.em.com.br\/emalta\/2026\/08\/30\/plantar-alho-em-casa-comeca-pela-escolha-dos-dentes-certos-e-pelo-momento-adequado-de-coloca-los-na-terra\/","og_locale":"pt_BR","og_type":"article","og_title":"Plantar alho em casa come\u00e7a pela escolha dos dentes certos e pelo momento adequado de coloc\u00e1-los na terra - Estado de Minas - Em Alta","og_description":"Plantar alho exige dentes sadios, espa\u00e7o, luz e rega equilibrada; veja profundidade, espa\u00e7amento e sinais que indicam a hora certa da colheita.","og_url":"https:\/\/www.em.com.br\/emalta\/2026\/08\/30\/plantar-alho-em-casa-comeca-pela-escolha-dos-dentes-certos-e-pelo-momento-adequado-de-coloca-los-na-terra\/","og_site_name":"Estado de Minas - Em Alta","article_published_time":"2026-08-30T21:47:00+00:00","og_image":[{"width":1280,"height":714,"url":"https:\/\/www.em.com.br\/emalta\/wp-content\/uploads\/2026\/08\/Cultivating_garlic_in_garden_bed_202608291633.jpg","type":"image\/jpeg"}],"author":"Jos\u00e9 Gustavo Dantas","twitter_card":"summary_large_image","twitter_misc":{"Escrito por":"Jos\u00e9 Gustavo Dantas","Est. tempo de leitura":"6 minutos"},"schema":{"@context":"https:\/\/schema.org","@graph":[{"@type":"Article","@id":"https:\/\/www.em.com.br\/emalta\/2026\/08\/30\/plantar-alho-em-casa-comeca-pela-escolha-dos-dentes-certos-e-pelo-momento-adequado-de-coloca-los-na-terra\/#article","isPartOf":{"@id":"https:\/\/www.em.com.br\/emalta\/2026\/08\/30\/plantar-alho-em-casa-comeca-pela-escolha-dos-dentes-certos-e-pelo-momento-adequado-de-coloca-los-na-terra\/"},"author":{"name":"Jos\u00e9 Gustavo Dantas","@id":"https:\/\/www.em.com.br\/emalta\/#\/schema\/person\/82d709b4cba87e10138f52b0d552a770"},"headline":"Plantar alho em casa come\u00e7a pela escolha dos dentes certos e pelo momento adequado de coloc\u00e1-los na terra","datePublished":"2026-08-30T21:47:00+00:00","mainEntityOfPage":{"@id":"https:\/\/www.em.com.br\/emalta\/2026\/08\/30\/plantar-alho-em-casa-comeca-pela-escolha-dos-dentes-certos-e-pelo-momento-adequado-de-coloca-los-na-terra\/"},"wordCount":1031,"image":{"@id":"https:\/\/www.em.com.br\/emalta\/2026\/08\/30\/plantar-alho-em-casa-comeca-pela-escolha-dos-dentes-certos-e-pelo-momento-adequado-de-coloca-los-na-terra\/#primaryimage"},"thumbnailUrl":"https:\/\/www.em.com.br\/emalta\/wp-content\/uploads\/2026\/08\/Cultivating_garlic_in_garden_bed_202608291633.jpg","keywords":["alho","cultivo de alho","Horta caseira","jardinagem"],"articleSection":["Casa"],"inLanguage":"pt-BR"},{"@type":"WebPage","@id":"https:\/\/www.em.com.br\/emalta\/2026\/08\/30\/plantar-alho-em-casa-comeca-pela-escolha-dos-dentes-certos-e-pelo-momento-adequado-de-coloca-los-na-terra\/","url":"https:\/\/www.em.com.br\/emalta\/2026\/08\/30\/plantar-alho-em-casa-comeca-pela-escolha-dos-dentes-certos-e-pelo-momento-adequado-de-coloca-los-na-terra\/","name":"Plantar alho em casa come\u00e7a pela escolha dos dentes certos e pelo momento adequado de coloc\u00e1-los na terra - Estado de Minas - Em Alta","isPartOf":{"@id":"https:\/\/www.em.com.br\/emalta\/#website"},"primaryImageOfPage":{"@id":"https:\/\/www.em.com.br\/emalta\/2026\/08\/30\/plantar-alho-em-casa-comeca-pela-escolha-dos-dentes-certos-e-pelo-momento-adequado-de-coloca-los-na-terra\/#primaryimage"},"image":{"@id":"https:\/\/www.em.com.br\/emalta\/2026\/08\/30\/plantar-alho-em-casa-comeca-pela-escolha-dos-dentes-certos-e-pelo-momento-adequado-de-coloca-los-na-terra\/#primaryimage"},"thumbnailUrl":"https:\/\/www.em.com.br\/emalta\/wp-content\/uploads\/2026\/08\/Cultivating_garlic_in_garden_bed_202608291633.jpg","datePublished":"2026-08-30T21:47:00+00:00","author":{"@id":"https:\/\/www.em.com.br\/emalta\/#\/schema\/person\/82d709b4cba87e10138f52b0d552a770"},"description":"Plantar alho exige dentes sadios, espa\u00e7o, luz e rega equilibrada; veja profundidade, espa\u00e7amento e sinais que indicam a hora certa da colheita.","breadcrumb":{"@id":"https:\/\/www.em.com.br\/emalta\/2026\/08\/30\/plantar-alho-em-casa-comeca-pela-escolha-dos-dentes-certos-e-pelo-momento-adequado-de-coloca-los-na-terra\/#breadcrumb"},"inLanguage":"pt-BR","potentialAction":[{"@type":"ReadAction","target":["https:\/\/www.em.com.br\/emalta\/2026\/08\/30\/plantar-alho-em-casa-comeca-pela-escolha-dos-dentes-certos-e-pelo-momento-adequado-de-coloca-los-na-terra\/"]}]},{"@type":"ImageObject","inLanguage":"pt-BR","@id":"https:\/\/www.em.com.br\/emalta\/2026\/08\/30\/plantar-alho-em-casa-comeca-pela-escolha-dos-dentes-certos-e-pelo-momento-adequado-de-coloca-los-na-terra\/#primaryimage","url":"https:\/\/www.em.com.br\/emalta\/wp-content\/uploads\/2026\/08\/Cultivating_garlic_in_garden_bed_202608291633.jpg","contentUrl":"https:\/\/www.em.com.br\/emalta\/wp-content\/uploads\/2026\/08\/Cultivating_garlic_in_garden_bed_202608291633.jpg","width":1280,"height":714,"caption":"O alho forma cabe\u00e7as melhores quando recebe dentes sadios, bom espa\u00e7amento, bastante luz e solo solto com umidade equilibrada"},{"@type":"BreadcrumbList","@id":"https:\/\/www.em.com.br\/emalta\/2026\/08\/30\/plantar-alho-em-casa-comeca-pela-escolha-dos-dentes-certos-e-pelo-momento-adequado-de-coloca-los-na-terra\/#breadcrumb","itemListElement":[{"@type":"ListItem","position":1,"name":"In\u00edcio","item":"https:\/\/www.em.com.br\/emalta\/"},{"@type":"ListItem","position":2,"name":"Plantar alho em casa come\u00e7a pela escolha dos dentes certos e pelo momento adequado de coloc\u00e1-los na terra"}]},{"@type":"WebSite","@id":"https:\/\/www.em.com.br\/emalta\/#website","url":"https:\/\/www.em.com.br\/emalta\/","name":"Estado de Minas - Em Alta","description":"Acompanhe as \u00faltimas not\u00edcias e fique bem informado sobre tudo o que acontece em Minas Gerais, Brasil e no mundo.","potentialAction":[{"@type":"SearchAction","target":{"@type":"EntryPoint","urlTemplate":"https:\/\/www.em.com.br\/emalta\/?s={search_term_string}"},"query-input":{"@type":"PropertyValueSpecification","valueRequired":true,"valueName":"search_term_string"}}],"inLanguage":"pt-BR"},{"@type":"Person","@id":"https:\/\/www.em.com.br\/emalta\/#\/schema\/person\/82d709b4cba87e10138f52b0d552a770","name":"Jos\u00e9 Gustavo Dantas","image":{"@type":"ImageObject","inLanguage":"pt-BR","@id":"https:\/\/secure.gravatar.com\/avatar\/77698c860cc54937d6b49bb3b35dfd3d2157ca341fde5cf868bddff525ac4db8?s=96&d=mm&r=g","url":"https:\/\/secure.gravatar.com\/avatar\/77698c860cc54937d6b49bb3b35dfd3d2157ca341fde5cf868bddff525ac4db8?s=96&d=mm&r=g","contentUrl":"https:\/\/secure.gravatar.com\/avatar\/77698c860cc54937d6b49bb3b35dfd3d2157ca341fde5cf868bddff525ac4db8?s=96&d=mm&r=g","caption":"Jos\u00e9 Gustavo Dantas"},"sameAs":["https:\/\/www.em.com.br\/emalta"],"url":"https:\/\/www.em.com.br\/emalta\/author\/josegustavomyth\/"}]}},"_links":{"self":[{"href":"https:\/\/www.em.com.br\/emalta\/wp-json\/wp\/v2\/posts\/267965","targetHints":{"allow":["GET"]}}],"collection":[{"href":"https:\/\/www.em.com.br\/emalta\/wp-json\/wp\/v2\/posts"}],"about":[{"href":"https:\/\/www.em.com.br\/emalta\/wp-json\/wp\/v2\/types\/post"}],"author":[{"embeddable":true,"href":"https:\/\/www.em.com.br\/emalta\/wp-json\/wp\/v2\/users\/37"}],"replies":[{"embeddable":true,"href":"https:\/\/www.em.com.br\/emalta\/wp-json\/wp\/v2\/comments?post=267965"}],"version-history":[{"count":2,"href":"https:\/\/www.em.com.br\/emalta\/wp-json\/wp\/v2\/posts\/267965\/revisions"}],"predecessor-version":[{"id":268086,"href":"https:\/\/www.em.com.br\/emalta\/wp-json\/wp\/v2\/posts\/267965\/revisions\/268086"}],"wp:featuredmedia":[{"embeddable":true,"href":"https:\/\/www.em.com.br\/emalta\/wp-json\/wp\/v2\/media\/268083"}],"wp:attachment":[{"href":"https:\/\/www.em.com.br\/emalta\/wp-json\/wp\/v2\/media?parent=267965"}],"wp:term":[{"taxonomy":"category","embeddable":true,"href":"https:\/\/www.em.com.br\/emalta\/wp-json\/wp\/v2\/categories?post=267965"},{"taxonomy":"post_tag","embeddable":true,"href":"https:\/\/www.em.com.br\/emalta\/wp-json\/wp\/v2\/tags?post=267965"}],"curies":[{"name":"wp","href":"https:\/\/api.w.org\/{rel}","templated":true}]}}