{"id":267963,"date":"2026-08-30T18:27:00","date_gmt":"2026-08-30T21:27:00","guid":{"rendered":"https:\/\/www.em.com.br\/emalta\/?p=267963"},"modified":"2026-08-29T16:33:31","modified_gmt":"2026-08-29T19:33:31","slug":"raizes-aparecendo-pelos-furos-do-vaso-sao-um-dos-sinais-de-que-a-planta-pode-estar-ficando-sem-espaco","status":"publish","type":"post","link":"https:\/\/www.em.com.br\/emalta\/2026\/08\/30\/raizes-aparecendo-pelos-furos-do-vaso-sao-um-dos-sinais-de-que-a-planta-pode-estar-ficando-sem-espaco\/","title":{"rendered":"Ra\u00edzes aparecendo pelos furos do vaso s\u00e3o um dos sinais de que a planta pode estar ficando sem espa\u00e7o"},"content":{"rendered":"\n<p class=\"wp-block-paragraph\">Encontrar ra\u00edzes saindo pelos orif\u00edcios de drenagem \u00e9 um ind\u00edcio de que o sistema radicular j\u00e1 ocupou boa parte do recipiente, mas isso n\u00e3o significa que toda planta precise ser transplantada imediatamente. Para avaliar <strong>ra\u00edzes congestionadas<\/strong>, \u00e9 melhor observar tamb\u00e9m a velocidade com que o substrato seca, o crescimento da parte a\u00e9rea e principalmente o aspecto do torr\u00e3o quando ele sai do vaso. Em alguns casos, poucas ra\u00edzes simplesmente alcan\u00e7aram os furos sem que o recipiente esteja completamente tomado. <\/p>\n\n\n\n<h2 class=\"wp-block-heading\">Como reconhecer ra\u00edzes congestionadas dentro do vaso?<\/h2>\n\n\n\n<p class=\"wp-block-paragraph\">Uma planta realmente apertada costuma apresentar ra\u00edzes formando c\u00edrculos ao redor das paredes internas, uma massa muito compacta no fundo ou pouca quantidade de substrato vis\u00edvel entre elas. Ao retirar cuidadosamente o torr\u00e3o, pode parecer que praticamente todo o recipiente foi preenchido por ra\u00edzes entrela\u00e7adas. <\/p>\n\n\n\n<p class=\"wp-block-paragraph\">Outros sinais podem acompanhar esse quadro: \u00e1gua atravessando rapidamente o vaso, substrato secando muito mais depressa do que antes, crescimento reduzido e necessidade crescente de regas. Nenhum desses sintomas isoladamente confirma falta de espa\u00e7o, pois calor, luminosidade e problemas de manejo tamb\u00e9m conseguem produzir altera\u00e7\u00f5es semelhantes.<\/p>\n\n\n\n<p class=\"wp-block-paragraph\"><strong>Leia tamb\u00e9m: <em><a href=\"https:\/\/www.em.com.br\/emalta\/2026\/08\/27\/nem-toda-planta-gosta-de-ficar-perto-da-janela-algumas-especies-se-desenvolvem-melhor-com-luz-filtrada-e-podem-ser-otimas-para-apartamentos\/\" target=\"_blank\" rel=\"noreferrer noopener\">Nem toda planta gosta de ficar perto da janela: algumas esp\u00e9cies se desenvolvem melhor com luz filtrada e podem ser \u00f3timas para apartamentos<\/a><\/em><\/strong><\/p>\n\n\n\n<h2 class=\"wp-block-heading\">Quais sinais indicam que chegou a hora de trocar o recipiente?<\/h2>\n\n\n\n<p class=\"wp-block-paragraph\">A combina\u00e7\u00e3o de v\u00e1rios sintomas \u00e9 mais \u00fatil do que uma \u00fanica raiz aparecendo no fundo. A University of Minnesota recomenda considerar o replantio quando ra\u00edzes ocupam intensamente o torr\u00e3o, crescem pelos furos de drenagem ou quando a planta ficou grande demais para seu recipiente. <\/p>\n\n\n\n<p class=\"wp-block-paragraph\">Observe principalmente:<\/p>\n\n\n\n<ul class=\"wp-block-list\">\n<li>Muitas ra\u00edzes saindo pelos orif\u00edcios de drenagem;<\/li>\n\n\n\n<li>Ra\u00edzes enroladas repetidamente em volta do torr\u00e3o;<\/li>\n\n\n\n<li>Pouco substrato restante entre as ra\u00edzes;<\/li>\n\n\n\n<li>Vaso secando muito rapidamente ap\u00f3s a rega;<\/li>\n\n\n\n<li>Crescimento reduzido apesar de manejo adequado;<\/li>\n\n\n\n<li>Planta desproporcional e inst\u00e1vel no recipiente.<\/li>\n<\/ul>\n\n\n\n<p class=\"wp-block-paragraph\">Este v\u00eddeo demonstra como retirar uma planta do vaso, observar o torr\u00e3o e identificar quando as ra\u00edzes j\u00e1 ocupam grande parte do recipiente.<\/p>\n\n\n\n<figure class=\"wp-block-embed is-type-video is-provider-youtube wp-block-embed-youtube wp-embed-aspect-16-9 wp-has-aspect-ratio\"><div class=\"wp-block-embed__wrapper\">\n<div class=\"jeg_video_container jeg_video_content\"><iframe loading=\"lazy\" title=\"A hora certa de TROCAR A PLANTA DE VASO - 10 formas de saber.\" width=\"500\" height=\"281\" src=\"https:\/\/www.youtube.com\/embed\/qvIfOFlTnMw?feature=oembed\" frameborder=\"0\" allow=\"accelerometer; autoplay; clipboard-write; encrypted-media; gyroscope; picture-in-picture; web-share\" referrerpolicy=\"strict-origin-when-cross-origin\" allowfullscreen><\/iframe><\/div>\n<\/div><\/figure>\n\n\n\n<h2 class=\"wp-block-heading\">Ra\u00edzes aparecendo pelos furos sempre significam que o vaso ficou pequeno?<\/h2>\n\n\n\n<p class=\"wp-block-paragraph\">N\u00e3o. Algumas ra\u00edzes naturalmente crescem em dire\u00e7\u00e3o \u00e0s regi\u00f5es onde encontram maior disponibilidade de \u00e1gua e oxig\u00eanio e podem alcan\u00e7ar os furos antes que todo o volume do recipiente esteja ocupado. \u00c9 por isso que olhar somente a parte inferior pode levar a um transplante desnecess\u00e1rio.<\/p>\n\n\n\n<p class=\"wp-block-paragraph\">Quando houver d\u00favida, retire cuidadosamente a planta segurando o torr\u00e3o, se a esp\u00e9cie e o tamanho permitirem. Se ainda existir bastante substrato solto e as ra\u00edzes n\u00e3o formarem uma massa compacta, a planta pode permanecer no mesmo recipiente. A decis\u00e3o deve considerar tamb\u00e9m a esp\u00e9cie, pois algumas toleram ou at\u00e9 florescem melhor quando ligeiramente confinadas.<\/p>\n\n\n\n<h2 class=\"wp-block-heading\">Por que colocar a planta diretamente em um vaso muito maior pode causar problemas?<\/h2>\n\n\n\n<p class=\"wp-block-paragraph\">Um recipiente grande demais cont\u00e9m muito mais substrato ao redor de um sistema radicular ainda pequeno. Depois da rega, essa massa pode permanecer \u00famida por mais tempo do que as ra\u00edzes conseguem utilizar, aumentando o risco de baixa aera\u00e7\u00e3o e problemas radiculares. <\/p>\n\n\n\n<p class=\"wp-block-paragraph\">Em vez de aumentar v\u00e1rios tamanhos de uma vez, prefira uma progress\u00e3o moderada. Para muitas plantas dom\u00e9sticas, recomenda-se um novo vaso apenas alguns cent\u00edmetros maior em di\u00e2metro. O material e a drenagem tamb\u00e9m importam: recipientes sem sa\u00edda adequada de \u00e1gua continuam problem\u00e1ticos independentemente do tamanho.<\/p>\n\n\n<div class=\"wp-block-image\">\n<figure class=\"aligncenter size-large\"><img decoding=\"async\" width=\"1024\" height=\"571\" src=\"https:\/\/www.em.com.br\/emalta\/wp-content\/uploads\/2026\/08\/Planta_sendo_transferida_para_vaso_202608291632-1024x571.jpg\" alt=\"Ao replantar, aumentar o vaso gradualmente e afrouxar com cuidado as ra\u00edzes enroladas ajuda a oferecer espa\u00e7o novo sem excesso de substrato \u00famido\" class=\"wp-image-268081\" srcset=\"https:\/\/www.em.com.br\/emalta\/wp-content\/uploads\/2026\/08\/Planta_sendo_transferida_para_vaso_202608291632-1024x571.jpg 1024w, https:\/\/www.em.com.br\/emalta\/wp-content\/uploads\/2026\/08\/Planta_sendo_transferida_para_vaso_202608291632-300x167.jpg 300w, https:\/\/www.em.com.br\/emalta\/wp-content\/uploads\/2026\/08\/Planta_sendo_transferida_para_vaso_202608291632-768x428.jpg 768w, https:\/\/www.em.com.br\/emalta\/wp-content\/uploads\/2026\/08\/Planta_sendo_transferida_para_vaso_202608291632-750x418.jpg 750w, https:\/\/www.em.com.br\/emalta\/wp-content\/uploads\/2026\/08\/Planta_sendo_transferida_para_vaso_202608291632-1140x636.jpg 1140w, https:\/\/www.em.com.br\/emalta\/wp-content\/uploads\/2026\/08\/Planta_sendo_transferida_para_vaso_202608291632.jpg 1280w\" sizes=\"(max-width: 1024px) 100vw, 1024px\" \/><figcaption class=\"wp-element-caption\">Ao replantar, aumentar o vaso gradualmente e afrouxar com cuidado as ra\u00edzes enroladas ajuda a oferecer espa\u00e7o novo sem excesso de substrato \u00famido<\/figcaption><\/figure>\n<\/div>\n\n\n<h2 class=\"wp-block-heading\">Como trocar uma planta com ra\u00edzes congestionadas para outro vaso?<\/h2>\n\n\n\n<p class=\"wp-block-paragraph\">Para <strong>ra\u00edzes congestionadas<\/strong>, escolha um recipiente ligeiramente maior e com furos de drenagem. A <a href=\"https:\/\/extension.umn.edu\/planting-and-growing-guides\/repotting-houseplants\" data-type=\"link\" data-id=\"https:\/\/extension.umn.edu\/planting-and-growing-guides\/repotting-houseplants\" target=\"_blank\" rel=\"noreferrer noopener\">University of Minnesota recomenda aumentar aproximadamente 2,5 a 5 cent\u00edmetros no di\u00e2metro<\/a> para plantas menores, evitando o salto imediato para recipientes excessivamente grandes.<\/p>\n\n\n\n<p class=\"wp-block-paragraph\">Retire a planta com cuidado e observe as ra\u00edzes. Se estiverem fortemente enroladas, elas podem ser suavemente afrouxadas antes de colocar o torr\u00e3o no novo substrato, sem destruir desnecessariamente ra\u00edzes saud\u00e1veis. Mantenha a planta na mesma profundidade em que estava antes e complete as laterais sem compactar excessivamente.<\/p>\n\n\n\n<table style=\"width:100%;border-collapse:collapse;background:#f3f6ee\"> <tr style=\"background:#d8e3ce\"><th style=\"padding:8px;border:1px solid #93a187\">Situa\u00e7\u00e3o<\/th><th style=\"padding:8px;border:1px solid #93a187\">O que fazer<\/th><\/tr> <tr><td style=\"padding:8px;border:1px solid #93a187\">Poucas ra\u00edzes nos furos<\/td><td style=\"padding:8px;border:1px solid #93a187\">Observar antes de transplantar<\/td><\/tr> <tr><td style=\"padding:8px;border:1px solid #93a187\">Torr\u00e3o tomado por ra\u00edzes<\/td><td style=\"padding:8px;border:1px solid #93a187\">Considerar vaso ligeiramente maior<\/td><\/tr> <tr><td style=\"padding:8px;border:1px solid #93a187\">Substrato seca muito r\u00e1pido<\/td><td style=\"padding:8px;border:1px solid #93a187\">Investigar falta de espa\u00e7o e condi\u00e7\u00f5es ambientais<\/td><\/tr> <tr><td style=\"padding:8px;border:1px solid #93a187\">Vaso novo<\/td><td style=\"padding:8px;border:1px solid #93a187\">Preferir aumento gradual, com boa drenagem<\/td><\/tr> <\/table>\n\n\n\n<h2 class=\"wp-block-heading\">Quando \u00e9 melhor manter a planta no mesmo vaso por mais algum tempo?<\/h2>\n\n\n\n<p class=\"wp-block-paragraph\">Se as ra\u00edzes ainda n\u00e3o formaram uma massa apertada, o crescimento continua saud\u00e1vel e a rega permanece manej\u00e1vel, n\u00e3o h\u00e1 necessidade de trocar apenas porque uma ponta apareceu pelo fundo. Transplantes tamb\u00e9m provocam algum grau de perturba\u00e7\u00e3o, especialmente quando ra\u00edzes s\u00e3o manipuladas.<\/p>\n\n\n\n<p class=\"wp-block-paragraph\">A melhor decis\u00e3o vem da observa\u00e7\u00e3o do conjunto. Ra\u00edzes vis\u00edveis s\u00e3o um alerta para verificar o torr\u00e3o, n\u00e3o uma ordem autom\u00e1tica para trocar o recipiente. Quando existe congestionamento real, aumentar moderadamente o espa\u00e7o oferece novas \u00e1reas para crescimento sem criar um volume de substrato \u00famido muito maior do que a planta consegue utilizar.<\/p>\n","protected":false},"excerpt":{"rendered":"<p>Encontrar ra\u00edzes saindo pelos orif\u00edcios de drenagem \u00e9 um ind\u00edcio de que o sistema radicular j\u00e1 ocupou boa parte do recipiente, mas isso n\u00e3o significa que toda planta precise ser transplantada imediatamente. Para avaliar ra\u00edzes congestionadas, \u00e9 melhor observar tamb\u00e9m a velocidade com que o substrato seca, o crescimento da parte a\u00e9rea e principalmente o [&hellip;]<\/p>\n","protected":false},"author":37,"featured_media":268079,"comment_status":"closed","ping_status":"closed","sticky":false,"template":"","format":"standard","meta":{"jnews-multi-image_gallery":[],"jnews_single_post":{"format":"standard"},"jnews_primary_category":[],"jnews_social_meta":[],"jnews_override_counter":[],"footnotes":""},"categories":[35966],"tags":[3358,4063,21859,36565],"class_list":["post-267963","post","type-post","status-publish","format-standard","has-post-thumbnail","hentry","category-casa","tag-jardinagem","tag-plantas-em-vasos","tag-raizes-das-plantas","tag-troca-de-vaso"],"yoast_head":"<!-- This site is optimized with the Yoast SEO plugin v28.3 - https:\/\/yoast.com\/product\/yoast-seo-wordpress\/ -->\n<title>Ra\u00edzes aparecendo pelos furos do vaso s\u00e3o um dos sinais de que a planta pode estar ficando sem espa\u00e7o - Estado de Minas - Em Alta<\/title>\n<meta name=\"description\" content=\"Ra\u00edzes congestionadas podem indicar falta de espa\u00e7o; veja como avaliar o torr\u00e3o e quando trocar a planta para um vaso um pouco maior com seguran\u00e7a.\" \/>\n<meta name=\"robots\" content=\"index, follow, max-snippet:-1, max-image-preview:large, max-video-preview:-1\" \/>\n<link rel=\"canonical\" href=\"https:\/\/www.em.com.br\/emalta\/2026\/08\/30\/raizes-aparecendo-pelos-furos-do-vaso-sao-um-dos-sinais-de-que-a-planta-pode-estar-ficando-sem-espaco\/\" \/>\n<meta property=\"og:locale\" content=\"pt_BR\" \/>\n<meta property=\"og:type\" content=\"article\" \/>\n<meta property=\"og:title\" content=\"Ra\u00edzes aparecendo pelos furos do vaso s\u00e3o um dos sinais de que a planta pode estar ficando sem espa\u00e7o - Estado de Minas - Em Alta\" \/>\n<meta property=\"og:description\" content=\"Ra\u00edzes congestionadas podem indicar falta de espa\u00e7o; veja como avaliar o torr\u00e3o e quando trocar a planta para um vaso um pouco maior com seguran\u00e7a.\" \/>\n<meta property=\"og:url\" content=\"https:\/\/www.em.com.br\/emalta\/2026\/08\/30\/raizes-aparecendo-pelos-furos-do-vaso-sao-um-dos-sinais-de-que-a-planta-pode-estar-ficando-sem-espaco\/\" \/>\n<meta property=\"og:site_name\" content=\"Estado de Minas - Em Alta\" \/>\n<meta property=\"article:published_time\" content=\"2026-08-30T21:27:00+00:00\" \/>\n<meta property=\"og:image\" content=\"https:\/\/www.em.com.br\/emalta\/wp-content\/uploads\/2026\/08\/Removendo_planta_de_vaso_congest\u2026_202608291631.jpg\" \/>\n\t<meta property=\"og:image:width\" content=\"1280\" \/>\n\t<meta property=\"og:image:height\" content=\"714\" \/>\n\t<meta property=\"og:image:type\" content=\"image\/jpeg\" \/>\n<meta name=\"author\" content=\"Jos\u00e9 Gustavo Dantas\" \/>\n<meta name=\"twitter:card\" content=\"summary_large_image\" \/>\n<meta name=\"twitter:label1\" content=\"Escrito por\" \/>\n\t<meta name=\"twitter:data1\" content=\"Jos\u00e9 Gustavo Dantas\" \/>\n\t<meta name=\"twitter:label2\" content=\"Est. tempo de leitura\" \/>\n\t<meta name=\"twitter:data2\" content=\"5 minutos\" \/>\n<!-- \/ Yoast SEO plugin. -->","yoast_head_json":{"title":"Ra\u00edzes aparecendo pelos furos do vaso s\u00e3o um dos sinais de que a planta pode estar ficando sem espa\u00e7o - Estado de Minas - Em Alta","description":"Ra\u00edzes congestionadas podem indicar falta de espa\u00e7o; veja como avaliar o torr\u00e3o e quando trocar a planta para um vaso um pouco maior com seguran\u00e7a.","robots":{"index":"index","follow":"follow","max-snippet":"max-snippet:-1","max-image-preview":"max-image-preview:large","max-video-preview":"max-video-preview:-1"},"canonical":"https:\/\/www.em.com.br\/emalta\/2026\/08\/30\/raizes-aparecendo-pelos-furos-do-vaso-sao-um-dos-sinais-de-que-a-planta-pode-estar-ficando-sem-espaco\/","og_locale":"pt_BR","og_type":"article","og_title":"Ra\u00edzes aparecendo pelos furos do vaso s\u00e3o um dos sinais de que a planta pode estar ficando sem espa\u00e7o - Estado de Minas - Em Alta","og_description":"Ra\u00edzes congestionadas podem indicar falta de espa\u00e7o; veja como avaliar o torr\u00e3o e quando trocar a planta para um vaso um pouco maior com seguran\u00e7a.","og_url":"https:\/\/www.em.com.br\/emalta\/2026\/08\/30\/raizes-aparecendo-pelos-furos-do-vaso-sao-um-dos-sinais-de-que-a-planta-pode-estar-ficando-sem-espaco\/","og_site_name":"Estado de Minas - Em Alta","article_published_time":"2026-08-30T21:27:00+00:00","og_image":[{"width":1280,"height":714,"url":"https:\/\/www.em.com.br\/emalta\/wp-content\/uploads\/2026\/08\/Removendo_planta_de_vaso_congest\u2026_202608291631.jpg","type":"image\/jpeg"}],"author":"Jos\u00e9 Gustavo Dantas","twitter_card":"summary_large_image","twitter_misc":{"Escrito por":"Jos\u00e9 Gustavo Dantas","Est. tempo de leitura":"5 minutos"},"schema":{"@context":"https:\/\/schema.org","@graph":[{"@type":"Article","@id":"https:\/\/www.em.com.br\/emalta\/2026\/08\/30\/raizes-aparecendo-pelos-furos-do-vaso-sao-um-dos-sinais-de-que-a-planta-pode-estar-ficando-sem-espaco\/#article","isPartOf":{"@id":"https:\/\/www.em.com.br\/emalta\/2026\/08\/30\/raizes-aparecendo-pelos-furos-do-vaso-sao-um-dos-sinais-de-que-a-planta-pode-estar-ficando-sem-espaco\/"},"author":{"name":"Jos\u00e9 Gustavo Dantas","@id":"https:\/\/www.em.com.br\/emalta\/#\/schema\/person\/82d709b4cba87e10138f52b0d552a770"},"headline":"Ra\u00edzes aparecendo pelos furos do vaso s\u00e3o um dos sinais de que a planta pode estar ficando sem espa\u00e7o","datePublished":"2026-08-30T21:27:00+00:00","mainEntityOfPage":{"@id":"https:\/\/www.em.com.br\/emalta\/2026\/08\/30\/raizes-aparecendo-pelos-furos-do-vaso-sao-um-dos-sinais-de-que-a-planta-pode-estar-ficando-sem-espaco\/"},"wordCount":920,"image":{"@id":"https:\/\/www.em.com.br\/emalta\/2026\/08\/30\/raizes-aparecendo-pelos-furos-do-vaso-sao-um-dos-sinais-de-que-a-planta-pode-estar-ficando-sem-espaco\/#primaryimage"},"thumbnailUrl":"https:\/\/www.em.com.br\/emalta\/wp-content\/uploads\/2026\/08\/Removendo_planta_de_vaso_congest\u2026_202608291631.jpg","keywords":["jardinagem","Plantas em Vasos","ra\u00edzes das plantas","troca de vaso"],"articleSection":["Casa"],"inLanguage":"pt-BR"},{"@type":"WebPage","@id":"https:\/\/www.em.com.br\/emalta\/2026\/08\/30\/raizes-aparecendo-pelos-furos-do-vaso-sao-um-dos-sinais-de-que-a-planta-pode-estar-ficando-sem-espaco\/","url":"https:\/\/www.em.com.br\/emalta\/2026\/08\/30\/raizes-aparecendo-pelos-furos-do-vaso-sao-um-dos-sinais-de-que-a-planta-pode-estar-ficando-sem-espaco\/","name":"Ra\u00edzes aparecendo pelos furos do vaso s\u00e3o um dos sinais de que a planta pode estar ficando sem espa\u00e7o - Estado de Minas - Em Alta","isPartOf":{"@id":"https:\/\/www.em.com.br\/emalta\/#website"},"primaryImageOfPage":{"@id":"https:\/\/www.em.com.br\/emalta\/2026\/08\/30\/raizes-aparecendo-pelos-furos-do-vaso-sao-um-dos-sinais-de-que-a-planta-pode-estar-ficando-sem-espaco\/#primaryimage"},"image":{"@id":"https:\/\/www.em.com.br\/emalta\/2026\/08\/30\/raizes-aparecendo-pelos-furos-do-vaso-sao-um-dos-sinais-de-que-a-planta-pode-estar-ficando-sem-espaco\/#primaryimage"},"thumbnailUrl":"https:\/\/www.em.com.br\/emalta\/wp-content\/uploads\/2026\/08\/Removendo_planta_de_vaso_congest\u2026_202608291631.jpg","datePublished":"2026-08-30T21:27:00+00:00","author":{"@id":"https:\/\/www.em.com.br\/emalta\/#\/schema\/person\/82d709b4cba87e10138f52b0d552a770"},"description":"Ra\u00edzes congestionadas podem indicar falta de espa\u00e7o; veja como avaliar o torr\u00e3o e quando trocar a planta para um vaso um pouco maior com seguran\u00e7a.","breadcrumb":{"@id":"https:\/\/www.em.com.br\/emalta\/2026\/08\/30\/raizes-aparecendo-pelos-furos-do-vaso-sao-um-dos-sinais-de-que-a-planta-pode-estar-ficando-sem-espaco\/#breadcrumb"},"inLanguage":"pt-BR","potentialAction":[{"@type":"ReadAction","target":["https:\/\/www.em.com.br\/emalta\/2026\/08\/30\/raizes-aparecendo-pelos-furos-do-vaso-sao-um-dos-sinais-de-que-a-planta-pode-estar-ficando-sem-espaco\/"]}]},{"@type":"ImageObject","inLanguage":"pt-BR","@id":"https:\/\/www.em.com.br\/emalta\/2026\/08\/30\/raizes-aparecendo-pelos-furos-do-vaso-sao-um-dos-sinais-de-que-a-planta-pode-estar-ficando-sem-espaco\/#primaryimage","url":"https:\/\/www.em.com.br\/emalta\/wp-content\/uploads\/2026\/08\/Removendo_planta_de_vaso_congest\u2026_202608291631.jpg","contentUrl":"https:\/\/www.em.com.br\/emalta\/wp-content\/uploads\/2026\/08\/Removendo_planta_de_vaso_congest\u2026_202608291631.jpg","width":1280,"height":714,"caption":"Ra\u00edzes congestionadas formam uma massa densa ao redor do torr\u00e3o e podem indicar que a planta precisa de mais espa\u00e7o para continuar crescendo"},{"@type":"BreadcrumbList","@id":"https:\/\/www.em.com.br\/emalta\/2026\/08\/30\/raizes-aparecendo-pelos-furos-do-vaso-sao-um-dos-sinais-de-que-a-planta-pode-estar-ficando-sem-espaco\/#breadcrumb","itemListElement":[{"@type":"ListItem","position":1,"name":"In\u00edcio","item":"https:\/\/www.em.com.br\/emalta\/"},{"@type":"ListItem","position":2,"name":"Ra\u00edzes aparecendo pelos furos do vaso s\u00e3o um dos sinais de que a planta pode estar ficando sem espa\u00e7o"}]},{"@type":"WebSite","@id":"https:\/\/www.em.com.br\/emalta\/#website","url":"https:\/\/www.em.com.br\/emalta\/","name":"Estado de Minas - Em Alta","description":"Acompanhe as \u00faltimas not\u00edcias e fique bem informado sobre tudo o que acontece em Minas Gerais, Brasil e no mundo.","potentialAction":[{"@type":"SearchAction","target":{"@type":"EntryPoint","urlTemplate":"https:\/\/www.em.com.br\/emalta\/?s={search_term_string}"},"query-input":{"@type":"PropertyValueSpecification","valueRequired":true,"valueName":"search_term_string"}}],"inLanguage":"pt-BR"},{"@type":"Person","@id":"https:\/\/www.em.com.br\/emalta\/#\/schema\/person\/82d709b4cba87e10138f52b0d552a770","name":"Jos\u00e9 Gustavo Dantas","image":{"@type":"ImageObject","inLanguage":"pt-BR","@id":"https:\/\/secure.gravatar.com\/avatar\/77698c860cc54937d6b49bb3b35dfd3d2157ca341fde5cf868bddff525ac4db8?s=96&d=mm&r=g","url":"https:\/\/secure.gravatar.com\/avatar\/77698c860cc54937d6b49bb3b35dfd3d2157ca341fde5cf868bddff525ac4db8?s=96&d=mm&r=g","contentUrl":"https:\/\/secure.gravatar.com\/avatar\/77698c860cc54937d6b49bb3b35dfd3d2157ca341fde5cf868bddff525ac4db8?s=96&d=mm&r=g","caption":"Jos\u00e9 Gustavo Dantas"},"sameAs":["https:\/\/www.em.com.br\/emalta"],"url":"https:\/\/www.em.com.br\/emalta\/author\/josegustavomyth\/"}]}},"_links":{"self":[{"href":"https:\/\/www.em.com.br\/emalta\/wp-json\/wp\/v2\/posts\/267963","targetHints":{"allow":["GET"]}}],"collection":[{"href":"https:\/\/www.em.com.br\/emalta\/wp-json\/wp\/v2\/posts"}],"about":[{"href":"https:\/\/www.em.com.br\/emalta\/wp-json\/wp\/v2\/types\/post"}],"author":[{"embeddable":true,"href":"https:\/\/www.em.com.br\/emalta\/wp-json\/wp\/v2\/users\/37"}],"replies":[{"embeddable":true,"href":"https:\/\/www.em.com.br\/emalta\/wp-json\/wp\/v2\/comments?post=267963"}],"version-history":[{"count":2,"href":"https:\/\/www.em.com.br\/emalta\/wp-json\/wp\/v2\/posts\/267963\/revisions"}],"predecessor-version":[{"id":268082,"href":"https:\/\/www.em.com.br\/emalta\/wp-json\/wp\/v2\/posts\/267963\/revisions\/268082"}],"wp:featuredmedia":[{"embeddable":true,"href":"https:\/\/www.em.com.br\/emalta\/wp-json\/wp\/v2\/media\/268079"}],"wp:attachment":[{"href":"https:\/\/www.em.com.br\/emalta\/wp-json\/wp\/v2\/media?parent=267963"}],"wp:term":[{"taxonomy":"category","embeddable":true,"href":"https:\/\/www.em.com.br\/emalta\/wp-json\/wp\/v2\/categories?post=267963"},{"taxonomy":"post_tag","embeddable":true,"href":"https:\/\/www.em.com.br\/emalta\/wp-json\/wp\/v2\/tags?post=267963"}],"curies":[{"name":"wp","href":"https:\/\/api.w.org\/{rel}","templated":true}]}}