{"id":267959,"date":"2026-08-30T15:07:00","date_gmt":"2026-08-30T18:07:00","guid":{"rendered":"https:\/\/www.em.com.br\/emalta\/?p=267959"},"modified":"2026-08-29T16:28:26","modified_gmt":"2026-08-29T19:28:26","slug":"abobora-em-quintal-pequeno-pode-ser-conduzida-de-forma-mais-organizada-quando-o-crescimento-das-ramas-e-planejado-desde-cedo","status":"publish","type":"post","link":"https:\/\/www.em.com.br\/emalta\/2026\/08\/30\/abobora-em-quintal-pequeno-pode-ser-conduzida-de-forma-mais-organizada-quando-o-crescimento-das-ramas-e-planejado-desde-cedo\/","title":{"rendered":"Ab\u00f3bora em quintal pequeno pode ser conduzida de forma mais organizada quando o crescimento das ramas \u00e9 planejado desde cedo"},"content":{"rendered":"\n<p class=\"wp-block-paragraph\">Cultivar <strong>ab\u00f3bora em quintal pequeno<\/strong> \u00e9 poss\u00edvel, mas exige planejamento porque muitas variedades de <em>Cucurbita<\/em> produzem ramas longas que rapidamente ocupam canteiros, corredores e outras \u00e1reas da horta. Conduzir essas ramas pelo ch\u00e3o em uma dire\u00e7\u00e3o definida ou sobre estruturas resistentes ajuda a aproveitar melhor o espa\u00e7o. No cultivo vertical, por\u00e9m, peso dos frutos, irriga\u00e7\u00e3o e poliniza\u00e7\u00e3o precisam receber aten\u00e7\u00e3o especial para que a economia de \u00e1rea n\u00e3o prejudique o desenvolvimento da planta.<\/p>\n\n\n\n<h2 class=\"wp-block-heading\">Quanto espa\u00e7o uma ab\u00f3bora em quintal pequeno realmente precisa?<\/h2>\n\n\n\n<p class=\"wp-block-paragraph\">O espa\u00e7o varia bastante conforme a variedade. Existem ab\u00f3boras de crescimento mais compacto e outras que lan\u00e7am ramas vigorosas por v\u00e1rios metros. Antes de plantar, vale conferir as caracter\u00edsticas da cultivar e reservar uma regi\u00e3o ensolarada onde as ramas possam avan\u00e7ar sem sufocar outras hortali\u00e7as. Mesmo quando conduzida verticalmente, a planta continua precisando de espa\u00e7o para ra\u00edzes e folhas.<\/p>\n\n\n\n<p class=\"wp-block-paragraph\">A estrutura tamb\u00e9m deve ser planejada antes que a planta fique grande. Grades, treli\u00e7as e suportes robustos s\u00e3o mais f\u00e1ceis de instalar enquanto as ramas ainda est\u00e3o pequenas. Tentar reorganizar uma ab\u00f3bora adulta aumenta o risco de quebrar caules, flores e frutos j\u00e1 formados.<\/p>\n\n\n\n<p class=\"wp-block-paragraph\"><strong>Leia tamb\u00e9m: <em><a href=\"https:\/\/www.em.com.br\/emalta\/2026\/08\/27\/nem-toda-planta-gosta-de-ficar-perto-da-janela-algumas-especies-se-desenvolvem-melhor-com-luz-filtrada-e-podem-ser-otimas-para-apartamentos\/\" target=\"_blank\" rel=\"noreferrer noopener\">Nem toda planta gosta de ficar perto da janela: algumas esp\u00e9cies se desenvolvem melhor com luz filtrada e podem ser \u00f3timas para apartamentos<\/a><\/em><\/strong><\/p>\n\n\n\n<h2 class=\"wp-block-heading\">Como conduzir as ramas sem machucar a planta?<\/h2>\n\n\n\n<p class=\"wp-block-paragraph\">\u00c0 medida que a rama principal cresce, ela pode ser orientada gradualmente sobre o suporte, sem dobr\u00e1-la bruscamente. Algumas ab\u00f3boras produzem gavinhas capazes de se prender \u00e0 estrutura, mas isso n\u00e3o elimina a necessidade de acompanhar o crescimento e fornecer apoio quando o peso aumenta. N\u00e3o \u00e9 necess\u00e1rio podar indiscriminadamente as ramas apenas para manter a planta pequena.<\/p>\n\n\n\n<p class=\"wp-block-paragraph\">Para organizar o cultivo:<\/p>\n\n\n\n<ul class=\"wp-block-list\">\n<li>Instale o suporte antes do crescimento intenso;<\/li>\n\n\n\n<li>Conduza as ramas jovens sem fazer curvas for\u00e7adas;<\/li>\n\n\n\n<li>Use amarras largas e frouxas quando forem necess\u00e1rias;<\/li>\n\n\n\n<li>Evite apertar caules em crescimento;<\/li>\n\n\n\n<li>Mantenha folhas bem distribu\u00eddas para receber luz;<\/li>\n\n\n\n<li>Verifique regularmente se frutos pesados precisam de sustenta\u00e7\u00e3o.<\/li>\n<\/ul>\n\n\n\n<p class=\"wp-block-paragraph\">Este v\u00eddeo mostra uma experi\u00eancia pr\u00e1tica de cultivo vertical, incluindo condu\u00e7\u00e3o das ramas de ab\u00f3boras e abobrinhas em espa\u00e7o dom\u00e9stico.<\/p>\n\n\n\n<figure class=\"wp-block-embed is-type-video is-provider-youtube wp-block-embed-youtube wp-embed-aspect-16-9 wp-has-aspect-ratio\"><div class=\"wp-block-embed__wrapper\">\n<div class=\"jeg_video_container jeg_video_content\"><iframe loading=\"lazy\" title=\"Cultivo Vertical (tutorado) Caseiro de Ab\u00f3bora\/Abobrinha - a s\u00e9rie: Como Conduzir As Ab\u00f3boras.\" width=\"500\" height=\"281\" src=\"https:\/\/www.youtube.com\/embed\/o7NEnxqMsLM?feature=oembed\" frameborder=\"0\" allow=\"accelerometer; autoplay; clipboard-write; encrypted-media; gyroscope; picture-in-picture; web-share\" referrerpolicy=\"strict-origin-when-cross-origin\" allowfullscreen><\/iframe><\/div>\n<\/div><\/figure>\n\n\n\n<h2 class=\"wp-block-heading\">Por que a poliniza\u00e7\u00e3o \u00e9 importante para a ab\u00f3bora em quintal pequeno?<\/h2>\n\n\n\n<p class=\"wp-block-paragraph\">Ab\u00f3boras produzem flores masculinas e femininas separadas na mesma planta. Para que o fruto se desenvolva normalmente, o p\u00f3len precisa chegar \u00e0 flor feminina, processo realizado principalmente por insetos polinizadores. A Embrapa destaca a import\u00e2ncia das abelhas na cultura da ab\u00f3bora, enquanto a poliniza\u00e7\u00e3o manual pode ser empregada em situa\u00e7\u00f5es espec\u00edficas.<\/p>\n\n\n\n<p class=\"wp-block-paragraph\">Se pequenas ab\u00f3boras come\u00e7am a crescer e logo amarelam ou interrompem o desenvolvimento, poliniza\u00e7\u00e3o insuficiente pode ser uma das causas, embora n\u00e3o seja a \u00fanica. Evitar pulveriza\u00e7\u00f5es e irriga\u00e7\u00e3o por aspers\u00e3o durante o per\u00edodo de atividade das abelhas tamb\u00e9m ajuda, porque molhar as flores pela manh\u00e3 pode interferir na visita dos polinizadores.<\/p>\n\n\n\n<h2 class=\"wp-block-heading\">Como regar sem manter o solo permanentemente encharcado?<\/h2>\n\n\n\n<p class=\"wp-block-paragraph\">Ab\u00f3boras possuem crescimento vigoroso e precisam de disponibilidade adequada de \u00e1gua, especialmente durante florescimento e forma\u00e7\u00e3o dos frutos. Isso n\u00e3o significa regar sempre na mesma frequ\u00eancia: textura do solo, calor, vento e tamanho da planta determinam quanto tempo a umidade permanece dispon\u00edvel. Solos mais leves normalmente exigem aplica\u00e7\u00f5es mais frequentes do que solos que ret\u00eam \u00e1gua por mais tempo.<\/p>\n\n\n\n<p class=\"wp-block-paragraph\">Sempre que poss\u00edvel, direcione a \u00e1gua para a regi\u00e3o das ra\u00edzes em vez de molhar repetidamente toda a folhagem. A irriga\u00e7\u00e3o por gotejamento \u00e9 uma op\u00e7\u00e3o eficiente, mas regadores e mangueiras tamb\u00e9m funcionam em pequenas hortas. As recomenda\u00e7\u00f5es t\u00e9cnicas completas de cultivo podem ser consultadas na <a target=\"_blank\" rel=\"noreferrer noopener\" href=\"https:\/\/www.embrapa.br\/en\/web\/hortalicas\/busca-de-publicacoes\/-\/publicacao\/1134117\/recomendacoes-tecnicas-para-o-cultivo-de-aboboras-e-morangas?utm_source=chatgpt.com\">publica\u00e7\u00e3o da Embrapa sobre ab\u00f3boras e morangas<\/a>.<\/p>\n\n\n<div class=\"wp-block-image\">\n<figure class=\"aligncenter size-large\"><img decoding=\"async\" width=\"1024\" height=\"571\" src=\"https:\/\/www.em.com.br\/emalta\/wp-content\/uploads\/2026\/08\/Pumpkin_growing_on_trellis_support_202608291627-1024x571.jpg\" alt=\"Frutos pesados de ab\u00f3bora cultivada na vertical podem precisar de uma rede de apoio para reduzir a tens\u00e3o sobre a rama e o ped\u00fanculo\" class=\"wp-image-268073\" srcset=\"https:\/\/www.em.com.br\/emalta\/wp-content\/uploads\/2026\/08\/Pumpkin_growing_on_trellis_support_202608291627-1024x571.jpg 1024w, https:\/\/www.em.com.br\/emalta\/wp-content\/uploads\/2026\/08\/Pumpkin_growing_on_trellis_support_202608291627-300x167.jpg 300w, https:\/\/www.em.com.br\/emalta\/wp-content\/uploads\/2026\/08\/Pumpkin_growing_on_trellis_support_202608291627-768x428.jpg 768w, https:\/\/www.em.com.br\/emalta\/wp-content\/uploads\/2026\/08\/Pumpkin_growing_on_trellis_support_202608291627-750x418.jpg 750w, https:\/\/www.em.com.br\/emalta\/wp-content\/uploads\/2026\/08\/Pumpkin_growing_on_trellis_support_202608291627-1140x636.jpg 1140w, https:\/\/www.em.com.br\/emalta\/wp-content\/uploads\/2026\/08\/Pumpkin_growing_on_trellis_support_202608291627.jpg 1280w\" sizes=\"(max-width: 1024px) 100vw, 1024px\" \/><figcaption class=\"wp-element-caption\">Frutos pesados de ab\u00f3bora cultivada na vertical podem precisar de uma rede de apoio para reduzir a tens\u00e3o sobre a rama e o ped\u00fanculo<\/figcaption><\/figure>\n<\/div>\n\n\n<h2 class=\"wp-block-heading\">O que muda quando a ab\u00f3bora em quintal pequeno cresce verticalmente?<\/h2>\n\n\n\n<p class=\"wp-block-paragraph\">O cultivo vertical reduz a \u00e1rea ocupada pelas ramas no ch\u00e3o, mas transfere parte do peso para a treli\u00e7a. Frutos pequenos podem permanecer sustentados pela pr\u00f3pria planta, enquanto variedades que produzem frutos pesados podem exigir suportes individuais, como redes largas que acompanhem o crescimento sem comprimir a casca.<\/p>\n\n\n\n<p class=\"wp-block-paragraph\">Por isso, variedades menores s\u00e3o normalmente mais f\u00e1ceis de conduzir verticalmente em espa\u00e7os dom\u00e9sticos. Estruturas fr\u00e1geis ou improvisadas podem ceder quando folhas, ramas e frutos atingem tamanho m\u00e1ximo. <\/p>\n\n\n\n<table style=\"width:100%;border-collapse:collapse;background:#f5f3e9\"> <tr style=\"background:#dfddc7\"><th style=\"padding:8px;border:1px solid #9c9a82\">Ponto do cultivo<\/th><th style=\"padding:8px;border:1px solid #9c9a82\">Cuidado principal<\/th><\/tr> <tr><td style=\"padding:8px;border:1px solid #9c9a82\">Ramas<\/td><td style=\"padding:8px;border:1px solid #9c9a82\">Conduzir enquanto ainda est\u00e3o flex\u00edveis<\/td><\/tr> <tr><td style=\"padding:8px;border:1px solid #9c9a82\">Treli\u00e7a<\/td><td style=\"padding:8px;border:1px solid #9c9a82\">Dimensionar para o peso da planta adulta<\/td><\/tr> <tr><td style=\"padding:8px;border:1px solid #9c9a82\">Poliniza\u00e7\u00e3o<\/td><td style=\"padding:8px;border:1px solid #9c9a82\">Preservar acesso de abelhas \u00e0s flores<\/td><\/tr> <tr><td style=\"padding:8px;border:1px solid #9c9a82\">Frutos pesados<\/td><td style=\"padding:8px;border:1px solid #9c9a82\">Adicionar suporte individual quando necess\u00e1rio<\/td><\/tr> <\/table>\n\n\n\n<h2 class=\"wp-block-heading\">Como saber se os frutos precisam de uma rede de sustenta\u00e7\u00e3o?<\/h2>\n\n\n\n<p class=\"wp-block-paragraph\">Observe principalmente peso, posi\u00e7\u00e3o e tens\u00e3o criada no ped\u00fanculo. Se o fruto come\u00e7a a puxar excessivamente a rama ou fica pendurado sem apoio suficiente, uma rede larga presa \u00e0 estrutura pode funcionar como uma pequena tipoia. O suporte deve sustentar o peso por baixo e permitir que a ab\u00f3bora continue aumentando de volume normalmente.<\/p>\n\n\n\n<p class=\"wp-block-paragraph\">Planejar desde o come\u00e7o evita transformar a planta adulta em um emaranhado dif\u00edcil de controlar. Em um quintal pequeno, a melhor estrat\u00e9gia n\u00e3o \u00e9 impedir o crescimento natural da ab\u00f3bora, mas direcion\u00e1-lo: espa\u00e7o para ra\u00edzes, ramas organizadas, flores acess\u00edveis aos polinizadores e suporte compat\u00edvel com o tamanho final dos frutos tornam o cultivo muito mais manej\u00e1vel.<\/p>\n","protected":false},"excerpt":{"rendered":"<p>Cultivar ab\u00f3bora em quintal pequeno \u00e9 poss\u00edvel, mas exige planejamento porque muitas variedades de Cucurbita produzem ramas longas que rapidamente ocupam canteiros, corredores e outras \u00e1reas da horta. Conduzir essas ramas pelo ch\u00e3o em uma dire\u00e7\u00e3o definida ou sobre estruturas resistentes ajuda a aproveitar melhor o espa\u00e7o. No cultivo vertical, por\u00e9m, peso dos frutos, irriga\u00e7\u00e3o [&hellip;]<\/p>\n","protected":false},"author":37,"featured_media":268071,"comment_status":"closed","ping_status":"closed","sticky":false,"template":"","format":"standard","meta":{"jnews-multi-image_gallery":[],"jnews_single_post":{"format":"standard"},"jnews_primary_category":[],"jnews_social_meta":[],"jnews_override_counter":[],"footnotes":""},"categories":[29],"tags":[5454,36562,36561,3358],"class_list":["post-267959","post","type-post","status-publish","format-standard","has-post-thumbnail","hentry","category-entretenimento","tag-abobora","tag-cultivo-vertical","tag-horta-pequena","tag-jardinagem"],"yoast_head":"<!-- This site is optimized with the Yoast SEO plugin v28.3 - https:\/\/yoast.com\/product\/yoast-seo-wordpress\/ -->\n<title>Ab\u00f3bora em quintal pequeno pode ser conduzida de forma mais organizada quando o crescimento das ramas \u00e9 planejado desde cedo - Estado de Minas - Em Alta<\/title>\n<meta name=\"description\" content=\"Ab\u00f3bora em quintal pequeno pode crescer de forma organizada com ramas conduzidas, irriga\u00e7\u00e3o correta, boa poliniza\u00e7\u00e3o e suporte para os frutos.\" \/>\n<meta name=\"robots\" content=\"index, follow, max-snippet:-1, max-image-preview:large, max-video-preview:-1\" \/>\n<link rel=\"canonical\" href=\"https:\/\/www.em.com.br\/emalta\/2026\/08\/30\/abobora-em-quintal-pequeno-pode-ser-conduzida-de-forma-mais-organizada-quando-o-crescimento-das-ramas-e-planejado-desde-cedo\/\" \/>\n<meta property=\"og:locale\" content=\"pt_BR\" \/>\n<meta property=\"og:type\" content=\"article\" \/>\n<meta property=\"og:title\" content=\"Ab\u00f3bora em quintal pequeno pode ser conduzida de forma mais organizada quando o crescimento das ramas \u00e9 planejado desde cedo - Estado de Minas - Em Alta\" \/>\n<meta property=\"og:description\" content=\"Ab\u00f3bora em quintal pequeno pode crescer de forma organizada com ramas conduzidas, irriga\u00e7\u00e3o correta, boa poliniza\u00e7\u00e3o e suporte para os frutos.\" \/>\n<meta property=\"og:url\" content=\"https:\/\/www.em.com.br\/emalta\/2026\/08\/30\/abobora-em-quintal-pequeno-pode-ser-conduzida-de-forma-mais-organizada-quando-o-crescimento-das-ramas-e-planejado-desde-cedo\/\" \/>\n<meta property=\"og:site_name\" content=\"Estado de Minas - Em Alta\" \/>\n<meta property=\"article:published_time\" content=\"2026-08-30T18:07:00+00:00\" \/>\n<meta property=\"og:image\" content=\"https:\/\/www.em.com.br\/emalta\/wp-content\/uploads\/2026\/08\/Pumpkin_growing_on_vertical_trellis_202608291626.jpg\" \/>\n\t<meta property=\"og:image:width\" content=\"1280\" \/>\n\t<meta property=\"og:image:height\" content=\"714\" \/>\n\t<meta property=\"og:image:type\" content=\"image\/jpeg\" \/>\n<meta name=\"author\" content=\"Jos\u00e9 Gustavo Dantas\" \/>\n<meta name=\"twitter:card\" content=\"summary_large_image\" \/>\n<meta name=\"twitter:label1\" content=\"Escrito por\" \/>\n\t<meta name=\"twitter:data1\" content=\"Jos\u00e9 Gustavo Dantas\" \/>\n\t<meta name=\"twitter:label2\" content=\"Est. tempo de leitura\" \/>\n\t<meta name=\"twitter:data2\" content=\"6 minutos\" \/>\n<!-- \/ Yoast SEO plugin. -->","yoast_head_json":{"title":"Ab\u00f3bora em quintal pequeno pode ser conduzida de forma mais organizada quando o crescimento das ramas \u00e9 planejado desde cedo - Estado de Minas - Em Alta","description":"Ab\u00f3bora em quintal pequeno pode crescer de forma organizada com ramas conduzidas, irriga\u00e7\u00e3o correta, boa poliniza\u00e7\u00e3o e suporte para os frutos.","robots":{"index":"index","follow":"follow","max-snippet":"max-snippet:-1","max-image-preview":"max-image-preview:large","max-video-preview":"max-video-preview:-1"},"canonical":"https:\/\/www.em.com.br\/emalta\/2026\/08\/30\/abobora-em-quintal-pequeno-pode-ser-conduzida-de-forma-mais-organizada-quando-o-crescimento-das-ramas-e-planejado-desde-cedo\/","og_locale":"pt_BR","og_type":"article","og_title":"Ab\u00f3bora em quintal pequeno pode ser conduzida de forma mais organizada quando o crescimento das ramas \u00e9 planejado desde cedo - Estado de Minas - Em Alta","og_description":"Ab\u00f3bora em quintal pequeno pode crescer de forma organizada com ramas conduzidas, irriga\u00e7\u00e3o correta, boa poliniza\u00e7\u00e3o e suporte para os frutos.","og_url":"https:\/\/www.em.com.br\/emalta\/2026\/08\/30\/abobora-em-quintal-pequeno-pode-ser-conduzida-de-forma-mais-organizada-quando-o-crescimento-das-ramas-e-planejado-desde-cedo\/","og_site_name":"Estado de Minas - Em Alta","article_published_time":"2026-08-30T18:07:00+00:00","og_image":[{"width":1280,"height":714,"url":"https:\/\/www.em.com.br\/emalta\/wp-content\/uploads\/2026\/08\/Pumpkin_growing_on_vertical_trellis_202608291626.jpg","type":"image\/jpeg"}],"author":"Jos\u00e9 Gustavo Dantas","twitter_card":"summary_large_image","twitter_misc":{"Escrito por":"Jos\u00e9 Gustavo Dantas","Est. tempo de leitura":"6 minutos"},"schema":{"@context":"https:\/\/schema.org","@graph":[{"@type":"Article","@id":"https:\/\/www.em.com.br\/emalta\/2026\/08\/30\/abobora-em-quintal-pequeno-pode-ser-conduzida-de-forma-mais-organizada-quando-o-crescimento-das-ramas-e-planejado-desde-cedo\/#article","isPartOf":{"@id":"https:\/\/www.em.com.br\/emalta\/2026\/08\/30\/abobora-em-quintal-pequeno-pode-ser-conduzida-de-forma-mais-organizada-quando-o-crescimento-das-ramas-e-planejado-desde-cedo\/"},"author":{"name":"Jos\u00e9 Gustavo Dantas","@id":"https:\/\/www.em.com.br\/emalta\/#\/schema\/person\/82d709b4cba87e10138f52b0d552a770"},"headline":"Ab\u00f3bora em quintal pequeno pode ser conduzida de forma mais organizada quando o crescimento das ramas \u00e9 planejado desde cedo","datePublished":"2026-08-30T18:07:00+00:00","mainEntityOfPage":{"@id":"https:\/\/www.em.com.br\/emalta\/2026\/08\/30\/abobora-em-quintal-pequeno-pode-ser-conduzida-de-forma-mais-organizada-quando-o-crescimento-das-ramas-e-planejado-desde-cedo\/"},"wordCount":978,"image":{"@id":"https:\/\/www.em.com.br\/emalta\/2026\/08\/30\/abobora-em-quintal-pequeno-pode-ser-conduzida-de-forma-mais-organizada-quando-o-crescimento-das-ramas-e-planejado-desde-cedo\/#primaryimage"},"thumbnailUrl":"https:\/\/www.em.com.br\/emalta\/wp-content\/uploads\/2026\/08\/Pumpkin_growing_on_vertical_trellis_202608291626.jpg","keywords":["Ab\u00f3bora","cultivo vertical","horta pequena","jardinagem"],"articleSection":["Entretenimento"],"inLanguage":"pt-BR"},{"@type":"WebPage","@id":"https:\/\/www.em.com.br\/emalta\/2026\/08\/30\/abobora-em-quintal-pequeno-pode-ser-conduzida-de-forma-mais-organizada-quando-o-crescimento-das-ramas-e-planejado-desde-cedo\/","url":"https:\/\/www.em.com.br\/emalta\/2026\/08\/30\/abobora-em-quintal-pequeno-pode-ser-conduzida-de-forma-mais-organizada-quando-o-crescimento-das-ramas-e-planejado-desde-cedo\/","name":"Ab\u00f3bora em quintal pequeno pode ser conduzida de forma mais organizada quando o crescimento das ramas \u00e9 planejado desde cedo - Estado de Minas - Em Alta","isPartOf":{"@id":"https:\/\/www.em.com.br\/emalta\/#website"},"primaryImageOfPage":{"@id":"https:\/\/www.em.com.br\/emalta\/2026\/08\/30\/abobora-em-quintal-pequeno-pode-ser-conduzida-de-forma-mais-organizada-quando-o-crescimento-das-ramas-e-planejado-desde-cedo\/#primaryimage"},"image":{"@id":"https:\/\/www.em.com.br\/emalta\/2026\/08\/30\/abobora-em-quintal-pequeno-pode-ser-conduzida-de-forma-mais-organizada-quando-o-crescimento-das-ramas-e-planejado-desde-cedo\/#primaryimage"},"thumbnailUrl":"https:\/\/www.em.com.br\/emalta\/wp-content\/uploads\/2026\/08\/Pumpkin_growing_on_vertical_trellis_202608291626.jpg","datePublished":"2026-08-30T18:07:00+00:00","author":{"@id":"https:\/\/www.em.com.br\/emalta\/#\/schema\/person\/82d709b4cba87e10138f52b0d552a770"},"description":"Ab\u00f3bora em quintal pequeno pode crescer de forma organizada com ramas conduzidas, irriga\u00e7\u00e3o correta, boa poliniza\u00e7\u00e3o e suporte para os frutos.","breadcrumb":{"@id":"https:\/\/www.em.com.br\/emalta\/2026\/08\/30\/abobora-em-quintal-pequeno-pode-ser-conduzida-de-forma-mais-organizada-quando-o-crescimento-das-ramas-e-planejado-desde-cedo\/#breadcrumb"},"inLanguage":"pt-BR","potentialAction":[{"@type":"ReadAction","target":["https:\/\/www.em.com.br\/emalta\/2026\/08\/30\/abobora-em-quintal-pequeno-pode-ser-conduzida-de-forma-mais-organizada-quando-o-crescimento-das-ramas-e-planejado-desde-cedo\/"]}]},{"@type":"ImageObject","inLanguage":"pt-BR","@id":"https:\/\/www.em.com.br\/emalta\/2026\/08\/30\/abobora-em-quintal-pequeno-pode-ser-conduzida-de-forma-mais-organizada-quando-o-crescimento-das-ramas-e-planejado-desde-cedo\/#primaryimage","url":"https:\/\/www.em.com.br\/emalta\/wp-content\/uploads\/2026\/08\/Pumpkin_growing_on_vertical_trellis_202608291626.jpg","contentUrl":"https:\/\/www.em.com.br\/emalta\/wp-content\/uploads\/2026\/08\/Pumpkin_growing_on_vertical_trellis_202608291626.jpg","width":1280,"height":714,"caption":"A ab\u00f3bora pode ser conduzida verticalmente em quintais pequenos quando recebe suporte resistente, espa\u00e7o para as ra\u00edzes e organiza\u00e7\u00e3o das ramas"},{"@type":"BreadcrumbList","@id":"https:\/\/www.em.com.br\/emalta\/2026\/08\/30\/abobora-em-quintal-pequeno-pode-ser-conduzida-de-forma-mais-organizada-quando-o-crescimento-das-ramas-e-planejado-desde-cedo\/#breadcrumb","itemListElement":[{"@type":"ListItem","position":1,"name":"In\u00edcio","item":"https:\/\/www.em.com.br\/emalta\/"},{"@type":"ListItem","position":2,"name":"Ab\u00f3bora em quintal pequeno pode ser conduzida de forma mais organizada quando o crescimento das ramas \u00e9 planejado desde cedo"}]},{"@type":"WebSite","@id":"https:\/\/www.em.com.br\/emalta\/#website","url":"https:\/\/www.em.com.br\/emalta\/","name":"Estado de Minas - Em Alta","description":"Acompanhe as \u00faltimas not\u00edcias e fique bem informado sobre tudo o que acontece em Minas Gerais, Brasil e no mundo.","potentialAction":[{"@type":"SearchAction","target":{"@type":"EntryPoint","urlTemplate":"https:\/\/www.em.com.br\/emalta\/?s={search_term_string}"},"query-input":{"@type":"PropertyValueSpecification","valueRequired":true,"valueName":"search_term_string"}}],"inLanguage":"pt-BR"},{"@type":"Person","@id":"https:\/\/www.em.com.br\/emalta\/#\/schema\/person\/82d709b4cba87e10138f52b0d552a770","name":"Jos\u00e9 Gustavo Dantas","image":{"@type":"ImageObject","inLanguage":"pt-BR","@id":"https:\/\/secure.gravatar.com\/avatar\/77698c860cc54937d6b49bb3b35dfd3d2157ca341fde5cf868bddff525ac4db8?s=96&d=mm&r=g","url":"https:\/\/secure.gravatar.com\/avatar\/77698c860cc54937d6b49bb3b35dfd3d2157ca341fde5cf868bddff525ac4db8?s=96&d=mm&r=g","contentUrl":"https:\/\/secure.gravatar.com\/avatar\/77698c860cc54937d6b49bb3b35dfd3d2157ca341fde5cf868bddff525ac4db8?s=96&d=mm&r=g","caption":"Jos\u00e9 Gustavo Dantas"},"sameAs":["https:\/\/www.em.com.br\/emalta"],"url":"https:\/\/www.em.com.br\/emalta\/author\/josegustavomyth\/"}]}},"_links":{"self":[{"href":"https:\/\/www.em.com.br\/emalta\/wp-json\/wp\/v2\/posts\/267959","targetHints":{"allow":["GET"]}}],"collection":[{"href":"https:\/\/www.em.com.br\/emalta\/wp-json\/wp\/v2\/posts"}],"about":[{"href":"https:\/\/www.em.com.br\/emalta\/wp-json\/wp\/v2\/types\/post"}],"author":[{"embeddable":true,"href":"https:\/\/www.em.com.br\/emalta\/wp-json\/wp\/v2\/users\/37"}],"replies":[{"embeddable":true,"href":"https:\/\/www.em.com.br\/emalta\/wp-json\/wp\/v2\/comments?post=267959"}],"version-history":[{"count":2,"href":"https:\/\/www.em.com.br\/emalta\/wp-json\/wp\/v2\/posts\/267959\/revisions"}],"predecessor-version":[{"id":268074,"href":"https:\/\/www.em.com.br\/emalta\/wp-json\/wp\/v2\/posts\/267959\/revisions\/268074"}],"wp:featuredmedia":[{"embeddable":true,"href":"https:\/\/www.em.com.br\/emalta\/wp-json\/wp\/v2\/media\/268071"}],"wp:attachment":[{"href":"https:\/\/www.em.com.br\/emalta\/wp-json\/wp\/v2\/media?parent=267959"}],"wp:term":[{"taxonomy":"category","embeddable":true,"href":"https:\/\/www.em.com.br\/emalta\/wp-json\/wp\/v2\/categories?post=267959"},{"taxonomy":"post_tag","embeddable":true,"href":"https:\/\/www.em.com.br\/emalta\/wp-json\/wp\/v2\/tags?post=267959"}],"curies":[{"name":"wp","href":"https:\/\/api.w.org\/{rel}","templated":true}]}}