{"id":267828,"date":"2026-08-30T14:37:00","date_gmt":"2026-08-30T17:37:00","guid":{"rendered":"https:\/\/www.em.com.br\/emalta\/?p=267828"},"modified":"2026-08-27T22:09:47","modified_gmt":"2026-08-28T01:09:47","slug":"um-bumerangue-de-72-centimetros-foi-esculpido-em-uma-presa-de-mamute-e-pode-ter-ate-42-290-anos-com-riscos-polimento-e-pigmento-vermelho-ainda-preservados","status":"publish","type":"post","link":"https:\/\/www.em.com.br\/emalta\/2026\/08\/30\/um-bumerangue-de-72-centimetros-foi-esculpido-em-uma-presa-de-mamute-e-pode-ter-ate-42-290-anos-com-riscos-polimento-e-pigmento-vermelho-ainda-preservados\/","title":{"rendered":"Um bumerangue de 72 cent\u00edmetros foi esculpido em uma presa de mamute e pode ter at\u00e9 42.290 anos, com riscos, polimento e pigmento vermelho ainda preservados"},"content":{"rendered":"\n<p class=\"wp-block-paragraph\">Um objeto curvo de <strong>72 cent\u00edmetros feito de presa de mamute<\/strong> foi encontrado completo na caverna Ob\u0142azowa, na Pol\u00f4nia. Uma nova an\u00e1lise situou sua idade prov\u00e1vel entre 42.290 e 39.280 anos. A superf\u00edcie ainda preserva polimento, incis\u00f5es deliberadas e tra\u00e7os de pigmento vermelho.<\/p>\n\n\n\n<h2 class=\"wp-block-heading\">Como um bumerangue de marfim apareceu numa caverna da Pol\u00f4nia?<\/h2>\n\n\n\n<p class=\"wp-block-paragraph\">A pe\u00e7a veio da camada VIII da caverna Ob\u0142azowa, no sul da Pol\u00f4nia. Ela foi talhada a partir de uma presa de mamute e encontrada pr\u00f3xima de uma falange humana, al\u00e9m de poucos ossos e artefatos l\u00edticos.<\/p>\n\n\n\n<p class=\"wp-block-paragraph\">A combina\u00e7\u00e3o incomum alimentou diferentes interpreta\u00e7\u00f5es ao longo dos anos. O objeto pode ter sido uma arma ou ferramenta funcional, mas seu acabamento cuidadoso e o contexto tamb\u00e9m abriram espa\u00e7o para hip\u00f3teses ligadas a significado simb\u00f3lico.<\/p>\n\n\n<div class=\"wp-block-image\">\n<figure class=\"aligncenter size-large\"><img decoding=\"async\" width=\"1024\" height=\"576\" src=\"https:\/\/www.em.com.br\/emalta\/wp-content\/uploads\/2026\/08\/bumeragne-1024x576.jpg\" alt=\"\" class=\"wp-image-267887\" srcset=\"https:\/\/www.em.com.br\/emalta\/wp-content\/uploads\/2026\/08\/bumeragne-1024x576.jpg 1024w, https:\/\/www.em.com.br\/emalta\/wp-content\/uploads\/2026\/08\/bumeragne-300x169.jpg 300w, https:\/\/www.em.com.br\/emalta\/wp-content\/uploads\/2026\/08\/bumeragne-768x432.jpg 768w, https:\/\/www.em.com.br\/emalta\/wp-content\/uploads\/2026\/08\/bumeragne-750x422.jpg 750w, https:\/\/www.em.com.br\/emalta\/wp-content\/uploads\/2026\/08\/bumeragne-1140x641.jpg 1140w, https:\/\/www.em.com.br\/emalta\/wp-content\/uploads\/2026\/08\/bumeragne.jpg 1280w\" sizes=\"(max-width: 1024px) 100vw, 1024px\" \/><figcaption class=\"wp-element-caption\">Riscos, polimento e pigmento ajudam a entender como a pe\u00e7a foi preparada e utilizada<\/figcaption><\/figure>\n<\/div>\n\n\n<h2 class=\"wp-block-heading\">Quais marcas mostram que a presa foi trabalhada por pessoas?<\/h2>\n\n\n\n<p class=\"wp-block-paragraph\">O <strong><a href=\"https:\/\/journals.plos.org\/plosone\/article?id=10.1371\/journal.pone.0324911\" target=\"_blank\" rel=\"noopener noreferrer\">estudo publicado na PLOS ONE<\/a><\/strong> descreve uma superf\u00edcie com v\u00e1rios tipos de altera\u00e7\u00e3o. Algumas marcas vieram da vida do pr\u00f3prio mamute, enquanto outras s\u00e3o compat\u00edveis com fabrica\u00e7\u00e3o, acabamento e decora\u00e7\u00e3o humana.<\/p>\n\n\n\n<p class=\"wp-block-paragraph\">Uma das faces foi intensamente polida. H\u00e1 linhas finas quase paralelas associadas \u00e0 modelagem, incis\u00f5es mais largas e profundas e riscos obl\u00edquos que se afastam do eixo natural da presa. Vest\u00edgios de pigmento vermelho tamb\u00e9m permanecem no objeto.<\/p>\n\n\n\n<style>\n.card-list{\n  box-sizing:border-box;\n  display:flex;\n  flex-direction:column;\n  gap:14px;\n  width:100%;\n  max-width:680px;\n  margin:16px auto;\n  font-family:Arial,'Segoe UI',sans-serif!important;\n}\n\n.card-list .item{\n  box-sizing:border-box;\n  display:grid;\n  grid-template-columns:58px 1fr;\n  gap:14px;\n  align-items:start;\n  background:#fff!important;\n  border:1px solid #e5e7eb;\n  border-radius:18px;\n  padding:16px;\n  box-shadow:0 8px 22px rgba(0,0,0,.06);\n}\n\n.card-list .num{\n  box-sizing:border-box!important;\n  width:52px!important;\n  min-width:52px!important;\n  height:42px!important;\n  border-radius:14px;\n  background:#2c3e50!important;\n  color:#fff!important;\n  -webkit-text-fill-color:#fff!important;\n  display:flex!important;\n  align-items:center!important;\n  justify-content:center!important;\n  padding:0 5px!important;\n  font-size:13px!important;\n  font-weight:800!important;\n  line-height:1!important;\n  text-align:center!important;\n  white-space:nowrap!important;\n  overflow:hidden!important;\n}\n\n.card-list .title{\n  display:block!important;\n  color:#111!important;\n  font-size:15px!important;\n  font-weight:700!important;\n  line-height:1.35!important;\n}\n\n.card-list .desc{\n  display:block!important;\n  margin-top:4px!important;\n  color:#555!important;\n  font-size:13px!important;\n  line-height:1.5!important;\n}\n\n@media(max-width:480px){\n  .card-list .item{\n    grid-template-columns:1fr;\n  }\n}\n<\/style>\n\n<div class=\"google-auto-ads-ignore card-list\">\n\n<div class=\"item\">\n  <div class=\"num\">72 cm<\/div>\n  <div>\n    <span class=\"title\">Pe\u00e7a completa<\/span>\n    <span class=\"desc\">O artefato curvo mede cerca de 72 cent\u00edmetros e foi produzido a partir de marfim de mamute.<\/span>\n  <\/div>\n<\/div>\n\n<div class=\"item\">\n  <div class=\"num\">1<\/div>\n  <div>\n    <span class=\"title\">Polimento intenso<\/span>\n    <span class=\"desc\">Estrias longitudinais e \u00e1reas muito alisadas registram as etapas finais de acabamento e o manuseio posterior.<\/span>\n  <\/div>\n<\/div>\n\n<div class=\"item\">\n  <div class=\"num\">2<\/div>\n  <div>\n    <span class=\"title\">Incis\u00f5es deliberadas<\/span>\n    <span class=\"desc\">Algumas linhas mais profundas parecem ter sido acrescentadas depois da modelagem e podem ter fun\u00e7\u00e3o decorativa.<\/span>\n  <\/div>\n<\/div>\n\n<div class=\"item\">\n  <div class=\"num\">3<\/div>\n  <div>\n    <span class=\"title\">Pigmento vermelho<\/span>\n    <span class=\"desc\">Tra\u00e7os de cor ainda s\u00e3o vis\u00edveis e refor\u00e7am a possibilidade de preocupa\u00e7\u00e3o est\u00e9tica ou simb\u00f3lica.<\/span>\n  <\/div>\n<\/div>\n\n<\/div>\n\n\n\n<p class=\"wp-block-paragraph\"><strong>Leia tamb\u00e9m: <a href=\"https:\/\/www.em.com.br\/emalta\/2026\/08\/26\/uma-rede-de-cidades-de-2-500-anos-escondia-mais-de-6-mil-plataformas-de-terra-estradas-de-ate-13-metros-de-largura-e-campos-com-sistema-de-drenagem\/\" target=\"_blank\" rel=\"noreferrer noopener\">Uma rede de cidades de 2.500 anos escondia mais de 6 mil plataformas de terra, estradas de at\u00e9 13 metros de largura e campos com sistema de drenagem<\/a><\/strong><\/p>\n\n\n\n<h2 class=\"wp-block-heading\">O objeto foi datado diretamente em 42 mil anos?<\/h2>\n\n\n\n<p class=\"wp-block-paragraph\">N\u00e3o. Essa \u00e9 uma diferen\u00e7a importante. Uma tentativa antiga de datar diretamente a pe\u00e7a foi considerada pouco confi\u00e1vel porque adesivos e materiais modernos usados na conserva\u00e7\u00e3o poderiam contaminar a amostra.<\/p>\n\n\n\n<ul class=\"wp-block-list\">\n<li>O bumerangue n\u00e3o recebeu uma nova data\u00e7\u00e3o direta destrutiva.<\/li>\n\n\n\n<li>Os pesquisadores dataram ossos e outros materiais da mesma camada.<\/li>\n\n\n\n<li>Esses resultados foram organizados num modelo estat\u00edstico bayesiano.<\/li>\n\n\n\n<li>A ocupa\u00e7\u00e3o principal ficou entre 42.810 e 38.550 anos atr\u00e1s.<\/li>\n\n\n\n<li>A idade estimada da pe\u00e7a ficou entre 42.290 e 39.280 anos com 95,4% de probabilidade.<\/li>\n<\/ul>\n\n\n\n<p class=\"wp-block-paragraph\">Assim, a nova cronologia \u00e9 uma <strong>estimativa modelada para o contexto arqueol\u00f3gico<\/strong>. O pr\u00f3prio estudo ressalta essa diferen\u00e7a, evitando apresentar o intervalo como se o marfim tivesse sido novamente submetido diretamente ao radiocarbono.<\/p>\n\n\n<div class=\"wp-block-image\">\n<figure class=\"aligncenter size-large\"><img decoding=\"async\" width=\"1024\" height=\"576\" src=\"https:\/\/www.em.com.br\/emalta\/wp-content\/uploads\/2026\/08\/mamute-1-1024x576.jpg\" alt=\"\" class=\"wp-image-267890\" srcset=\"https:\/\/www.em.com.br\/emalta\/wp-content\/uploads\/2026\/08\/mamute-1-1024x576.jpg 1024w, https:\/\/www.em.com.br\/emalta\/wp-content\/uploads\/2026\/08\/mamute-1-300x169.jpg 300w, https:\/\/www.em.com.br\/emalta\/wp-content\/uploads\/2026\/08\/mamute-1-768x432.jpg 768w, https:\/\/www.em.com.br\/emalta\/wp-content\/uploads\/2026\/08\/mamute-1-750x422.jpg 750w, https:\/\/www.em.com.br\/emalta\/wp-content\/uploads\/2026\/08\/mamute-1-1140x641.jpg 1140w, https:\/\/www.em.com.br\/emalta\/wp-content\/uploads\/2026\/08\/mamute-1.jpg 1280w\" sizes=\"(max-width: 1024px) 100vw, 1024px\" \/><figcaption class=\"wp-element-caption\">O uso de marfim de mamute torna o artefato ainda mais incomum dentro do registro arqueol\u00f3gico<\/figcaption><\/figure>\n<\/div>\n\n\n<h2 class=\"wp-block-heading\">O que a nova cronologia revela sobre a pe\u00e7a?<\/h2>\n\n\n\n<p class=\"wp-block-paragraph\">O intervalo coloca o objeto entre os exemplos mais antigos conhecidos desse tipo de ferramenta complexa na Europa. Os autores relacionam sua produ\u00e7\u00e3o \u00e0s primeiras fases do Paleol\u00edtico Superior ocupadas por Homo sapiens na Europa Central.<\/p>\n\n\n\n<p class=\"wp-block-paragraph\">Os n\u00fameros mais importantes ficam assim:<\/p>\n\n\n\n<style>\r\n.premium-tbl{\r\n box-sizing:border-box;display:flex;flex-direction:column;width:100%;max-width:720px;margin:16px auto;\r\n border:1px solid #e2e5e9;border-radius:18px;overflow:hidden;background:#ffffff;\r\n box-shadow:0 8px 24px rgba(0,0,0,.07);font-family:Arial,'Segoe UI',sans-serif!important;color:#1a1a1a!important;\r\n}\r\n.premium-tbl table{\r\n display:table!important;box-sizing:border-box;width:100%!important;max-width:none!important;margin:0!important;\r\n padding:0!important;border:0!important;border-collapse:collapse!important;border-spacing:0!important;\r\n table-layout:fixed!important;background:#ffffff!important;font-family:Arial,'Segoe UI',sans-serif!important;\r\n}\r\n.premium-tbl thead{display:table-header-group!important;}\r\n.premium-tbl tbody{display:table-row-group!important;}\r\n.premium-tbl tr{display:table-row!important;}\r\n.premium-tbl thead tr{background:#2c3e50!important;}\r\n.premium-tbl th{\r\n box-sizing:border-box!important;padding:14px 16px!important;border:0!important;background:#2c3e50!important;\r\n color:#ffffff!important;-webkit-text-fill-color:#ffffff!important;font-family:Arial,'Segoe UI',sans-serif!important;\r\n font-size:12px!important;font-weight:700!important;line-height:1.4!important;letter-spacing:.02em!important;text-transform:none!important;\r\n text-align:left!important;vertical-align:middle!important;opacity:1!important;\r\n}\r\n.premium-tbl th:nth-child(1){width:28%!important;}\r\n.premium-tbl th:nth-child(2){width:42%!important;}\r\n.premium-tbl th:nth-child(3){width:30%!important;}\r\n.premium-tbl td{\r\n box-sizing:border-box!important;display:table-cell!important;padding:14px 16px!important;border:0!important;\r\n border-bottom:1px solid #e5e7eb!important;background:transparent!important;color:#1a1a1a!important;\r\n -webkit-text-fill-color:#1a1a1a!important;font-family:Arial,'Segoe UI',sans-serif!important;font-size:13px!important;\r\n font-weight:400!important;line-height:1.5!important;text-align:left!important;vertical-align:middle!important;opacity:1!important;\r\n}\r\n.premium-tbl tbody tr:nth-child(odd){background:#f8f9fa!important;}\r\n.premium-tbl tbody tr:nth-child(even){background:#ffffff!important;}\r\n.premium-tbl tbody tr:hover{background:#f1f4f7!important;}\r\n.premium-tbl tbody tr:last-child td{border-bottom:none!important;}\r\n.premium-tbl .main{display:block!important;color:#111111!important;-webkit-text-fill-color:#111111!important;font-size:13px!important;font-weight:700!important;line-height:1.35!important;}\r\n.premium-tbl .sub{display:block!important;margin-top:3px!important;color:#555555!important;-webkit-text-fill-color:#555555!important;font-size:12px!important;line-height:1.35!important;}\r\n.premium-tbl .badge{display:inline-flex!important;align-items:center!important;justify-content:center!important;border-radius:999px!important;padding:4px 10px!important;font-size:11px!important;font-weight:700!important;line-height:1.3!important;white-space:nowrap!important;}\r\n.premium-tbl .ok{background:#dff5eb!important;color:#08694f!important;-webkit-text-fill-color:#08694f!important;}\r\n.premium-tbl .neutro{background:#e3effb!important;color:#145b9b!important;-webkit-text-fill-color:#145b9b!important;}\r\n.premium-tbl .alerta{background:#faecd4!important;color:#8a5100!important;-webkit-text-fill-color:#8a5100!important;}\r\n@media(max-width:640px){\r\n .premium-tbl{width:100%!important;max-width:100%!important;border:0!important;border-radius:0!important;background:transparent!important;box-shadow:none!important;overflow:visible!important;}\r\n .premium-tbl table{display:block!important;width:100%!important;background:transparent!important;}\r\n .premium-tbl thead{display:none!important;}\r\n .premium-tbl tbody{display:flex!important;flex-direction:column!important;gap:12px!important;width:100%!important;}\r\n .premium-tbl tr{display:block!important;box-sizing:border-box!important;width:100%!important;background:#ffffff!important;border:1px solid #e2e5e9!important;border-radius:16px!important;box-shadow:0 6px 18px rgba(0,0,0,.06)!important;overflow:hidden!important;}\r\n .premium-tbl td{display:flex!important;box-sizing:border-box!important;justify-content:space-between!important;align-items:flex-start!important;gap:16px!important;width:100%!important;padding:12px 14px!important;border:0!important;border-bottom:1px solid #e8eaed!important;background:#ffffff!important;color:#1a1a1a!important;-webkit-text-fill-color:#1a1a1a!important;text-align:right!important;}\r\n .premium-tbl td:last-child{border-bottom:none!important;}\r\n .premium-tbl td::before{content:attr(data-label)!important;flex:0 0 110px!important;color:#555555!important;-webkit-text-fill-color:#555555!important;font-size:11px!important;font-weight:700!important;line-height:1.4!important;text-align:left!important;}\r\n .premium-tbl .main,.premium-tbl .sub{text-align:right!important;}\r\n}\r\n<\/style>\r\n<div class=\"google-auto-ads-ignore premium-tbl\">\r\n<table>\r\n<thead><tr><th>Dado<\/th><th>Resultado<\/th><th>Como foi obtido<\/th><\/tr><\/thead>\r\n<tbody>\r\n<tr><td data-label=\"Dado\"><span class=\"main\">Comprimento<\/span><\/td><td data-label=\"Resultado\">72 cm<\/td><td data-label=\"Como foi obtido\"><span class=\"badge neutro\">Medi\u00e7\u00e3o do objeto<\/span><\/td><\/tr>\r\n<tr><td data-label=\"Dado\"><span class=\"main\">Idade prov\u00e1vel<\/span><\/td><td data-label=\"Resultado\">42.290 a 39.280 anos<\/td><td data-label=\"Como foi obtido\"><span class=\"badge ok\">Modelo bayesiano<\/span><\/td><\/tr>\r\n<tr><td data-label=\"Dado\"><span class=\"main\">Ocupa\u00e7\u00e3o principal<\/span><\/td><td data-label=\"Resultado\">42.810 a 38.550 anos<\/td><td data-label=\"Como foi obtido\"><span class=\"badge ok\">Radiocarbono do contexto<\/span><\/td><\/tr>\r\n<tr><td data-label=\"Dado\"><span class=\"main\">Mat\u00e9ria-prima<\/span><\/td><td data-label=\"Resultado\">Presa de mamute<\/td><td data-label=\"Como foi obtido\"><span class=\"badge alerta\">Marfim trabalhado<\/span><\/td><\/tr>\r\n<\/tbody>\r\n<\/table>\r\n<\/div>\n\n\n\n<h2 class=\"wp-block-heading\">Ele realmente era usado como um bumerangue?<\/h2>\n\n\n\n<p class=\"wp-block-paragraph\">O formato se aproxima de bumerangues n\u00e3o retorn\u00e1veis conhecidos em outros contextos, e experimentos anteriores mostraram que uma r\u00e9plica desse desenho consegue voar. Isso torna plaus\u00edvel uma fun\u00e7\u00e3o pr\u00e1tica, mas n\u00e3o encerra a discuss\u00e3o.<\/p>\n\n\n\n<p class=\"wp-block-paragraph\">O pigmento, as incis\u00f5es e o polimento cuidadoso tamb\u00e9m permitem considerar uma dimens\u00e3o est\u00e9tica ou simb\u00f3lica. O estudo evita escolher uma \u00fanica resposta porque o mesmo objeto poderia combinar utilidade, status e significado social.<\/p>\n\n\n\n<style>\r\n.curio-box{box-sizing:border-box;display:flex;flex-direction:column;gap:6px;width:100%;max-width:680px;margin:20px auto 4px;background:#eef2f7;border:1px solid #e5e7eb;border-radius:16px;padding:16px 18px;font-family:Arial,'Segoe UI',sans-serif!important}\r\n.curio-box .tag{font-size:11px!important;font-weight:800!important;color:#2c3e50!important;text-transform:uppercase}\r\n.curio-box .txt{font-size:13px!important;color:#333!important;line-height:1.6!important}\r\n<\/style>\r\n<div class=\"google-auto-ads-ignore curio-box\">\r\n<span class=\"tag\">\ud83d\udca1 Curiosidade<\/span>\r\n<span class=\"txt\">A regi\u00e3o central do objeto apresenta desgaste e polimento particularmente intensos. Os pesquisadores consideram que essa superf\u00edcie pode registrar manuseio repetido depois de o bumerangue j\u00e1 estar pronto.<\/span>\r\n<\/div>\n","protected":false},"excerpt":{"rendered":"<p>Um objeto curvo de 72 cent\u00edmetros feito de presa de mamute foi encontrado completo na caverna Ob\u0142azowa, na Pol\u00f4nia. Uma nova an\u00e1lise situou sua idade prov\u00e1vel entre 42.290 e 39.280 anos. A superf\u00edcie ainda preserva polimento, incis\u00f5es deliberadas e tra\u00e7os de pigmento vermelho. Como um bumerangue de marfim apareceu numa caverna da Pol\u00f4nia? A pe\u00e7a [&hellip;]<\/p>\n","protected":false},"author":30,"featured_media":267886,"comment_status":"closed","ping_status":"closed","sticky":false,"template":"","format":"standard","meta":{"jnews-multi-image_gallery":[],"jnews_single_post":{"format":"standard"},"jnews_primary_category":[],"jnews_social_meta":[],"jnews_override_counter":[],"footnotes":""},"categories":[29],"tags":[36551,34447,5755,3256],"class_list":["post-267828","post","type-post","status-publish","format-standard","has-post-thumbnail","hentry","category-entretenimento","tag-bumerangue","tag-mamute","tag-paleolitico","tag-polonia"],"yoast_head":"<!-- This site is optimized with the Yoast SEO plugin v28.3 - https:\/\/yoast.com\/product\/yoast-seo-wordpress\/ -->\n<title>Um bumerangue de 72 cent\u00edmetros foi esculpido em uma presa de mamute e pode ter at\u00e9 42.290 anos, com riscos, polimento e pigmento vermelho ainda preservados - Estado de Minas - Em Alta<\/title>\n<meta name=\"description\" content=\"Um bumerangue feito de presa de mamute h\u00e1 mais de 40 mil anos ainda preserva riscos, polimento e pigmento vermelho. Veja o que ele revela.\" \/>\n<meta name=\"robots\" content=\"index, follow, max-snippet:-1, max-image-preview:large, max-video-preview:-1\" \/>\n<link rel=\"canonical\" href=\"https:\/\/www.em.com.br\/emalta\/2026\/08\/30\/um-bumerangue-de-72-centimetros-foi-esculpido-em-uma-presa-de-mamute-e-pode-ter-ate-42-290-anos-com-riscos-polimento-e-pigmento-vermelho-ainda-preservados\/\" \/>\n<meta property=\"og:locale\" content=\"pt_BR\" \/>\n<meta property=\"og:type\" content=\"article\" \/>\n<meta property=\"og:title\" content=\"Um bumerangue de 72 cent\u00edmetros foi esculpido em uma presa de mamute e pode ter at\u00e9 42.290 anos, com riscos, polimento e pigmento vermelho ainda preservados - Estado de Minas - Em Alta\" \/>\n<meta property=\"og:description\" content=\"Um bumerangue feito de presa de mamute h\u00e1 mais de 40 mil anos ainda preserva riscos, polimento e pigmento vermelho. Veja o que ele revela.\" \/>\n<meta property=\"og:url\" content=\"https:\/\/www.em.com.br\/emalta\/2026\/08\/30\/um-bumerangue-de-72-centimetros-foi-esculpido-em-uma-presa-de-mamute-e-pode-ter-ate-42-290-anos-com-riscos-polimento-e-pigmento-vermelho-ainda-preservados\/\" \/>\n<meta property=\"og:site_name\" content=\"Estado de Minas - Em Alta\" \/>\n<meta property=\"article:published_time\" content=\"2026-08-30T17:37:00+00:00\" \/>\n<meta property=\"og:image\" content=\"https:\/\/www.em.com.br\/emalta\/wp-content\/uploads\/2026\/08\/oso1.jpg\" \/>\n\t<meta property=\"og:image:width\" content=\"1280\" \/>\n\t<meta property=\"og:image:height\" content=\"720\" \/>\n\t<meta property=\"og:image:type\" content=\"image\/jpeg\" \/>\n<meta name=\"author\" content=\"Guilherme Ara\u00fajo\" \/>\n<meta name=\"twitter:card\" content=\"summary_large_image\" \/>\n<meta name=\"twitter:label1\" content=\"Escrito por\" \/>\n\t<meta name=\"twitter:data1\" content=\"Guilherme Ara\u00fajo\" \/>\n\t<meta name=\"twitter:label2\" content=\"Est. tempo de leitura\" \/>\n\t<meta name=\"twitter:data2\" content=\"5 minutos\" \/>\n<!-- \/ Yoast SEO plugin. -->","yoast_head_json":{"title":"Um bumerangue de 72 cent\u00edmetros foi esculpido em uma presa de mamute e pode ter at\u00e9 42.290 anos, com riscos, polimento e pigmento vermelho ainda preservados - Estado de Minas - Em Alta","description":"Um bumerangue feito de presa de mamute h\u00e1 mais de 40 mil anos ainda preserva riscos, polimento e pigmento vermelho. Veja o que ele revela.","robots":{"index":"index","follow":"follow","max-snippet":"max-snippet:-1","max-image-preview":"max-image-preview:large","max-video-preview":"max-video-preview:-1"},"canonical":"https:\/\/www.em.com.br\/emalta\/2026\/08\/30\/um-bumerangue-de-72-centimetros-foi-esculpido-em-uma-presa-de-mamute-e-pode-ter-ate-42-290-anos-com-riscos-polimento-e-pigmento-vermelho-ainda-preservados\/","og_locale":"pt_BR","og_type":"article","og_title":"Um bumerangue de 72 cent\u00edmetros foi esculpido em uma presa de mamute e pode ter at\u00e9 42.290 anos, com riscos, polimento e pigmento vermelho ainda preservados - Estado de Minas - Em Alta","og_description":"Um bumerangue feito de presa de mamute h\u00e1 mais de 40 mil anos ainda preserva riscos, polimento e pigmento vermelho. Veja o que ele revela.","og_url":"https:\/\/www.em.com.br\/emalta\/2026\/08\/30\/um-bumerangue-de-72-centimetros-foi-esculpido-em-uma-presa-de-mamute-e-pode-ter-ate-42-290-anos-com-riscos-polimento-e-pigmento-vermelho-ainda-preservados\/","og_site_name":"Estado de Minas - Em Alta","article_published_time":"2026-08-30T17:37:00+00:00","og_image":[{"width":1280,"height":720,"url":"https:\/\/www.em.com.br\/emalta\/wp-content\/uploads\/2026\/08\/oso1.jpg","type":"image\/jpeg"}],"author":"Guilherme Ara\u00fajo","twitter_card":"summary_large_image","twitter_misc":{"Escrito por":"Guilherme Ara\u00fajo","Est. tempo de leitura":"5 minutos"},"schema":{"@context":"https:\/\/schema.org","@graph":[{"@type":"Article","@id":"https:\/\/www.em.com.br\/emalta\/2026\/08\/30\/um-bumerangue-de-72-centimetros-foi-esculpido-em-uma-presa-de-mamute-e-pode-ter-ate-42-290-anos-com-riscos-polimento-e-pigmento-vermelho-ainda-preservados\/#article","isPartOf":{"@id":"https:\/\/www.em.com.br\/emalta\/2026\/08\/30\/um-bumerangue-de-72-centimetros-foi-esculpido-em-uma-presa-de-mamute-e-pode-ter-ate-42-290-anos-com-riscos-polimento-e-pigmento-vermelho-ainda-preservados\/"},"author":{"name":"Guilherme Ara\u00fajo","@id":"https:\/\/www.em.com.br\/emalta\/#\/schema\/person\/a8c27556910de924e3004c2fd747ec3a"},"headline":"Um bumerangue de 72 cent\u00edmetros foi esculpido em uma presa de mamute e pode ter at\u00e9 42.290 anos, com riscos, polimento e pigmento vermelho ainda preservados","datePublished":"2026-08-30T17:37:00+00:00","mainEntityOfPage":{"@id":"https:\/\/www.em.com.br\/emalta\/2026\/08\/30\/um-bumerangue-de-72-centimetros-foi-esculpido-em-uma-presa-de-mamute-e-pode-ter-ate-42-290-anos-com-riscos-polimento-e-pigmento-vermelho-ainda-preservados\/"},"wordCount":740,"image":{"@id":"https:\/\/www.em.com.br\/emalta\/2026\/08\/30\/um-bumerangue-de-72-centimetros-foi-esculpido-em-uma-presa-de-mamute-e-pode-ter-ate-42-290-anos-com-riscos-polimento-e-pigmento-vermelho-ainda-preservados\/#primaryimage"},"thumbnailUrl":"https:\/\/www.em.com.br\/emalta\/wp-content\/uploads\/2026\/08\/oso1.jpg","keywords":["bumerangue","mamute","Paleol\u00edtico","Pol\u00f4nia"],"articleSection":["Entretenimento"],"inLanguage":"pt-BR"},{"@type":"WebPage","@id":"https:\/\/www.em.com.br\/emalta\/2026\/08\/30\/um-bumerangue-de-72-centimetros-foi-esculpido-em-uma-presa-de-mamute-e-pode-ter-ate-42-290-anos-com-riscos-polimento-e-pigmento-vermelho-ainda-preservados\/","url":"https:\/\/www.em.com.br\/emalta\/2026\/08\/30\/um-bumerangue-de-72-centimetros-foi-esculpido-em-uma-presa-de-mamute-e-pode-ter-ate-42-290-anos-com-riscos-polimento-e-pigmento-vermelho-ainda-preservados\/","name":"Um bumerangue de 72 cent\u00edmetros foi esculpido em uma presa de mamute e pode ter at\u00e9 42.290 anos, com riscos, polimento e pigmento vermelho ainda preservados - Estado de Minas - Em Alta","isPartOf":{"@id":"https:\/\/www.em.com.br\/emalta\/#website"},"primaryImageOfPage":{"@id":"https:\/\/www.em.com.br\/emalta\/2026\/08\/30\/um-bumerangue-de-72-centimetros-foi-esculpido-em-uma-presa-de-mamute-e-pode-ter-ate-42-290-anos-com-riscos-polimento-e-pigmento-vermelho-ainda-preservados\/#primaryimage"},"image":{"@id":"https:\/\/www.em.com.br\/emalta\/2026\/08\/30\/um-bumerangue-de-72-centimetros-foi-esculpido-em-uma-presa-de-mamute-e-pode-ter-ate-42-290-anos-com-riscos-polimento-e-pigmento-vermelho-ainda-preservados\/#primaryimage"},"thumbnailUrl":"https:\/\/www.em.com.br\/emalta\/wp-content\/uploads\/2026\/08\/oso1.jpg","datePublished":"2026-08-30T17:37:00+00:00","author":{"@id":"https:\/\/www.em.com.br\/emalta\/#\/schema\/person\/a8c27556910de924e3004c2fd747ec3a"},"description":"Um bumerangue feito de presa de mamute h\u00e1 mais de 40 mil anos ainda preserva riscos, polimento e pigmento vermelho. Veja o que ele revela.","breadcrumb":{"@id":"https:\/\/www.em.com.br\/emalta\/2026\/08\/30\/um-bumerangue-de-72-centimetros-foi-esculpido-em-uma-presa-de-mamute-e-pode-ter-ate-42-290-anos-com-riscos-polimento-e-pigmento-vermelho-ainda-preservados\/#breadcrumb"},"inLanguage":"pt-BR","potentialAction":[{"@type":"ReadAction","target":["https:\/\/www.em.com.br\/emalta\/2026\/08\/30\/um-bumerangue-de-72-centimetros-foi-esculpido-em-uma-presa-de-mamute-e-pode-ter-ate-42-290-anos-com-riscos-polimento-e-pigmento-vermelho-ainda-preservados\/"]}]},{"@type":"ImageObject","inLanguage":"pt-BR","@id":"https:\/\/www.em.com.br\/emalta\/2026\/08\/30\/um-bumerangue-de-72-centimetros-foi-esculpido-em-uma-presa-de-mamute-e-pode-ter-ate-42-290-anos-com-riscos-polimento-e-pigmento-vermelho-ainda-preservados\/#primaryimage","url":"https:\/\/www.em.com.br\/emalta\/wp-content\/uploads\/2026\/08\/oso1.jpg","contentUrl":"https:\/\/www.em.com.br\/emalta\/wp-content\/uploads\/2026\/08\/oso1.jpg","width":1280,"height":720,"caption":"O objeto preserva sinais de fabrica\u00e7\u00e3o que sobreviveram por dezenas de milhares de anos"},{"@type":"BreadcrumbList","@id":"https:\/\/www.em.com.br\/emalta\/2026\/08\/30\/um-bumerangue-de-72-centimetros-foi-esculpido-em-uma-presa-de-mamute-e-pode-ter-ate-42-290-anos-com-riscos-polimento-e-pigmento-vermelho-ainda-preservados\/#breadcrumb","itemListElement":[{"@type":"ListItem","position":1,"name":"In\u00edcio","item":"https:\/\/www.em.com.br\/emalta\/"},{"@type":"ListItem","position":2,"name":"Um bumerangue de 72 cent\u00edmetros foi esculpido em uma presa de mamute e pode ter at\u00e9 42.290 anos, com riscos, polimento e pigmento vermelho ainda preservados"}]},{"@type":"WebSite","@id":"https:\/\/www.em.com.br\/emalta\/#website","url":"https:\/\/www.em.com.br\/emalta\/","name":"Estado de Minas - Em Alta","description":"Acompanhe as \u00faltimas not\u00edcias e fique bem informado sobre tudo o que acontece em Minas Gerais, Brasil e no mundo.","potentialAction":[{"@type":"SearchAction","target":{"@type":"EntryPoint","urlTemplate":"https:\/\/www.em.com.br\/emalta\/?s={search_term_string}"},"query-input":{"@type":"PropertyValueSpecification","valueRequired":true,"valueName":"search_term_string"}}],"inLanguage":"pt-BR"},{"@type":"Person","@id":"https:\/\/www.em.com.br\/emalta\/#\/schema\/person\/a8c27556910de924e3004c2fd747ec3a","name":"Guilherme Ara\u00fajo","image":{"@type":"ImageObject","inLanguage":"pt-BR","@id":"https:\/\/secure.gravatar.com\/avatar\/063bc96e5a2afd1844386c45bd1360efc771eff011a9fab8cd399e2a104c3ecd?s=96&d=mm&r=g","url":"https:\/\/secure.gravatar.com\/avatar\/063bc96e5a2afd1844386c45bd1360efc771eff011a9fab8cd399e2a104c3ecd?s=96&d=mm&r=g","contentUrl":"https:\/\/secure.gravatar.com\/avatar\/063bc96e5a2afd1844386c45bd1360efc771eff011a9fab8cd399e2a104c3ecd?s=96&d=mm&r=g","caption":"Guilherme Ara\u00fajo"},"sameAs":["https:\/\/www.em.com.br\/emalta"],"url":"https:\/\/www.em.com.br\/emalta\/author\/guilhermeamyth\/"}]}},"_links":{"self":[{"href":"https:\/\/www.em.com.br\/emalta\/wp-json\/wp\/v2\/posts\/267828","targetHints":{"allow":["GET"]}}],"collection":[{"href":"https:\/\/www.em.com.br\/emalta\/wp-json\/wp\/v2\/posts"}],"about":[{"href":"https:\/\/www.em.com.br\/emalta\/wp-json\/wp\/v2\/types\/post"}],"author":[{"embeddable":true,"href":"https:\/\/www.em.com.br\/emalta\/wp-json\/wp\/v2\/users\/30"}],"replies":[{"embeddable":true,"href":"https:\/\/www.em.com.br\/emalta\/wp-json\/wp\/v2\/comments?post=267828"}],"version-history":[{"count":5,"href":"https:\/\/www.em.com.br\/emalta\/wp-json\/wp\/v2\/posts\/267828\/revisions"}],"predecessor-version":[{"id":267918,"href":"https:\/\/www.em.com.br\/emalta\/wp-json\/wp\/v2\/posts\/267828\/revisions\/267918"}],"wp:featuredmedia":[{"embeddable":true,"href":"https:\/\/www.em.com.br\/emalta\/wp-json\/wp\/v2\/media\/267886"}],"wp:attachment":[{"href":"https:\/\/www.em.com.br\/emalta\/wp-json\/wp\/v2\/media?parent=267828"}],"wp:term":[{"taxonomy":"category","embeddable":true,"href":"https:\/\/www.em.com.br\/emalta\/wp-json\/wp\/v2\/categories?post=267828"},{"taxonomy":"post_tag","embeddable":true,"href":"https:\/\/www.em.com.br\/emalta\/wp-json\/wp\/v2\/tags?post=267828"}],"curies":[{"name":"wp","href":"https:\/\/api.w.org\/{rel}","templated":true}]}}