{"id":267815,"date":"2026-08-29T22:17:00","date_gmt":"2026-08-30T01:17:00","guid":{"rendered":"https:\/\/www.em.com.br\/emalta\/?p=267815"},"modified":"2026-08-27T21:54:04","modified_gmt":"2026-08-28T00:54:04","slug":"egipcios-consertaram-uma-mumia-danificada-com-uma-camada-de-lama-pigmento-branco-e-tinta-vermelha-ha-cerca-de-3-200-anos","status":"publish","type":"post","link":"https:\/\/www.em.com.br\/emalta\/2026\/08\/29\/egipcios-consertaram-uma-mumia-danificada-com-uma-camada-de-lama-pigmento-branco-e-tinta-vermelha-ha-cerca-de-3-200-anos\/","title":{"rendered":"Eg\u00edpcios consertaram uma m\u00famia danificada com uma camada de lama, pigmento branco e tinta vermelha h\u00e1 cerca de 3.200 anos"},"content":{"rendered":"\n<p class=\"wp-block-paragraph\">Uma tomografia revelou uma <strong>carapa\u00e7a de lama<\/strong> escondida entre as faixas de uma m\u00famia eg\u00edpcia de cerca de 3.200 anos. A camada envolvia boa parte do corpo, continha areia e material fibroso e recebeu pigmentos branco e vermelho. Os pesquisadores interpretaram a estrutura como uma antiga restaura\u00e7\u00e3o.<\/p>\n\n\n\n<h2 class=\"wp-block-heading\">Como uma camada inteira conseguiu permanecer escondida sob as faixas?<\/h2>\n\n\n\n<p class=\"wp-block-paragraph\">A m\u00famia pertence hoje \u00e0 cole\u00e7\u00e3o do Chau Chak Wing Museum, da University of Sydney. A estrutura havia sido percebida em exames anteriores, mas novas tomografias produziram imagens muito mais detalhadas do que as dispon\u00edveis no fim dos anos 1990.<\/p>\n\n\n\n<p class=\"wp-block-paragraph\">A camada ficava entre diferentes n\u00edveis de linho e n\u00e3o era vis\u00edvel externamente. As imagens mostraram que ela acompanhava grande parte do corpo e cobria \u00e1reas que j\u00e1 apresentavam danos ocorridos depois da morte.<\/p>\n\n\n<div class=\"wp-block-image\">\n<figure class=\"aligncenter size-large\"><img decoding=\"async\" width=\"1024\" height=\"576\" src=\"https:\/\/www.em.com.br\/emalta\/wp-content\/uploads\/2026\/08\/miu23-1-1024x576.jpg\" alt=\"\" class=\"wp-image-267851\" srcset=\"https:\/\/www.em.com.br\/emalta\/wp-content\/uploads\/2026\/08\/miu23-1-1024x576.jpg 1024w, https:\/\/www.em.com.br\/emalta\/wp-content\/uploads\/2026\/08\/miu23-1-300x169.jpg 300w, https:\/\/www.em.com.br\/emalta\/wp-content\/uploads\/2026\/08\/miu23-1-768x432.jpg 768w, https:\/\/www.em.com.br\/emalta\/wp-content\/uploads\/2026\/08\/miu23-1-750x422.jpg 750w, https:\/\/www.em.com.br\/emalta\/wp-content\/uploads\/2026\/08\/miu23-1-1140x641.jpg 1140w, https:\/\/www.em.com.br\/emalta\/wp-content\/uploads\/2026\/08\/miu23-1.jpg 1280w\" sizes=\"(max-width: 1024px) 100vw, 1024px\" \/><figcaption class=\"wp-element-caption\">A combina\u00e7\u00e3o de materiais revelou uma solu\u00e7\u00e3o diferente das t\u00e9cnicas mais conhecidas de mumifica\u00e7\u00e3o<\/figcaption><\/figure>\n<\/div>\n\n\n<h2 class=\"wp-block-heading\">Do que era feita a carapa\u00e7a encontrada pela tomografia?<\/h2>\n\n\n\n<p class=\"wp-block-paragraph\">O <strong><a href=\"https:\/\/journals.plos.org\/plosone\/article?id=10.1371\/journal.pone.0245247\" target=\"_blank\" rel=\"noopener noreferrer\">estudo publicado na PLOS ONE<\/a><\/strong> analisou fragmentos retirados da estrutura. A base era de argila fina ou lama n\u00e3o cozida, misturada com areia arredondada, pequenas part\u00edculas de pedra e material fibroso.<\/p>\n\n\n\n<p class=\"wp-block-paragraph\">Tamb\u00e9m havia mat\u00e9ria org\u00e2nica fina que pode ser palha ou restos vegetais semelhantes. Sobre a lama apareciam duas camadas de acabamento: uma cobertura clara e, acima dela, pigmento avermelhado.<\/p>\n\n\n\n<style>\r\n.card-list{box-sizing:border-box;display:flex;flex-direction:column;gap:14px;width:100%;max-width:680px;margin:16px auto;font-family:Arial,'Segoe UI',sans-serif!important}\r\n.card-list .item{box-sizing:border-box;display:grid;grid-template-columns:52px 1fr;gap:14px;background:#fff!important;border:1px solid #e5e7eb;border-radius:18px;padding:16px;box-shadow:0 8px 22px rgba(0,0,0,.06)}\r\n.card-list .num{width:42px;height:42px;border-radius:14px;background:#2c3e50!important;color:#fff!important;display:flex;align-items:center;justify-content:center;font-size:15px;font-weight:800}\r\n.card-list .title{display:block!important;color:#111!important;font-size:15px!important;font-weight:700!important;line-height:1.35!important}\r\n.card-list .desc{display:block!important;margin-top:4px!important;color:#555!important;font-size:13px!important;line-height:1.5!important}\r\n@media(max-width:480px){.card-list .item{grid-template-columns:1fr}.card-list .num{width:38px;height:38px}}\r\n<\/style>\r\n<div class=\"google-auto-ads-ignore card-list\">\r\n<div class=\"item\"><div class=\"num\">1<\/div><div><span class=\"title\">Base marrom<\/span><span class=\"desc\">Era formada por lama ou argila fina com part\u00edculas minerais e material fibroso incorporado.<\/span><\/div><\/div>\r\n<div class=\"item\"><div class=\"num\">2<\/div><div><span class=\"title\">Camada branca<\/span><span class=\"desc\">As an\u00e1lises indicaram principalmente calcita, compat\u00edvel com uma origem em material calc\u00e1rio.<\/span><\/div><\/div>\r\n<div class=\"item\"><div class=\"num\">3<\/div><div><span class=\"title\">Pigmento vermelho<\/span><span class=\"desc\">A superf\u00edcie possu\u00eda minerais com ferro e outros componentes usados para produzir a colora\u00e7\u00e3o avermelhada.<\/span><\/div><\/div>\r\n<div class=\"item\"><div class=\"num\">4<\/div><div><span class=\"title\">Faixas de linho<\/span><span class=\"desc\">A carapa\u00e7a foi aplicada entre camadas de tecido e chegou a registrar marcas das pr\u00f3prias faixas enquanto ainda estava \u00famida.<\/span><\/div><\/div>\r\n<\/div>\n\n\n\n<h2 class=\"wp-block-heading\">Por que os pesquisadores acreditam que a lama serviu para consertar o corpo?<\/h2>\n\n\n\n<p class=\"wp-block-paragraph\">As tomografias mostraram fraturas e desarticula\u00e7\u00f5es que estavam abaixo da carapa\u00e7a. Isso indica que parte dos danos aconteceu primeiro e que, depois, o corpo recebeu novas faixas, enchimento e a camada \u00famida para recuperar sua integridade.<\/p>\n\n\n\n<ul class=\"wp-block-list\">\n<li>O corpo j\u00e1 havia sido mumificado antes da interven\u00e7\u00e3o.<\/li>\n\n\n\n<li>Havia danos p\u00f3s-morte abaixo da carapa\u00e7a.<\/li>\n\n\n\n<li>Algumas regi\u00f5es receberam novo enchimento com tecido.<\/li>\n\n\n\n<li>A lama envolveu e estabilizou \u00e1reas danificadas.<\/li>\n\n\n\n<li>O acabamento externo foi pintado depois da aplica\u00e7\u00e3o.<\/li>\n<\/ul>\n\n\n\n<p class=\"wp-block-paragraph\">Os autores consideram que a interven\u00e7\u00e3o tamb\u00e9m poderia ter uma dimens\u00e3o simb\u00f3lica. Manter o corpo inteiro era importante nas cren\u00e7as funer\u00e1rias eg\u00edpcias, e a restaura\u00e7\u00e3o f\u00edsica poderia contribuir para devolver unidade ao falecido.<\/p>\n\n\n<div class=\"wp-block-image\">\n<figure class=\"aligncenter size-large\"><img decoding=\"async\" width=\"1024\" height=\"576\" src=\"https:\/\/www.em.com.br\/emalta\/wp-content\/uploads\/2026\/08\/miu324-1-1024x576.jpg\" alt=\"\" class=\"wp-image-267853\" srcset=\"https:\/\/www.em.com.br\/emalta\/wp-content\/uploads\/2026\/08\/miu324-1-1024x576.jpg 1024w, https:\/\/www.em.com.br\/emalta\/wp-content\/uploads\/2026\/08\/miu324-1-300x169.jpg 300w, https:\/\/www.em.com.br\/emalta\/wp-content\/uploads\/2026\/08\/miu324-1-768x432.jpg 768w, https:\/\/www.em.com.br\/emalta\/wp-content\/uploads\/2026\/08\/miu324-1-750x422.jpg 750w, https:\/\/www.em.com.br\/emalta\/wp-content\/uploads\/2026\/08\/miu324-1-1140x641.jpg 1140w, https:\/\/www.em.com.br\/emalta\/wp-content\/uploads\/2026\/08\/miu324-1.jpg 1280w\" sizes=\"(max-width: 1024px) 100vw, 1024px\" \/><figcaption class=\"wp-element-caption\">O reparo permaneceu escondido durante mil\u00eanios sob as camadas que envolviam o corpo<\/figcaption><\/figure>\n<\/div>\n\n\n<h2 class=\"wp-block-heading\">Como se sabe que a m\u00famia tem cerca de 3.200 anos?<\/h2>\n\n\n\n<p class=\"wp-block-paragraph\">Duas amostras de linho foram submetidas \u00e0 data\u00e7\u00e3o por radiocarbono. O intervalo calibrado ficou entre aproximadamente <strong>1370 e 1113 a.C.<\/strong>, com data mediana em <strong>1207 a.C.<\/strong>.<\/p>\n\n\n\n<p class=\"wp-block-paragraph\">Os resultados e as an\u00e1lises do material ficam assim:<\/p>\n\n\n\n<style>\r\n.premium-tbl{\r\n box-sizing:border-box;display:flex;flex-direction:column;width:100%;max-width:720px;margin:16px auto;\r\n border:1px solid #e2e5e9;border-radius:18px;overflow:hidden;background:#ffffff;\r\n box-shadow:0 8px 24px rgba(0,0,0,.07);font-family:Arial,'Segoe UI',sans-serif!important;color:#1a1a1a!important;\r\n}\r\n.premium-tbl table{\r\n display:table!important;box-sizing:border-box;width:100%!important;max-width:none!important;margin:0!important;\r\n padding:0!important;border:0!important;border-collapse:collapse!important;border-spacing:0!important;\r\n table-layout:fixed!important;background:#ffffff!important;font-family:Arial,'Segoe UI',sans-serif!important;\r\n}\r\n.premium-tbl thead{display:table-header-group!important;}\r\n.premium-tbl tbody{display:table-row-group!important;}\r\n.premium-tbl tr{display:table-row!important;}\r\n.premium-tbl thead tr{background:#2c3e50!important;}\r\n.premium-tbl th{\r\n box-sizing:border-box!important;padding:14px 16px!important;border:0!important;background:#2c3e50!important;\r\n color:#ffffff!important;-webkit-text-fill-color:#ffffff!important;font-family:Arial,'Segoe UI',sans-serif!important;\r\n font-size:12px!important;font-weight:700!important;line-height:1.4!important;letter-spacing:.02em!important;text-transform:none!important;\r\n text-align:left!important;vertical-align:middle!important;opacity:1!important;\r\n}\r\n.premium-tbl th:nth-child(1){width:28%!important;}\r\n.premium-tbl th:nth-child(2){width:42%!important;}\r\n.premium-tbl th:nth-child(3){width:30%!important;}\r\n.premium-tbl td{\r\n box-sizing:border-box!important;display:table-cell!important;padding:14px 16px!important;border:0!important;\r\n border-bottom:1px solid #e5e7eb!important;background:transparent!important;color:#1a1a1a!important;\r\n -webkit-text-fill-color:#1a1a1a!important;font-family:Arial,'Segoe UI',sans-serif!important;font-size:13px!important;\r\n font-weight:400!important;line-height:1.5!important;text-align:left!important;vertical-align:middle!important;opacity:1!important;\r\n}\r\n.premium-tbl tbody tr:nth-child(odd){background:#f8f9fa!important;}\r\n.premium-tbl tbody tr:nth-child(even){background:#ffffff!important;}\r\n.premium-tbl tbody tr:hover{background:#f1f4f7!important;}\r\n.premium-tbl tbody tr:last-child td{border-bottom:none!important;}\r\n.premium-tbl .main{display:block!important;color:#111111!important;-webkit-text-fill-color:#111111!important;font-size:13px!important;font-weight:700!important;line-height:1.35!important;}\r\n.premium-tbl .sub{display:block!important;margin-top:3px!important;color:#555555!important;-webkit-text-fill-color:#555555!important;font-size:12px!important;line-height:1.35!important;}\r\n.premium-tbl .badge{display:inline-flex!important;align-items:center!important;justify-content:center!important;border-radius:999px!important;padding:4px 10px!important;font-size:11px!important;font-weight:700!important;line-height:1.3!important;white-space:nowrap!important;}\r\n.premium-tbl .ok{background:#dff5eb!important;color:#08694f!important;-webkit-text-fill-color:#08694f!important;}\r\n.premium-tbl .neutro{background:#e3effb!important;color:#145b9b!important;-webkit-text-fill-color:#145b9b!important;}\r\n.premium-tbl .alerta{background:#faecd4!important;color:#8a5100!important;-webkit-text-fill-color:#8a5100!important;}\r\n@media(max-width:640px){\r\n .premium-tbl{width:100%!important;max-width:100%!important;border:0!important;border-radius:0!important;background:transparent!important;box-shadow:none!important;overflow:visible!important;}\r\n .premium-tbl table{display:block!important;width:100%!important;background:transparent!important;}\r\n .premium-tbl thead{display:none!important;}\r\n .premium-tbl tbody{display:flex!important;flex-direction:column!important;gap:12px!important;width:100%!important;}\r\n .premium-tbl tr{display:block!important;box-sizing:border-box!important;width:100%!important;background:#ffffff!important;border:1px solid #e2e5e9!important;border-radius:16px!important;box-shadow:0 6px 18px rgba(0,0,0,.06)!important;overflow:hidden!important;}\r\n .premium-tbl td{display:flex!important;box-sizing:border-box!important;justify-content:space-between!important;align-items:flex-start!important;gap:16px!important;width:100%!important;padding:12px 14px!important;border:0!important;border-bottom:1px solid #e8eaed!important;background:#ffffff!important;color:#1a1a1a!important;-webkit-text-fill-color:#1a1a1a!important;text-align:right!important;}\r\n .premium-tbl td:last-child{border-bottom:none!important;}\r\n .premium-tbl td::before{content:attr(data-label)!important;flex:0 0 110px!important;color:#555555!important;-webkit-text-fill-color:#555555!important;font-size:11px!important;font-weight:700!important;line-height:1.4!important;text-align:left!important;}\r\n .premium-tbl .main,.premium-tbl .sub{text-align:right!important;}\r\n}\r\n<\/style>\r\n<div class=\"google-auto-ads-ignore premium-tbl\">\r\n<table>\r\n<thead><tr><th>Elemento<\/th><th>Resultado<\/th><th>Leitura<\/th><\/tr><\/thead>\r\n<tbody>\r\n<tr><td data-label=\"Elemento\"><span class=\"main\">Linho<\/span><\/td><td data-label=\"Resultado\">1370 a 1113 a.C.<\/td><td data-label=\"Leitura\"><span class=\"badge ok\">Radiocarbono<\/span><\/td><\/tr>\r\n<tr><td data-label=\"Elemento\"><span class=\"main\">Data mediana<\/span><\/td><td data-label=\"Resultado\">1207 a.C.<\/td><td data-label=\"Leitura\"><span class=\"badge neutro\">Refer\u00eancia central<\/span><\/td><\/tr>\r\n<tr><td data-label=\"Elemento\"><span class=\"main\">Camada branca<\/span><\/td><td data-label=\"Resultado\">Principalmente calcita<\/td><td data-label=\"Leitura\"><span class=\"badge neutro\">Origem calc\u00e1ria<\/span><\/td><\/tr>\r\n<tr><td data-label=\"Elemento\"><span class=\"main\">Superf\u00edcie<\/span><\/td><td data-label=\"Resultado\">Pigmento vermelho<\/td><td data-label=\"Leitura\"><span class=\"badge alerta\">Acabamento<\/span><\/td><\/tr>\r\n<\/tbody>\r\n<\/table>\r\n<\/div>\n\n\n\n<p class=\"wp-block-paragraph\"><strong>Leia tamb\u00e9m: <a href=\"https:\/\/www.em.com.br\/emalta\/2026\/08\/27\/cinco-canoas-ficaram-preservadas-no-fundo-de-um-lago-por-mais-de-7-000-anos-e-uma-delas-ainda-mede-1043-metros\/\" target=\"_blank\" rel=\"noreferrer noopener\">Cinco canoas ficaram preservadas no fundo de um lago por mais de 7.000 anos e uma delas ainda mede 10,43 metros<\/a><\/strong><\/p>\n\n\n\n<h2 class=\"wp-block-heading\">Essa t\u00e9cnica era comum entre as m\u00famias eg\u00edpcias?<\/h2>\n\n\n\n<p class=\"wp-block-paragraph\">Os pesquisadores conheciam cascas de resina em m\u00famias reais do fim do Novo Imp\u00e9rio, mas destacaram que uma cobertura feita de lama como essa n\u00e3o havia sido cientificamente documentada e datada da mesma forma.<\/p>\n\n\n\n<p class=\"wp-block-paragraph\">A interpreta\u00e7\u00e3o \u00e9 que a t\u00e9cnica pode representar uma solu\u00e7\u00e3o menos cara para imitar tratamentos funer\u00e1rios associados \u00e0s elites, al\u00e9m de reparar fisicamente o corpo. A combina\u00e7\u00e3o entre conserva\u00e7\u00e3o, apar\u00eancia e cren\u00e7a ajuda a explicar por que algu\u00e9m cobriu os danos em vez de simplesmente refazer as faixas.<\/p>\n\n\n\n<style>\r\n.curio-box{box-sizing:border-box;display:flex;flex-direction:column;gap:6px;width:100%;max-width:680px;margin:20px auto 4px;background:#eef2f7;border:1px solid #e5e7eb;border-radius:16px;padding:16px 18px;font-family:Arial,'Segoe UI',sans-serif!important}.curio-box .tag{font-size:11px!important;font-weight:800!important;color:#2c3e50!important;text-transform:uppercase}.curio-box .txt{font-size:13px!important;color:#333!important;line-height:1.6!important}\r\n<\/style>\r\n<div class=\"google-auto-ads-ignore curio-box\">\r\n<span class=\"tag\">\ud83d\udca1 Curiosidade<\/span>\r\n<span class=\"txt\">A m\u00famia foi comprada no Egito no s\u00e9culo XIX e acabou colocada dentro de um caix\u00e3o que provavelmente pertencia a outra pessoa. A data do corpo \u00e9 anterior \u00e0 do caix\u00e3o, segundo o estudo.<\/span>\r\n<\/div>\n","protected":false},"excerpt":{"rendered":"<p>Uma tomografia revelou uma carapa\u00e7a de lama escondida entre as faixas de uma m\u00famia eg\u00edpcia de cerca de 3.200 anos. A camada envolvia boa parte do corpo, continha areia e material fibroso e recebeu pigmentos branco e vermelho. Os pesquisadores interpretaram a estrutura como uma antiga restaura\u00e7\u00e3o. Como uma camada inteira conseguiu permanecer escondida sob [&hellip;]<\/p>\n","protected":false},"author":30,"featured_media":267849,"comment_status":"closed","ping_status":"closed","sticky":false,"template":"","format":"standard","meta":{"jnews-multi-image_gallery":[],"jnews_single_post":{"format":"standard"},"jnews_primary_category":[],"jnews_social_meta":[],"jnews_override_counter":[],"footnotes":""},"categories":[29],"tags":[675,10998,36545,514],"class_list":["post-267815","post","type-post","status-publish","format-standard","has-post-thumbnail","hentry","category-entretenimento","tag-arqueologia","tag-egito-antigo","tag-mumia","tag-restauracao"],"yoast_head":"<!-- This site is optimized with the Yoast SEO plugin v28.3 - https:\/\/yoast.com\/product\/yoast-seo-wordpress\/ -->\n<title>Eg\u00edpcios consertaram uma m\u00famia danificada com uma camada de lama, pigmento branco e tinta vermelha h\u00e1 cerca de 3.200 anos - Estado de Minas - Em Alta<\/title>\n<meta name=\"description\" content=\"Uma camada de lama escondida sob as faixas de uma m\u00famia revelou um reparo feito h\u00e1 cerca de 3.200 anos com pigmentos e materiais simples.\" \/>\n<meta name=\"robots\" content=\"index, follow, max-snippet:-1, max-image-preview:large, max-video-preview:-1\" \/>\n<link rel=\"canonical\" href=\"https:\/\/www.em.com.br\/emalta\/2026\/08\/29\/egipcios-consertaram-uma-mumia-danificada-com-uma-camada-de-lama-pigmento-branco-e-tinta-vermelha-ha-cerca-de-3-200-anos\/\" \/>\n<meta property=\"og:locale\" content=\"pt_BR\" \/>\n<meta property=\"og:type\" content=\"article\" \/>\n<meta property=\"og:title\" content=\"Eg\u00edpcios consertaram uma m\u00famia danificada com uma camada de lama, pigmento branco e tinta vermelha h\u00e1 cerca de 3.200 anos - Estado de Minas - Em Alta\" \/>\n<meta property=\"og:description\" content=\"Uma camada de lama escondida sob as faixas de uma m\u00famia revelou um reparo feito h\u00e1 cerca de 3.200 anos com pigmentos e materiais simples.\" \/>\n<meta property=\"og:url\" content=\"https:\/\/www.em.com.br\/emalta\/2026\/08\/29\/egipcios-consertaram-uma-mumia-danificada-com-uma-camada-de-lama-pigmento-branco-e-tinta-vermelha-ha-cerca-de-3-200-anos\/\" \/>\n<meta property=\"og:site_name\" content=\"Estado de Minas - Em Alta\" \/>\n<meta property=\"article:published_time\" content=\"2026-08-30T01:17:00+00:00\" \/>\n<meta property=\"og:image\" content=\"https:\/\/www.em.com.br\/emalta\/wp-content\/uploads\/2026\/08\/mum1io.jpg\" \/>\n\t<meta property=\"og:image:width\" content=\"1280\" \/>\n\t<meta property=\"og:image:height\" content=\"720\" \/>\n\t<meta property=\"og:image:type\" content=\"image\/jpeg\" \/>\n<meta name=\"author\" content=\"Guilherme Ara\u00fajo\" \/>\n<meta name=\"twitter:card\" content=\"summary_large_image\" \/>\n<meta name=\"twitter:label1\" content=\"Escrito por\" \/>\n\t<meta name=\"twitter:data1\" content=\"Guilherme Ara\u00fajo\" \/>\n\t<meta name=\"twitter:label2\" content=\"Est. tempo de leitura\" \/>\n\t<meta name=\"twitter:data2\" content=\"5 minutos\" \/>\n<!-- \/ Yoast SEO plugin. -->","yoast_head_json":{"title":"Eg\u00edpcios consertaram uma m\u00famia danificada com uma camada de lama, pigmento branco e tinta vermelha h\u00e1 cerca de 3.200 anos - Estado de Minas - Em Alta","description":"Uma camada de lama escondida sob as faixas de uma m\u00famia revelou um reparo feito h\u00e1 cerca de 3.200 anos com pigmentos e materiais simples.","robots":{"index":"index","follow":"follow","max-snippet":"max-snippet:-1","max-image-preview":"max-image-preview:large","max-video-preview":"max-video-preview:-1"},"canonical":"https:\/\/www.em.com.br\/emalta\/2026\/08\/29\/egipcios-consertaram-uma-mumia-danificada-com-uma-camada-de-lama-pigmento-branco-e-tinta-vermelha-ha-cerca-de-3-200-anos\/","og_locale":"pt_BR","og_type":"article","og_title":"Eg\u00edpcios consertaram uma m\u00famia danificada com uma camada de lama, pigmento branco e tinta vermelha h\u00e1 cerca de 3.200 anos - Estado de Minas - Em Alta","og_description":"Uma camada de lama escondida sob as faixas de uma m\u00famia revelou um reparo feito h\u00e1 cerca de 3.200 anos com pigmentos e materiais simples.","og_url":"https:\/\/www.em.com.br\/emalta\/2026\/08\/29\/egipcios-consertaram-uma-mumia-danificada-com-uma-camada-de-lama-pigmento-branco-e-tinta-vermelha-ha-cerca-de-3-200-anos\/","og_site_name":"Estado de Minas - Em Alta","article_published_time":"2026-08-30T01:17:00+00:00","og_image":[{"width":1280,"height":720,"url":"https:\/\/www.em.com.br\/emalta\/wp-content\/uploads\/2026\/08\/mum1io.jpg","type":"image\/jpeg"}],"author":"Guilherme Ara\u00fajo","twitter_card":"summary_large_image","twitter_misc":{"Escrito por":"Guilherme Ara\u00fajo","Est. tempo de leitura":"5 minutos"},"schema":{"@context":"https:\/\/schema.org","@graph":[{"@type":"Article","@id":"https:\/\/www.em.com.br\/emalta\/2026\/08\/29\/egipcios-consertaram-uma-mumia-danificada-com-uma-camada-de-lama-pigmento-branco-e-tinta-vermelha-ha-cerca-de-3-200-anos\/#article","isPartOf":{"@id":"https:\/\/www.em.com.br\/emalta\/2026\/08\/29\/egipcios-consertaram-uma-mumia-danificada-com-uma-camada-de-lama-pigmento-branco-e-tinta-vermelha-ha-cerca-de-3-200-anos\/"},"author":{"name":"Guilherme Ara\u00fajo","@id":"https:\/\/www.em.com.br\/emalta\/#\/schema\/person\/a8c27556910de924e3004c2fd747ec3a"},"headline":"Eg\u00edpcios consertaram uma m\u00famia danificada com uma camada de lama, pigmento branco e tinta vermelha h\u00e1 cerca de 3.200 anos","datePublished":"2026-08-30T01:17:00+00:00","mainEntityOfPage":{"@id":"https:\/\/www.em.com.br\/emalta\/2026\/08\/29\/egipcios-consertaram-uma-mumia-danificada-com-uma-camada-de-lama-pigmento-branco-e-tinta-vermelha-ha-cerca-de-3-200-anos\/"},"wordCount":718,"image":{"@id":"https:\/\/www.em.com.br\/emalta\/2026\/08\/29\/egipcios-consertaram-uma-mumia-danificada-com-uma-camada-de-lama-pigmento-branco-e-tinta-vermelha-ha-cerca-de-3-200-anos\/#primaryimage"},"thumbnailUrl":"https:\/\/www.em.com.br\/emalta\/wp-content\/uploads\/2026\/08\/mum1io.jpg","keywords":["arqueologia","Egito Antigo","m\u00famia","restaura\u00e7\u00e3o"],"articleSection":["Entretenimento"],"inLanguage":"pt-BR"},{"@type":"WebPage","@id":"https:\/\/www.em.com.br\/emalta\/2026\/08\/29\/egipcios-consertaram-uma-mumia-danificada-com-uma-camada-de-lama-pigmento-branco-e-tinta-vermelha-ha-cerca-de-3-200-anos\/","url":"https:\/\/www.em.com.br\/emalta\/2026\/08\/29\/egipcios-consertaram-uma-mumia-danificada-com-uma-camada-de-lama-pigmento-branco-e-tinta-vermelha-ha-cerca-de-3-200-anos\/","name":"Eg\u00edpcios consertaram uma m\u00famia danificada com uma camada de lama, pigmento branco e tinta vermelha h\u00e1 cerca de 3.200 anos - Estado de Minas - Em Alta","isPartOf":{"@id":"https:\/\/www.em.com.br\/emalta\/#website"},"primaryImageOfPage":{"@id":"https:\/\/www.em.com.br\/emalta\/2026\/08\/29\/egipcios-consertaram-uma-mumia-danificada-com-uma-camada-de-lama-pigmento-branco-e-tinta-vermelha-ha-cerca-de-3-200-anos\/#primaryimage"},"image":{"@id":"https:\/\/www.em.com.br\/emalta\/2026\/08\/29\/egipcios-consertaram-uma-mumia-danificada-com-uma-camada-de-lama-pigmento-branco-e-tinta-vermelha-ha-cerca-de-3-200-anos\/#primaryimage"},"thumbnailUrl":"https:\/\/www.em.com.br\/emalta\/wp-content\/uploads\/2026\/08\/mum1io.jpg","datePublished":"2026-08-30T01:17:00+00:00","author":{"@id":"https:\/\/www.em.com.br\/emalta\/#\/schema\/person\/a8c27556910de924e3004c2fd747ec3a"},"description":"Uma camada de lama escondida sob as faixas de uma m\u00famia revelou um reparo feito h\u00e1 cerca de 3.200 anos com pigmentos e materiais simples.","breadcrumb":{"@id":"https:\/\/www.em.com.br\/emalta\/2026\/08\/29\/egipcios-consertaram-uma-mumia-danificada-com-uma-camada-de-lama-pigmento-branco-e-tinta-vermelha-ha-cerca-de-3-200-anos\/#breadcrumb"},"inLanguage":"pt-BR","potentialAction":[{"@type":"ReadAction","target":["https:\/\/www.em.com.br\/emalta\/2026\/08\/29\/egipcios-consertaram-uma-mumia-danificada-com-uma-camada-de-lama-pigmento-branco-e-tinta-vermelha-ha-cerca-de-3-200-anos\/"]}]},{"@type":"ImageObject","inLanguage":"pt-BR","@id":"https:\/\/www.em.com.br\/emalta\/2026\/08\/29\/egipcios-consertaram-uma-mumia-danificada-com-uma-camada-de-lama-pigmento-branco-e-tinta-vermelha-ha-cerca-de-3-200-anos\/#primaryimage","url":"https:\/\/www.em.com.br\/emalta\/wp-content\/uploads\/2026\/08\/mum1io.jpg","contentUrl":"https:\/\/www.em.com.br\/emalta\/wp-content\/uploads\/2026\/08\/mum1io.jpg","width":1280,"height":720,"caption":"O revestimento mostra que danos no corpo mumificado podiam ser corrigidos depois da prepara\u00e7\u00e3o"},{"@type":"BreadcrumbList","@id":"https:\/\/www.em.com.br\/emalta\/2026\/08\/29\/egipcios-consertaram-uma-mumia-danificada-com-uma-camada-de-lama-pigmento-branco-e-tinta-vermelha-ha-cerca-de-3-200-anos\/#breadcrumb","itemListElement":[{"@type":"ListItem","position":1,"name":"In\u00edcio","item":"https:\/\/www.em.com.br\/emalta\/"},{"@type":"ListItem","position":2,"name":"Eg\u00edpcios consertaram uma m\u00famia danificada com uma camada de lama, pigmento branco e tinta vermelha h\u00e1 cerca de 3.200 anos"}]},{"@type":"WebSite","@id":"https:\/\/www.em.com.br\/emalta\/#website","url":"https:\/\/www.em.com.br\/emalta\/","name":"Estado de Minas - Em Alta","description":"Acompanhe as \u00faltimas not\u00edcias e fique bem informado sobre tudo o que acontece em Minas Gerais, Brasil e no mundo.","potentialAction":[{"@type":"SearchAction","target":{"@type":"EntryPoint","urlTemplate":"https:\/\/www.em.com.br\/emalta\/?s={search_term_string}"},"query-input":{"@type":"PropertyValueSpecification","valueRequired":true,"valueName":"search_term_string"}}],"inLanguage":"pt-BR"},{"@type":"Person","@id":"https:\/\/www.em.com.br\/emalta\/#\/schema\/person\/a8c27556910de924e3004c2fd747ec3a","name":"Guilherme Ara\u00fajo","image":{"@type":"ImageObject","inLanguage":"pt-BR","@id":"https:\/\/secure.gravatar.com\/avatar\/063bc96e5a2afd1844386c45bd1360efc771eff011a9fab8cd399e2a104c3ecd?s=96&d=mm&r=g","url":"https:\/\/secure.gravatar.com\/avatar\/063bc96e5a2afd1844386c45bd1360efc771eff011a9fab8cd399e2a104c3ecd?s=96&d=mm&r=g","contentUrl":"https:\/\/secure.gravatar.com\/avatar\/063bc96e5a2afd1844386c45bd1360efc771eff011a9fab8cd399e2a104c3ecd?s=96&d=mm&r=g","caption":"Guilherme Ara\u00fajo"},"sameAs":["https:\/\/www.em.com.br\/emalta"],"url":"https:\/\/www.em.com.br\/emalta\/author\/guilhermeamyth\/"}]}},"_links":{"self":[{"href":"https:\/\/www.em.com.br\/emalta\/wp-json\/wp\/v2\/posts\/267815","targetHints":{"allow":["GET"]}}],"collection":[{"href":"https:\/\/www.em.com.br\/emalta\/wp-json\/wp\/v2\/posts"}],"about":[{"href":"https:\/\/www.em.com.br\/emalta\/wp-json\/wp\/v2\/types\/post"}],"author":[{"embeddable":true,"href":"https:\/\/www.em.com.br\/emalta\/wp-json\/wp\/v2\/users\/30"}],"replies":[{"embeddable":true,"href":"https:\/\/www.em.com.br\/emalta\/wp-json\/wp\/v2\/comments?post=267815"}],"version-history":[{"count":4,"href":"https:\/\/www.em.com.br\/emalta\/wp-json\/wp\/v2\/posts\/267815\/revisions"}],"predecessor-version":[{"id":267914,"href":"https:\/\/www.em.com.br\/emalta\/wp-json\/wp\/v2\/posts\/267815\/revisions\/267914"}],"wp:featuredmedia":[{"embeddable":true,"href":"https:\/\/www.em.com.br\/emalta\/wp-json\/wp\/v2\/media\/267849"}],"wp:attachment":[{"href":"https:\/\/www.em.com.br\/emalta\/wp-json\/wp\/v2\/media?parent=267815"}],"wp:term":[{"taxonomy":"category","embeddable":true,"href":"https:\/\/www.em.com.br\/emalta\/wp-json\/wp\/v2\/categories?post=267815"},{"taxonomy":"post_tag","embeddable":true,"href":"https:\/\/www.em.com.br\/emalta\/wp-json\/wp\/v2\/tags?post=267815"}],"curies":[{"name":"wp","href":"https:\/\/api.w.org\/{rel}","templated":true}]}}