{"id":267608,"date":"2026-08-30T21:37:00","date_gmt":"2026-08-31T00:37:00","guid":{"rendered":"https:\/\/www.em.com.br\/emalta\/?p=267608"},"modified":"2026-08-27T19:46:30","modified_gmt":"2026-08-27T22:46:30","slug":"consumidora-usa-tintura-conforme-as-instrucoes-fica-com-os-olhos-e-o-rosto-inchados-e-fabricante-culpa-a-falta-de-um-teste-que-nao-detectaria-alergia","status":"publish","type":"post","link":"https:\/\/www.em.com.br\/emalta\/2026\/08\/30\/consumidora-usa-tintura-conforme-as-instrucoes-fica-com-os-olhos-e-o-rosto-inchados-e-fabricante-culpa-a-falta-de-um-teste-que-nao-detectaria-alergia\/","title":{"rendered":"Consumidora usa tintura conforme as instru\u00e7\u00f5es, fica com os olhos e o rosto inchados e fabricante culpa a falta de um teste que n\u00e3o detectaria alergia"},"content":{"rendered":"\n<p class=\"wp-block-paragraph\">Uma consumidora aplicou uma tintura conforme as instru\u00e7\u00f5es e apresentou forte <strong>rea\u00e7\u00e3o al\u00e9rgica<\/strong>, com incha\u00e7o nos olhos e no rosto. A fabricante culpou a aus\u00eancia do teste de mecha, mas a Justi\u00e7a concluiu que esse procedimento tinha outra finalidade e fixou R$ 6 mil por danos morais.<\/p>\n\n\n\n<h2 class=\"wp-block-heading\">O que aconteceu depois da aplica\u00e7\u00e3o da tintura?<\/h2>\n\n\n\n<p class=\"wp-block-paragraph\">Segundo o processo, a mulher utilizou o produto seguindo as instru\u00e7\u00f5es apresentadas na embalagem. Pouco depois, os olhos e o rosto ficaram intensamente inchados e ela precisou procurar atendimento m\u00e9dico de urg\u00eancia.<\/p>\n\n\n\n<p class=\"wp-block-paragraph\">O diagn\u00f3stico registrou rea\u00e7\u00e3o adversa a produto n\u00e3o especificado. Houve necessidade de medica\u00e7\u00e3o e afastamento das atividades profissionais por um dia. A consumidora ent\u00e3o pediu indeniza\u00e7\u00e3o por danos morais e materiais.<\/p>\n\n\n<div class=\"wp-block-image\">\n<figure class=\"aligncenter size-large\"><img decoding=\"async\" width=\"1024\" height=\"576\" src=\"https:\/\/www.em.com.br\/emalta\/wp-content\/uploads\/2026\/08\/pincel1-1-1024x576.jpg\" alt=\"\" class=\"wp-image-267636\" srcset=\"https:\/\/www.em.com.br\/emalta\/wp-content\/uploads\/2026\/08\/pincel1-1-1024x576.jpg 1024w, https:\/\/www.em.com.br\/emalta\/wp-content\/uploads\/2026\/08\/pincel1-1-300x169.jpg 300w, https:\/\/www.em.com.br\/emalta\/wp-content\/uploads\/2026\/08\/pincel1-1-768x432.jpg 768w, https:\/\/www.em.com.br\/emalta\/wp-content\/uploads\/2026\/08\/pincel1-1-750x422.jpg 750w, https:\/\/www.em.com.br\/emalta\/wp-content\/uploads\/2026\/08\/pincel1-1-1140x641.jpg 1140w, https:\/\/www.em.com.br\/emalta\/wp-content\/uploads\/2026\/08\/pincel1-1.jpg 1280w\" sizes=\"(max-width: 1024px) 100vw, 1024px\" \/><figcaption class=\"wp-element-caption\">A fabricante precisa demonstrar se os alertas apresentados ao consumidor eram suficientes<\/figcaption><\/figure>\n<\/div>\n\n\n<h2 class=\"wp-block-heading\">Por que o teste de mecha n\u00e3o encerrou a discuss\u00e3o?<\/h2>\n\n\n\n<p class=\"wp-block-paragraph\">A fabricante sustentou que a pr\u00f3pria consumidora havia provocado a situa\u00e7\u00e3o porque n\u00e3o realizou o teste de mecha recomendado na embalagem. O argumento n\u00e3o foi aceito pela <strong><a href=\"https:\/\/www.tjdft.jus.br\/institucional\/imprensa\/noticias\/2026\/julho\/justica-condena-fabricante-de-tintura-por-reacao-alergica-em-consumidora\" target=\"_blank\" rel=\"noopener noreferrer\">2\u00aa Vara C\u00edvel de Samambaia<\/a><\/strong>.<\/p>\n\n\n\n<p class=\"wp-block-paragraph\">A senten\u00e7a destacou que aquele teste servia para verificar poss\u00edveis danos ao cabelo, e n\u00e3o para prever se a pessoa desenvolveria uma rea\u00e7\u00e3o al\u00e9rgica ao produto. Assim, sua aus\u00eancia n\u00e3o demonstrava culpa exclusiva da consumidora pela alergia apresentada.<\/p>\n\n\n\n<style>\r\n.card-list{box-sizing:border-box;display:flex;flex-direction:column;gap:14px;width:100%;max-width:680px;margin:16px auto;font-family:Arial,'Segoe UI',sans-serif!important}.card-list .item{display:grid;grid-template-columns:52px 1fr;gap:14px;background:#fff!important;border:1px solid #e5e7eb;border-radius:18px;padding:16px;box-shadow:0 8px 22px rgba(0,0,0,.06)}.card-list .num{width:42px;height:42px;border-radius:14px;background:#7a1f2b!important;color:#fff!important;display:flex;align-items:center;justify-content:center;font-weight:800}.card-list .title{display:block!important;color:#111!important;font-size:15px!important;font-weight:700!important}.card-list .desc{display:block!important;margin-top:4px!important;color:#555!important;font-size:13px!important;line-height:1.5!important}@media(max-width:480px){.card-list .item{grid-template-columns:1fr}}\r\n<\/style>\r\n<div class=\"google-auto-ads-ignore card-list\">\r\n<div class=\"item\"><div class=\"num\">1<\/div><div><span class=\"title\">Uso conforme a embalagem<\/span><span class=\"desc\">A senten\u00e7a partiu do registro de que a consumidora havia aplicado a tintura seguindo as instru\u00e7\u00f5es apresentadas.<\/span><\/div><\/div>\r\n<div class=\"item\"><div class=\"num\">2<\/div><div><span class=\"title\">Incha\u00e7o intenso<\/span><span class=\"desc\">Olhos e rosto apresentaram rea\u00e7\u00e3o forte, levando a mulher a buscar atendimento de urg\u00eancia.<\/span><\/div><\/div>\r\n<div class=\"item\"><div class=\"num\">3<\/div><div><span class=\"title\">Teste de mecha<\/span><span class=\"desc\">A defesa usou a falta desse procedimento para tentar atribuir a causa do problema \u00e0 pr\u00f3pria cliente.<\/span><\/div><\/div>\r\n<div class=\"item\"><div class=\"num\">4<\/div><div><span class=\"title\">Finalidade diferente<\/span><span class=\"desc\">O ju\u00edzo concluiu que o teste citado avaliava danos capilares e n\u00e3o previa uma rea\u00e7\u00e3o al\u00e9rgica.<\/span><\/div><\/div>\r\n<\/div>\n\n\n\n<h2 class=\"wp-block-heading\">Quais provas ligaram o produto ao quadro apresentado?<\/h2>\n\n\n\n<p class=\"wp-block-paragraph\">A senten\u00e7a analisou a cronologia entre aplica\u00e7\u00e3o e sintomas, al\u00e9m dos documentos do atendimento m\u00e9dico. Esses registros ajudaram a formar a liga\u00e7\u00e3o entre o uso da tintura e o quadro que surgiu logo depois.<\/p>\n\n\n\n<ul class=\"wp-block-list\">\n<li>Instru\u00e7\u00f5es existentes na embalagem do produto.<\/li>\n\n\n\n<li>Hor\u00e1rio aproximado da aplica\u00e7\u00e3o.<\/li>\n\n\n\n<li>Momento em que os sintomas come\u00e7aram.<\/li>\n\n\n\n<li>Registros m\u00e9dicos do atendimento de urg\u00eancia.<\/li>\n\n\n\n<li>Receitas e medicamentos utilizados.<\/li>\n\n\n\n<li>Documentos que comprovem eventuais despesas.<\/li>\n<\/ul>\n\n\n\n<p class=\"wp-block-paragraph\">O <strong><a href=\"https:\/\/www.planalto.gov.br\/ccivil_03\/leis\/l8078compilado.htm\" target=\"_blank\" rel=\"noopener noreferrer\">C\u00f3digo de Defesa do Consumidor<\/a><\/strong> prev\u00ea responsabilidade do fabricante por danos provocados por defeitos do produto, com hip\u00f3teses espec\u00edficas em que essa responsabilidade pode ser afastada.<\/p>\n\n\n\n<p class=\"wp-block-paragraph\"><strong>Leia tamb\u00e9m: <a href=\"https:\/\/www.em.com.br\/emalta\/2026\/08\/27\/bancaria-trabalha-com-registro-de-ponto-opcional-diz-que-ficava-das-8h-as-20h30-e-consegue-horas-extras-porque-o-banco-nao-apresenta-os-controles\/\" target=\"_blank\" rel=\"noreferrer noopener\">Banc\u00e1ria trabalha com registro de ponto opcional, diz que ficava das 8h \u00e0s 20h30 e consegue horas extras porque o banco n\u00e3o apresenta os controles<\/a><\/strong><\/p>\n\n\n\n<h2 class=\"wp-block-heading\">Por que houve R$ 6 mil por dano moral, mas nada por dano material?<\/h2>\n\n\n\n<p class=\"wp-block-paragraph\">Os dois pedidos exigiam provas diferentes. O quadro al\u00e9rgico, o atendimento, a medica\u00e7\u00e3o e o afastamento profissional sustentaram a an\u00e1lise do dano moral. J\u00e1 os gastos que a autora pretendia recuperar n\u00e3o estavam acompanhados de documenta\u00e7\u00e3o suficiente.<\/p>\n\n\n\n<p class=\"wp-block-paragraph\">A senten\u00e7a ficou organizada assim:<\/p>\n\n\n\n<style>\r\n.premium-tbl{box-sizing:border-box;display:flex;flex-direction:column;width:100%;max-width:720px;margin:16px auto;border:1px solid #e2e5e9;border-radius:18px;overflow:hidden;background:#fff!important;box-shadow:0 8px 24px rgba(0,0,0,.07);font-family:Arial,'Segoe UI',sans-serif!important;color:#1a1a1a!important}.premium-tbl table{display:table!important;width:100%!important;max-width:none!important;margin:0!important;border:0!important;border-collapse:collapse!important;table-layout:fixed!important;background:#fff!important}.premium-tbl thead{display:table-header-group!important}.premium-tbl tbody{display:table-row-group!important}.premium-tbl tr{display:table-row!important}.premium-tbl th{padding:14px 16px!important;border:0!important;background:#7a1f2b!important;color:#fff!important;-webkit-text-fill-color:#fff!important;font-size:12px!important;font-weight:700!important;text-transform:none!important;text-align:left!important}.premium-tbl th:nth-child(1){width:30%!important}.premium-tbl th:nth-child(2){width:45%!important}.premium-tbl th:nth-child(3){width:25%!important}.premium-tbl td{display:table-cell!important;padding:14px 16px!important;border:0!important;border-bottom:1px solid #e5e7eb!important;background:transparent!important;color:#1a1a1a!important;-webkit-text-fill-color:#1a1a1a!important;font-size:13px!important;line-height:1.5!important}.premium-tbl tbody tr:nth-child(odd){background:#f8f9fa!important}.premium-tbl tbody tr:nth-child(even){background:#fff!important}.premium-tbl tbody tr:last-child td{border-bottom:none!important}.premium-tbl .main{display:block!important;color:#111!important;-webkit-text-fill-color:#111!important;font-weight:700!important}.premium-tbl .badge{display:inline-flex!important;border-radius:999px!important;padding:4px 10px!important;font-size:11px!important;font-weight:700!important;white-space:nowrap!important}.premium-tbl .ok{background:#dff5eb!important;color:#08694f!important;-webkit-text-fill-color:#08694f!important}.premium-tbl .neutro{background:#e3effb!important;color:#145b9b!important;-webkit-text-fill-color:#145b9b!important}.premium-tbl .alerta{background:#faecd4!important;color:#8a5100!important;-webkit-text-fill-color:#8a5100!important}\r\n@media(max-width:640px){.premium-tbl{border:0!important;border-radius:0!important;box-shadow:none!important;overflow:visible!important;background:transparent!important}.premium-tbl table{display:block!important;background:transparent!important}.premium-tbl thead{display:none!important}.premium-tbl tbody{display:flex!important;flex-direction:column!important;gap:12px!important}.premium-tbl tr{display:block!important;background:#fff!important;border:1px solid #e2e5e9!important;border-radius:16px!important;overflow:hidden!important}.premium-tbl td{display:flex!important;justify-content:space-between!important;gap:16px!important;width:100%!important;padding:12px 14px!important;border:0!important;border-bottom:1px solid #e8eaed!important;background:#fff!important;color:#1a1a1a!important;-webkit-text-fill-color:#1a1a1a!important;text-align:right!important}.premium-tbl td:last-child{border-bottom:none!important}.premium-tbl td::before{content:attr(data-label)!important;flex:0 0 110px!important;color:#555!important;-webkit-text-fill-color:#555!important;font-size:11px!important;font-weight:700!important;text-align:left!important}.premium-tbl .main{text-align:right!important}}\r\n<\/style>\r\n<div class=\"google-auto-ads-ignore premium-tbl\">\r\n<table>\r\n<thead><tr><th>Pedido<\/th><th>Prova considerada<\/th><th>Resultado<\/th><\/tr><\/thead>\r\n<tbody>\r\n<tr><td data-label=\"Pedido\"><span class=\"main\">Dano moral<\/span><\/td><td data-label=\"Prova considerada\">Rea\u00e7\u00e3o, atendimento e repercuss\u00f5es pessoais<\/td><td data-label=\"Resultado\"><span class=\"badge ok\">R$ 6 mil<\/span><\/td><\/tr>\r\n<tr><td data-label=\"Pedido\"><span class=\"main\">Dano material<\/span><\/td><td data-label=\"Prova considerada\">Gastos alegados sem comprova\u00e7\u00e3o documental suficiente<\/td><td data-label=\"Resultado\"><span class=\"badge alerta\">Negado<\/span><\/td><\/tr>\r\n<tr><td data-label=\"Pedido\"><span class=\"main\">Culpa da consumidora<\/span><\/td><td data-label=\"Prova considerada\">Aus\u00eancia do teste de mecha<\/td><td data-label=\"Resultado\"><span class=\"badge alerta\">Tese afastada<\/span><\/td><\/tr>\r\n<tr><td data-label=\"Pedido\"><span class=\"main\">Nexo<\/span><\/td><td data-label=\"Prova considerada\">Cronologia e registros m\u00e9dicos<\/td><td data-label=\"Resultado\"><span class=\"badge neutro\">Reconhecido<\/span><\/td><\/tr>\r\n<\/tbody>\r\n<\/table>\r\n<\/div>\n\n\n\n<h2 class=\"wp-block-heading\">A decis\u00e3o j\u00e1 era definitiva quando foi divulgada?<\/h2>\n\n\n\n<p class=\"wp-block-paragraph\">N\u00e3o. A senten\u00e7a foi divulgada pelo TJDFT em <strong>23 de julho de 2026<\/strong> e ainda admitia recurso. Por isso, o valor de R$ 6 mil correspondia \u00e0 condena\u00e7\u00e3o fixada no primeiro grau naquele momento.<\/p>\n\n\n\n<p class=\"wp-block-paragraph\">A <strong><a href=\"https:\/\/pt.wikipedia.org\/wiki\/Alergia\" target=\"_blank\" rel=\"noopener noreferrer\">alergia<\/a><\/strong> \u00e9 uma resposta de hipersensibilidade que pode incluir incha\u00e7o, entre outros sintomas. No processo, por\u00e9m, a quest\u00e3o jur\u00eddica n\u00e3o foi resolvida por uma defini\u00e7\u00e3o geral de alergia, mas pela sequ\u00eancia concreta entre uso do produto, rea\u00e7\u00e3o apresentada e documenta\u00e7\u00e3o m\u00e9dica.<\/p>\n\n\n\n<style>\r\n.curio-box{box-sizing:border-box;display:flex;flex-direction:column;gap:6px;width:100%;max-width:680px;margin:20px auto 4px;background:#fff2f3;border:1px solid #e5e7eb;border-radius:16px;padding:16px 18px;font-family:Arial,'Segoe UI',sans-serif!important}.curio-box .tag{font-size:11px!important;font-weight:800!important;color:#7a1f2b!important;text-transform:uppercase}.curio-box .txt{font-size:13px!important;color:#333!important;line-height:1.6!important}\r\n<\/style>\r\n<div class=\"google-auto-ads-ignore curio-box\">\r\n<span class=\"tag\">Curiosidade<\/span>\r\n<span class=\"txt\">O processo \u00e9 o n\u00ba 0715311-20.2025.8.07.0009. A consumidora ficou afastada do trabalho por um dia ap\u00f3s o atendimento m\u00e9dico.<\/span>\r\n<\/div>\n","protected":false},"excerpt":{"rendered":"<p>Uma consumidora aplicou uma tintura conforme as instru\u00e7\u00f5es e apresentou forte rea\u00e7\u00e3o al\u00e9rgica, com incha\u00e7o nos olhos e no rosto. A fabricante culpou a aus\u00eancia do teste de mecha, mas a Justi\u00e7a concluiu que esse procedimento tinha outra finalidade e fixou R$ 6 mil por danos morais. O que aconteceu depois da aplica\u00e7\u00e3o da tintura? [&hellip;]<\/p>\n","protected":false},"author":30,"featured_media":267633,"comment_status":"closed","ping_status":"closed","sticky":false,"template":"","format":"standard","meta":{"jnews-multi-image_gallery":[],"jnews_single_post":{"format":"standard"},"jnews_primary_category":[],"jnews_social_meta":[],"jnews_override_counter":[],"footnotes":""},"categories":[35965],"tags":[5436,1333,1332,17889],"class_list":["post-267608","post","type-post","status-publish","format-standard","has-post-thumbnail","hentry","category-relatos","tag-alergia","tag-consumidor","tag-indenizacao","tag-tintura"],"yoast_head":"<!-- This site is optimized with the Yoast SEO plugin v28.3 - https:\/\/yoast.com\/product\/yoast-seo-wordpress\/ -->\n<title>Consumidora usa tintura conforme as instru\u00e7\u00f5es, fica com os olhos e o rosto inchados e fabricante culpa a falta de um teste que n\u00e3o detectaria alergia - Estado de Minas - Em Alta<\/title>\n<meta name=\"description\" content=\"A tintura causou incha\u00e7o no rosto e nos olhos, e a fabricante culpou a falta de teste. Veja quando essa defesa pode n\u00e3o ser suficiente.\" \/>\n<meta name=\"robots\" content=\"index, follow, max-snippet:-1, max-image-preview:large, max-video-preview:-1\" \/>\n<link rel=\"canonical\" href=\"https:\/\/www.em.com.br\/emalta\/2026\/08\/30\/consumidora-usa-tintura-conforme-as-instrucoes-fica-com-os-olhos-e-o-rosto-inchados-e-fabricante-culpa-a-falta-de-um-teste-que-nao-detectaria-alergia\/\" \/>\n<meta property=\"og:locale\" content=\"pt_BR\" \/>\n<meta property=\"og:type\" content=\"article\" \/>\n<meta property=\"og:title\" content=\"Consumidora usa tintura conforme as instru\u00e7\u00f5es, fica com os olhos e o rosto inchados e fabricante culpa a falta de um teste que n\u00e3o detectaria alergia - Estado de Minas - Em Alta\" \/>\n<meta property=\"og:description\" content=\"A tintura causou incha\u00e7o no rosto e nos olhos, e a fabricante culpou a falta de teste. Veja quando essa defesa pode n\u00e3o ser suficiente.\" \/>\n<meta property=\"og:url\" content=\"https:\/\/www.em.com.br\/emalta\/2026\/08\/30\/consumidora-usa-tintura-conforme-as-instrucoes-fica-com-os-olhos-e-o-rosto-inchados-e-fabricante-culpa-a-falta-de-um-teste-que-nao-detectaria-alergia\/\" \/>\n<meta property=\"og:site_name\" content=\"Estado de Minas - Em Alta\" \/>\n<meta property=\"article:published_time\" content=\"2026-08-31T00:37:00+00:00\" \/>\n<meta property=\"og:image\" content=\"https:\/\/www.em.com.br\/emalta\/wp-content\/uploads\/2026\/08\/tinta1.jpg\" \/>\n\t<meta property=\"og:image:width\" content=\"1280\" \/>\n\t<meta property=\"og:image:height\" content=\"720\" \/>\n\t<meta property=\"og:image:type\" content=\"image\/jpeg\" \/>\n<meta name=\"author\" content=\"Guilherme Ara\u00fajo\" \/>\n<meta name=\"twitter:card\" content=\"summary_large_image\" \/>\n<meta name=\"twitter:label1\" content=\"Escrito por\" \/>\n\t<meta name=\"twitter:data1\" content=\"Guilherme Ara\u00fajo\" \/>\n\t<meta name=\"twitter:label2\" content=\"Est. tempo de leitura\" \/>\n\t<meta name=\"twitter:data2\" content=\"4 minutos\" \/>\n<!-- \/ Yoast SEO plugin. -->","yoast_head_json":{"title":"Consumidora usa tintura conforme as instru\u00e7\u00f5es, fica com os olhos e o rosto inchados e fabricante culpa a falta de um teste que n\u00e3o detectaria alergia - Estado de Minas - Em Alta","description":"A tintura causou incha\u00e7o no rosto e nos olhos, e a fabricante culpou a falta de teste. Veja quando essa defesa pode n\u00e3o ser suficiente.","robots":{"index":"index","follow":"follow","max-snippet":"max-snippet:-1","max-image-preview":"max-image-preview:large","max-video-preview":"max-video-preview:-1"},"canonical":"https:\/\/www.em.com.br\/emalta\/2026\/08\/30\/consumidora-usa-tintura-conforme-as-instrucoes-fica-com-os-olhos-e-o-rosto-inchados-e-fabricante-culpa-a-falta-de-um-teste-que-nao-detectaria-alergia\/","og_locale":"pt_BR","og_type":"article","og_title":"Consumidora usa tintura conforme as instru\u00e7\u00f5es, fica com os olhos e o rosto inchados e fabricante culpa a falta de um teste que n\u00e3o detectaria alergia - Estado de Minas - Em Alta","og_description":"A tintura causou incha\u00e7o no rosto e nos olhos, e a fabricante culpou a falta de teste. Veja quando essa defesa pode n\u00e3o ser suficiente.","og_url":"https:\/\/www.em.com.br\/emalta\/2026\/08\/30\/consumidora-usa-tintura-conforme-as-instrucoes-fica-com-os-olhos-e-o-rosto-inchados-e-fabricante-culpa-a-falta-de-um-teste-que-nao-detectaria-alergia\/","og_site_name":"Estado de Minas - Em Alta","article_published_time":"2026-08-31T00:37:00+00:00","og_image":[{"width":1280,"height":720,"url":"https:\/\/www.em.com.br\/emalta\/wp-content\/uploads\/2026\/08\/tinta1.jpg","type":"image\/jpeg"}],"author":"Guilherme Ara\u00fajo","twitter_card":"summary_large_image","twitter_misc":{"Escrito por":"Guilherme Ara\u00fajo","Est. tempo de leitura":"4 minutos"},"schema":{"@context":"https:\/\/schema.org","@graph":[{"@type":"Article","@id":"https:\/\/www.em.com.br\/emalta\/2026\/08\/30\/consumidora-usa-tintura-conforme-as-instrucoes-fica-com-os-olhos-e-o-rosto-inchados-e-fabricante-culpa-a-falta-de-um-teste-que-nao-detectaria-alergia\/#article","isPartOf":{"@id":"https:\/\/www.em.com.br\/emalta\/2026\/08\/30\/consumidora-usa-tintura-conforme-as-instrucoes-fica-com-os-olhos-e-o-rosto-inchados-e-fabricante-culpa-a-falta-de-um-teste-que-nao-detectaria-alergia\/"},"author":{"name":"Guilherme Ara\u00fajo","@id":"https:\/\/www.em.com.br\/emalta\/#\/schema\/person\/a8c27556910de924e3004c2fd747ec3a"},"headline":"Consumidora usa tintura conforme as instru\u00e7\u00f5es, fica com os olhos e o rosto inchados e fabricante culpa a falta de um teste que n\u00e3o detectaria alergia","datePublished":"2026-08-31T00:37:00+00:00","mainEntityOfPage":{"@id":"https:\/\/www.em.com.br\/emalta\/2026\/08\/30\/consumidora-usa-tintura-conforme-as-instrucoes-fica-com-os-olhos-e-o-rosto-inchados-e-fabricante-culpa-a-falta-de-um-teste-que-nao-detectaria-alergia\/"},"wordCount":712,"image":{"@id":"https:\/\/www.em.com.br\/emalta\/2026\/08\/30\/consumidora-usa-tintura-conforme-as-instrucoes-fica-com-os-olhos-e-o-rosto-inchados-e-fabricante-culpa-a-falta-de-um-teste-que-nao-detectaria-alergia\/#primaryimage"},"thumbnailUrl":"https:\/\/www.em.com.br\/emalta\/wp-content\/uploads\/2026\/08\/tinta1.jpg","keywords":["alergia","consumidor","indeniza\u00e7\u00e3o","tintura"],"articleSection":["Relatos"],"inLanguage":"pt-BR"},{"@type":"WebPage","@id":"https:\/\/www.em.com.br\/emalta\/2026\/08\/30\/consumidora-usa-tintura-conforme-as-instrucoes-fica-com-os-olhos-e-o-rosto-inchados-e-fabricante-culpa-a-falta-de-um-teste-que-nao-detectaria-alergia\/","url":"https:\/\/www.em.com.br\/emalta\/2026\/08\/30\/consumidora-usa-tintura-conforme-as-instrucoes-fica-com-os-olhos-e-o-rosto-inchados-e-fabricante-culpa-a-falta-de-um-teste-que-nao-detectaria-alergia\/","name":"Consumidora usa tintura conforme as instru\u00e7\u00f5es, fica com os olhos e o rosto inchados e fabricante culpa a falta de um teste que n\u00e3o detectaria alergia - Estado de Minas - Em Alta","isPartOf":{"@id":"https:\/\/www.em.com.br\/emalta\/#website"},"primaryImageOfPage":{"@id":"https:\/\/www.em.com.br\/emalta\/2026\/08\/30\/consumidora-usa-tintura-conforme-as-instrucoes-fica-com-os-olhos-e-o-rosto-inchados-e-fabricante-culpa-a-falta-de-um-teste-que-nao-detectaria-alergia\/#primaryimage"},"image":{"@id":"https:\/\/www.em.com.br\/emalta\/2026\/08\/30\/consumidora-usa-tintura-conforme-as-instrucoes-fica-com-os-olhos-e-o-rosto-inchados-e-fabricante-culpa-a-falta-de-um-teste-que-nao-detectaria-alergia\/#primaryimage"},"thumbnailUrl":"https:\/\/www.em.com.br\/emalta\/wp-content\/uploads\/2026\/08\/tinta1.jpg","datePublished":"2026-08-31T00:37:00+00:00","author":{"@id":"https:\/\/www.em.com.br\/emalta\/#\/schema\/person\/a8c27556910de924e3004c2fd747ec3a"},"description":"A tintura causou incha\u00e7o no rosto e nos olhos, e a fabricante culpou a falta de teste. Veja quando essa defesa pode n\u00e3o ser suficiente.","breadcrumb":{"@id":"https:\/\/www.em.com.br\/emalta\/2026\/08\/30\/consumidora-usa-tintura-conforme-as-instrucoes-fica-com-os-olhos-e-o-rosto-inchados-e-fabricante-culpa-a-falta-de-um-teste-que-nao-detectaria-alergia\/#breadcrumb"},"inLanguage":"pt-BR","potentialAction":[{"@type":"ReadAction","target":["https:\/\/www.em.com.br\/emalta\/2026\/08\/30\/consumidora-usa-tintura-conforme-as-instrucoes-fica-com-os-olhos-e-o-rosto-inchados-e-fabricante-culpa-a-falta-de-um-teste-que-nao-detectaria-alergia\/"]}]},{"@type":"ImageObject","inLanguage":"pt-BR","@id":"https:\/\/www.em.com.br\/emalta\/2026\/08\/30\/consumidora-usa-tintura-conforme-as-instrucoes-fica-com-os-olhos-e-o-rosto-inchados-e-fabricante-culpa-a-falta-de-um-teste-que-nao-detectaria-alergia\/#primaryimage","url":"https:\/\/www.em.com.br\/emalta\/wp-content\/uploads\/2026\/08\/tinta1.jpg","contentUrl":"https:\/\/www.em.com.br\/emalta\/wp-content\/uploads\/2026\/08\/tinta1.jpg","width":1280,"height":720,"caption":"Seguir as instru\u00e7\u00f5es do produto n\u00e3o impede que uma rea\u00e7\u00e3o inesperada seja discutida"},{"@type":"BreadcrumbList","@id":"https:\/\/www.em.com.br\/emalta\/2026\/08\/30\/consumidora-usa-tintura-conforme-as-instrucoes-fica-com-os-olhos-e-o-rosto-inchados-e-fabricante-culpa-a-falta-de-um-teste-que-nao-detectaria-alergia\/#breadcrumb","itemListElement":[{"@type":"ListItem","position":1,"name":"In\u00edcio","item":"https:\/\/www.em.com.br\/emalta\/"},{"@type":"ListItem","position":2,"name":"Consumidora usa tintura conforme as instru\u00e7\u00f5es, fica com os olhos e o rosto inchados e fabricante culpa a falta de um teste que n\u00e3o detectaria alergia"}]},{"@type":"WebSite","@id":"https:\/\/www.em.com.br\/emalta\/#website","url":"https:\/\/www.em.com.br\/emalta\/","name":"Estado de Minas - Em Alta","description":"Acompanhe as \u00faltimas not\u00edcias e fique bem informado sobre tudo o que acontece em Minas Gerais, Brasil e no mundo.","potentialAction":[{"@type":"SearchAction","target":{"@type":"EntryPoint","urlTemplate":"https:\/\/www.em.com.br\/emalta\/?s={search_term_string}"},"query-input":{"@type":"PropertyValueSpecification","valueRequired":true,"valueName":"search_term_string"}}],"inLanguage":"pt-BR"},{"@type":"Person","@id":"https:\/\/www.em.com.br\/emalta\/#\/schema\/person\/a8c27556910de924e3004c2fd747ec3a","name":"Guilherme Ara\u00fajo","image":{"@type":"ImageObject","inLanguage":"pt-BR","@id":"https:\/\/secure.gravatar.com\/avatar\/063bc96e5a2afd1844386c45bd1360efc771eff011a9fab8cd399e2a104c3ecd?s=96&d=mm&r=g","url":"https:\/\/secure.gravatar.com\/avatar\/063bc96e5a2afd1844386c45bd1360efc771eff011a9fab8cd399e2a104c3ecd?s=96&d=mm&r=g","contentUrl":"https:\/\/secure.gravatar.com\/avatar\/063bc96e5a2afd1844386c45bd1360efc771eff011a9fab8cd399e2a104c3ecd?s=96&d=mm&r=g","caption":"Guilherme Ara\u00fajo"},"sameAs":["https:\/\/www.em.com.br\/emalta"],"url":"https:\/\/www.em.com.br\/emalta\/author\/guilhermeamyth\/"}]}},"_links":{"self":[{"href":"https:\/\/www.em.com.br\/emalta\/wp-json\/wp\/v2\/posts\/267608","targetHints":{"allow":["GET"]}}],"collection":[{"href":"https:\/\/www.em.com.br\/emalta\/wp-json\/wp\/v2\/posts"}],"about":[{"href":"https:\/\/www.em.com.br\/emalta\/wp-json\/wp\/v2\/types\/post"}],"author":[{"embeddable":true,"href":"https:\/\/www.em.com.br\/emalta\/wp-json\/wp\/v2\/users\/30"}],"replies":[{"embeddable":true,"href":"https:\/\/www.em.com.br\/emalta\/wp-json\/wp\/v2\/comments?post=267608"}],"version-history":[{"count":4,"href":"https:\/\/www.em.com.br\/emalta\/wp-json\/wp\/v2\/posts\/267608\/revisions"}],"predecessor-version":[{"id":267687,"href":"https:\/\/www.em.com.br\/emalta\/wp-json\/wp\/v2\/posts\/267608\/revisions\/267687"}],"wp:featuredmedia":[{"embeddable":true,"href":"https:\/\/www.em.com.br\/emalta\/wp-json\/wp\/v2\/media\/267633"}],"wp:attachment":[{"href":"https:\/\/www.em.com.br\/emalta\/wp-json\/wp\/v2\/media?parent=267608"}],"wp:term":[{"taxonomy":"category","embeddable":true,"href":"https:\/\/www.em.com.br\/emalta\/wp-json\/wp\/v2\/categories?post=267608"},{"taxonomy":"post_tag","embeddable":true,"href":"https:\/\/www.em.com.br\/emalta\/wp-json\/wp\/v2\/tags?post=267608"}],"curies":[{"name":"wp","href":"https:\/\/api.w.org\/{rel}","templated":true}]}}