{"id":267607,"date":"2026-08-30T18:57:00","date_gmt":"2026-08-30T21:57:00","guid":{"rendered":"https:\/\/www.em.com.br\/emalta\/?p=267607"},"modified":"2026-08-27T19:46:29","modified_gmt":"2026-08-27T22:46:29","slug":"homem-tenta-separar-uma-briga-no-estacionamento-de-uma-casa-noturna-e-agredido-pelos-segurancas-e-sofre-multiplas-fraturas-no-rosto","status":"publish","type":"post","link":"https:\/\/www.em.com.br\/emalta\/2026\/08\/30\/homem-tenta-separar-uma-briga-no-estacionamento-de-uma-casa-noturna-e-agredido-pelos-segurancas-e-sofre-multiplas-fraturas-no-rosto\/","title":{"rendered":"Homem tenta separar uma briga no estacionamento de uma casa noturna, \u00e9 agredido pelos seguran\u00e7as e sofre m\u00faltiplas fraturas no rosto"},"content":{"rendered":"\n<p class=\"wp-block-paragraph\">Um homem tentou separar uma briga no estacionamento de uma casa noturna e sofreu <strong>agress\u00e3o por seguran\u00e7as<\/strong>, segundo o processo. Ele levou socos, chutes e spray de pimenta, perdeu a consci\u00eancia e teve m\u00faltiplas fraturas na face. A senten\u00e7a fixou R$ 15 mil por danos morais.<\/p>\n\n\n\n<h2 class=\"wp-block-heading\">Como uma tentativa de apartar a confus\u00e3o terminou em cirurgia?<\/h2>\n\n\n\n<p class=\"wp-block-paragraph\">O epis\u00f3dio ocorreu na madrugada de <strong>24 de mar\u00e7o de 2019<\/strong>, em Blumenau. Ao sair de uma festa, o homem viu uma mulher agredindo uma amiga e afirmou que tentou interromper a briga no estacionamento do estabelecimento.<\/p>\n\n\n\n<p class=\"wp-block-paragraph\">Segundo os autos, dois seguran\u00e7as passaram a agredi-lo com socos, chutes e spray de pimenta. Ele perdeu a consci\u00eancia, sofreu m\u00faltiplas fraturas faciais e posteriormente precisou passar por cirurgia reconstrutiva.<\/p>\n\n\n<div class=\"wp-block-image\">\n<figure class=\"aligncenter size-large\"><img decoding=\"async\" width=\"1024\" height=\"576\" src=\"https:\/\/www.em.com.br\/emalta\/wp-content\/uploads\/2026\/08\/estacionamento23-1024x576.jpg\" alt=\"\" class=\"wp-image-267629\" srcset=\"https:\/\/www.em.com.br\/emalta\/wp-content\/uploads\/2026\/08\/estacionamento23-1024x576.jpg 1024w, https:\/\/www.em.com.br\/emalta\/wp-content\/uploads\/2026\/08\/estacionamento23-300x169.jpg 300w, https:\/\/www.em.com.br\/emalta\/wp-content\/uploads\/2026\/08\/estacionamento23-768x432.jpg 768w, https:\/\/www.em.com.br\/emalta\/wp-content\/uploads\/2026\/08\/estacionamento23-750x422.jpg 750w, https:\/\/www.em.com.br\/emalta\/wp-content\/uploads\/2026\/08\/estacionamento23-1140x641.jpg 1140w, https:\/\/www.em.com.br\/emalta\/wp-content\/uploads\/2026\/08\/estacionamento23.jpg 1280w\" sizes=\"(max-width: 1024px) 100vw, 1024px\" \/><figcaption class=\"wp-element-caption\">O motivo pelo qual o homem entrou na briga pode ser importante para reconstruir o epis\u00f3dio \u2014 Imagem meramente ilustrativa<\/figcaption><\/figure>\n<\/div>\n\n\n<h2 class=\"wp-block-heading\">Por que a casa noturna foi responsabilizada pela atua\u00e7\u00e3o dos seguran\u00e7as?<\/h2>\n\n\n\n<p class=\"wp-block-paragraph\">A dona do estabelecimento afirmou que o cliente havia participado de uma briga generalizada e que a equipe apenas tentou conter o tumulto. Tamb\u00e9m argumentou que a seguran\u00e7a era prestada por uma empresa terceirizada.<\/p>\n\n\n\n<p class=\"wp-block-paragraph\">A senten\u00e7a divulgada pelo <strong><a href=\"https:\/\/www.tjsc.jus.br\/web\/imprensa\/-\/casa-noturna-tera-que-indenizar-cliente-agredido-por-segurancas-apos-tentar-separar-briga\" target=\"_blank\" rel=\"noopener noreferrer\">Tribunal de Justi\u00e7a de Santa Catarina<\/a><\/strong> rejeitou essa tentativa de transferir integralmente a responsabilidade. A seguran\u00e7a oferecida aos clientes integra o servi\u00e7o do estabelecimento.<\/p>\n\n\n\n<style>\r\n.card-list{box-sizing:border-box;display:flex;flex-direction:column;gap:14px;width:100%;max-width:680px;margin:16px auto;font-family:Arial,'Segoe UI',sans-serif!important}.card-list .item{display:grid;grid-template-columns:52px 1fr;gap:14px;background:#fff!important;border:1px solid #e5e7eb;border-radius:18px;padding:16px;box-shadow:0 8px 22px rgba(0,0,0,.06)}.card-list .num{width:42px;height:42px;border-radius:14px;background:#2c3e50!important;color:#fff!important;display:flex;align-items:center;justify-content:center;font-weight:800}.card-list .title{display:block!important;color:#111!important;font-size:15px!important;font-weight:700!important}.card-list .desc{display:block!important;margin-top:4px!important;color:#555!important;font-size:13px!important;line-height:1.5!important}@media(max-width:480px){.card-list .item{grid-template-columns:1fr}}\r\n<\/style>\r\n<div class=\"google-auto-ads-ignore card-list\">\r\n<div class=\"item\"><div class=\"num\">1<\/div><div><span class=\"title\">Estacionamento do estabelecimento<\/span><span class=\"desc\">A confus\u00e3o ocorreu em \u00e1rea destinada aos frequentadores da pr\u00f3pria casa noturna.<\/span><\/div><\/div>\r\n<div class=\"item\"><div class=\"num\">2<\/div><div><span class=\"title\">Equipe de seguran\u00e7a<\/span><span class=\"desc\">Os profissionais respons\u00e1veis pela conten\u00e7\u00e3o do tumulto atuavam no servi\u00e7o oferecido aos clientes.<\/span><\/div><\/div>\r\n<div class=\"item\"><div class=\"num\">3<\/div><div><span class=\"title\">Les\u00f5es graves<\/span><span class=\"desc\">Prontu\u00e1rios, per\u00edcia e fotografias registraram m\u00faltiplas fraturas e necessidade de cirurgia.<\/span><\/div><\/div>\r\n<div class=\"item\"><div class=\"num\">4<\/div><div><span class=\"title\">Terceiriza\u00e7\u00e3o<\/span><span class=\"desc\">Contratar outra empresa para realizar a seguran\u00e7a n\u00e3o afastou a responsabilidade perante o consumidor.<\/span><\/div><\/div>\r\n<\/div>\n\n\n\n<h2 class=\"wp-block-heading\">Uma briga provocada por terceiros elimina o dever de seguran\u00e7a?<\/h2>\n\n\n\n<p class=\"wp-block-paragraph\">A senten\u00e7a concluiu que n\u00e3o naquele caso. Tumultos entre frequentadores foram tratados como acontecimentos ligados aos riscos da pr\u00f3pria atividade de entretenimento, o que exige organiza\u00e7\u00e3o e atua\u00e7\u00e3o compat\u00edvel da equipe encarregada da prote\u00e7\u00e3o.<\/p>\n\n\n\n<ul class=\"wp-block-list\">\n<li>A casa noturna oferecia um servi\u00e7o ao p\u00fablico.<\/li>\n\n\n\n<li>O estacionamento fazia parte da \u00e1rea destinada aos clientes.<\/li>\n\n\n\n<li>A equipe atuava para controlar conflitos naquele ambiente.<\/li>\n\n\n\n<li>A terceiriza\u00e7\u00e3o n\u00e3o retirou o dever perante o consumidor.<\/li>\n\n\n\n<li>A gravidade das les\u00f5es foi comprovada por documentos m\u00e9dicos.<\/li>\n<\/ul>\n\n\n\n<p class=\"wp-block-paragraph\">O <strong><a href=\"https:\/\/www.planalto.gov.br\/ccivil_03\/leis\/l8078compilado.htm\" target=\"_blank\" rel=\"noopener noreferrer\">artigo 14 do C\u00f3digo de Defesa do Consumidor<\/a><\/strong> estabelece responsabilidade do fornecedor por danos causados por defeitos relativos \u00e0 presta\u00e7\u00e3o do servi\u00e7o, ressalvadas as hip\u00f3teses de exclus\u00e3o previstas na pr\u00f3pria lei.<\/p>\n\n\n<div class=\"wp-block-image\">\n<figure class=\"aligncenter size-large\"><img decoding=\"async\" width=\"1024\" height=\"576\" src=\"https:\/\/www.em.com.br\/emalta\/wp-content\/uploads\/2026\/08\/estacionadwn12-1024x576.jpg\" alt=\"\" class=\"wp-image-267631\" srcset=\"https:\/\/www.em.com.br\/emalta\/wp-content\/uploads\/2026\/08\/estacionadwn12-1024x576.jpg 1024w, https:\/\/www.em.com.br\/emalta\/wp-content\/uploads\/2026\/08\/estacionadwn12-300x169.jpg 300w, https:\/\/www.em.com.br\/emalta\/wp-content\/uploads\/2026\/08\/estacionadwn12-768x432.jpg 768w, https:\/\/www.em.com.br\/emalta\/wp-content\/uploads\/2026\/08\/estacionadwn12-750x422.jpg 750w, https:\/\/www.em.com.br\/emalta\/wp-content\/uploads\/2026\/08\/estacionadwn12-1140x641.jpg 1140w, https:\/\/www.em.com.br\/emalta\/wp-content\/uploads\/2026\/08\/estacionadwn12.jpg 1280w\" sizes=\"(max-width: 1024px) 100vw, 1024px\" \/><figcaption class=\"wp-element-caption\">As m\u00faltiplas fraturas ajudam a mostrar a gravidade da agress\u00e3o sofrida<\/figcaption><\/figure>\n<\/div>\n\n\n<p class=\"wp-block-paragraph\"><strong>Leia tamb\u00e9m: <a href=\"https:\/\/www.em.com.br\/emalta\/2026\/08\/27\/bancaria-trabalha-com-registro-de-ponto-opcional-diz-que-ficava-das-8h-as-20h30-e-consegue-horas-extras-porque-o-banco-nao-apresenta-os-controles\/\" target=\"_blank\" rel=\"noreferrer noopener\">Banc\u00e1ria trabalha com registro de ponto opcional, diz que ficava das 8h \u00e0s 20h30 e consegue horas extras porque o banco n\u00e3o apresenta os controles<\/a><\/strong><\/p>\n\n\n\n<h2 class=\"wp-block-heading\">Por que houve R$ 15 mil de dano moral, mas nenhum dano est\u00e9tico?<\/h2>\n\n\n\n<p class=\"wp-block-paragraph\">O homem pediu diferentes formas de indeniza\u00e7\u00e3o. O dano moral foi reconhecido devido \u00e0 viol\u00eancia, \u00e0s m\u00faltiplas fraturas, \u00e0 cirurgia e ao per\u00edodo de afastamento. J\u00e1 outros pedidos dependiam de provas espec\u00edficas que n\u00e3o foram apresentadas de maneira suficiente.<\/p>\n\n\n\n<p class=\"wp-block-paragraph\">A senten\u00e7a separou os pedidos assim:<\/p>\n\n\n\n<style>\r\n.premium-tbl{box-sizing:border-box;display:flex;flex-direction:column;width:100%;max-width:720px;margin:16px auto;border:1px solid #e2e5e9;border-radius:18px;overflow:hidden;background:#fff!important;box-shadow:0 8px 24px rgba(0,0,0,.07);font-family:Arial,'Segoe UI',sans-serif!important;color:#1a1a1a!important}.premium-tbl table{display:table!important;width:100%!important;max-width:none!important;margin:0!important;border:0!important;border-collapse:collapse!important;table-layout:fixed!important;background:#fff!important}.premium-tbl thead{display:table-header-group!important}.premium-tbl tbody{display:table-row-group!important}.premium-tbl tr{display:table-row!important}.premium-tbl th{padding:14px 16px!important;border:0!important;background:#2c3e50!important;color:#fff!important;-webkit-text-fill-color:#fff!important;font-size:12px!important;font-weight:700!important;text-transform:none!important;text-align:left!important}.premium-tbl th:nth-child(1){width:30%!important}.premium-tbl th:nth-child(2){width:45%!important}.premium-tbl th:nth-child(3){width:25%!important}.premium-tbl td{display:table-cell!important;padding:14px 16px!important;border:0!important;border-bottom:1px solid #e5e7eb!important;background:transparent!important;color:#1a1a1a!important;-webkit-text-fill-color:#1a1a1a!important;font-size:13px!important;line-height:1.5!important}.premium-tbl tbody tr:nth-child(odd){background:#f8f9fa!important}.premium-tbl tbody tr:nth-child(even){background:#fff!important}.premium-tbl tbody tr:last-child td{border-bottom:none!important}.premium-tbl .main{display:block!important;color:#111!important;-webkit-text-fill-color:#111!important;font-weight:700!important}.premium-tbl .badge{display:inline-flex!important;border-radius:999px!important;padding:4px 10px!important;font-size:11px!important;font-weight:700!important;white-space:nowrap!important}.premium-tbl .ok{background:#dff5eb!important;color:#08694f!important;-webkit-text-fill-color:#08694f!important}.premium-tbl .neutro{background:#e3effb!important;color:#145b9b!important;-webkit-text-fill-color:#145b9b!important}.premium-tbl .alerta{background:#faecd4!important;color:#8a5100!important;-webkit-text-fill-color:#8a5100!important}\r\n@media(max-width:640px){.premium-tbl{border:0!important;border-radius:0!important;box-shadow:none!important;overflow:visible!important;background:transparent!important}.premium-tbl table{display:block!important;background:transparent!important}.premium-tbl thead{display:none!important}.premium-tbl tbody{display:flex!important;flex-direction:column!important;gap:12px!important}.premium-tbl tr{display:block!important;background:#fff!important;border:1px solid #e2e5e9!important;border-radius:16px!important;overflow:hidden!important}.premium-tbl td{display:flex!important;justify-content:space-between!important;gap:16px!important;width:100%!important;padding:12px 14px!important;border:0!important;border-bottom:1px solid #e8eaed!important;background:#fff!important;color:#1a1a1a!important;-webkit-text-fill-color:#1a1a1a!important;text-align:right!important}.premium-tbl td:last-child{border-bottom:none!important}.premium-tbl td::before{content:attr(data-label)!important;flex:0 0 110px!important;color:#555!important;-webkit-text-fill-color:#555!important;font-size:11px!important;font-weight:700!important;text-align:left!important}.premium-tbl .main{text-align:right!important}}\r\n<\/style>\r\n<div class=\"google-auto-ads-ignore premium-tbl\">\r\n<table>\r\n<thead><tr><th>Pedido<\/th><th>O que a senten\u00e7a considerou<\/th><th>Resultado<\/th><\/tr><\/thead>\r\n<tbody>\r\n<tr><td data-label=\"Pedido\"><span class=\"main\">Dano moral<\/span><\/td><td data-label=\"O que a senten\u00e7a considerou\">Gravidade da agress\u00e3o, cirurgia e afastamento<\/td><td data-label=\"Resultado\"><span class=\"badge ok\">R$ 15 mil<\/span><\/td><\/tr>\r\n<tr><td data-label=\"Pedido\"><span class=\"main\">Dano est\u00e9tico<\/span><\/td><td data-label=\"O que a senten\u00e7a considerou\">N\u00e3o houve prova suficiente de sequela permanente<\/td><td data-label=\"Resultado\"><span class=\"badge alerta\">Negado<\/span><\/td><\/tr>\r\n<tr><td data-label=\"Pedido\"><span class=\"main\">Dano material<\/span><\/td><td data-label=\"O que a senten\u00e7a considerou\">Despesas futuras alegadas n\u00e3o foram comprovadas<\/td><td data-label=\"Resultado\"><span class=\"badge alerta\">Negado<\/span><\/td><\/tr>\r\n<tr><td data-label=\"Pedido\"><span class=\"main\">Seguran\u00e7a terceirizada<\/span><\/td><td data-label=\"O que a senten\u00e7a considerou\">N\u00e3o excluiu o dever do estabelecimento<\/td><td data-label=\"Resultado\"><span class=\"badge neutro\">Defesa afastada<\/span><\/td><\/tr>\r\n<\/tbody>\r\n<\/table>\r\n<\/div>\n\n\n\n<h2 class=\"wp-block-heading\">A indeniza\u00e7\u00e3o j\u00e1 estava definitivamente garantida?<\/h2>\n\n\n\n<p class=\"wp-block-paragraph\">N\u00e3o. A decis\u00e3o foi proferida em <strong>7 de julho de 2026<\/strong> pela 3\u00aa Vara C\u00edvel de Blumenau e ainda admitia recurso quando o TJSC divulgou o caso. Por isso, o valor fixado n\u00e3o deveria ser tratado naquele momento como decis\u00e3o definitiva.<\/p>\n\n\n\n<p class=\"wp-block-paragraph\">O caso tamb\u00e9m ajuda a separar a <strong><a href=\"https:\/\/pt.wikipedia.org\/wiki\/Seguran%C3%A7a_privada\" target=\"_blank\" rel=\"noopener noreferrer\">seguran\u00e7a privada<\/a><\/strong> contratada pelo estabelecimento da responsabilidade perante quem compra o servi\u00e7o principal. Para a senten\u00e7a, a terceiriza\u00e7\u00e3o n\u00e3o poderia deixar o consumidor sem resposta pelo que ocorreu dentro da estrutura oferecida pela casa noturna.<\/p>\n\n\n\n<style>\r\n.curio-box{box-sizing:border-box;display:flex;flex-direction:column;gap:6px;width:100%;max-width:680px;margin:20px auto 4px;background:#f5f7fa;border:1px solid #e5e7eb;border-radius:16px;padding:16px 18px;font-family:Arial,'Segoe UI',sans-serif!important}.curio-box .tag{font-size:11px!important;font-weight:800!important;color:#2c3e50!important;text-transform:uppercase}.curio-box .txt{font-size:13px!important;color:#333!important;line-height:1.6!important}\r\n<\/style>\r\n<div class=\"google-auto-ads-ignore curio-box\">\r\n<span class=\"tag\">Curiosidade<\/span>\r\n<span class=\"txt\">O processo \u00e9 o n\u00ba 5016774-21.2021.8.24.0008. Entre as provas citadas na senten\u00e7a estavam prontu\u00e1rios m\u00e9dicos, laudos, boletim de ocorr\u00eancia, fotografias e depoimentos.<\/span>\r\n<\/div>\n","protected":false},"excerpt":{"rendered":"<p>Um homem tentou separar uma briga no estacionamento de uma casa noturna e sofreu agress\u00e3o por seguran\u00e7as, segundo o processo. Ele levou socos, chutes e spray de pimenta, perdeu a consci\u00eancia e teve m\u00faltiplas fraturas na face. A senten\u00e7a fixou R$ 15 mil por danos morais. Como uma tentativa de apartar a confus\u00e3o terminou em [&hellip;]<\/p>\n","protected":false},"author":30,"featured_media":267628,"comment_status":"closed","ping_status":"closed","sticky":false,"template":"","format":"standard","meta":{"jnews-multi-image_gallery":[],"jnews_single_post":{"format":"standard"},"jnews_primary_category":[],"jnews_social_meta":[],"jnews_override_counter":[],"footnotes":""},"categories":[35965],"tags":[36515,1333,1332,36516],"class_list":["post-267607","post","type-post","status-publish","format-standard","has-post-thumbnail","hentry","category-relatos","tag-casa-noturna","tag-consumidor","tag-indenizacao","tag-segurancas"],"yoast_head":"<!-- This site is optimized with the Yoast SEO plugin v28.3 - https:\/\/yoast.com\/product\/yoast-seo-wordpress\/ -->\n<title>Homem tenta separar uma briga no estacionamento de uma casa noturna, \u00e9 agredido pelos seguran\u00e7as e sofre m\u00faltiplas fraturas no rosto - Estado de Minas - Em Alta<\/title>\n<meta name=\"description\" content=\"Homem tenta separar uma briga e sofre m\u00faltiplas fraturas no rosto. A atua\u00e7\u00e3o de seguran\u00e7as terceirizados entra no centro da condena\u00e7\u00e3o.\" \/>\n<meta name=\"robots\" content=\"index, follow, max-snippet:-1, max-image-preview:large, max-video-preview:-1\" \/>\n<link rel=\"canonical\" href=\"https:\/\/www.em.com.br\/emalta\/2026\/08\/30\/homem-tenta-separar-uma-briga-no-estacionamento-de-uma-casa-noturna-e-agredido-pelos-segurancas-e-sofre-multiplas-fraturas-no-rosto\/\" \/>\n<meta property=\"og:locale\" content=\"pt_BR\" \/>\n<meta property=\"og:type\" content=\"article\" \/>\n<meta property=\"og:title\" content=\"Homem tenta separar uma briga no estacionamento de uma casa noturna, \u00e9 agredido pelos seguran\u00e7as e sofre m\u00faltiplas fraturas no rosto - Estado de Minas - Em Alta\" \/>\n<meta property=\"og:description\" content=\"Homem tenta separar uma briga e sofre m\u00faltiplas fraturas no rosto. A atua\u00e7\u00e3o de seguran\u00e7as terceirizados entra no centro da condena\u00e7\u00e3o.\" \/>\n<meta property=\"og:url\" content=\"https:\/\/www.em.com.br\/emalta\/2026\/08\/30\/homem-tenta-separar-uma-briga-no-estacionamento-de-uma-casa-noturna-e-agredido-pelos-segurancas-e-sofre-multiplas-fraturas-no-rosto\/\" \/>\n<meta property=\"og:site_name\" content=\"Estado de Minas - Em Alta\" \/>\n<meta property=\"article:published_time\" content=\"2026-08-30T21:57:00+00:00\" \/>\n<meta property=\"og:image\" content=\"https:\/\/www.em.com.br\/emalta\/wp-content\/uploads\/2026\/08\/capa13123.jpg\" \/>\n\t<meta property=\"og:image:width\" content=\"1280\" \/>\n\t<meta property=\"og:image:height\" content=\"720\" \/>\n\t<meta property=\"og:image:type\" content=\"image\/jpeg\" \/>\n<meta name=\"author\" content=\"Guilherme Ara\u00fajo\" \/>\n<meta name=\"twitter:card\" content=\"summary_large_image\" \/>\n<meta name=\"twitter:label1\" content=\"Escrito por\" \/>\n\t<meta name=\"twitter:data1\" content=\"Guilherme Ara\u00fajo\" \/>\n\t<meta name=\"twitter:label2\" content=\"Est. tempo de leitura\" \/>\n\t<meta name=\"twitter:data2\" content=\"5 minutos\" \/>\n<!-- \/ Yoast SEO plugin. -->","yoast_head_json":{"title":"Homem tenta separar uma briga no estacionamento de uma casa noturna, \u00e9 agredido pelos seguran\u00e7as e sofre m\u00faltiplas fraturas no rosto - Estado de Minas - Em Alta","description":"Homem tenta separar uma briga e sofre m\u00faltiplas fraturas no rosto. A atua\u00e7\u00e3o de seguran\u00e7as terceirizados entra no centro da condena\u00e7\u00e3o.","robots":{"index":"index","follow":"follow","max-snippet":"max-snippet:-1","max-image-preview":"max-image-preview:large","max-video-preview":"max-video-preview:-1"},"canonical":"https:\/\/www.em.com.br\/emalta\/2026\/08\/30\/homem-tenta-separar-uma-briga-no-estacionamento-de-uma-casa-noturna-e-agredido-pelos-segurancas-e-sofre-multiplas-fraturas-no-rosto\/","og_locale":"pt_BR","og_type":"article","og_title":"Homem tenta separar uma briga no estacionamento de uma casa noturna, \u00e9 agredido pelos seguran\u00e7as e sofre m\u00faltiplas fraturas no rosto - Estado de Minas - Em Alta","og_description":"Homem tenta separar uma briga e sofre m\u00faltiplas fraturas no rosto. A atua\u00e7\u00e3o de seguran\u00e7as terceirizados entra no centro da condena\u00e7\u00e3o.","og_url":"https:\/\/www.em.com.br\/emalta\/2026\/08\/30\/homem-tenta-separar-uma-briga-no-estacionamento-de-uma-casa-noturna-e-agredido-pelos-segurancas-e-sofre-multiplas-fraturas-no-rosto\/","og_site_name":"Estado de Minas - Em Alta","article_published_time":"2026-08-30T21:57:00+00:00","og_image":[{"width":1280,"height":720,"url":"https:\/\/www.em.com.br\/emalta\/wp-content\/uploads\/2026\/08\/capa13123.jpg","type":"image\/jpeg"}],"author":"Guilherme Ara\u00fajo","twitter_card":"summary_large_image","twitter_misc":{"Escrito por":"Guilherme Ara\u00fajo","Est. tempo de leitura":"5 minutos"},"schema":{"@context":"https:\/\/schema.org","@graph":[{"@type":"Article","@id":"https:\/\/www.em.com.br\/emalta\/2026\/08\/30\/homem-tenta-separar-uma-briga-no-estacionamento-de-uma-casa-noturna-e-agredido-pelos-segurancas-e-sofre-multiplas-fraturas-no-rosto\/#article","isPartOf":{"@id":"https:\/\/www.em.com.br\/emalta\/2026\/08\/30\/homem-tenta-separar-uma-briga-no-estacionamento-de-uma-casa-noturna-e-agredido-pelos-segurancas-e-sofre-multiplas-fraturas-no-rosto\/"},"author":{"name":"Guilherme Ara\u00fajo","@id":"https:\/\/www.em.com.br\/emalta\/#\/schema\/person\/a8c27556910de924e3004c2fd747ec3a"},"headline":"Homem tenta separar uma briga no estacionamento de uma casa noturna, \u00e9 agredido pelos seguran\u00e7as e sofre m\u00faltiplas fraturas no rosto","datePublished":"2026-08-30T21:57:00+00:00","mainEntityOfPage":{"@id":"https:\/\/www.em.com.br\/emalta\/2026\/08\/30\/homem-tenta-separar-uma-briga-no-estacionamento-de-uma-casa-noturna-e-agredido-pelos-segurancas-e-sofre-multiplas-fraturas-no-rosto\/"},"wordCount":746,"image":{"@id":"https:\/\/www.em.com.br\/emalta\/2026\/08\/30\/homem-tenta-separar-uma-briga-no-estacionamento-de-uma-casa-noturna-e-agredido-pelos-segurancas-e-sofre-multiplas-fraturas-no-rosto\/#primaryimage"},"thumbnailUrl":"https:\/\/www.em.com.br\/emalta\/wp-content\/uploads\/2026\/08\/capa13123.jpg","keywords":["casa noturna","consumidor","indeniza\u00e7\u00e3o","seguran\u00e7as"],"articleSection":["Relatos"],"inLanguage":"pt-BR"},{"@type":"WebPage","@id":"https:\/\/www.em.com.br\/emalta\/2026\/08\/30\/homem-tenta-separar-uma-briga-no-estacionamento-de-uma-casa-noturna-e-agredido-pelos-segurancas-e-sofre-multiplas-fraturas-no-rosto\/","url":"https:\/\/www.em.com.br\/emalta\/2026\/08\/30\/homem-tenta-separar-uma-briga-no-estacionamento-de-uma-casa-noturna-e-agredido-pelos-segurancas-e-sofre-multiplas-fraturas-no-rosto\/","name":"Homem tenta separar uma briga no estacionamento de uma casa noturna, \u00e9 agredido pelos seguran\u00e7as e sofre m\u00faltiplas fraturas no rosto - Estado de Minas - Em Alta","isPartOf":{"@id":"https:\/\/www.em.com.br\/emalta\/#website"},"primaryImageOfPage":{"@id":"https:\/\/www.em.com.br\/emalta\/2026\/08\/30\/homem-tenta-separar-uma-briga-no-estacionamento-de-uma-casa-noturna-e-agredido-pelos-segurancas-e-sofre-multiplas-fraturas-no-rosto\/#primaryimage"},"image":{"@id":"https:\/\/www.em.com.br\/emalta\/2026\/08\/30\/homem-tenta-separar-uma-briga-no-estacionamento-de-uma-casa-noturna-e-agredido-pelos-segurancas-e-sofre-multiplas-fraturas-no-rosto\/#primaryimage"},"thumbnailUrl":"https:\/\/www.em.com.br\/emalta\/wp-content\/uploads\/2026\/08\/capa13123.jpg","datePublished":"2026-08-30T21:57:00+00:00","author":{"@id":"https:\/\/www.em.com.br\/emalta\/#\/schema\/person\/a8c27556910de924e3004c2fd747ec3a"},"description":"Homem tenta separar uma briga e sofre m\u00faltiplas fraturas no rosto. A atua\u00e7\u00e3o de seguran\u00e7as terceirizados entra no centro da condena\u00e7\u00e3o.","breadcrumb":{"@id":"https:\/\/www.em.com.br\/emalta\/2026\/08\/30\/homem-tenta-separar-uma-briga-no-estacionamento-de-uma-casa-noturna-e-agredido-pelos-segurancas-e-sofre-multiplas-fraturas-no-rosto\/#breadcrumb"},"inLanguage":"pt-BR","potentialAction":[{"@type":"ReadAction","target":["https:\/\/www.em.com.br\/emalta\/2026\/08\/30\/homem-tenta-separar-uma-briga-no-estacionamento-de-uma-casa-noturna-e-agredido-pelos-segurancas-e-sofre-multiplas-fraturas-no-rosto\/"]}]},{"@type":"ImageObject","inLanguage":"pt-BR","@id":"https:\/\/www.em.com.br\/emalta\/2026\/08\/30\/homem-tenta-separar-uma-briga-no-estacionamento-de-uma-casa-noturna-e-agredido-pelos-segurancas-e-sofre-multiplas-fraturas-no-rosto\/#primaryimage","url":"https:\/\/www.em.com.br\/emalta\/wp-content\/uploads\/2026\/08\/capa13123.jpg","contentUrl":"https:\/\/www.em.com.br\/emalta\/wp-content\/uploads\/2026\/08\/capa13123.jpg","width":1280,"height":720,"caption":"O motivo pelo qual o homem entrou na briga pode ser importante para reconstruir o epis\u00f3dio \u2014 Imagem meramente ilustrativa"},{"@type":"BreadcrumbList","@id":"https:\/\/www.em.com.br\/emalta\/2026\/08\/30\/homem-tenta-separar-uma-briga-no-estacionamento-de-uma-casa-noturna-e-agredido-pelos-segurancas-e-sofre-multiplas-fraturas-no-rosto\/#breadcrumb","itemListElement":[{"@type":"ListItem","position":1,"name":"In\u00edcio","item":"https:\/\/www.em.com.br\/emalta\/"},{"@type":"ListItem","position":2,"name":"Homem tenta separar uma briga no estacionamento de uma casa noturna, \u00e9 agredido pelos seguran\u00e7as e sofre m\u00faltiplas fraturas no rosto"}]},{"@type":"WebSite","@id":"https:\/\/www.em.com.br\/emalta\/#website","url":"https:\/\/www.em.com.br\/emalta\/","name":"Estado de Minas - Em Alta","description":"Acompanhe as \u00faltimas not\u00edcias e fique bem informado sobre tudo o que acontece em Minas Gerais, Brasil e no mundo.","potentialAction":[{"@type":"SearchAction","target":{"@type":"EntryPoint","urlTemplate":"https:\/\/www.em.com.br\/emalta\/?s={search_term_string}"},"query-input":{"@type":"PropertyValueSpecification","valueRequired":true,"valueName":"search_term_string"}}],"inLanguage":"pt-BR"},{"@type":"Person","@id":"https:\/\/www.em.com.br\/emalta\/#\/schema\/person\/a8c27556910de924e3004c2fd747ec3a","name":"Guilherme Ara\u00fajo","image":{"@type":"ImageObject","inLanguage":"pt-BR","@id":"https:\/\/secure.gravatar.com\/avatar\/063bc96e5a2afd1844386c45bd1360efc771eff011a9fab8cd399e2a104c3ecd?s=96&d=mm&r=g","url":"https:\/\/secure.gravatar.com\/avatar\/063bc96e5a2afd1844386c45bd1360efc771eff011a9fab8cd399e2a104c3ecd?s=96&d=mm&r=g","contentUrl":"https:\/\/secure.gravatar.com\/avatar\/063bc96e5a2afd1844386c45bd1360efc771eff011a9fab8cd399e2a104c3ecd?s=96&d=mm&r=g","caption":"Guilherme Ara\u00fajo"},"sameAs":["https:\/\/www.em.com.br\/emalta"],"url":"https:\/\/www.em.com.br\/emalta\/author\/guilhermeamyth\/"}]}},"_links":{"self":[{"href":"https:\/\/www.em.com.br\/emalta\/wp-json\/wp\/v2\/posts\/267607","targetHints":{"allow":["GET"]}}],"collection":[{"href":"https:\/\/www.em.com.br\/emalta\/wp-json\/wp\/v2\/posts"}],"about":[{"href":"https:\/\/www.em.com.br\/emalta\/wp-json\/wp\/v2\/types\/post"}],"author":[{"embeddable":true,"href":"https:\/\/www.em.com.br\/emalta\/wp-json\/wp\/v2\/users\/30"}],"replies":[{"embeddable":true,"href":"https:\/\/www.em.com.br\/emalta\/wp-json\/wp\/v2\/comments?post=267607"}],"version-history":[{"count":5,"href":"https:\/\/www.em.com.br\/emalta\/wp-json\/wp\/v2\/posts\/267607\/revisions"}],"predecessor-version":[{"id":267686,"href":"https:\/\/www.em.com.br\/emalta\/wp-json\/wp\/v2\/posts\/267607\/revisions\/267686"}],"wp:featuredmedia":[{"embeddable":true,"href":"https:\/\/www.em.com.br\/emalta\/wp-json\/wp\/v2\/media\/267628"}],"wp:attachment":[{"href":"https:\/\/www.em.com.br\/emalta\/wp-json\/wp\/v2\/media?parent=267607"}],"wp:term":[{"taxonomy":"category","embeddable":true,"href":"https:\/\/www.em.com.br\/emalta\/wp-json\/wp\/v2\/categories?post=267607"},{"taxonomy":"post_tag","embeddable":true,"href":"https:\/\/www.em.com.br\/emalta\/wp-json\/wp\/v2\/tags?post=267607"}],"curies":[{"name":"wp","href":"https:\/\/api.w.org\/{rel}","templated":true}]}}