{"id":267605,"date":"2026-08-30T17:17:00","date_gmt":"2026-08-30T20:17:00","guid":{"rendered":"https:\/\/www.em.com.br\/emalta\/?p=267605"},"modified":"2026-08-27T19:46:26","modified_gmt":"2026-08-27T22:46:26","slug":"ciclista-e-atingido-pelas-costas-por-uma-madeira-que-caiu-de-caminhao-quebra-dois-dentes-e-recebera-r-18-79892","status":"publish","type":"post","link":"https:\/\/www.em.com.br\/emalta\/2026\/08\/30\/ciclista-e-atingido-pelas-costas-por-uma-madeira-que-caiu-de-caminhao-quebra-dois-dentes-e-recebera-r-18-79892\/","title":{"rendered":"Ciclista \u00e9 atingido pelas costas por uma madeira que caiu de caminh\u00e3o, quebra dois dentes e receber\u00e1 R$ 18.798,92"},"content":{"rendered":"\n<p class=\"wp-block-paragraph\">Um ciclista trafegava pela BR-020 quando foi atingido pelas costas por uma <strong>madeira do caminh\u00e3o<\/strong> que transportava carga para uma construtora. A queda provocou dois dentes fraturados, cicatriz permanente no l\u00e1bio e sequelas na fala e na mastiga\u00e7\u00e3o. O TJDFT manteve R$ 18.798,92.<\/p>\n\n\n\n<h2 class=\"wp-block-heading\">O que aconteceu na BR-020?<\/h2>\n\n\n\n<p class=\"wp-block-paragraph\">O acidente ocorreu nas proximidades de <strong>Planaltina, no Distrito Federal<\/strong>. Segundo o processo, um peda\u00e7o de madeira se desprendeu da carga de um caminh\u00e3o e acertou o ciclista pelas costas, fazendo com que ele ca\u00edsse.<\/p>\n\n\n\n<p class=\"wp-block-paragraph\">As consequ\u00eancias foram al\u00e9m dos ferimentos imediatos. Houve fratura de dois dentes, cicatriz permanente no l\u00e1bio superior e altera\u00e7\u00f5es nas fun\u00e7\u00f5es fon\u00e9tica e mastigat\u00f3ria, documentadas durante o processo.<\/p>\n\n\n<div class=\"wp-block-image\">\n<figure class=\"aligncenter size-large\"><img decoding=\"async\" width=\"1024\" height=\"576\" src=\"https:\/\/www.em.com.br\/emalta\/wp-content\/uploads\/2026\/08\/madeira2-1024x576.jpg\" alt=\"\" class=\"wp-image-267618\" srcset=\"https:\/\/www.em.com.br\/emalta\/wp-content\/uploads\/2026\/08\/madeira2-1024x576.jpg 1024w, https:\/\/www.em.com.br\/emalta\/wp-content\/uploads\/2026\/08\/madeira2-300x169.jpg 300w, https:\/\/www.em.com.br\/emalta\/wp-content\/uploads\/2026\/08\/madeira2-768x432.jpg 768w, https:\/\/www.em.com.br\/emalta\/wp-content\/uploads\/2026\/08\/madeira2-750x422.jpg 750w, https:\/\/www.em.com.br\/emalta\/wp-content\/uploads\/2026\/08\/madeira2-1140x641.jpg 1140w, https:\/\/www.em.com.br\/emalta\/wp-content\/uploads\/2026\/08\/madeira2.jpg 1280w\" sizes=\"(max-width: 1024px) 100vw, 1024px\" \/><figcaption class=\"wp-element-caption\">O ciclista foi atingido sem ter qualquer participa\u00e7\u00e3o na queda da madeira<\/figcaption><\/figure>\n<\/div>\n\n\n<h2 class=\"wp-block-heading\">Por que a construtora respondeu mesmo discutindo a origem do caminh\u00e3o?<\/h2>\n\n\n\n<p class=\"wp-block-paragraph\">A empresa alegou que o caminh\u00e3o n\u00e3o lhe pertencia e tamb\u00e9m tentou atribuir culpa exclusiva ao ciclista. A <strong><a href=\"https:\/\/www.tjdft.jus.br\/institucional\/imprensa\/noticias\/2026\/agosto\/tjdft-mantem-indenizacao-por-acidente-causado-por-objeto-desprendido-de-carga-de-caminhao\" target=\"_blank\" rel=\"noopener noreferrer\">1\u00aa Turma C\u00edvel do TJDFT<\/a><\/strong> rejeitou os dois argumentos.<\/p>\n\n\n\n<p class=\"wp-block-paragraph\">O colegiado considerou comprovado que o transporte da madeira fazia parte da cadeia produtiva da empresa. A responsabilidade foi analisada de forma objetiva a partir do dano provocado pela carga vinculada \u00e0 atividade exercida.<\/p>\n\n\n\n<style>\r\n.card-list{box-sizing:border-box;display:flex;flex-direction:column;gap:14px;width:100%;max-width:680px;margin:16px auto;font-family:Arial,'Segoe UI',sans-serif!important}.card-list .item{display:grid;grid-template-columns:52px 1fr;gap:14px;background:#fff!important;border:1px solid #e5e7eb;border-radius:18px;padding:16px;box-shadow:0 8px 22px rgba(0,0,0,.06)}.card-list .num{width:42px;height:42px;border-radius:14px;background:#2c3e50!important;color:#fff!important;display:flex;align-items:center;justify-content:center;font-weight:800}.card-list .title{display:block!important;color:#111!important;font-size:15px!important;font-weight:700!important}.card-list .desc{display:block!important;margin-top:4px!important;color:#555!important;font-size:13px!important;line-height:1.5!important}@media(max-width:480px){.card-list .item{grid-template-columns:1fr}}\r\n<\/style>\r\n<div class=\"google-auto-ads-ignore card-list\">\r\n<div class=\"item\"><div class=\"num\">1<\/div><div><span class=\"title\">Objeto desprendido<\/span><span class=\"desc\">A madeira saiu da carga transportada e atingiu diretamente quem trafegava atr\u00e1s do caminh\u00e3o.<\/span><\/div><\/div>\r\n<div class=\"item\"><div class=\"num\">2<\/div><div><span class=\"title\">Transporte ligado \u00e0 empresa<\/span><span class=\"desc\">O TJDFT considerou que a movimenta\u00e7\u00e3o da madeira integrava a atividade produtiva da construtora.<\/span><\/div><\/div>\r\n<div class=\"item\"><div class=\"num\">3<\/div><div><span class=\"title\">Les\u00f5es documentadas<\/span><span class=\"desc\">Despesas odontol\u00f3gicas e laudo pericial ajudaram a comprovar diferentes consequ\u00eancias do acidente.<\/span><\/div><\/div>\r\n<div class=\"item\"><div class=\"num\">4<\/div><div><span class=\"title\">Culpa exclusiva afastada<\/span><span class=\"desc\">A tese de que o ciclista estaria em local proibido n\u00e3o foi aceita pelo colegiado.<\/span><\/div><\/div>\r\n<\/div>\n\n\n\n<h2 class=\"wp-block-heading\">O ciclista podia circular naquele trecho da rodovia?<\/h2>\n\n\n\n<p class=\"wp-block-paragraph\">Essa quest\u00e3o entrou diretamente na defesa da construtora. O tribunal concluiu que o homem trafegava de acordo com as regras aplic\u00e1veis e afastou a afirma\u00e7\u00e3o de que ele estava em local no qual a bicicleta n\u00e3o poderia circular.<\/p>\n\n\n\n<ul class=\"wp-block-list\">\n<li>O acidente ocorreu numa rodovia.<\/li>\n\n\n\n<li>A empresa tentou atribuir culpa exclusiva \u00e0 v\u00edtima.<\/li>\n\n\n\n<li>O tribunal analisou a posi\u00e7\u00e3o da bicicleta na via.<\/li>\n\n\n\n<li>A vers\u00e3o de circula\u00e7\u00e3o proibida n\u00e3o prevaleceu.<\/li>\n\n\n\n<li>A indeniza\u00e7\u00e3o foi mantida integralmente.<\/li>\n<\/ul>\n\n\n\n<p class=\"wp-block-paragraph\">O <strong><a href=\"https:\/\/www.planalto.gov.br\/ccivil_03\/leis\/l9503compilado.htm\" target=\"_blank\" rel=\"noopener noreferrer\">artigo 58 do C\u00f3digo de Tr\u00e2nsito Brasileiro<\/a><\/strong> prev\u00ea circula\u00e7\u00e3o de bicicletas nos bordos da pista em determinadas vias quando n\u00e3o houver ciclovia, ciclofaixa ou acostamento utiliz\u00e1vel, com prefer\u00eancia sobre ve\u00edculos automotores.<\/p>\n\n\n\n<p class=\"wp-block-paragraph\"><strong>Leia tamb\u00e9m: <a href=\"https:\/\/www.em.com.br\/emalta\/2026\/08\/27\/bancaria-trabalha-com-registro-de-ponto-opcional-diz-que-ficava-das-8h-as-20h30-e-consegue-horas-extras-porque-o-banco-nao-apresenta-os-controles\/\" target=\"_blank\" rel=\"noreferrer noopener\">Banc\u00e1ria trabalha com registro de ponto opcional, diz que ficava das 8h \u00e0s 20h30 e consegue horas extras porque o banco n\u00e3o apresenta os controles<\/a><\/strong><\/p>\n\n\n<div class=\"wp-block-image\">\n<figure class=\"aligncenter size-large\"><img decoding=\"async\" width=\"1024\" height=\"576\" src=\"https:\/\/www.em.com.br\/emalta\/wp-content\/uploads\/2026\/08\/caminhao23-1-1024x576.jpg\" alt=\"\" class=\"wp-image-267620\" srcset=\"https:\/\/www.em.com.br\/emalta\/wp-content\/uploads\/2026\/08\/caminhao23-1-1024x576.jpg 1024w, https:\/\/www.em.com.br\/emalta\/wp-content\/uploads\/2026\/08\/caminhao23-1-300x169.jpg 300w, https:\/\/www.em.com.br\/emalta\/wp-content\/uploads\/2026\/08\/caminhao23-1-768x432.jpg 768w, https:\/\/www.em.com.br\/emalta\/wp-content\/uploads\/2026\/08\/caminhao23-1-750x422.jpg 750w, https:\/\/www.em.com.br\/emalta\/wp-content\/uploads\/2026\/08\/caminhao23-1-1140x641.jpg 1140w, https:\/\/www.em.com.br\/emalta\/wp-content\/uploads\/2026\/08\/caminhao23-1.jpg 1280w\" sizes=\"(max-width: 1024px) 100vw, 1024px\" \/><figcaption class=\"wp-element-caption\">Os danos dent\u00e1rios ajudaram a demonstrar a extens\u00e3o do preju\u00edzo causado pelo impacto<\/figcaption><\/figure>\n<\/div>\n\n\n<h2 class=\"wp-block-heading\">Como os R$ 18.798,92 foram divididos?<\/h2>\n\n\n\n<p class=\"wp-block-paragraph\">O processo separou tr\u00eas consequ\u00eancias. As despesas odontol\u00f3gicas entraram como dano material. A cicatriz permanente foi tratada como dano est\u00e9tico, enquanto o sofrimento decorrente das les\u00f5es e das demais repercuss\u00f5es foi indenizado como dano moral.<\/p>\n\n\n\n<p class=\"wp-block-paragraph\">A soma mantida pelo TJDFT ficou assim:<\/p>\n\n\n\n<style>\r\n.premium-tbl{box-sizing:border-box;display:flex;flex-direction:column;width:100%;max-width:720px;margin:16px auto;border:1px solid #e2e5e9;border-radius:18px;overflow:hidden;background:#fff!important;box-shadow:0 8px 24px rgba(0,0,0,.07);font-family:Arial,'Segoe UI',sans-serif!important;color:#1a1a1a!important}\r\n.premium-tbl table{display:table!important;width:100%!important;max-width:none!important;margin:0!important;border:0!important;border-collapse:collapse!important;table-layout:fixed!important;background:#fff!important}.premium-tbl thead{display:table-header-group!important}.premium-tbl tbody{display:table-row-group!important}.premium-tbl tr{display:table-row!important}\r\n.premium-tbl th{padding:14px 16px!important;border:0!important;background:#2c3e50!important;color:#fff!important;-webkit-text-fill-color:#fff!important;font-size:12px!important;font-weight:700!important;text-transform:none!important;text-align:left!important}.premium-tbl th:nth-child(1){width:30%!important}.premium-tbl th:nth-child(2){width:45%!important}.premium-tbl th:nth-child(3){width:25%!important}\r\n.premium-tbl td{display:table-cell!important;padding:14px 16px!important;border:0!important;border-bottom:1px solid #e5e7eb!important;background:transparent!important;color:#1a1a1a!important;-webkit-text-fill-color:#1a1a1a!important;font-size:13px!important;line-height:1.5!important}.premium-tbl tbody tr:nth-child(odd){background:#f8f9fa!important}.premium-tbl tbody tr:nth-child(even){background:#fff!important}.premium-tbl tbody tr:last-child td{border-bottom:none!important}\r\n.premium-tbl .main{display:block!important;color:#111!important;-webkit-text-fill-color:#111!important;font-weight:700!important}.premium-tbl .badge{display:inline-flex!important;border-radius:999px!important;padding:4px 10px!important;font-size:11px!important;font-weight:700!important;white-space:nowrap!important}.premium-tbl .ok{background:#dff5eb!important;color:#08694f!important;-webkit-text-fill-color:#08694f!important}.premium-tbl .neutro{background:#e3effb!important;color:#145b9b!important;-webkit-text-fill-color:#145b9b!important}.premium-tbl .alerta{background:#faecd4!important;color:#8a5100!important;-webkit-text-fill-color:#8a5100!important}\r\n@media(max-width:640px){.premium-tbl{border:0!important;border-radius:0!important;box-shadow:none!important;overflow:visible!important;background:transparent!important}.premium-tbl table{display:block!important;background:transparent!important}.premium-tbl thead{display:none!important}.premium-tbl tbody{display:flex!important;flex-direction:column!important;gap:12px!important}.premium-tbl tr{display:block!important;background:#fff!important;border:1px solid #e2e5e9!important;border-radius:16px!important;overflow:hidden!important}.premium-tbl td{display:flex!important;justify-content:space-between!important;gap:16px!important;width:100%!important;padding:12px 14px!important;border:0!important;border-bottom:1px solid #e8eaed!important;background:#fff!important;color:#1a1a1a!important;-webkit-text-fill-color:#1a1a1a!important;text-align:right!important}.premium-tbl td:last-child{border-bottom:none!important}.premium-tbl td::before{content:attr(data-label)!important;flex:0 0 110px!important;color:#555!important;-webkit-text-fill-color:#555!important;font-size:11px!important;font-weight:700!important;text-align:left!important}.premium-tbl .main{text-align:right!important}}\r\n<\/style>\r\n<div class=\"google-auto-ads-ignore premium-tbl\">\r\n<table>\r\n<thead><tr><th>Tipo de dano<\/th><th>O que foi considerado<\/th><th>Valor<\/th><\/tr><\/thead>\r\n<tbody>\r\n<tr><td data-label=\"Tipo de dano\"><span class=\"main\">Material<\/span><\/td><td data-label=\"O que foi considerado\">Despesas odontol\u00f3gicas comprovadas<\/td><td data-label=\"Valor\"><span class=\"badge neutro\">R$ 3.798,92<\/span><\/td><\/tr>\r\n<tr><td data-label=\"Tipo de dano\"><span class=\"main\">Est\u00e9tico<\/span><\/td><td data-label=\"O que foi considerado\">Cicatriz permanente no l\u00e1bio<\/td><td data-label=\"Valor\"><span class=\"badge alerta\">R$ 5 mil<\/span><\/td><\/tr>\r\n<tr><td data-label=\"Tipo de dano\"><span class=\"main\">Moral<\/span><\/td><td data-label=\"O que foi considerado\">Repercuss\u00f5es pessoais das les\u00f5es<\/td><td data-label=\"Valor\"><span class=\"badge ok\">R$ 10 mil<\/span><\/td><\/tr>\r\n<tr><td data-label=\"Tipo de dano\"><span class=\"main\">Total<\/span><\/td><td data-label=\"O que foi considerado\">Soma das tr\u00eas parcelas<\/td><td data-label=\"Valor\"><span class=\"badge ok\">R$ 18.798,92<\/span><\/td><\/tr>\r\n<\/tbody>\r\n<\/table>\r\n<\/div>\n\n\n\n<h2 class=\"wp-block-heading\">Por que o tribunal n\u00e3o aumentou nem reduziu os valores?<\/h2>\n\n\n\n<p class=\"wp-block-paragraph\">A <strong><a href=\"https:\/\/www.planalto.gov.br\/ccivil_03\/leis\/2002\/l10406compilada.htm\" target=\"_blank\" rel=\"noopener noreferrer\">responsabilidade prevista no C\u00f3digo Civil<\/a><\/strong> foi aplicada ao evento, e a Turma entendeu que os valores definidos na senten\u00e7a respeitavam razoabilidade e proporcionalidade.<\/p>\n\n\n\n<p class=\"wp-block-paragraph\">O ciclista tamb\u00e9m pediu aumento das indeniza\u00e7\u00f5es, mas n\u00e3o conseguiu. O colegiado manteve exatamente os valores anteriores e decidiu o recurso por unanimidade. O caso mostra como <strong><a href=\"https:\/\/pt.wikipedia.org\/wiki\/Ciclismo\" target=\"_blank\" rel=\"noopener noreferrer\">a circula\u00e7\u00e3o de bicicletas<\/a><\/strong> e a seguran\u00e7a da carga transportada podem se encontrar numa mesma discuss\u00e3o de responsabilidade.<\/p>\n\n\n\n<style>\r\n.curio-box{box-sizing:border-box;display:flex;flex-direction:column;gap:6px;width:100%;max-width:680px;margin:20px auto 4px;background:#f5f7fa;border:1px solid #e5e7eb;border-radius:16px;padding:16px 18px;font-family:Arial,'Segoe UI',sans-serif!important}.curio-box .tag{font-size:11px!important;font-weight:800!important;color:#2c3e50!important;text-transform:uppercase}.curio-box .txt{font-size:13px!important;color:#333!important;line-height:1.6!important}\r\n<\/style>\r\n<div class=\"google-auto-ads-ignore curio-box\">\r\n<span class=\"tag\">Curiosidade<\/span>\r\n<span class=\"txt\">O processo tramita sob o n\u00famero 0704766-68.2023.8.07.0005 e a decis\u00e3o da 1\u00aa Turma C\u00edvel do TJDFT foi un\u00e2nime.<\/span>\r\n<\/div>\n","protected":false},"excerpt":{"rendered":"<p>Um ciclista trafegava pela BR-020 quando foi atingido pelas costas por uma madeira do caminh\u00e3o que transportava carga para uma construtora. A queda provocou dois dentes fraturados, cicatriz permanente no l\u00e1bio e sequelas na fala e na mastiga\u00e7\u00e3o. O TJDFT manteve R$ 18.798,92. O que aconteceu na BR-020? O acidente ocorreu nas proximidades de Planaltina, [&hellip;]<\/p>\n","protected":false},"author":30,"featured_media":267622,"comment_status":"closed","ping_status":"closed","sticky":false,"template":"","format":"standard","meta":{"jnews-multi-image_gallery":[],"jnews_single_post":{"format":"standard"},"jnews_primary_category":[],"jnews_social_meta":[],"jnews_override_counter":[],"footnotes":""},"categories":[35965],"tags":[36513,12859,1332,765],"class_list":["post-267605","post","type-post","status-publish","format-standard","has-post-thumbnail","hentry","category-relatos","tag-caminhao","tag-ciclista","tag-indenizacao","tag-transito"],"yoast_head":"<!-- This site is optimized with the Yoast SEO plugin v28.3 - https:\/\/yoast.com\/product\/yoast-seo-wordpress\/ -->\n<title>Ciclista \u00e9 atingido pelas costas por uma madeira que caiu de caminh\u00e3o, quebra dois dentes e receber\u00e1 R$ 18.798,92 - Estado de Minas - Em Alta<\/title>\n<meta name=\"description\" content=\"Madeira do caminh\u00e3o atinge ciclista na BR-020 e causa fraturas e cicatriz. Tr\u00eas tipos de preju\u00edzo chegaram \u00e0 an\u00e1lise do TJDFT.\" \/>\n<meta name=\"robots\" content=\"index, follow, max-snippet:-1, max-image-preview:large, max-video-preview:-1\" \/>\n<link rel=\"canonical\" href=\"https:\/\/www.em.com.br\/emalta\/2026\/08\/30\/ciclista-e-atingido-pelas-costas-por-uma-madeira-que-caiu-de-caminhao-quebra-dois-dentes-e-recebera-r-18-79892\/\" \/>\n<meta property=\"og:locale\" content=\"pt_BR\" \/>\n<meta property=\"og:type\" content=\"article\" \/>\n<meta property=\"og:title\" content=\"Ciclista \u00e9 atingido pelas costas por uma madeira que caiu de caminh\u00e3o, quebra dois dentes e receber\u00e1 R$ 18.798,92 - Estado de Minas - Em Alta\" \/>\n<meta property=\"og:description\" content=\"Madeira do caminh\u00e3o atinge ciclista na BR-020 e causa fraturas e cicatriz. Tr\u00eas tipos de preju\u00edzo chegaram \u00e0 an\u00e1lise do TJDFT.\" \/>\n<meta property=\"og:url\" content=\"https:\/\/www.em.com.br\/emalta\/2026\/08\/30\/ciclista-e-atingido-pelas-costas-por-uma-madeira-que-caiu-de-caminhao-quebra-dois-dentes-e-recebera-r-18-79892\/\" \/>\n<meta property=\"og:site_name\" content=\"Estado de Minas - Em Alta\" \/>\n<meta property=\"article:published_time\" content=\"2026-08-30T20:17:00+00:00\" \/>\n<meta property=\"og:image\" content=\"https:\/\/www.em.com.br\/emalta\/wp-content\/uploads\/2026\/08\/ciclista.jpg\" \/>\n\t<meta property=\"og:image:width\" content=\"1280\" \/>\n\t<meta property=\"og:image:height\" content=\"720\" \/>\n\t<meta property=\"og:image:type\" content=\"image\/jpeg\" \/>\n<meta name=\"author\" content=\"Guilherme Ara\u00fajo\" \/>\n<meta name=\"twitter:card\" content=\"summary_large_image\" \/>\n<meta name=\"twitter:label1\" content=\"Escrito por\" \/>\n\t<meta name=\"twitter:data1\" content=\"Guilherme Ara\u00fajo\" \/>\n\t<meta name=\"twitter:label2\" content=\"Est. tempo de leitura\" \/>\n\t<meta name=\"twitter:data2\" content=\"4 minutos\" \/>\n<!-- \/ Yoast SEO plugin. -->","yoast_head_json":{"title":"Ciclista \u00e9 atingido pelas costas por uma madeira que caiu de caminh\u00e3o, quebra dois dentes e receber\u00e1 R$ 18.798,92 - Estado de Minas - Em Alta","description":"Madeira do caminh\u00e3o atinge ciclista na BR-020 e causa fraturas e cicatriz. Tr\u00eas tipos de preju\u00edzo chegaram \u00e0 an\u00e1lise do TJDFT.","robots":{"index":"index","follow":"follow","max-snippet":"max-snippet:-1","max-image-preview":"max-image-preview:large","max-video-preview":"max-video-preview:-1"},"canonical":"https:\/\/www.em.com.br\/emalta\/2026\/08\/30\/ciclista-e-atingido-pelas-costas-por-uma-madeira-que-caiu-de-caminhao-quebra-dois-dentes-e-recebera-r-18-79892\/","og_locale":"pt_BR","og_type":"article","og_title":"Ciclista \u00e9 atingido pelas costas por uma madeira que caiu de caminh\u00e3o, quebra dois dentes e receber\u00e1 R$ 18.798,92 - Estado de Minas - Em Alta","og_description":"Madeira do caminh\u00e3o atinge ciclista na BR-020 e causa fraturas e cicatriz. Tr\u00eas tipos de preju\u00edzo chegaram \u00e0 an\u00e1lise do TJDFT.","og_url":"https:\/\/www.em.com.br\/emalta\/2026\/08\/30\/ciclista-e-atingido-pelas-costas-por-uma-madeira-que-caiu-de-caminhao-quebra-dois-dentes-e-recebera-r-18-79892\/","og_site_name":"Estado de Minas - Em Alta","article_published_time":"2026-08-30T20:17:00+00:00","og_image":[{"width":1280,"height":720,"url":"https:\/\/www.em.com.br\/emalta\/wp-content\/uploads\/2026\/08\/ciclista.jpg","type":"image\/jpeg"}],"author":"Guilherme Ara\u00fajo","twitter_card":"summary_large_image","twitter_misc":{"Escrito por":"Guilherme Ara\u00fajo","Est. tempo de leitura":"4 minutos"},"schema":{"@context":"https:\/\/schema.org","@graph":[{"@type":"Article","@id":"https:\/\/www.em.com.br\/emalta\/2026\/08\/30\/ciclista-e-atingido-pelas-costas-por-uma-madeira-que-caiu-de-caminhao-quebra-dois-dentes-e-recebera-r-18-79892\/#article","isPartOf":{"@id":"https:\/\/www.em.com.br\/emalta\/2026\/08\/30\/ciclista-e-atingido-pelas-costas-por-uma-madeira-que-caiu-de-caminhao-quebra-dois-dentes-e-recebera-r-18-79892\/"},"author":{"name":"Guilherme Ara\u00fajo","@id":"https:\/\/www.em.com.br\/emalta\/#\/schema\/person\/a8c27556910de924e3004c2fd747ec3a"},"headline":"Ciclista \u00e9 atingido pelas costas por uma madeira que caiu de caminh\u00e3o, quebra dois dentes e receber\u00e1 R$ 18.798,92","datePublished":"2026-08-30T20:17:00+00:00","mainEntityOfPage":{"@id":"https:\/\/www.em.com.br\/emalta\/2026\/08\/30\/ciclista-e-atingido-pelas-costas-por-uma-madeira-que-caiu-de-caminhao-quebra-dois-dentes-e-recebera-r-18-79892\/"},"wordCount":676,"image":{"@id":"https:\/\/www.em.com.br\/emalta\/2026\/08\/30\/ciclista-e-atingido-pelas-costas-por-uma-madeira-que-caiu-de-caminhao-quebra-dois-dentes-e-recebera-r-18-79892\/#primaryimage"},"thumbnailUrl":"https:\/\/www.em.com.br\/emalta\/wp-content\/uploads\/2026\/08\/ciclista.jpg","keywords":["caminh\u00e3o","ciclista","indeniza\u00e7\u00e3o","Tr\u00e2nsito"],"articleSection":["Relatos"],"inLanguage":"pt-BR"},{"@type":"WebPage","@id":"https:\/\/www.em.com.br\/emalta\/2026\/08\/30\/ciclista-e-atingido-pelas-costas-por-uma-madeira-que-caiu-de-caminhao-quebra-dois-dentes-e-recebera-r-18-79892\/","url":"https:\/\/www.em.com.br\/emalta\/2026\/08\/30\/ciclista-e-atingido-pelas-costas-por-uma-madeira-que-caiu-de-caminhao-quebra-dois-dentes-e-recebera-r-18-79892\/","name":"Ciclista \u00e9 atingido pelas costas por uma madeira que caiu de caminh\u00e3o, quebra dois dentes e receber\u00e1 R$ 18.798,92 - Estado de Minas - Em Alta","isPartOf":{"@id":"https:\/\/www.em.com.br\/emalta\/#website"},"primaryImageOfPage":{"@id":"https:\/\/www.em.com.br\/emalta\/2026\/08\/30\/ciclista-e-atingido-pelas-costas-por-uma-madeira-que-caiu-de-caminhao-quebra-dois-dentes-e-recebera-r-18-79892\/#primaryimage"},"image":{"@id":"https:\/\/www.em.com.br\/emalta\/2026\/08\/30\/ciclista-e-atingido-pelas-costas-por-uma-madeira-que-caiu-de-caminhao-quebra-dois-dentes-e-recebera-r-18-79892\/#primaryimage"},"thumbnailUrl":"https:\/\/www.em.com.br\/emalta\/wp-content\/uploads\/2026\/08\/ciclista.jpg","datePublished":"2026-08-30T20:17:00+00:00","author":{"@id":"https:\/\/www.em.com.br\/emalta\/#\/schema\/person\/a8c27556910de924e3004c2fd747ec3a"},"description":"Madeira do caminh\u00e3o atinge ciclista na BR-020 e causa fraturas e cicatriz. Tr\u00eas tipos de preju\u00edzo chegaram \u00e0 an\u00e1lise do TJDFT.","breadcrumb":{"@id":"https:\/\/www.em.com.br\/emalta\/2026\/08\/30\/ciclista-e-atingido-pelas-costas-por-uma-madeira-que-caiu-de-caminhao-quebra-dois-dentes-e-recebera-r-18-79892\/#breadcrumb"},"inLanguage":"pt-BR","potentialAction":[{"@type":"ReadAction","target":["https:\/\/www.em.com.br\/emalta\/2026\/08\/30\/ciclista-e-atingido-pelas-costas-por-uma-madeira-que-caiu-de-caminhao-quebra-dois-dentes-e-recebera-r-18-79892\/"]}]},{"@type":"ImageObject","inLanguage":"pt-BR","@id":"https:\/\/www.em.com.br\/emalta\/2026\/08\/30\/ciclista-e-atingido-pelas-costas-por-uma-madeira-que-caiu-de-caminhao-quebra-dois-dentes-e-recebera-r-18-79892\/#primaryimage","url":"https:\/\/www.em.com.br\/emalta\/wp-content\/uploads\/2026\/08\/ciclista.jpg","contentUrl":"https:\/\/www.em.com.br\/emalta\/wp-content\/uploads\/2026\/08\/ciclista.jpg","width":1280,"height":720,"caption":"A forma como a carga estava presa entrou no centro da discuss\u00e3o sobre responsabilidade"},{"@type":"BreadcrumbList","@id":"https:\/\/www.em.com.br\/emalta\/2026\/08\/30\/ciclista-e-atingido-pelas-costas-por-uma-madeira-que-caiu-de-caminhao-quebra-dois-dentes-e-recebera-r-18-79892\/#breadcrumb","itemListElement":[{"@type":"ListItem","position":1,"name":"In\u00edcio","item":"https:\/\/www.em.com.br\/emalta\/"},{"@type":"ListItem","position":2,"name":"Ciclista \u00e9 atingido pelas costas por uma madeira que caiu de caminh\u00e3o, quebra dois dentes e receber\u00e1 R$ 18.798,92"}]},{"@type":"WebSite","@id":"https:\/\/www.em.com.br\/emalta\/#website","url":"https:\/\/www.em.com.br\/emalta\/","name":"Estado de Minas - Em Alta","description":"Acompanhe as \u00faltimas not\u00edcias e fique bem informado sobre tudo o que acontece em Minas Gerais, Brasil e no mundo.","potentialAction":[{"@type":"SearchAction","target":{"@type":"EntryPoint","urlTemplate":"https:\/\/www.em.com.br\/emalta\/?s={search_term_string}"},"query-input":{"@type":"PropertyValueSpecification","valueRequired":true,"valueName":"search_term_string"}}],"inLanguage":"pt-BR"},{"@type":"Person","@id":"https:\/\/www.em.com.br\/emalta\/#\/schema\/person\/a8c27556910de924e3004c2fd747ec3a","name":"Guilherme Ara\u00fajo","image":{"@type":"ImageObject","inLanguage":"pt-BR","@id":"https:\/\/secure.gravatar.com\/avatar\/063bc96e5a2afd1844386c45bd1360efc771eff011a9fab8cd399e2a104c3ecd?s=96&d=mm&r=g","url":"https:\/\/secure.gravatar.com\/avatar\/063bc96e5a2afd1844386c45bd1360efc771eff011a9fab8cd399e2a104c3ecd?s=96&d=mm&r=g","contentUrl":"https:\/\/secure.gravatar.com\/avatar\/063bc96e5a2afd1844386c45bd1360efc771eff011a9fab8cd399e2a104c3ecd?s=96&d=mm&r=g","caption":"Guilherme Ara\u00fajo"},"sameAs":["https:\/\/www.em.com.br\/emalta"],"url":"https:\/\/www.em.com.br\/emalta\/author\/guilhermeamyth\/"}]}},"_links":{"self":[{"href":"https:\/\/www.em.com.br\/emalta\/wp-json\/wp\/v2\/posts\/267605","targetHints":{"allow":["GET"]}}],"collection":[{"href":"https:\/\/www.em.com.br\/emalta\/wp-json\/wp\/v2\/posts"}],"about":[{"href":"https:\/\/www.em.com.br\/emalta\/wp-json\/wp\/v2\/types\/post"}],"author":[{"embeddable":true,"href":"https:\/\/www.em.com.br\/emalta\/wp-json\/wp\/v2\/users\/30"}],"replies":[{"embeddable":true,"href":"https:\/\/www.em.com.br\/emalta\/wp-json\/wp\/v2\/comments?post=267605"}],"version-history":[{"count":4,"href":"https:\/\/www.em.com.br\/emalta\/wp-json\/wp\/v2\/posts\/267605\/revisions"}],"predecessor-version":[{"id":267684,"href":"https:\/\/www.em.com.br\/emalta\/wp-json\/wp\/v2\/posts\/267605\/revisions\/267684"}],"wp:featuredmedia":[{"embeddable":true,"href":"https:\/\/www.em.com.br\/emalta\/wp-json\/wp\/v2\/media\/267622"}],"wp:attachment":[{"href":"https:\/\/www.em.com.br\/emalta\/wp-json\/wp\/v2\/media?parent=267605"}],"wp:term":[{"taxonomy":"category","embeddable":true,"href":"https:\/\/www.em.com.br\/emalta\/wp-json\/wp\/v2\/categories?post=267605"},{"taxonomy":"post_tag","embeddable":true,"href":"https:\/\/www.em.com.br\/emalta\/wp-json\/wp\/v2\/tags?post=267605"}],"curies":[{"name":"wp","href":"https:\/\/api.w.org\/{rel}","templated":true}]}}