{"id":267429,"date":"2026-08-29T10:37:00","date_gmt":"2026-08-29T13:37:00","guid":{"rendered":"https:\/\/www.em.com.br\/emalta\/?p=267429"},"modified":"2026-08-27T19:50:11","modified_gmt":"2026-08-27T22:50:11","slug":"apicultor-encontra-60-colmeias-destruidas-depois-que-a-fazenda-vizinha-pulveriza-agrotoxico-e-ouve-que-o-vento-levou-o-produto-por-acaso","status":"publish","type":"post","link":"https:\/\/www.em.com.br\/emalta\/2026\/08\/29\/apicultor-encontra-60-colmeias-destruidas-depois-que-a-fazenda-vizinha-pulveriza-agrotoxico-e-ouve-que-o-vento-levou-o-produto-por-acaso\/","title":{"rendered":"Apicultor encontra 60 colmeias destru\u00eddas depois que a fazenda vizinha pulveriza agrot\u00f3xico e ouve que o vento levou o produto por acaso"},"content":{"rendered":"\n<p class=\"wp-block-paragraph\">M\u00e1rcio, apicultor fict\u00edcio, encontra <strong>60 colmeias destru\u00eddas<\/strong> depois de uma pulveriza\u00e7\u00e3o realizada na propriedade vizinha. O respons\u00e1vel afirma que o vento deslocou o produto por acaso. Para ligar uma aplica\u00e7\u00e3o espec\u00edfica \u00e0 morte das abelhas, por\u00e9m, s\u00e3o necess\u00e1rias provas ambientais, qu\u00edmicas e meteorol\u00f3gicas.<\/p>\n\n\n\n<h2 class=\"wp-block-heading\">O que o apicultor encontrou depois da pulveriza\u00e7\u00e3o?<\/h2>\n\n\n\n<p class=\"wp-block-paragraph\"><strong>M\u00e1rcio, as propriedades, os produtores, as 60 colmeias e toda a ocorr\u00eancia deste exemplo s\u00e3o fict\u00edcios.<\/strong> Na manh\u00e3 seguinte \u00e0 aplica\u00e7\u00e3o, ele encontra grande quantidade de abelhas mortas junto \u00e0s caixas e percebe queda abrupta na atividade das col\u00f4nias.<\/p>\n\n\n\n<p class=\"wp-block-paragraph\">O vizinho confirma que houve pulveriza\u00e7\u00e3o, mas afirma que seguiu as orienta\u00e7\u00f5es e que uma mudan\u00e7a do vento pode ter carregado gotas para fora da lavoura. M\u00e1rcio ent\u00e3o precisa provar qual subst\u00e2ncia chegou ao api\u00e1rio e de onde ela veio.<\/p>\n\n\n<div class=\"wp-block-image\">\n<figure class=\"aligncenter size-large\"><img decoding=\"async\" width=\"1024\" height=\"576\" src=\"https:\/\/www.em.com.br\/emalta\/wp-content\/uploads\/2026\/08\/abelha2-1-1024x576.jpg\" alt=\"\" class=\"wp-image-267519\" srcset=\"https:\/\/www.em.com.br\/emalta\/wp-content\/uploads\/2026\/08\/abelha2-1-1024x576.jpg 1024w, https:\/\/www.em.com.br\/emalta\/wp-content\/uploads\/2026\/08\/abelha2-1-300x169.jpg 300w, https:\/\/www.em.com.br\/emalta\/wp-content\/uploads\/2026\/08\/abelha2-1-768x432.jpg 768w, https:\/\/www.em.com.br\/emalta\/wp-content\/uploads\/2026\/08\/abelha2-1-750x422.jpg 750w, https:\/\/www.em.com.br\/emalta\/wp-content\/uploads\/2026\/08\/abelha2-1-1140x641.jpg 1140w, https:\/\/www.em.com.br\/emalta\/wp-content\/uploads\/2026\/08\/abelha2-1.jpg 1280w\" sizes=\"(max-width: 1024px) 100vw, 1024px\" \/><figcaption class=\"wp-element-caption\">Laudos e registros da pulveriza\u00e7\u00e3o s\u00e3o importantes para relacionar a aplica\u00e7\u00e3o \u00e0 morte das abelhas<\/figcaption><\/figure>\n<\/div>\n\n\n<h2 class=\"wp-block-heading\">Como \u00e9 poss\u00edvel ligar as abelhas mortas a uma fazenda espec\u00edfica?<\/h2>\n\n\n\n<p class=\"wp-block-paragraph\">A proximidade temporal \u00e9 importante, mas n\u00e3o basta sozinha. A investiga\u00e7\u00e3o pode comparar res\u00edduos encontrados nas abelhas e no ambiente com o produto registrado na receita agron\u00f4mica e nos documentos da aplica\u00e7\u00e3o.<\/p>\n\n\n\n<p class=\"wp-block-paragraph\">A <strong><a href=\"https:\/\/www.gov.br\/ibama\/pt-br\/assuntos\/quimicos-e-biologicos\/agrotoxicos\/avaliacao-ambiental\" target=\"_blank\" rel=\"noopener noreferrer\">avalia\u00e7\u00e3o ambiental do Ibama<\/a><\/strong> reconhece a deriva da pulveriza\u00e7\u00e3o como uma via pela qual polinizadores podem ser expostos fora da \u00e1rea diretamente tratada.<\/p>\n\n\n\n<style>\r\n.card-list{box-sizing:border-box;display:flex;flex-direction:column;gap:14px;width:100%;max-width:680px;margin:16px auto;font-family:Arial,'Segoe UI',sans-serif!important}.card-list .item{display:grid;grid-template-columns:52px 1fr;gap:14px;background:#fff!important;border:1px solid #e5e7eb;border-radius:18px;padding:16px;box-shadow:0 8px 22px rgba(0,0,0,.06)}.card-list .num{width:42px;height:42px;border-radius:14px;background:#237804!important;color:#fff!important;display:flex;align-items:center;justify-content:center;font-weight:800}.card-list .title{display:block!important;color:#111!important;font-size:15px!important;font-weight:700!important}.card-list .desc{display:block!important;margin-top:4px!important;color:#555!important;font-size:13px!important;line-height:1.5!important}@media(max-width:480px){.card-list .item{grid-template-columns:1fr}}\r\n<\/style>\r\n<div class=\"google-auto-ads-ignore card-list\">\r\n<div class=\"item\"><div class=\"num\">1<\/div><div><span class=\"title\">An\u00e1lise das abelhas<\/span><span class=\"desc\">Pode procurar res\u00edduos de ingredientes ativos compat\u00edveis com o produto utilizado nas proximidades.<\/span><\/div><\/div>\r\n<div class=\"item\"><div class=\"num\">2<\/div><div><span class=\"title\">Amostras do ambiente<\/span><span class=\"desc\">Plantas, solo e outros materiais pr\u00f3ximos \u00e0s colmeias podem ajudar a reconstruir a exposi\u00e7\u00e3o.<\/span><\/div><\/div>\r\n<div class=\"item\"><div class=\"num\">3<\/div><div><span class=\"title\">Hor\u00e1rio da aplica\u00e7\u00e3o<\/span><span class=\"desc\">Permite comparar o momento da pulveriza\u00e7\u00e3o com o in\u00edcio da mortalidade e com os dados meteorol\u00f3gicos.<\/span><\/div><\/div>\r\n<div class=\"item\"><div class=\"num\">4<\/div><div><span class=\"title\">Produto e receita<\/span><span class=\"desc\">A receita agron\u00f4mica, a bula e o registro da aplica\u00e7\u00e3o mostram qual subst\u00e2ncia foi usada e sob quais orienta\u00e7\u00f5es.<\/span><\/div><\/div>\r\n<\/div>\n\n\n\n<h2 class=\"wp-block-heading\">Dizer que \u201co vento levou\u201d elimina a responsabilidade?<\/h2>\n\n\n\n<p class=\"wp-block-paragraph\">N\u00e3o por si s\u00f3. O vento \u00e9 justamente um dos fatores associados \u00e0 deriva, que ocorre quando parte da pulveriza\u00e7\u00e3o sai da \u00e1rea pretendida. A an\u00e1lise precisa verificar se as condi\u00e7\u00f5es ambientais eram compat\u00edveis com a aplica\u00e7\u00e3o prevista para aquele produto.<\/p>\n\n\n\n<ul class=\"wp-block-list\">\n<li>Registrar dire\u00e7\u00e3o e velocidade do vento no hor\u00e1rio da aplica\u00e7\u00e3o.<\/li>\n\n\n\n<li>Conferir temperatura e umidade do ar.<\/li>\n\n\n\n<li>Obter a receita agron\u00f4mica e identificar o produto usado.<\/li>\n\n\n\n<li>Comparar a aplica\u00e7\u00e3o com r\u00f3tulo e bula.<\/li>\n\n\n\n<li>Verificar equipamento, dose e forma de pulveriza\u00e7\u00e3o.<\/li>\n\n\n\n<li>Coletar rapidamente material para an\u00e1lise laboratorial.<\/li>\n<\/ul>\n\n\n\n<p class=\"wp-block-paragraph\">A atual <strong><a href=\"https:\/\/www.planalto.gov.br\/ccivil_03\/_ato2023-2026\/2023\/lei\/l14785.htm\" target=\"_blank\" rel=\"noopener noreferrer\">Lei n\u00ba 14.785\/2023<\/a><\/strong> exige receitu\u00e1rio agron\u00f4mico para a comercializa\u00e7\u00e3o ao usu\u00e1rio, salvo exce\u00e7\u00f5es regulamentares, e distribui responsabilidades quando h\u00e1 receita errada, imprud\u00eancia profissional ou aplica\u00e7\u00e3o em desacordo com as recomenda\u00e7\u00f5es.<\/p>\n\n\n<div class=\"wp-block-image\">\n<figure class=\"aligncenter size-large\"><img decoding=\"async\" width=\"1024\" height=\"576\" src=\"https:\/\/www.em.com.br\/emalta\/wp-content\/uploads\/2026\/08\/abelh23-1024x576.jpg\" alt=\"\" class=\"wp-image-267520\" srcset=\"https:\/\/www.em.com.br\/emalta\/wp-content\/uploads\/2026\/08\/abelh23-1024x576.jpg 1024w, https:\/\/www.em.com.br\/emalta\/wp-content\/uploads\/2026\/08\/abelh23-300x169.jpg 300w, https:\/\/www.em.com.br\/emalta\/wp-content\/uploads\/2026\/08\/abelh23-768x432.jpg 768w, https:\/\/www.em.com.br\/emalta\/wp-content\/uploads\/2026\/08\/abelh23-750x422.jpg 750w, https:\/\/www.em.com.br\/emalta\/wp-content\/uploads\/2026\/08\/abelh23-1140x641.jpg 1140w, https:\/\/www.em.com.br\/emalta\/wp-content\/uploads\/2026\/08\/abelh23.jpg 1280w\" sizes=\"(max-width: 1024px) 100vw, 1024px\" \/><figcaption class=\"wp-element-caption\">Dizer que o vento levou o produto por acaso n\u00e3o encerra automaticamente a discuss\u00e3o sobre responsabilidade<\/figcaption><\/figure>\n<\/div>\n\n\n<h2 class=\"wp-block-heading\">Quem pode responder se o laborat\u00f3rio confirmar a contamina\u00e7\u00e3o?<\/h2>\n\n\n\n<p class=\"wp-block-paragraph\">A lei atual estabelece que os respons\u00e1veis por danos ao meio ambiente e a terceiros respondem solidariamente pela indeniza\u00e7\u00e3o ou repara\u00e7\u00e3o integral. Identificar quais respons\u00e1veis entram no caso depende da causa concreta.<\/p>\n\n\n\n<p class=\"wp-block-paragraph\">Essa divis\u00e3o pode ser organizada assim:<\/p>\n\n\n\n<style>\r\n.premium-tbl{box-sizing:border-box;display:flex;flex-direction:column;width:100%;max-width:720px;margin:16px auto;border:1px solid #e2e5e9;border-radius:18px;overflow:hidden;background:#fff!important;box-shadow:0 8px 24px rgba(0,0,0,.07);font-family:Arial,'Segoe UI',sans-serif!important;color:#1a1a1a!important}.premium-tbl table{display:table!important;width:100%!important;margin:0!important;border:0!important;border-collapse:collapse!important;table-layout:fixed!important;background:#fff!important}.premium-tbl thead{display:table-header-group!important}.premium-tbl tbody{display:table-row-group!important}.premium-tbl tr{display:table-row!important}.premium-tbl th{padding:14px 16px!important;border:0!important;background:#237804!important;color:#fff!important;-webkit-text-fill-color:#fff!important;font-size:12px!important;font-weight:700!important;text-transform:none!important;text-align:left!important;opacity:1!important}.premium-tbl th:nth-child(1){width:30%!important}.premium-tbl th:nth-child(2){width:45%!important}.premium-tbl th:nth-child(3){width:25%!important}.premium-tbl td{display:table-cell!important;padding:14px 16px!important;border:0!important;border-bottom:1px solid #e5e7eb!important;background:transparent!important;color:#1a1a1a!important;-webkit-text-fill-color:#1a1a1a!important;font-size:13px!important;line-height:1.5!important}.premium-tbl tbody tr:nth-child(odd){background:#f8f9fa!important}.premium-tbl tbody tr:nth-child(even){background:#fff!important}.premium-tbl .main{display:block!important;color:#111!important;-webkit-text-fill-color:#111!important;font-weight:700!important}.premium-tbl .sub{display:block!important;margin-top:3px!important;color:#555!important;-webkit-text-fill-color:#555!important;font-size:12px!important}.premium-tbl .badge{display:inline-flex!important;border-radius:999px!important;padding:4px 10px!important;font-size:11px!important;font-weight:700!important;white-space:nowrap!important}.premium-tbl .ok{background:#dff5eb!important;color:#08694f!important;-webkit-text-fill-color:#08694f!important}.premium-tbl .neutro{background:#e3effb!important;color:#145b9b!important;-webkit-text-fill-color:#145b9b!important}.premium-tbl .alerta{background:#faecd4!important;color:#8a5100!important;-webkit-text-fill-color:#8a5100!important}\r\n@media(max-width:640px){.premium-tbl{border:0!important;box-shadow:none!important;overflow:visible!important}.premium-tbl table{display:block!important}.premium-tbl thead{display:none!important}.premium-tbl tbody{display:flex!important;flex-direction:column!important;gap:12px!important}.premium-tbl tr{display:block!important;background:#fff!important;border:1px solid #e2e5e9!important;border-radius:16px!important;overflow:hidden!important}.premium-tbl td{display:flex!important;justify-content:space-between!important;gap:16px!important;width:100%!important;padding:12px 14px!important;border:0!important;border-bottom:1px solid #e8eaed!important;background:#fff!important;color:#1a1a1a!important;-webkit-text-fill-color:#1a1a1a!important;text-align:right!important}.premium-tbl td::before{content:attr(data-label)!important;flex:0 0 110px!important;color:#555!important;-webkit-text-fill-color:#555!important;font-size:11px!important;font-weight:700!important;text-align:left!important}}\r\n<\/style>\r\n<div class=\"google-auto-ads-ignore premium-tbl\">\r\n<table>\r\n<thead><tr><th>Elemento<\/th><th>O que precisa ser apurado<\/th><th>Fun\u00e7\u00e3o<\/th><\/tr><\/thead>\r\n<tbody>\r\n<tr><td data-label=\"Elemento\"><span class=\"main\">Aplicador<\/span><\/td><td data-label=\"O que precisa ser apurado\">Se seguiu receita, bula e condi\u00e7\u00f5es de aplica\u00e7\u00e3o<\/td><td data-label=\"Fun\u00e7\u00e3o\"><span class=\"badge ok\">Causa<\/span><\/td><\/tr>\r\n<tr><td data-label=\"Elemento\"><span class=\"main\">Respons\u00e1vel t\u00e9cnico<\/span><\/td><td data-label=\"O que precisa ser apurado\">Se houve erro, imprud\u00eancia ou neglig\u00eancia na prescri\u00e7\u00e3o<\/td><td data-label=\"Fun\u00e7\u00e3o\"><span class=\"badge neutro\">Avaliar<\/span><\/td><\/tr>\r\n<tr><td data-label=\"Elemento\"><span class=\"main\">Laborat\u00f3rio<\/span><\/td><td data-label=\"O que precisa ser apurado\">Qual subst\u00e2ncia atingiu as colmeias<\/td><td data-label=\"Fun\u00e7\u00e3o\"><span class=\"badge ok\">Nexo<\/span><\/td><\/tr>\r\n<tr><td data-label=\"Elemento\"><span class=\"main\">Produ\u00e7\u00e3o perdida<\/span><\/td><td data-label=\"O que precisa ser apurado\">Mortalidade, recupera\u00e7\u00e3o e impacto econ\u00f4mico<\/td><td data-label=\"Fun\u00e7\u00e3o\"><span class=\"badge alerta\">Indeniza\u00e7\u00e3o<\/span><\/td><\/tr>\r\n<\/tbody>\r\n<\/table>\r\n<\/div>\n\n\n\n<p class=\"wp-block-paragraph\"><strong>Leia tamb\u00e9m: <a href=\"https:\/\/www.em.com.br\/emalta\/2026\/08\/27\/auxiliar-de-aeroporto-registra-o-ponto-vai-embora-durante-uma-crise-de-enxaqueca-e-consegue-derrubar-a-justa-causa-aplicada-pela-empresa\/\" target=\"_blank\" rel=\"noreferrer noopener\">Auxiliar de aeroporto registra o ponto, vai embora durante uma crise de enxaqueca e consegue derrubar a justa causa aplicada pela empresa<\/a><\/strong><\/p>\n\n\n\n<h2 class=\"wp-block-heading\">Como calcular o preju\u00edzo das 60 colmeias?<\/h2>\n\n\n\n<p class=\"wp-block-paragraph\">O n\u00famero de caixas atingidas \u00e9 s\u00f3 o come\u00e7o. \u00c9 preciso separar col\u00f4nias mortas, col\u00f4nias enfraquecidas, enxames que podem ser recuperados, mel j\u00e1 perdido e produ\u00e7\u00e3o futura que tenha probabilidade concreta de ocorrer.<\/p>\n\n\n\n<p class=\"wp-block-paragraph\">No caso de M\u00e1rcio, uma an\u00e1lise laboratorial compat\u00edvel com o produto usado pelo vizinho, somada ao hor\u00e1rio, dire\u00e7\u00e3o do vento e documentos da pulveriza\u00e7\u00e3o, formaria um conjunto muito mais forte do que a simples proximidade das propriedades. O c\u00e1lculo econ\u00f4mico tamb\u00e9m precisaria de hist\u00f3rico de produ\u00e7\u00e3o, vendas e custos de recomposi\u00e7\u00e3o.<\/p>\n\n\n\n<style>\r\n.curio-box{box-sizing:border-box;display:flex;flex-direction:column;gap:6px;width:100%;max-width:680px;margin:20px auto 4px;background:#f0f9eb;border:1px solid #e5e7eb;border-radius:16px;padding:16px 18px;font-family:Arial,'Segoe UI',sans-serif!important}.curio-box .tag{font-size:11px!important;font-weight:800!important;color:#237804!important;text-transform:uppercase}.curio-box .txt{font-size:13px!important;color:#333!important;line-height:1.6!important}\r\n<\/style>\r\n<div class=\"google-auto-ads-ignore curio-box\">\r\n<span class=\"tag\">\ud83d\udca1 Curiosidade<\/span>\r\n<span class=\"txt\">Em 2026, o Ibama manteve suspensa a pulveriza\u00e7\u00e3o foliar de produtos \u00e0 base de fipronil em an\u00e1lise porque a avalia\u00e7\u00e3o apontou risco de deriva capaz de alcan\u00e7ar polinizadores fora da \u00e1rea cultivada. Isso n\u00e3o significa que o produto deste exemplo fict\u00edcio seja fipronil.<\/span>\r\n<\/div>\n","protected":false},"excerpt":{"rendered":"<p>M\u00e1rcio, apicultor fict\u00edcio, encontra 60 colmeias destru\u00eddas depois de uma pulveriza\u00e7\u00e3o realizada na propriedade vizinha. O respons\u00e1vel afirma que o vento deslocou o produto por acaso. Para ligar uma aplica\u00e7\u00e3o espec\u00edfica \u00e0 morte das abelhas, por\u00e9m, s\u00e3o necess\u00e1rias provas ambientais, qu\u00edmicas e meteorol\u00f3gicas. O que o apicultor encontrou depois da pulveriza\u00e7\u00e3o? M\u00e1rcio, as propriedades, os [&hellip;]<\/p>\n","protected":false},"author":30,"featured_media":267517,"comment_status":"closed","ping_status":"closed","sticky":false,"template":"","format":"standard","meta":{"jnews-multi-image_gallery":[],"jnews_single_post":{"format":"standard"},"jnews_primary_category":[],"jnews_social_meta":[],"jnews_override_counter":[],"footnotes":""},"categories":[35965],"tags":[6030,5664,36502,36501],"class_list":["post-267429","post","type-post","status-publish","format-standard","has-post-thumbnail","hentry","category-relatos","tag-abelhas","tag-agrotoxicos","tag-apicultura","tag-deriva"],"yoast_head":"<!-- This site is optimized with the Yoast SEO plugin v28.3 - https:\/\/yoast.com\/product\/yoast-seo-wordpress\/ -->\n<title>Apicultor encontra 60 colmeias destru\u00eddas depois que a fazenda vizinha pulveriza agrot\u00f3xico e ouve que o vento levou o produto por acaso - Estado de Minas - Em Alta<\/title>\n<meta name=\"description\" content=\"O vento teria levado agrot\u00f3xico at\u00e9 as colmeias e causado grande perda ao apicultor. Veja o que precisa ser provado para pedir repara\u00e7\u00e3o.\" \/>\n<meta name=\"robots\" content=\"index, follow, max-snippet:-1, max-image-preview:large, max-video-preview:-1\" \/>\n<link rel=\"canonical\" href=\"https:\/\/www.em.com.br\/emalta\/2026\/08\/29\/apicultor-encontra-60-colmeias-destruidas-depois-que-a-fazenda-vizinha-pulveriza-agrotoxico-e-ouve-que-o-vento-levou-o-produto-por-acaso\/\" \/>\n<meta property=\"og:locale\" content=\"pt_BR\" \/>\n<meta property=\"og:type\" content=\"article\" \/>\n<meta property=\"og:title\" content=\"Apicultor encontra 60 colmeias destru\u00eddas depois que a fazenda vizinha pulveriza agrot\u00f3xico e ouve que o vento levou o produto por acaso - Estado de Minas - Em Alta\" \/>\n<meta property=\"og:description\" content=\"O vento teria levado agrot\u00f3xico at\u00e9 as colmeias e causado grande perda ao apicultor. Veja o que precisa ser provado para pedir repara\u00e7\u00e3o.\" \/>\n<meta property=\"og:url\" content=\"https:\/\/www.em.com.br\/emalta\/2026\/08\/29\/apicultor-encontra-60-colmeias-destruidas-depois-que-a-fazenda-vizinha-pulveriza-agrotoxico-e-ouve-que-o-vento-levou-o-produto-por-acaso\/\" \/>\n<meta property=\"og:site_name\" content=\"Estado de Minas - Em Alta\" \/>\n<meta property=\"article:published_time\" content=\"2026-08-29T13:37:00+00:00\" \/>\n<meta property=\"og:image\" content=\"https:\/\/www.em.com.br\/emalta\/wp-content\/uploads\/2026\/08\/campo1.jpg\" \/>\n\t<meta property=\"og:image:width\" content=\"1280\" \/>\n\t<meta property=\"og:image:height\" content=\"720\" \/>\n\t<meta property=\"og:image:type\" content=\"image\/jpeg\" \/>\n<meta name=\"author\" content=\"Guilherme Ara\u00fajo\" \/>\n<meta name=\"twitter:card\" content=\"summary_large_image\" \/>\n<meta name=\"twitter:label1\" content=\"Escrito por\" \/>\n\t<meta name=\"twitter:data1\" content=\"Guilherme Ara\u00fajo\" \/>\n\t<meta name=\"twitter:label2\" content=\"Est. tempo de leitura\" \/>\n\t<meta name=\"twitter:data2\" content=\"5 minutos\" \/>\n<!-- \/ Yoast SEO plugin. -->","yoast_head_json":{"title":"Apicultor encontra 60 colmeias destru\u00eddas depois que a fazenda vizinha pulveriza agrot\u00f3xico e ouve que o vento levou o produto por acaso - Estado de Minas - Em Alta","description":"O vento teria levado agrot\u00f3xico at\u00e9 as colmeias e causado grande perda ao apicultor. Veja o que precisa ser provado para pedir repara\u00e7\u00e3o.","robots":{"index":"index","follow":"follow","max-snippet":"max-snippet:-1","max-image-preview":"max-image-preview:large","max-video-preview":"max-video-preview:-1"},"canonical":"https:\/\/www.em.com.br\/emalta\/2026\/08\/29\/apicultor-encontra-60-colmeias-destruidas-depois-que-a-fazenda-vizinha-pulveriza-agrotoxico-e-ouve-que-o-vento-levou-o-produto-por-acaso\/","og_locale":"pt_BR","og_type":"article","og_title":"Apicultor encontra 60 colmeias destru\u00eddas depois que a fazenda vizinha pulveriza agrot\u00f3xico e ouve que o vento levou o produto por acaso - Estado de Minas - Em Alta","og_description":"O vento teria levado agrot\u00f3xico at\u00e9 as colmeias e causado grande perda ao apicultor. Veja o que precisa ser provado para pedir repara\u00e7\u00e3o.","og_url":"https:\/\/www.em.com.br\/emalta\/2026\/08\/29\/apicultor-encontra-60-colmeias-destruidas-depois-que-a-fazenda-vizinha-pulveriza-agrotoxico-e-ouve-que-o-vento-levou-o-produto-por-acaso\/","og_site_name":"Estado de Minas - Em Alta","article_published_time":"2026-08-29T13:37:00+00:00","og_image":[{"width":1280,"height":720,"url":"https:\/\/www.em.com.br\/emalta\/wp-content\/uploads\/2026\/08\/campo1.jpg","type":"image\/jpeg"}],"author":"Guilherme Ara\u00fajo","twitter_card":"summary_large_image","twitter_misc":{"Escrito por":"Guilherme Ara\u00fajo","Est. tempo de leitura":"5 minutos"},"schema":{"@context":"https:\/\/schema.org","@graph":[{"@type":"Article","@id":"https:\/\/www.em.com.br\/emalta\/2026\/08\/29\/apicultor-encontra-60-colmeias-destruidas-depois-que-a-fazenda-vizinha-pulveriza-agrotoxico-e-ouve-que-o-vento-levou-o-produto-por-acaso\/#article","isPartOf":{"@id":"https:\/\/www.em.com.br\/emalta\/2026\/08\/29\/apicultor-encontra-60-colmeias-destruidas-depois-que-a-fazenda-vizinha-pulveriza-agrotoxico-e-ouve-que-o-vento-levou-o-produto-por-acaso\/"},"author":{"name":"Guilherme Ara\u00fajo","@id":"https:\/\/www.em.com.br\/emalta\/#\/schema\/person\/a8c27556910de924e3004c2fd747ec3a"},"headline":"Apicultor encontra 60 colmeias destru\u00eddas depois que a fazenda vizinha pulveriza agrot\u00f3xico e ouve que o vento levou o produto por acaso","datePublished":"2026-08-29T13:37:00+00:00","mainEntityOfPage":{"@id":"https:\/\/www.em.com.br\/emalta\/2026\/08\/29\/apicultor-encontra-60-colmeias-destruidas-depois-que-a-fazenda-vizinha-pulveriza-agrotoxico-e-ouve-que-o-vento-levou-o-produto-por-acaso\/"},"wordCount":807,"image":{"@id":"https:\/\/www.em.com.br\/emalta\/2026\/08\/29\/apicultor-encontra-60-colmeias-destruidas-depois-que-a-fazenda-vizinha-pulveriza-agrotoxico-e-ouve-que-o-vento-levou-o-produto-por-acaso\/#primaryimage"},"thumbnailUrl":"https:\/\/www.em.com.br\/emalta\/wp-content\/uploads\/2026\/08\/campo1.jpg","keywords":["abelhas","Agrot\u00f3xicos","apicultura","deriva"],"articleSection":["Relatos"],"inLanguage":"pt-BR"},{"@type":"WebPage","@id":"https:\/\/www.em.com.br\/emalta\/2026\/08\/29\/apicultor-encontra-60-colmeias-destruidas-depois-que-a-fazenda-vizinha-pulveriza-agrotoxico-e-ouve-que-o-vento-levou-o-produto-por-acaso\/","url":"https:\/\/www.em.com.br\/emalta\/2026\/08\/29\/apicultor-encontra-60-colmeias-destruidas-depois-que-a-fazenda-vizinha-pulveriza-agrotoxico-e-ouve-que-o-vento-levou-o-produto-por-acaso\/","name":"Apicultor encontra 60 colmeias destru\u00eddas depois que a fazenda vizinha pulveriza agrot\u00f3xico e ouve que o vento levou o produto por acaso - Estado de Minas - Em Alta","isPartOf":{"@id":"https:\/\/www.em.com.br\/emalta\/#website"},"primaryImageOfPage":{"@id":"https:\/\/www.em.com.br\/emalta\/2026\/08\/29\/apicultor-encontra-60-colmeias-destruidas-depois-que-a-fazenda-vizinha-pulveriza-agrotoxico-e-ouve-que-o-vento-levou-o-produto-por-acaso\/#primaryimage"},"image":{"@id":"https:\/\/www.em.com.br\/emalta\/2026\/08\/29\/apicultor-encontra-60-colmeias-destruidas-depois-que-a-fazenda-vizinha-pulveriza-agrotoxico-e-ouve-que-o-vento-levou-o-produto-por-acaso\/#primaryimage"},"thumbnailUrl":"https:\/\/www.em.com.br\/emalta\/wp-content\/uploads\/2026\/08\/campo1.jpg","datePublished":"2026-08-29T13:37:00+00:00","author":{"@id":"https:\/\/www.em.com.br\/emalta\/#\/schema\/person\/a8c27556910de924e3004c2fd747ec3a"},"description":"O vento teria levado agrot\u00f3xico at\u00e9 as colmeias e causado grande perda ao apicultor. Veja o que precisa ser provado para pedir repara\u00e7\u00e3o.","breadcrumb":{"@id":"https:\/\/www.em.com.br\/emalta\/2026\/08\/29\/apicultor-encontra-60-colmeias-destruidas-depois-que-a-fazenda-vizinha-pulveriza-agrotoxico-e-ouve-que-o-vento-levou-o-produto-por-acaso\/#breadcrumb"},"inLanguage":"pt-BR","potentialAction":[{"@type":"ReadAction","target":["https:\/\/www.em.com.br\/emalta\/2026\/08\/29\/apicultor-encontra-60-colmeias-destruidas-depois-que-a-fazenda-vizinha-pulveriza-agrotoxico-e-ouve-que-o-vento-levou-o-produto-por-acaso\/"]}]},{"@type":"ImageObject","inLanguage":"pt-BR","@id":"https:\/\/www.em.com.br\/emalta\/2026\/08\/29\/apicultor-encontra-60-colmeias-destruidas-depois-que-a-fazenda-vizinha-pulveriza-agrotoxico-e-ouve-que-o-vento-levou-o-produto-por-acaso\/#primaryimage","url":"https:\/\/www.em.com.br\/emalta\/wp-content\/uploads\/2026\/08\/campo1.jpg","contentUrl":"https:\/\/www.em.com.br\/emalta\/wp-content\/uploads\/2026\/08\/campo1.jpg","width":1280,"height":720,"caption":"A dire\u00e7\u00e3o do vento e o produto utilizado podem ajudar a esclarecer como ocorreu a contamina\u00e7\u00e3o"},{"@type":"BreadcrumbList","@id":"https:\/\/www.em.com.br\/emalta\/2026\/08\/29\/apicultor-encontra-60-colmeias-destruidas-depois-que-a-fazenda-vizinha-pulveriza-agrotoxico-e-ouve-que-o-vento-levou-o-produto-por-acaso\/#breadcrumb","itemListElement":[{"@type":"ListItem","position":1,"name":"In\u00edcio","item":"https:\/\/www.em.com.br\/emalta\/"},{"@type":"ListItem","position":2,"name":"Apicultor encontra 60 colmeias destru\u00eddas depois que a fazenda vizinha pulveriza agrot\u00f3xico e ouve que o vento levou o produto por acaso"}]},{"@type":"WebSite","@id":"https:\/\/www.em.com.br\/emalta\/#website","url":"https:\/\/www.em.com.br\/emalta\/","name":"Estado de Minas - Em Alta","description":"Acompanhe as \u00faltimas not\u00edcias e fique bem informado sobre tudo o que acontece em Minas Gerais, Brasil e no mundo.","potentialAction":[{"@type":"SearchAction","target":{"@type":"EntryPoint","urlTemplate":"https:\/\/www.em.com.br\/emalta\/?s={search_term_string}"},"query-input":{"@type":"PropertyValueSpecification","valueRequired":true,"valueName":"search_term_string"}}],"inLanguage":"pt-BR"},{"@type":"Person","@id":"https:\/\/www.em.com.br\/emalta\/#\/schema\/person\/a8c27556910de924e3004c2fd747ec3a","name":"Guilherme Ara\u00fajo","image":{"@type":"ImageObject","inLanguage":"pt-BR","@id":"https:\/\/secure.gravatar.com\/avatar\/063bc96e5a2afd1844386c45bd1360efc771eff011a9fab8cd399e2a104c3ecd?s=96&d=mm&r=g","url":"https:\/\/secure.gravatar.com\/avatar\/063bc96e5a2afd1844386c45bd1360efc771eff011a9fab8cd399e2a104c3ecd?s=96&d=mm&r=g","contentUrl":"https:\/\/secure.gravatar.com\/avatar\/063bc96e5a2afd1844386c45bd1360efc771eff011a9fab8cd399e2a104c3ecd?s=96&d=mm&r=g","caption":"Guilherme Ara\u00fajo"},"sameAs":["https:\/\/www.em.com.br\/emalta"],"url":"https:\/\/www.em.com.br\/emalta\/author\/guilhermeamyth\/"}]}},"_links":{"self":[{"href":"https:\/\/www.em.com.br\/emalta\/wp-json\/wp\/v2\/posts\/267429","targetHints":{"allow":["GET"]}}],"collection":[{"href":"https:\/\/www.em.com.br\/emalta\/wp-json\/wp\/v2\/posts"}],"about":[{"href":"https:\/\/www.em.com.br\/emalta\/wp-json\/wp\/v2\/types\/post"}],"author":[{"embeddable":true,"href":"https:\/\/www.em.com.br\/emalta\/wp-json\/wp\/v2\/users\/30"}],"replies":[{"embeddable":true,"href":"https:\/\/www.em.com.br\/emalta\/wp-json\/wp\/v2\/comments?post=267429"}],"version-history":[{"count":4,"href":"https:\/\/www.em.com.br\/emalta\/wp-json\/wp\/v2\/posts\/267429\/revisions"}],"predecessor-version":[{"id":267586,"href":"https:\/\/www.em.com.br\/emalta\/wp-json\/wp\/v2\/posts\/267429\/revisions\/267586"}],"wp:featuredmedia":[{"embeddable":true,"href":"https:\/\/www.em.com.br\/emalta\/wp-json\/wp\/v2\/media\/267517"}],"wp:attachment":[{"href":"https:\/\/www.em.com.br\/emalta\/wp-json\/wp\/v2\/media?parent=267429"}],"wp:term":[{"taxonomy":"category","embeddable":true,"href":"https:\/\/www.em.com.br\/emalta\/wp-json\/wp\/v2\/categories?post=267429"},{"taxonomy":"post_tag","embeddable":true,"href":"https:\/\/www.em.com.br\/emalta\/wp-json\/wp\/v2\/tags?post=267429"}],"curies":[{"name":"wp","href":"https:\/\/api.w.org\/{rel}","templated":true}]}}