{"id":267038,"date":"2026-08-31T13:27:00","date_gmt":"2026-08-31T16:27:00","guid":{"rendered":"https:\/\/www.em.com.br\/emalta\/?p=267038"},"modified":"2026-08-30T13:59:01","modified_gmt":"2026-08-30T16:59:01","slug":"guarda-a-maior-reserva-mundial-de-niobio-e-reune-produtores-de-19-paises-em-torno-do-queijo-a-cidade-do-hotel-castelo-com-jardins-de-burle-marx-fica-no-alto-paranaiba","status":"publish","type":"post","link":"https:\/\/www.em.com.br\/emalta\/2026\/08\/31\/guarda-a-maior-reserva-mundial-de-niobio-e-reune-produtores-de-19-paises-em-torno-do-queijo-a-cidade-do-hotel-castelo-com-jardins-de-burle-marx-fica-no-alto-paranaiba\/","title":{"rendered":"Guarda a maior reserva mundial de ni\u00f3bio e re\u00fane produtores de 19 pa\u00edses em torno do queijo: a cidade do hotel-castelo com jardins de Burle Marx fica no Alto Parana\u00edba"},"content":{"rendered":"\n<p class=\"wp-block-paragraph\">Debaixo de um vale circular no oeste de <strong>Minas Gerais<\/strong> existe uma estrutura geol\u00f3gica antiga que fez duas coisas ao mesmo tempo: empurrou para a superf\u00edcie \u00e1guas sulfurosas usadas em tratamentos desde o <strong>s\u00e9culo XIX<\/strong> e concentrou o metal mais estrat\u00e9gico da ind\u00fastria moderna. Em <strong>Arax\u00e1<\/strong>, essa coincid\u00eancia sustenta ao mesmo tempo o turismo termal e uma das opera\u00e7\u00f5es minerais mais valiosas do <strong>Brasil<\/strong>.<\/p>\n\n\n\n<h2 class=\"wp-block-heading\">Por que a cidade concentra a maior reserva mundial de ni\u00f3bio?<\/h2>\n\n\n\n<p class=\"wp-block-paragraph\">Porque a forma\u00e7\u00e3o do subsolo local reuniu, em um \u00fanico dep\u00f3sito, um volume que nenhum outro pa\u00eds conseguiu igualar. Segundo a <a href=\"https:\/\/araxa.mg.gov.br\/noticia\/8624\/jornal-estado-de-minas-destaca-araxa-maior-complexo-termal-do-brasil-e-a-maior-reserva-mundial-de-niobio\" target=\"_blank\" rel=\"noreferrer noopener\"><strong>Prefeitura de Arax\u00e1<\/strong><\/a>, o munic\u00edpio re\u00fane a maior reserva mundial de ni\u00f3bio e, na superf\u00edcie, o maior complexo de spa termal do pa\u00eds.<\/p>\n\n\n\n<p class=\"wp-block-paragraph\">O metal n\u00e3o \u00e9 conhecido do grande p\u00fablico, mas est\u00e1 em quase tudo o que exige resist\u00eancia: ligas usadas em turbinas de avi\u00e3o, gasodutos, estruturas de a\u00e7o leve e, mais recentemente, baterias. \u00c9 o tipo de riqueza que muda o perfil econ\u00f4mico de uma cidade inteira.<\/p>\n\n\n<div class=\"wp-block-image\">\n<figure class=\"aligncenter size-large\"><img decoding=\"async\" src=\"https:\/\/www.em.com.br\/emfoco\/wp-content\/uploads\/2026\/01\/Araxa-1024x576.jpg\" alt=\"A cidade mineira que concentra o maior spa termal do Brasil e um mineral estrat\u00e9gico do mundo\" class=\"wp-image-152065\"\/><figcaption class=\"wp-element-caption\">Arax\u00e1 abriga o maior complexo de \u00e1guas termais do Brasil e lidera a minera\u00e7\u00e3o global de ni\u00f3bio \/\/ Cr\u00e9ditos: Wikipedia<\/figcaption><\/figure>\n<\/div>\n\n\n<h2 class=\"wp-block-heading\">O que torna as \u00e1guas do Barreiro diferentes das outras termas?<\/h2>\n\n\n\n<p class=\"wp-block-paragraph\">A composi\u00e7\u00e3o e o cen\u00e1rio em volta delas. De acordo com a <a href=\"https:\/\/www.agenciaminas.mg.gov.br\/noticia\/grande-hotel-de-araxa-resgata-origens-e-preve-crescimento-no-numero-de-visitantes\" target=\"_blank\" rel=\"noreferrer noopener\"><strong>Ag\u00eancia Minas<\/strong><\/a>, o complexo do <strong>Grande Hotel<\/strong>, constru\u00eddo na <strong>d\u00e9cada de 1940<\/strong>, tem <strong>33,3 mil metros quadrados<\/strong> de \u00e1rea edificada e fica no centro de um parque de <strong>450 mil metros quadrados<\/strong>, a mais de 900 metros de altitude.<\/p>\n\n\n\n<p class=\"wp-block-paragraph\">Os jardins do conjunto foram projetados por <strong>Roberto Burle Marx<\/strong>, o paisagista brasileiro mais conhecido no exterior, e cercam lagos e bosques. Os h\u00f3spedes usam \u00e1guas mineralizantes e sulfurosas e a lama medicinal de origem vulc\u00e2nica, recursos que deram \u00e0 regi\u00e3o fama de est\u00e2ncia curativa muito antes de existir hotel para receb\u00ea-los.<\/p>\n\n\n<div class=\"wp-block-image\">\n<figure class=\"aligncenter size-large\"><img decoding=\"async\" src=\"https:\/\/www.em.com.br\/emfoco\/wp-content\/uploads\/2026\/01\/araxa3-1024x576.jpg\" alt=\"A cidade mineira que concentra o maior spa termal do Brasil e um mineral estrat\u00e9gico do mundo\" class=\"wp-image-152063\"\/><figcaption class=\"wp-element-caption\">Arax\u00e1 re\u00fane fontes termais, jardins e paisagens do interior mineiro \/\/ Cr\u00e9ditos: Wikipedia \/ Wikimedia Commons<\/figcaption><\/figure>\n<\/div>\n\n\n<h2 class=\"wp-block-heading\">Como o queijo artesanal colocou o munic\u00edpio no mapa internacional?<\/h2>\n\n\n\n<p class=\"wp-block-paragraph\">Por meio de uma competi\u00e7\u00e3o que se tornou a maior das <strong>Am\u00e9ricas<\/strong> no setor. Conforme a <a href=\"https:\/\/araxa.mg.gov.br\/noticia\/9088\/com-apoio-da-prefeitura-expoqueijo-brasil-2026-termina-ampliando-a-projecao-de-araxa-no-cenario-internacional-do-queijo-artesanal\" target=\"_blank\" rel=\"noreferrer noopener\"><strong>Prefeitura de Arax\u00e1<\/strong><\/a>, a edi\u00e7\u00e3o de <strong>2026<\/strong> da <strong>ExpoQueijo Brasil<\/strong> reuniu representantes de <strong>19 pa\u00edses<\/strong>, cerca de mil queijos inscritos no concurso internacional e mais de <strong>200 jurados<\/strong> nacionais e estrangeiros.<\/p>\n\n\n\n<p class=\"wp-block-paragraph\">O evento acontece dentro do complexo termal e transborda para a cidade. O trof\u00e9u Super Ouro daquela edi\u00e7\u00e3o ficou com um queijo brasileiro, resultado que refor\u00e7a a posi\u00e7\u00e3o da regi\u00e3o como um dos ber\u00e7os do <strong>queijo minas artesanal<\/strong>. Durante os quatro dias, hotelaria, restaurantes, com\u00e9rcio e transporte sentem o aumento de movimento.<\/p>\n\n\n<div class=\"wp-block-image\">\n<figure class=\"aligncenter size-large\"><img decoding=\"async\" src=\"https:\/\/www.em.com.br\/emfoco\/wp-content\/uploads\/2026\/01\/araxa4-1024x576.jpg\" alt=\"A cidade mineira que concentra o maior spa termal do Brasil e um mineral estrat\u00e9gico do mundo\" class=\"wp-image-152062\"\/><figcaption class=\"wp-element-caption\">Arax\u00e1 combina tranquilidade economia forte e bem-estar \/\/ Cr\u00e9ditos: Wikipedia<\/figcaption><\/figure>\n<\/div>\n\n\n<h2 class=\"wp-block-heading\">Onde est\u00e3o as fontes, museus e mirantes da cidade?<\/h2>\n\n\n\n<p class=\"wp-block-paragraph\">A maior parte fica no complexo do Barreiro, a poucos quil\u00f4metros do centro. Confira abaixo os principais pontos:<\/p>\n\n\n\n<ul class=\"wp-block-list\">\n<li><strong>Grande Hotel Termas de Arax\u00e1<\/strong>: hotel-castelo ligado \u00e0s termas por galeria interna, com piscinas, sauna e banho de lama.<\/li>\n\n\n\n<li><strong>Fonte Dona Beja<\/strong>: gruta artificial onde brota \u00e1gua termal usada em tratamentos.<\/li>\n\n\n\n<li><strong>Fonte Andrade J\u00fanior<\/strong>: \u00e1gua sulfurosa alcalina, indicada para tratamentos reum\u00e1ticos e de pele.<\/li>\n\n\n\n<li><strong>Museu Hist\u00f3rico Dona Beja<\/strong>: acervo dedicado \u00e0 personagem que marcou a hist\u00f3ria local no s\u00e9culo XIX.<\/li>\n\n\n\n<li><strong>Museu Calmon Barreto<\/strong>: homenagem ao artista pl\u00e1stico araxaense, com obras e objetos da cultura regional.<\/li>\n\n\n\n<li><strong>Mata da Cascatinha<\/strong>: trilha curta dentro do pr\u00f3prio complexo, com cachoeira ao final do percurso.<\/li>\n<\/ul>\n\n\n\n<p class=\"wp-block-paragraph\">Para planejar o roteiro, a <a href=\"https:\/\/araxa.mg.gov.br\/noticia\/8915\/araxa-lanca-novo-site-oficial-de-turismo-e-convida-visitantes-a-viverem-a-cidade\" target=\"_blank\" rel=\"noreferrer noopener\"><strong>Prefeitura de Arax\u00e1<\/strong><\/a> lan\u00e7ou um site oficial de turismo com informa\u00e7\u00f5es sobre atrativos, hospedagem, gastronomia e calend\u00e1rio de eventos, que inclui festivais de cacha\u00e7a, literatura e mountain bike ao longo do ano.<\/p>\n\n\n\n<p class=\"wp-block-paragraph\">Quem quer conhecer os atrativos de <strong>Arax\u00e1<\/strong> vai curtir este v\u00eddeo do canal <strong>Fam\u00edlia Pet na Estrada \ud83d\udc9b<\/strong>, com mais de <strong>52 mil<\/strong> inscritos, onde <strong>Ana Raquel e Daniel<\/strong> exploram a cidade.<\/p>\n\n\n\n<figure class=\"wp-block-embed is-type-video is-provider-youtube wp-block-embed-youtube wp-embed-aspect-16-9 wp-has-aspect-ratio\"><div class=\"wp-block-embed__wrapper\">\n<div class=\"jeg_video_container jeg_video_content\"><iframe loading=\"lazy\" title=\"Conhe\u00e7a ARAX\u00c1 | Pontos tur\u00edsticos de Minas Gerais\" width=\"500\" height=\"281\" src=\"https:\/\/www.youtube.com\/embed\/7LfhazsBsHc?feature=oembed\" frameborder=\"0\" allow=\"accelerometer; autoplay; clipboard-write; encrypted-media; gyroscope; picture-in-picture; web-share\" referrerpolicy=\"strict-origin-when-cross-origin\" allowfullscreen><\/iframe><\/div>\n<\/div><\/figure>\n\n\n\n<h2 class=\"wp-block-heading\">Como \u00e9 o clima de Arax\u00e1 ao longo do ano?<\/h2>\n\n\n\n<p class=\"wp-block-paragraph\">A cidade fica a cerca de mil metros de altitude no <strong>Alto Parana\u00edba<\/strong>, com clima tropical de altitude e esta\u00e7\u00e3o seca bem definida. Em julho, a m\u00e9dia hist\u00f3rica de chuva n\u00e3o passa de poucos mil\u00edmetros, o que garante dias de c\u00e9u limpo e umidade baixa. Veja abaixo como as esta\u00e7\u00f5es se comportam no munic\u00edpio:<\/p>\n\n\n\n<!-- ============================================================ -->\n<!-- ===== IN\u00cdCIO BLOCO CLIM\u00c1TICO: ARAX\u00c1 ===== -->\n<!-- ============================================================ -->\n\n<style>\n    .ant-grid { \n        --cor-primaria: #1a2a57;\n        --cor-secundaria: #1a2a57;\n        --cor-txt-secundaria: #ffffff; \n\n        display: grid !important; \n        grid-template-columns: repeat(auto-fit, minmax(190px, 1fr)) !important; \n        gap: 15px !important; \n        justify-content: center !important; \n        align-items: stretch !important;\n        padding: 10px !important;\n        margin: 30px auto !important;\n    }\n    \n    .ant-card { \n        border: 5px solid var(--cor-primaria) !important; \n        border-top: 5px solid var(--cor-secundaria) !important; \n        border-radius: 4px !important;\n        background-color: var(--cor-primaria) !important; \n        background-clip: padding-box !important; \n        display: flex !important; \n        flex-direction: column !important; \n        overflow: hidden !important; \n        cursor: pointer !important; \n        box-shadow: 0 6px 12px rgba(0,0,0, 0.2) !important; \n        transition: transform 0.2s ease, box-shadow 0.2s ease !important; \n        -webkit-tap-highlight-color: transparent !important; \n        user-select: none !important; \n        transform: translateZ(0) !important;\n        animation: wmFadeIn 0.6s cubic-bezier(0.2, 0.8, 0.2, 1) backwards;\n        height: auto !important;\n        min-height: 0 !important;\n        margin: 0 !important;\n        padding: 0 !important;\n    }\n    \n    @keyframes wmFadeIn { from { opacity: 0; transform: translateY(30px); } to { opacity: 1; transform: translateY(0); } }\n\n    .ant-card:hover { transform: translateY(-5px) !important; box-shadow: 0 15px 30px rgba(0,0,0, 0.3) !important; }\n    \n    .ant-header { background: #f0f8f9 !important; padding: 15px 10px !important; text-align: center !important; display: flex !important; flex-direction: column !important; align-items: center !important; justify-content: center !important; margin: 0 !important; }\n    .ant-body { background: #ffffff !important; padding: 15px !important; display: flex !important; flex-direction: column !important; flex-grow: 1 !important; align-items: center !important; margin: 0 !important; height: 100% !important; }\n    \n    .ant-card-destaque { box-shadow: 0 8px 16px rgba(0,0,0, 0.25) !important; }\n    .ant-card-destaque .ant-header { background: var(--cor-secundaria) !important; }\n    .ant-card-destaque .ant-header .ant-titulo { color: var(--cor-txt-secundaria) !important; } \n    \n    .ant-badge-chuva {\n        display: inline-flex !important;\n        align-items: center !important;\n        gap: 5px !important;\n        background: #f0f4f8 !important;\n        color: #555555 !important;\n        font-size: 11px !important;\n        font-weight: 700 !important;\n        padding: 4px 10px !important;\n        border-radius: 4px !important;\n        margin-bottom: 12px !important;\n        text-transform: uppercase !important;\n        letter-spacing: 0.5px !important;\n    }\n    .ant-badge-chuva.chuva-alta { background: #e8ecf2 !important; color: #1a2a57 !important; }\n    \n    .pill-ant { display: flex !important; justify-content: center !important; align-items: center !important; text-align: center !important; background: #e8ecf2 !important; color: var(--cor-primaria) !important; font-size: 11px !important; font-weight: 900 !important; letter-spacing: 0.5px !important; padding: 8px 16px !important; border-radius: 4px !important; text-transform: uppercase !important; margin-top: auto !important; margin-bottom: 0 !important; width: 100%; box-sizing: border-box;}\n    .ant-card-destaque .pill-ant { background: var(--cor-secundaria) !important; color: var(--cor-txt-secundaria) !important; } \n    \n    .ant-emoji { font-size: 24px !important; line-height: 1 !important; margin-bottom: 5px !important; display: block !important; }\n    .ant-titulo { color: var(--cor-primaria) !important; font-size: 16px !important; text-transform: uppercase !important; margin-top: 5px !important; font-weight: bold !important; display: block !important; }\n    .ant-mes { font-size: 11px !important; font-weight: 800 !important; color: var(--cor-primaria) !important; text-transform: uppercase !important; margin-bottom: 5px !important; display: block !important; }\n    .ant-temp { font-size: 24px !important; font-weight: 900 !important; color: var(--cor-primaria) !important; margin-bottom: 6px !important; display: block !important; }\n    .ant-desc { font-size: 13px !important; color: #444 !important; text-align: center !important; line-height: 1.5 !important; margin-bottom: 15px !important; flex-grow: 1 !important; font-family: 'Segoe UI', Roboto, Helvetica, Arial, sans-serif !important; display: block !important;}\n    .ant-desc strong { color: #111 !important; font-weight: bold !important; }\n\n    @media (prefers-color-scheme: dark) {\n        .ant-card { border-color: #2b3d6f !important; background-color: #2b3d6f !important; }\n        .ant-header { background: #1a1a1a !important; } .ant-body { background: #121212 !important; }\n        .ant-titulo { color: #7f95d1 !important; } .ant-mes { color: #a3b5e8 !important; } .ant-temp { color: #7f95d1 !important; } \n        .ant-desc { color: #cccccc !important; } .ant-desc strong { color: #ffffff !important; }\n        .pill-ant { background: #1a1a1a !important; color: #7f95d1 !important; }\n        .ant-card-destaque .pill-ant { background: var(--cor-secundaria) !important; color: var(--cor-txt-secundaria) !important; }\n        .ant-badge-chuva { background: #1a1a1a !important; color: #aaaaaa !important; }\n        .ant-badge-chuva.chuva-alta { background: #131f42 !important; color: #7f95d1 !important; }\n    }\n<\/style>\n\n<div class=\"google-auto-ads-ignore ant-grid\" style=\"box-sizing: border-box; width: 100%; max-width: 980px; font-family: 'Segoe UI', Roboto, Helvetica, Arial, sans-serif;\">\n    <div class=\"ant-card\">\n        <div class=\"ant-header\">\n            <span class=\"ant-emoji\">\ud83d\udca6<\/span>\n            <span class=\"ant-titulo\">Ver\u00e3o<\/span>\n        <\/div>\n        <div class=\"ant-body\">\n            <span class=\"ant-mes\">Dezembro a Fevereiro<\/span>\n            <span class=\"ant-temp\">18\u00b0C a 27\u00b0C<\/span>\n            <div class=\"ant-badge-chuva chuva-alta\">\u2614 Alta<\/div>\n            <div class=\"ant-desc\">As marcas de chuva t\u00edpicas invadem a altitude da regi\u00e3o amena e os banhos medicinais da rica cidade termal. Contemple o per\u00edodo molhado e quente das majestosas <strong>chuvas frequentes e calor ameno<\/strong> nas fontes cristalinas da est\u00e2ncia mineira!<\/div>\n            <div class=\"pill-ant\"><span>Publicidade VIAJE COM AVISO<\/span><\/div>\n        <\/div>\n    <\/div>\n\n    <div class=\"ant-card\">\n        <div class=\"ant-header\">\n            <span class=\"ant-emoji\">\ud83c\udf42<\/span>\n            <span class=\"ant-titulo\">Outono<\/span>\n        <\/div>\n        <div class=\"ant-body\">\n            <span class=\"ant-mes\">Mar\u00e7o a Maio<\/span>\n            <span class=\"ant-temp\">15\u00b0C a 26\u00b0C<\/span>\n            <div class=\"ant-badge-chuva\">\ud83c\udf24\ufe0f M\u00e9dia<\/div>\n            <div class=\"ant-desc\">As volumosas \u00e1guas come\u00e7am a reduzir trazendo a beleza das grandes rochas e serras tur\u00edsticas \u00e0 tona. Voc\u00ea presenciar\u00e1 um maravilhoso espet\u00e1culo quando as r\u00fasticas <strong>chuvas diminuem e o ar fica mais seco<\/strong> e sereno aos poucos.<\/div>\n            <div class=\"pill-ant\"><span>\ud83c\udf24\ufe0f CLIMA DE TRANSI\u00c7\u00c3O<\/span><\/div>\n        <\/div>\n    <\/div>\n\n    <div class=\"ant-card ant-card-destaque\">\n        <div class=\"ant-header\">\n            <span class=\"ant-emoji\">\u2744\ufe0f<\/span>\n            <span class=\"ant-titulo\">Inverno<\/span>\n        <\/div>\n        <div class=\"ant-body\">\n            <span class=\"ant-mes\">Junho a Agosto<\/span>\n            <span class=\"ant-temp\">12\u00b0C a 27\u00b0C<\/span>\n            <div class=\"ant-badge-chuva\">\u2600\ufe0f Baixa<\/div>\n            <div class=\"ant-desc\">A melhor e fant\u00e1stica janela gelada para turismo nas termas e passeios livres de nuvens carregadas! A est\u00e2ncia desfila maravilhosamente sob o intenso <strong>per\u00edodo seco, com manh\u00e3s frias e sol firme<\/strong>.<\/div>\n            <div class=\"pill-ant\" style=\"color: #ffffff;\"><span>\u2b50 INVERNO NAS TERMAS<\/span><\/div>\n        <\/div>\n    <\/div>\n\n    <div class=\"ant-card\">\n        <div class=\"ant-header\">\n            <span class=\"ant-emoji\">\ud83c\udf38<\/span>\n            <span class=\"ant-titulo\">Primavera<\/span>\n        <\/div>\n        <div class=\"ant-body\">\n            <span class=\"ant-mes\">Setembro a Novembro<\/span>\n            <span class=\"ant-temp\">17\u00b0C a 29\u00b0C<\/span>\n            <div class=\"ant-badge-chuva chuva-alta\">\u2614 M\u00e9dia<\/div>\n            <div class=\"ant-desc\">O term\u00f4metro retorna a marcas expressivas aquecendo de novo a luxuosa terra do Grande Hotel. Desfrute calmamente sabendo lidar lindamente com a inesquec\u00edvel <strong>\u00e9poca mais quente, com retorno das chuvas<\/strong> aben\u00e7oadas!<\/div>\n            <div class=\"pill-ant\"><span>\ud83c\udf38 CALOR INTENSO<\/span><\/div>\n        <\/div>\n    <\/div>\n<\/div>\n\n<!-- ============================================================ -->\n<!-- ===== FIM BLOCO CLIM\u00c1TICO: ARAX\u00c1 ===== -->\n<!-- ============================================================ -->\n\n\n\n<p class=\"wp-block-paragraph\"><em>Temperaturas aproximadas com base no <a href=\"https:\/\/www.climatempo.com.br\/previsao-do-tempo\/cidade\/101\/araxa-mg\" target=\"_blank\" rel=\"noreferrer noopener\"><strong>Climatempo<\/strong><\/a>. As m\u00e9dias variam de um ano para outro por influ\u00eancia de fen\u00f4menos como o <strong>El Ni\u00f1o<\/strong> e a <strong>La Ni\u00f1a<\/strong>, e vale conferir a previs\u00e3o atualizada antes de viajar.<\/em><\/p>\n\n\n\n<h2 class=\"wp-block-heading\">Uma cidade que vive do que veio de baixo da terra<\/h2>\n\n\n\n<p class=\"wp-block-paragraph\">Arax\u00e1 deve \u00e0s mesmas for\u00e7as geol\u00f3gicas duas atividades que raramente aparecem juntas: a minera\u00e7\u00e3o de alta tecnologia, voltada ao mercado internacional, e o turismo de sa\u00fade, herdado de um tempo em que se viajava dias para tomar banho de \u00e1gua sulfurosa. Uma sustenta a arrecada\u00e7\u00e3o, a outra sustenta a fama.<\/p>\n\n\n\n<p class=\"wp-block-paragraph\">Voc\u00ea precisa reservar um fim de semana no Alto Parana\u00edba, entrar nas piscinas do Barreiro e provar, na origem, o queijo que ganhou pr\u00eamio disputado por 19 pa\u00edses.<\/p>\n","protected":false},"excerpt":{"rendered":"<p>Debaixo de um vale circular no oeste de Minas Gerais existe uma estrutura geol\u00f3gica antiga que fez duas coisas ao mesmo tempo: empurrou para a superf\u00edcie \u00e1guas sulfurosas usadas em tratamentos desde o s\u00e9culo XIX e concentrou o metal mais estrat\u00e9gico da ind\u00fastria moderna. Em Arax\u00e1, essa coincid\u00eancia sustenta ao mesmo tempo o turismo termal [&hellip;]<\/p>\n","protected":false},"author":6,"featured_media":268150,"comment_status":"closed","ping_status":"closed","sticky":false,"template":"","format":"standard","meta":{"jnews-multi-image_gallery":[],"jnews_single_post":{"format":"standard"},"jnews_primary_category":[],"jnews_social_meta":[],"jnews_override_counter":[],"footnotes":""},"categories":[26],"tags":[1081,183,207],"class_list":["post-267038","post","type-post","status-publish","format-standard","has-post-thumbnail","hentry","category-cidades","tag-araxa","tag-cidades","tag-minas-gerais"],"yoast_head":"<!-- This site is optimized with the Yoast SEO plugin v28.3 - https:\/\/yoast.com\/product\/yoast-seo-wordpress\/ -->\n<title>Guarda a maior reserva mundial de ni\u00f3bio e re\u00fane produtores de 19 pa\u00edses em torno do queijo: a cidade do hotel-castelo com jardins de Burle Marx fica no Alto Parana\u00edba - Estado de Minas - Em Alta<\/title>\n<meta name=\"description\" content=\"Ni\u00f3bio, queijos e arquitetura monumental fazem desta cidade mineira um lugar onde riqueza mineral, gastronomia e turismo se encontram hoje.\" \/>\n<meta name=\"robots\" content=\"index, follow, max-snippet:-1, max-image-preview:large, max-video-preview:-1\" \/>\n<link rel=\"canonical\" href=\"https:\/\/www.em.com.br\/emalta\/2026\/08\/31\/guarda-a-maior-reserva-mundial-de-niobio-e-reune-produtores-de-19-paises-em-torno-do-queijo-a-cidade-do-hotel-castelo-com-jardins-de-burle-marx-fica-no-alto-paranaiba\/\" \/>\n<meta property=\"og:locale\" content=\"pt_BR\" \/>\n<meta property=\"og:type\" content=\"article\" \/>\n<meta property=\"og:title\" content=\"Guarda a maior reserva mundial de ni\u00f3bio e re\u00fane produtores de 19 pa\u00edses em torno do queijo: a cidade do hotel-castelo com jardins de Burle Marx fica no Alto Parana\u00edba - Estado de Minas - Em Alta\" \/>\n<meta property=\"og:description\" content=\"Ni\u00f3bio, queijos e arquitetura monumental fazem desta cidade mineira um lugar onde riqueza mineral, gastronomia e turismo se encontram hoje.\" \/>\n<meta property=\"og:url\" content=\"https:\/\/www.em.com.br\/emalta\/2026\/08\/31\/guarda-a-maior-reserva-mundial-de-niobio-e-reune-produtores-de-19-paises-em-torno-do-queijo-a-cidade-do-hotel-castelo-com-jardins-de-burle-marx-fica-no-alto-paranaiba\/\" \/>\n<meta property=\"og:site_name\" content=\"Estado de Minas - Em Alta\" \/>\n<meta property=\"article:published_time\" content=\"2026-08-31T16:27:00+00:00\" \/>\n<meta property=\"og:image\" content=\"https:\/\/www.em.com.br\/emalta\/wp-content\/uploads\/2026\/08\/FLOWIMAGE_Mining_operation_in_Araxa_Minas_202608301358.jpg\" \/>\n\t<meta property=\"og:image:width\" content=\"1280\" \/>\n\t<meta property=\"og:image:height\" content=\"720\" \/>\n\t<meta property=\"og:image:type\" content=\"image\/jpeg\" \/>\n<meta name=\"author\" content=\"Vitor Bruno\" \/>\n<meta name=\"twitter:card\" content=\"summary_large_image\" \/>\n<meta name=\"twitter:label1\" content=\"Escrito por\" \/>\n\t<meta name=\"twitter:data1\" content=\"Vitor Bruno\" \/>\n\t<meta name=\"twitter:label2\" content=\"Est. tempo de leitura\" \/>\n\t<meta name=\"twitter:data2\" content=\"7 minutos\" \/>\n<!-- \/ Yoast SEO plugin. -->","yoast_head_json":{"title":"Guarda a maior reserva mundial de ni\u00f3bio e re\u00fane produtores de 19 pa\u00edses em torno do queijo: a cidade do hotel-castelo com jardins de Burle Marx fica no Alto Parana\u00edba - Estado de Minas - Em Alta","description":"Ni\u00f3bio, queijos e arquitetura monumental fazem desta cidade mineira um lugar onde riqueza mineral, gastronomia e turismo se encontram hoje.","robots":{"index":"index","follow":"follow","max-snippet":"max-snippet:-1","max-image-preview":"max-image-preview:large","max-video-preview":"max-video-preview:-1"},"canonical":"https:\/\/www.em.com.br\/emalta\/2026\/08\/31\/guarda-a-maior-reserva-mundial-de-niobio-e-reune-produtores-de-19-paises-em-torno-do-queijo-a-cidade-do-hotel-castelo-com-jardins-de-burle-marx-fica-no-alto-paranaiba\/","og_locale":"pt_BR","og_type":"article","og_title":"Guarda a maior reserva mundial de ni\u00f3bio e re\u00fane produtores de 19 pa\u00edses em torno do queijo: a cidade do hotel-castelo com jardins de Burle Marx fica no Alto Parana\u00edba - Estado de Minas - Em Alta","og_description":"Ni\u00f3bio, queijos e arquitetura monumental fazem desta cidade mineira um lugar onde riqueza mineral, gastronomia e turismo se encontram hoje.","og_url":"https:\/\/www.em.com.br\/emalta\/2026\/08\/31\/guarda-a-maior-reserva-mundial-de-niobio-e-reune-produtores-de-19-paises-em-torno-do-queijo-a-cidade-do-hotel-castelo-com-jardins-de-burle-marx-fica-no-alto-paranaiba\/","og_site_name":"Estado de Minas - Em Alta","article_published_time":"2026-08-31T16:27:00+00:00","og_image":[{"width":1280,"height":720,"url":"https:\/\/www.em.com.br\/emalta\/wp-content\/uploads\/2026\/08\/FLOWIMAGE_Mining_operation_in_Araxa_Minas_202608301358.jpg","type":"image\/jpeg"}],"author":"Vitor Bruno","twitter_card":"summary_large_image","twitter_misc":{"Escrito por":"Vitor Bruno","Est. tempo de leitura":"7 minutos"},"schema":{"@context":"https:\/\/schema.org","@graph":[{"@type":"Article","@id":"https:\/\/www.em.com.br\/emalta\/2026\/08\/31\/guarda-a-maior-reserva-mundial-de-niobio-e-reune-produtores-de-19-paises-em-torno-do-queijo-a-cidade-do-hotel-castelo-com-jardins-de-burle-marx-fica-no-alto-paranaiba\/#article","isPartOf":{"@id":"https:\/\/www.em.com.br\/emalta\/2026\/08\/31\/guarda-a-maior-reserva-mundial-de-niobio-e-reune-produtores-de-19-paises-em-torno-do-queijo-a-cidade-do-hotel-castelo-com-jardins-de-burle-marx-fica-no-alto-paranaiba\/"},"author":{"name":"Vitor Bruno","@id":"https:\/\/www.em.com.br\/emalta\/#\/schema\/person\/2e1e89151e4385a89b87bb2b642919cd"},"headline":"Guarda a maior reserva mundial de ni\u00f3bio e re\u00fane produtores de 19 pa\u00edses em torno do queijo: a cidade do hotel-castelo com jardins de Burle Marx fica no Alto Parana\u00edba","datePublished":"2026-08-31T16:27:00+00:00","mainEntityOfPage":{"@id":"https:\/\/www.em.com.br\/emalta\/2026\/08\/31\/guarda-a-maior-reserva-mundial-de-niobio-e-reune-produtores-de-19-paises-em-torno-do-queijo-a-cidade-do-hotel-castelo-com-jardins-de-burle-marx-fica-no-alto-paranaiba\/"},"wordCount":1117,"image":{"@id":"https:\/\/www.em.com.br\/emalta\/2026\/08\/31\/guarda-a-maior-reserva-mundial-de-niobio-e-reune-produtores-de-19-paises-em-torno-do-queijo-a-cidade-do-hotel-castelo-com-jardins-de-burle-marx-fica-no-alto-paranaiba\/#primaryimage"},"thumbnailUrl":"https:\/\/www.em.com.br\/emalta\/wp-content\/uploads\/2026\/08\/FLOWIMAGE_Mining_operation_in_Araxa_Minas_202608301358.jpg","keywords":["Arax\u00e1","cidades","Minas Gerais"],"articleSection":["Cidades"],"inLanguage":"pt-BR"},{"@type":"WebPage","@id":"https:\/\/www.em.com.br\/emalta\/2026\/08\/31\/guarda-a-maior-reserva-mundial-de-niobio-e-reune-produtores-de-19-paises-em-torno-do-queijo-a-cidade-do-hotel-castelo-com-jardins-de-burle-marx-fica-no-alto-paranaiba\/","url":"https:\/\/www.em.com.br\/emalta\/2026\/08\/31\/guarda-a-maior-reserva-mundial-de-niobio-e-reune-produtores-de-19-paises-em-torno-do-queijo-a-cidade-do-hotel-castelo-com-jardins-de-burle-marx-fica-no-alto-paranaiba\/","name":"Guarda a maior reserva mundial de ni\u00f3bio e re\u00fane produtores de 19 pa\u00edses em torno do queijo: a cidade do hotel-castelo com jardins de Burle Marx fica no Alto Parana\u00edba - Estado de Minas - Em Alta","isPartOf":{"@id":"https:\/\/www.em.com.br\/emalta\/#website"},"primaryImageOfPage":{"@id":"https:\/\/www.em.com.br\/emalta\/2026\/08\/31\/guarda-a-maior-reserva-mundial-de-niobio-e-reune-produtores-de-19-paises-em-torno-do-queijo-a-cidade-do-hotel-castelo-com-jardins-de-burle-marx-fica-no-alto-paranaiba\/#primaryimage"},"image":{"@id":"https:\/\/www.em.com.br\/emalta\/2026\/08\/31\/guarda-a-maior-reserva-mundial-de-niobio-e-reune-produtores-de-19-paises-em-torno-do-queijo-a-cidade-do-hotel-castelo-com-jardins-de-burle-marx-fica-no-alto-paranaiba\/#primaryimage"},"thumbnailUrl":"https:\/\/www.em.com.br\/emalta\/wp-content\/uploads\/2026\/08\/FLOWIMAGE_Mining_operation_in_Araxa_Minas_202608301358.jpg","datePublished":"2026-08-31T16:27:00+00:00","author":{"@id":"https:\/\/www.em.com.br\/emalta\/#\/schema\/person\/2e1e89151e4385a89b87bb2b642919cd"},"description":"Ni\u00f3bio, queijos e arquitetura monumental fazem desta cidade mineira um lugar onde riqueza mineral, gastronomia e turismo se encontram hoje.","breadcrumb":{"@id":"https:\/\/www.em.com.br\/emalta\/2026\/08\/31\/guarda-a-maior-reserva-mundial-de-niobio-e-reune-produtores-de-19-paises-em-torno-do-queijo-a-cidade-do-hotel-castelo-com-jardins-de-burle-marx-fica-no-alto-paranaiba\/#breadcrumb"},"inLanguage":"pt-BR","potentialAction":[{"@type":"ReadAction","target":["https:\/\/www.em.com.br\/emalta\/2026\/08\/31\/guarda-a-maior-reserva-mundial-de-niobio-e-reune-produtores-de-19-paises-em-torno-do-queijo-a-cidade-do-hotel-castelo-com-jardins-de-burle-marx-fica-no-alto-paranaiba\/"]}]},{"@type":"ImageObject","inLanguage":"pt-BR","@id":"https:\/\/www.em.com.br\/emalta\/2026\/08\/31\/guarda-a-maior-reserva-mundial-de-niobio-e-reune-produtores-de-19-paises-em-torno-do-queijo-a-cidade-do-hotel-castelo-com-jardins-de-burle-marx-fica-no-alto-paranaiba\/#primaryimage","url":"https:\/\/www.em.com.br\/emalta\/wp-content\/uploads\/2026\/08\/FLOWIMAGE_Mining_operation_in_Araxa_Minas_202608301358.jpg","contentUrl":"https:\/\/www.em.com.br\/emalta\/wp-content\/uploads\/2026\/08\/FLOWIMAGE_Mining_operation_in_Araxa_Minas_202608301358.jpg","width":1280,"height":720,"caption":"Guarda a maior reserva mundial de ni\u00f3bio e re\u00fane produtores de 19 pa\u00edses em torno do queijo: a cidade do hotel-castelo com jardins de Burle Marx fica no Alto Parana\u00edba \/\/ IMAGEM ILUSTRATIVA"},{"@type":"BreadcrumbList","@id":"https:\/\/www.em.com.br\/emalta\/2026\/08\/31\/guarda-a-maior-reserva-mundial-de-niobio-e-reune-produtores-de-19-paises-em-torno-do-queijo-a-cidade-do-hotel-castelo-com-jardins-de-burle-marx-fica-no-alto-paranaiba\/#breadcrumb","itemListElement":[{"@type":"ListItem","position":1,"name":"In\u00edcio","item":"https:\/\/www.em.com.br\/emalta\/"},{"@type":"ListItem","position":2,"name":"Guarda a maior reserva mundial de ni\u00f3bio e re\u00fane produtores de 19 pa\u00edses em torno do queijo: a cidade do hotel-castelo com jardins de Burle Marx fica no Alto Parana\u00edba"}]},{"@type":"WebSite","@id":"https:\/\/www.em.com.br\/emalta\/#website","url":"https:\/\/www.em.com.br\/emalta\/","name":"Estado de Minas - Em Alta","description":"Acompanhe as \u00faltimas not\u00edcias e fique bem informado sobre tudo o que acontece em Minas Gerais, Brasil e no mundo.","potentialAction":[{"@type":"SearchAction","target":{"@type":"EntryPoint","urlTemplate":"https:\/\/www.em.com.br\/emalta\/?s={search_term_string}"},"query-input":{"@type":"PropertyValueSpecification","valueRequired":true,"valueName":"search_term_string"}}],"inLanguage":"pt-BR"},{"@type":"Person","@id":"https:\/\/www.em.com.br\/emalta\/#\/schema\/person\/2e1e89151e4385a89b87bb2b642919cd","name":"Vitor Bruno","image":{"@type":"ImageObject","inLanguage":"pt-BR","@id":"https:\/\/secure.gravatar.com\/avatar\/ab0513148053bbb80c117cdd35f8a0f2742d41eebbac321acf8df2e633d81609?s=96&d=mm&r=g","url":"https:\/\/secure.gravatar.com\/avatar\/ab0513148053bbb80c117cdd35f8a0f2742d41eebbac321acf8df2e633d81609?s=96&d=mm&r=g","contentUrl":"https:\/\/secure.gravatar.com\/avatar\/ab0513148053bbb80c117cdd35f8a0f2742d41eebbac321acf8df2e633d81609?s=96&d=mm&r=g","caption":"Vitor Bruno"},"sameAs":["https:\/\/www.em.com.br\/emalta\/"],"url":"https:\/\/www.em.com.br\/emalta\/author\/vitormyth\/"}]}},"_links":{"self":[{"href":"https:\/\/www.em.com.br\/emalta\/wp-json\/wp\/v2\/posts\/267038","targetHints":{"allow":["GET"]}}],"collection":[{"href":"https:\/\/www.em.com.br\/emalta\/wp-json\/wp\/v2\/posts"}],"about":[{"href":"https:\/\/www.em.com.br\/emalta\/wp-json\/wp\/v2\/types\/post"}],"author":[{"embeddable":true,"href":"https:\/\/www.em.com.br\/emalta\/wp-json\/wp\/v2\/users\/6"}],"replies":[{"embeddable":true,"href":"https:\/\/www.em.com.br\/emalta\/wp-json\/wp\/v2\/comments?post=267038"}],"version-history":[{"count":7,"href":"https:\/\/www.em.com.br\/emalta\/wp-json\/wp\/v2\/posts\/267038\/revisions"}],"predecessor-version":[{"id":268148,"href":"https:\/\/www.em.com.br\/emalta\/wp-json\/wp\/v2\/posts\/267038\/revisions\/268148"}],"wp:featuredmedia":[{"embeddable":true,"href":"https:\/\/www.em.com.br\/emalta\/wp-json\/wp\/v2\/media\/268150"}],"wp:attachment":[{"href":"https:\/\/www.em.com.br\/emalta\/wp-json\/wp\/v2\/media?parent=267038"}],"wp:term":[{"taxonomy":"category","embeddable":true,"href":"https:\/\/www.em.com.br\/emalta\/wp-json\/wp\/v2\/categories?post=267038"},{"taxonomy":"post_tag","embeddable":true,"href":"https:\/\/www.em.com.br\/emalta\/wp-json\/wp\/v2\/tags?post=267038"}],"curies":[{"name":"wp","href":"https:\/\/api.w.org\/{rel}","templated":true}]}}