{"id":267012,"date":"2026-08-31T15:17:00","date_gmt":"2026-08-31T18:17:00","guid":{"rendered":"https:\/\/www.em.com.br\/emalta\/?p=267012"},"modified":"2026-08-30T13:55:32","modified_gmt":"2026-08-30T16:55:32","slug":"esta-entre-as-10-maiores-economias-de-minas-gerais-e-produz-quase-9-em-cada-10-morangos-do-estado-a-cidade-da-fernao-dias-que-virou-destino-de-multinacionais","status":"publish","type":"post","link":"https:\/\/www.em.com.br\/emalta\/2026\/08\/31\/esta-entre-as-10-maiores-economias-de-minas-gerais-e-produz-quase-9-em-cada-10-morangos-do-estado-a-cidade-da-fernao-dias-que-virou-destino-de-multinacionais\/","title":{"rendered":"Est\u00e1 entre as 10 maiores economias de Minas Gerais e produz quase 9 em cada 10 morangos do estado: a cidade da Fern\u00e3o Dias que virou destino de multinacionais"},"content":{"rendered":"\n<p class=\"wp-block-paragraph\">A rodovia que liga <strong>S\u00e3o Paulo<\/strong> a <strong>Belo Horizonte<\/strong> passa bem no meio do caminho por uma cidade que j\u00e1 foi apenas ponto de descanso de tropeiros. Hoje, <strong>Pouso Alegre<\/strong>, no sul de <strong>Minas Gerais<\/strong>, aproveita essa posi\u00e7\u00e3o para receber ind\u00fastrias de fora do pa\u00eds e, ao mesmo tempo, abastecer o <strong>Brasil<\/strong> inteiro com a fruta colhida nas pequenas propriedades que cercam a \u00e1rea urbana.<\/p>\n\n\n\n<h2 class=\"wp-block-heading\">Por que a cidade entrou no grupo das dez maiores economias mineiras?<\/h2>\n\n\n\n<p class=\"wp-block-paragraph\">Pela combina\u00e7\u00e3o entre localiza\u00e7\u00e3o e chegada de ind\u00fastrias. Segundo a <a href=\"https:\/\/pousoalegre.mg.gov.br\/noticias_individual\/5059\" target=\"_blank\" rel=\"noreferrer noopener\"><strong>Prefeitura de Pouso Alegre<\/strong><\/a>, o munic\u00edpio alcan\u00e7ou <strong>R$ 14,2 bilh\u00f5es<\/strong> de Produto Interno Bruto em <strong>2023<\/strong>, o maior valor de sua s\u00e9rie hist\u00f3rica, o que o coloca na <strong>10\u00aa posi\u00e7\u00e3o<\/strong> entre as cidades de maior PIB de Minas Gerais e na 121\u00aa do ranking nacional.<\/p>\n\n\n\n<p class=\"wp-block-paragraph\">A explica\u00e7\u00e3o est\u00e1 no mapa. A cidade fica \u00e0s margens da <strong>Rodovia Fern\u00e3o Dias<\/strong>, entre os dois maiores mercados consumidores do pa\u00eds, e reuniu ali centros de distribui\u00e7\u00e3o, um aeroporto regional e uma estrutura log\u00edstica e aduaneira pr\u00f3pria. Para uma cidade de pouco mais de 160 mil habitantes, aparecer ao lado de munic\u00edpios movidos por minera\u00e7\u00e3o no ranking estadual \u00e9 resultado incomum.<\/p>\n\n\n<div class=\"wp-block-image\">\n<figure class=\"aligncenter size-large\"><img decoding=\"async\" width=\"1024\" height=\"576\" src=\"https:\/\/www.em.com.br\/emalta\/wp-content\/uploads\/2026\/08\/Minas-Gerais-cidade_1767795105368-1024x576.jpg\" alt=\"Pouso Alegre atrai moradores com qualidade de vida e ind\u00fastria forte \/\/ Cr\u00e9ditos: depositphotos.com \/ PedroTruffi\" class=\"wp-image-268142\" srcset=\"https:\/\/www.em.com.br\/emalta\/wp-content\/uploads\/2026\/08\/Minas-Gerais-cidade_1767795105368-1024x576.jpg 1024w, https:\/\/www.em.com.br\/emalta\/wp-content\/uploads\/2026\/08\/Minas-Gerais-cidade_1767795105368-300x169.jpg 300w, https:\/\/www.em.com.br\/emalta\/wp-content\/uploads\/2026\/08\/Minas-Gerais-cidade_1767795105368-768x432.jpg 768w, https:\/\/www.em.com.br\/emalta\/wp-content\/uploads\/2026\/08\/Minas-Gerais-cidade_1767795105368-750x422.jpg 750w, https:\/\/www.em.com.br\/emalta\/wp-content\/uploads\/2026\/08\/Minas-Gerais-cidade_1767795105368-1140x641.jpg 1140w, https:\/\/www.em.com.br\/emalta\/wp-content\/uploads\/2026\/08\/Minas-Gerais-cidade_1767795105368.jpg 1280w\" sizes=\"(max-width: 1024px) 100vw, 1024px\" \/><figcaption class=\"wp-element-caption\">Pouso Alegre atrai moradores com qualidade de vida e ind\u00fastria forte \/\/ Cr\u00e9ditos: depositphotos.com \/ PedroTruffi<\/figcaption><\/figure>\n<\/div>\n\n\n<h2 class=\"wp-block-heading\">Quantos morangos saem da zona rural pouso-alegrense?<\/h2>\n\n\n\n<p class=\"wp-block-paragraph\">Praticamente toda a safra mineira. De acordo com a <a href=\"https:\/\/pousoalegre.mg.gov.br\/noticias_individual\/4843\" target=\"_blank\" rel=\"noreferrer noopener\"><strong>Prefeitura de Pouso Alegre<\/strong><\/a>, citando dados da <strong>Empresa de Assist\u00eancia T\u00e9cnica e Extens\u00e3o Rural de Minas Gerais (Emater-MG)<\/strong>, o munic\u00edpio produziu <strong>102,25 mil toneladas<\/strong> da fruta em <strong>2024<\/strong>, o equivalente a <strong>87,5%<\/strong> de tudo o que o estado colheu, movimentando cerca de R$ 1,2 bilh\u00e3o em produ\u00e7\u00e3o prim\u00e1ria.<\/p>\n\n\n\n<p class=\"wp-block-paragraph\">O detalhe surpreendente \u00e9 o tamanho de quem planta. Quase toda a produ\u00e7\u00e3o sai de propriedades familiares com cerca de meio hectare cada, e a atividade envolve milhares de produtores e gera aproximadamente 15 mil empregos diretos e indiretos na regi\u00e3o. O clima ajuda: a altitude garante dias quentes e noites amenas, condi\u00e7\u00e3o que concentra a\u00e7\u00facar na fruta.<\/p>\n\n\n<div class=\"wp-block-image\">\n<figure class=\"aligncenter size-large\"><img decoding=\"async\" width=\"1024\" height=\"576\" src=\"https:\/\/www.em.com.br\/emalta\/wp-content\/uploads\/2026\/08\/Pouso-Alegre-1024x576.png\" alt=\"Pouso Alegre atrai moradores com qualidade de vida e ind\u00fastria forte \/\/ Cr\u00e9ditos: Wikipedia \/ Wikimedia Commons\" class=\"wp-image-268141\" srcset=\"https:\/\/www.em.com.br\/emalta\/wp-content\/uploads\/2026\/08\/Pouso-Alegre-1024x576.png 1024w, https:\/\/www.em.com.br\/emalta\/wp-content\/uploads\/2026\/08\/Pouso-Alegre-300x169.png 300w, https:\/\/www.em.com.br\/emalta\/wp-content\/uploads\/2026\/08\/Pouso-Alegre-768x432.png 768w, https:\/\/www.em.com.br\/emalta\/wp-content\/uploads\/2026\/08\/Pouso-Alegre-750x422.png 750w, https:\/\/www.em.com.br\/emalta\/wp-content\/uploads\/2026\/08\/Pouso-Alegre-1140x641.png 1140w, https:\/\/www.em.com.br\/emalta\/wp-content\/uploads\/2026\/08\/Pouso-Alegre.png 1280w\" sizes=\"(max-width: 1024px) 100vw, 1024px\" \/><figcaption class=\"wp-element-caption\">Pouso Alegre atrai moradores com qualidade de vida e ind\u00fastria forte \/\/ Cr\u00e9ditos: depositphotos.com \/ PedroTruffi<\/figcaption><\/figure>\n<\/div>\n\n\n<h2 class=\"wp-block-heading\">O que os \u00edndices dizem sobre o desenvolvimento do munic\u00edpio?<\/h2>\n\n\n\n<p class=\"wp-block-paragraph\">Que o crescimento chegou tamb\u00e9m aos servi\u00e7os p\u00fablicos. Conforme a <a href=\"https:\/\/pousoalegre.mg.gov.br\/noticias_individual\/4551\" target=\"_blank\" rel=\"noreferrer noopener\"><strong>Prefeitura de Pouso Alegre<\/strong><\/a>, a cidade foi classificada como a <strong>6\u00aa mais desenvolvida<\/strong> de Minas Gerais entre os <strong>853 munic\u00edpios<\/strong> avaliados no <a href=\"https:\/\/www.firjan.com.br\/ifdm\/\" target=\"_blank\" rel=\"noreferrer noopener\"><strong>\u00cdndice Firjan de Desenvolvimento Municipal (IFDM)<\/strong><\/a>, com nota <strong>0,8186<\/strong>, dentro da faixa considerada de alto desenvolvimento.<\/p>\n\n\n\n<p class=\"wp-block-paragraph\">O \u00edndice mede tr\u00eas frentes: emprego e renda, sa\u00fade e educa\u00e7\u00e3o, sempre com base em estat\u00edsticas p\u00fablicas oficiais. Menos de 5% das cidades brasileiras alcan\u00e7am a faixa alta, o que d\u00e1 dimens\u00e3o ao resultado. Cidades m\u00e9dias que sobem nesse tipo de ranking costumam repetir a receita.<\/p>\n\n\n<div class=\"wp-block-image\">\n<figure class=\"aligncenter size-large\"><img decoding=\"async\" width=\"1024\" height=\"576\" src=\"https:\/\/www.em.com.br\/emalta\/wp-content\/uploads\/2026\/08\/Minas-Gerais-cidade_1767795127484-1024x576.jpg\" alt=\"Pouso Alegre atrai moradores com qualidade de vida e ind\u00fastria forte \/\/ Cr\u00e9ditos: depositphotos.com \/ PedroTruffi\" class=\"wp-image-268144\" srcset=\"https:\/\/www.em.com.br\/emalta\/wp-content\/uploads\/2026\/08\/Minas-Gerais-cidade_1767795127484-1024x576.jpg 1024w, https:\/\/www.em.com.br\/emalta\/wp-content\/uploads\/2026\/08\/Minas-Gerais-cidade_1767795127484-300x169.jpg 300w, https:\/\/www.em.com.br\/emalta\/wp-content\/uploads\/2026\/08\/Minas-Gerais-cidade_1767795127484-768x432.jpg 768w, https:\/\/www.em.com.br\/emalta\/wp-content\/uploads\/2026\/08\/Minas-Gerais-cidade_1767795127484-750x422.jpg 750w, https:\/\/www.em.com.br\/emalta\/wp-content\/uploads\/2026\/08\/Minas-Gerais-cidade_1767795127484-1140x641.jpg 1140w, https:\/\/www.em.com.br\/emalta\/wp-content\/uploads\/2026\/08\/Minas-Gerais-cidade_1767795127484.jpg 1280w\" sizes=\"(max-width: 1024px) 100vw, 1024px\" \/><figcaption class=\"wp-element-caption\">Pouso Alegre atrai moradores com qualidade de vida e ind\u00fastria forte \/\/ Cr\u00e9ditos: depositphotos.com \/ PedroTruffi<\/figcaption><\/figure>\n<\/div>\n\n\n<h2 class=\"wp-block-heading\">Onde ficam as atra\u00e7\u00f5es da porta de entrada do Sul de Minas?<\/h2>\n\n\n\n<p class=\"wp-block-paragraph\">Entre o centro hist\u00f3rico, o parque urbano e as lavouras que cercam a cidade. Confira abaixo os principais pontos de visita:<\/p>\n\n\n\n<ul class=\"wp-block-list\">\n<li><strong>Parque Natural Municipal<\/strong>: conhecido como Horto Florestal, \u00e9 a principal \u00e1rea verde da cidade, com trilhas e espa\u00e7o para caminhada.<\/li>\n\n\n\n<li><strong>Teatro Municipal<\/strong>: pr\u00e9dio hist\u00f3rico do centro, tombado como patrim\u00f4nio e usado para espet\u00e1culos e shows.<\/li>\n\n\n\n<li><strong>Mercado Municipal<\/strong>: ponto de encontro para queijos, cacha\u00e7as e o pastel de farinha de milho, prato-s\u00edmbolo local.<\/li>\n\n\n\n<li><strong>Catedral Metropolitana<\/strong>: sede da arquidiocese e um dos marcos arquitet\u00f4nicos do centro.<\/li>\n\n\n\n<li><strong>Museu Hist\u00f3rico Municipal Tuany Toledo<\/strong>: acervo dedicado \u00e0 forma\u00e7\u00e3o da cidade e da regi\u00e3o.<\/li>\n\n\n\n<li><strong>Rota rural do morango<\/strong>: propriedades familiares no entorno que vendem a fruta direto ao consumidor.<\/li>\n<\/ul>\n\n\n\n<p class=\"wp-block-paragraph\">O calend\u00e1rio local tamb\u00e9m gira em torno da produ\u00e7\u00e3o agr\u00edcola. O <strong>Festival do Morango<\/strong>, apoiado pela prefeitura, re\u00fane palestras t\u00e9cnicas, oficinas de culin\u00e1ria e atra\u00e7\u00f5es culturais, aproximando o visitante de quem planta.<\/p>\n\n\n\n<p class=\"wp-block-paragraph\">Quem quer conhecer <strong>Pouso Alegre<\/strong> vai curtir este v\u00eddeo do canal <strong>Rodando por a\u00ed<\/strong>, com mais de <strong>6,3 mil<\/strong> visualiza\u00e7\u00f5es, que percorre a cidade e mostra seu dia a dia.<\/p>\n\n\n\n<figure class=\"wp-block-embed is-type-video is-provider-youtube wp-block-embed-youtube wp-embed-aspect-16-9 wp-has-aspect-ratio\"><div class=\"wp-block-embed__wrapper\">\n<div class=\"jeg_video_container jeg_video_content\"><iframe loading=\"lazy\" title=\"Pouso Alegre - Minas Gerais\" width=\"500\" height=\"281\" src=\"https:\/\/www.youtube.com\/embed\/A-5w0K0aghg?feature=oembed\" frameborder=\"0\" allow=\"accelerometer; autoplay; clipboard-write; encrypted-media; gyroscope; picture-in-picture; web-share\" referrerpolicy=\"strict-origin-when-cross-origin\" allowfullscreen><\/iframe><\/div>\n<\/div><\/figure>\n\n\n\n<h2 class=\"wp-block-heading\">Como \u00e9 o clima de Pouso Alegre ao longo do ano?<\/h2>\n\n\n\n<p class=\"wp-block-paragraph\">A cidade fica a cerca de 830 metros de altitude, na <strong>Serra da Mantiqueira<\/strong>, o que resulta em clima subtropical de altitude. As chuvas se concentram entre novembro e mar\u00e7o, e o inverno \u00e9 seco, com madrugadas frias. Veja abaixo como as esta\u00e7\u00f5es se comportam no munic\u00edpio:<\/p>\n\n\n\n<!-- ============================================================ -->\n<!-- ===== IN\u00cdCIO BLOCO CLIM\u00c1TICO: POUSO ALEGRE ===== -->\n<!-- ============================================================ -->\n\n<style>\n    .ant-grid { \n        --cor-primaria: #1a2a57;\n        --cor-secundaria: #1a2a57;\n        --cor-txt-secundaria: #ffffff; \n\n        display: grid !important; \n        grid-template-columns: repeat(auto-fit, minmax(190px, 1fr)) !important; \n        gap: 15px !important; \n        justify-content: center !important; \n        align-items: stretch !important;\n        padding: 10px !important;\n        margin: 30px auto !important;\n    }\n    \n    .ant-card { \n        border: 5px solid var(--cor-primaria) !important; \n        border-top: 5px solid var(--cor-secundaria) !important; \n        border-radius: 4px !important;\n        background-color: var(--cor-primaria) !important; \n        background-clip: padding-box !important; \n        display: flex !important; \n        flex-direction: column !important; \n        overflow: hidden !important; \n        cursor: pointer !important; \n        box-shadow: 0 6px 12px rgba(0,0,0, 0.2) !important; \n        transition: transform 0.2s ease, box-shadow 0.2s ease !important; \n        -webkit-tap-highlight-color: transparent !important; \n        user-select: none !important; \n        transform: translateZ(0) !important;\n        animation: wmFadeIn 0.6s cubic-bezier(0.2, 0.8, 0.2, 1) backwards;\n        height: auto !important;\n        min-height: 0 !important;\n        margin: 0 !important;\n        padding: 0 !important;\n    }\n    \n    @keyframes wmFadeIn { from { opacity: 0; transform: translateY(30px); } to { opacity: 1; transform: translateY(0); } }\n\n    .ant-card:hover { transform: translateY(-5px) !important; box-shadow: 0 15px 30px rgba(0,0,0, 0.3) !important; }\n    \n    .ant-header { background: #f0f8f9 !important; padding: 15px 10px !important; text-align: center !important; display: flex !important; flex-direction: column !important; align-items: center !important; justify-content: center !important; margin: 0 !important; }\n    .ant-body { background: #ffffff !important; padding: 15px !important; display: flex !important; flex-direction: column !important; flex-grow: 1 !important; align-items: center !important; margin: 0 !important; height: 100% !important; }\n    \n    .ant-card-destaque { box-shadow: 0 8px 16px rgba(0,0,0, 0.25) !important; }\n    .ant-card-destaque .ant-header { background: var(--cor-secundaria) !important; }\n    .ant-card-destaque .ant-header .ant-titulo { color: var(--cor-txt-secundaria) !important; } \n    \n    .ant-badge-chuva {\n        display: inline-flex !important;\n        align-items: center !important;\n        gap: 5px !important;\n        background: #f0f4f8 !important;\n        color: #555555 !important;\n        font-size: 11px !important;\n        font-weight: 700 !important;\n        padding: 4px 10px !important;\n        border-radius: 4px !important;\n        margin-bottom: 12px !important;\n        text-transform: uppercase !important;\n        letter-spacing: 0.5px !important;\n    }\n    .ant-badge-chuva.chuva-alta { background: #e8ecf2 !important; color: #1a2a57 !important; }\n    \n    .pill-ant { display: flex !important; justify-content: center !important; align-items: center !important; text-align: center !important; background: #e8ecf2 !important; color: var(--cor-primaria) !important; font-size: 11px !important; font-weight: 900 !important; letter-spacing: 0.5px !important; padding: 8px 16px !important; border-radius: 4px !important; text-transform: uppercase !important; margin-top: auto !important; margin-bottom: 0 !important; width: 100%; box-sizing: border-box;}\n    .ant-card-destaque .pill-ant { background: var(--cor-secundaria) !important; color: var(--cor-txt-secundaria) !important; } \n    \n    .ant-emoji { font-size: 24px !important; line-height: 1 !important; margin-bottom: 5px !important; display: block !important; }\n    .ant-titulo { color: var(--cor-primaria) !important; font-size: 16px !important; text-transform: uppercase !important; margin-top: 5px !important; font-weight: bold !important; display: block !important; }\n    .ant-mes { font-size: 11px !important; font-weight: 800 !important; color: var(--cor-primaria) !important; text-transform: uppercase !important; margin-bottom: 5px !important; display: block !important; }\n    .ant-temp { font-size: 24px !important; font-weight: 900 !important; color: var(--cor-primaria) !important; margin-bottom: 6px !important; display: block !important; }\n    .ant-desc { font-size: 13px !important; color: #444 !important; text-align: center !important; line-height: 1.5 !important; margin-bottom: 15px !important; flex-grow: 1 !important; font-family: 'Segoe UI', Roboto, Helvetica, Arial, sans-serif !important; display: block !important;}\n    .ant-desc strong { color: #111 !important; font-weight: bold !important; }\n\n    @media (prefers-color-scheme: dark) {\n        .ant-card { border-color: #2b3d6f !important; background-color: #2b3d6f !important; }\n        .ant-header { background: #1a1a1a !important; } .ant-body { background: #121212 !important; }\n        .ant-titulo { color: #7f95d1 !important; } .ant-mes { color: #a3b5e8 !important; } .ant-temp { color: #7f95d1 !important; } \n        .ant-desc { color: #cccccc !important; } .ant-desc strong { color: #ffffff !important; }\n        .pill-ant { background: #1a1a1a !important; color: #7f95d1 !important; }\n        .ant-card-destaque .pill-ant { background: var(--cor-secundaria) !important; color: var(--cor-txt-secundaria) !important; }\n        .ant-badge-chuva { background: #1a1a1a !important; color: #aaaaaa !important; }\n        .ant-badge-chuva.chuva-alta { background: #131f42 !important; color: #7f95d1 !important; }\n    }\n<\/style>\n\n<div class=\"google-auto-ads-ignore ant-grid\" style=\"box-sizing: border-box; width: 100%; max-width: 980px; font-family: 'Segoe UI', Roboto, Helvetica, Arial, sans-serif;\">\n    <div class=\"ant-card\">\n        <div class=\"ant-header\">\n            <span class=\"ant-emoji\">\ud83d\udca6<\/span>\n            <span class=\"ant-titulo\">Ver\u00e3o<\/span>\n        <\/div>\n        <div class=\"ant-body\">\n            <span class=\"ant-mes\">Dezembro a Fevereiro<\/span>\n            <span class=\"ant-temp\">16\u00b0C a 28\u00b0C<\/span>\n            <div class=\"ant-badge-chuva chuva-alta\">\u2614 Alta<\/div>\n            <div class=\"ant-desc\">As marcas de chuva t\u00edpicas invadem a altitude da bela regi\u00e3o serrana com fartas torrentes pelas valetas. Os passeios pela Mata Atl\u00e2ntica da Serra da Mantiqueira s\u00e3o marcados por bel\u00edssimas <strong>chuvas frequentes e calor moderado<\/strong> e limpo.<\/div>\n            <div class=\"pill-ant\"><span>Publicidade VIAJE COM AVISO<\/span><\/div>\n        <\/div>\n    <\/div>\n\n    <div class=\"ant-card\">\n        <div class=\"ant-header\">\n            <span class=\"ant-emoji\">\ud83c\udf42<\/span>\n            <span class=\"ant-titulo\">Outono<\/span>\n        <\/div>\n        <div class=\"ant-body\">\n            <span class=\"ant-mes\">Mar\u00e7o a Maio<\/span>\n            <span class=\"ant-temp\">13\u00b0C a 26\u00b0C<\/span>\n            <div class=\"ant-badge-chuva\">\ud83c\udf24\ufe0f M\u00e9dia<\/div>\n            <div class=\"ant-desc\">As volumosas \u00e1guas come\u00e7am a reduzir trazendo a beleza colonial \u00e0s pra\u00e7as calmas da est\u00e2ncia. Explore as trilhas maravilhosas com muita serenidade enquanto o cen\u00e1rio exibe como incrivelmente as <strong>chuvas diminuem e as noites esfriam<\/strong> na zona rural.<\/div>\n            <div class=\"pill-ant\"><span>\ud83c\udf24\ufe0f CLIMA DE TRANSI\u00c7\u00c3O<\/span><\/div>\n        <\/div>\n    <\/div>\n\n    <div class=\"ant-card ant-card-destaque\">\n        <div class=\"ant-header\">\n            <span class=\"ant-emoji\">\u2744\ufe0f<\/span>\n            <span class=\"ant-titulo\">Inverno<\/span>\n        <\/div>\n        <div class=\"ant-body\">\n            <span class=\"ant-mes\">Junho a Agosto<\/span>\n            <span class=\"ant-temp\">9\u00b0C a 24\u00b0C<\/span>\n            <div class=\"ant-badge-chuva\">\u2600\ufe0f Baixa<\/div>\n            <div class=\"ant-desc\">A melhor e fant\u00e1stica \u00e9poca seca da regi\u00e3o no cora\u00e7\u00e3o verde com neblinas lind\u00edssimas e agrad\u00e1veis. Garanta os passeios pelas pousadas desfrutando intensamente do calmo e r\u00fastico <strong>per\u00edodo mais seco, com sol firme durante o dia<\/strong> sem lama de temporais.<\/div>\n            <div class=\"pill-ant\" style=\"color: #ffffff;\"><span>\u2b50 INVERNO ENSOLARADO E SECO<\/span><\/div>\n        <\/div>\n    <\/div>\n\n    <div class=\"ant-card\">\n        <div class=\"ant-header\">\n            <span class=\"ant-emoji\">\ud83c\udf38<\/span>\n            <span class=\"ant-titulo\">Primavera<\/span>\n        <\/div>\n        <div class=\"ant-body\">\n            <span class=\"ant-mes\">Setembro a Novembro<\/span>\n            <span class=\"ant-temp\">13\u00b0C a 27\u00b0C<\/span>\n            <div class=\"ant-badge-chuva chuva-alta\">\u2614 M\u00e9dia<\/div>\n            <div class=\"ant-desc\">O ar \u00famido entra em eleva\u00e7\u00e3o e o Sol acorda toda a flora da serra, embelezando o munic\u00edpio! O calor invade as ruas com a majestosa est\u00e2ncia de <strong>temperaturas em alta e volta gradual das chuvas<\/strong> com todo g\u00e1s das matas verdes!<\/div>\n            <div class=\"pill-ant\"><span>\ud83c\udf38 CALOR INTENSO<\/span><\/div>\n        <\/div>\n    <\/div>\n<\/div>\n\n<!-- ============================================================ -->\n<!-- ===== FIM BLOCO CLIM\u00c1TICO: POUSO ALEGRE ===== -->\n<!-- ============================================================ -->\n\n\n\n<p class=\"wp-block-paragraph\"><em>Temperaturas aproximadas com base no <a href=\"https:\/\/www.climatempo.com.br\/previsao-do-tempo\/cidade\/1100\/pousoalegre-mg\" target=\"_blank\" rel=\"noreferrer noopener\"><strong>Climatempo<\/strong><\/a>. As m\u00e9dias variam de um ano para outro por influ\u00eancia de fen\u00f4menos como o <strong>El Ni\u00f1o<\/strong> e a <strong>La Ni\u00f1a<\/strong>, e vale conferir a previs\u00e3o atualizada antes de viajar.<\/em><\/p>\n\n\n\n<h2 class=\"wp-block-heading\">Uma cidade que cresce nas duas pontas<\/h2>\n\n\n\n<p class=\"wp-block-paragraph\">Pouso Alegre re\u00fane dois retratos que raramente convivem no mesmo munic\u00edpio: galp\u00f5es industriais de multinacionais ao lado de estufas de meio hectare tocadas por fam\u00edlias. Um lado explica o salto econ\u00f4mico, o outro explica por que a fruta mais consumida do estado tem endere\u00e7o fixo no sul mineiro.<\/p>\n\n\n\n<p class=\"wp-block-paragraph\">Voc\u00ea precisa parar na Fern\u00e3o Dias, provar um pastel de farinha de milho no Mercado Municipal e conhecer as lavouras que abastecem meio pa\u00eds de morango.<\/p>\n\n\n\n<p class=\"wp-block-paragraph\"><\/p>\n","protected":false},"excerpt":{"rendered":"<p>A rodovia que liga S\u00e3o Paulo a Belo Horizonte passa bem no meio do caminho por uma cidade que j\u00e1 foi apenas ponto de descanso de tropeiros. Hoje, Pouso Alegre, no sul de Minas Gerais, aproveita essa posi\u00e7\u00e3o para receber ind\u00fastrias de fora do pa\u00eds e, ao mesmo tempo, abastecer o Brasil inteiro com a [&hellip;]<\/p>\n","protected":false},"author":6,"featured_media":268143,"comment_status":"closed","ping_status":"closed","sticky":false,"template":"","format":"standard","meta":{"jnews-multi-image_gallery":[],"jnews_single_post":{"format":"standard"},"jnews_primary_category":[],"jnews_social_meta":[],"jnews_override_counter":[],"footnotes":""},"categories":[26],"tags":[183,207,1616],"class_list":["post-267012","post","type-post","status-publish","format-standard","has-post-thumbnail","hentry","category-cidades","tag-cidades","tag-minas-gerais","tag-pouso-alegre"],"yoast_head":"<!-- This site is optimized with the Yoast SEO plugin v28.3 - https:\/\/yoast.com\/product\/yoast-seo-wordpress\/ -->\n<title>Est\u00e1 entre as 10 maiores economias de Minas Gerais e produz quase 9 em cada 10 morangos do estado: a cidade da Fern\u00e3o Dias que virou destino de multinacionais - Estado de Minas - Em Alta<\/title>\n<meta name=\"description\" content=\"Economia forte, morangos e multinacionais ajudam a explicar por que esta cidade mineira ganhou espa\u00e7o entre os grandes polos do estado.\" \/>\n<meta name=\"robots\" content=\"index, follow, max-snippet:-1, max-image-preview:large, max-video-preview:-1\" \/>\n<link rel=\"canonical\" href=\"https:\/\/www.em.com.br\/emalta\/2026\/08\/31\/esta-entre-as-10-maiores-economias-de-minas-gerais-e-produz-quase-9-em-cada-10-morangos-do-estado-a-cidade-da-fernao-dias-que-virou-destino-de-multinacionais\/\" \/>\n<meta property=\"og:locale\" content=\"pt_BR\" \/>\n<meta property=\"og:type\" content=\"article\" \/>\n<meta property=\"og:title\" content=\"Est\u00e1 entre as 10 maiores economias de Minas Gerais e produz quase 9 em cada 10 morangos do estado: a cidade da Fern\u00e3o Dias que virou destino de multinacionais - Estado de Minas - Em Alta\" \/>\n<meta property=\"og:description\" content=\"Economia forte, morangos e multinacionais ajudam a explicar por que esta cidade mineira ganhou espa\u00e7o entre os grandes polos do estado.\" \/>\n<meta property=\"og:url\" content=\"https:\/\/www.em.com.br\/emalta\/2026\/08\/31\/esta-entre-as-10-maiores-economias-de-minas-gerais-e-produz-quase-9-em-cada-10-morangos-do-estado-a-cidade-da-fernao-dias-que-virou-destino-de-multinacionais\/\" \/>\n<meta property=\"og:site_name\" content=\"Estado de Minas - Em Alta\" \/>\n<meta property=\"article:published_time\" content=\"2026-08-31T18:17:00+00:00\" \/>\n<meta property=\"og:image\" content=\"https:\/\/www.em.com.br\/emalta\/wp-content\/uploads\/2026\/08\/Minas-Gerais-cidade_1767795115355.jpg\" \/>\n\t<meta property=\"og:image:width\" content=\"1280\" \/>\n\t<meta property=\"og:image:height\" content=\"720\" \/>\n\t<meta property=\"og:image:type\" content=\"image\/jpeg\" \/>\n<meta name=\"author\" content=\"Vitor Bruno\" \/>\n<meta name=\"twitter:card\" content=\"summary_large_image\" \/>\n<meta name=\"twitter:label1\" content=\"Escrito por\" \/>\n\t<meta name=\"twitter:data1\" content=\"Vitor Bruno\" \/>\n\t<meta name=\"twitter:label2\" content=\"Est. tempo de leitura\" \/>\n\t<meta name=\"twitter:data2\" content=\"7 minutos\" \/>\n<!-- \/ Yoast SEO plugin. -->","yoast_head_json":{"title":"Est\u00e1 entre as 10 maiores economias de Minas Gerais e produz quase 9 em cada 10 morangos do estado: a cidade da Fern\u00e3o Dias que virou destino de multinacionais - Estado de Minas - Em Alta","description":"Economia forte, morangos e multinacionais ajudam a explicar por que esta cidade mineira ganhou espa\u00e7o entre os grandes polos do estado.","robots":{"index":"index","follow":"follow","max-snippet":"max-snippet:-1","max-image-preview":"max-image-preview:large","max-video-preview":"max-video-preview:-1"},"canonical":"https:\/\/www.em.com.br\/emalta\/2026\/08\/31\/esta-entre-as-10-maiores-economias-de-minas-gerais-e-produz-quase-9-em-cada-10-morangos-do-estado-a-cidade-da-fernao-dias-que-virou-destino-de-multinacionais\/","og_locale":"pt_BR","og_type":"article","og_title":"Est\u00e1 entre as 10 maiores economias de Minas Gerais e produz quase 9 em cada 10 morangos do estado: a cidade da Fern\u00e3o Dias que virou destino de multinacionais - Estado de Minas - Em Alta","og_description":"Economia forte, morangos e multinacionais ajudam a explicar por que esta cidade mineira ganhou espa\u00e7o entre os grandes polos do estado.","og_url":"https:\/\/www.em.com.br\/emalta\/2026\/08\/31\/esta-entre-as-10-maiores-economias-de-minas-gerais-e-produz-quase-9-em-cada-10-morangos-do-estado-a-cidade-da-fernao-dias-que-virou-destino-de-multinacionais\/","og_site_name":"Estado de Minas - Em Alta","article_published_time":"2026-08-31T18:17:00+00:00","og_image":[{"width":1280,"height":720,"url":"https:\/\/www.em.com.br\/emalta\/wp-content\/uploads\/2026\/08\/Minas-Gerais-cidade_1767795115355.jpg","type":"image\/jpeg"}],"author":"Vitor Bruno","twitter_card":"summary_large_image","twitter_misc":{"Escrito por":"Vitor Bruno","Est. tempo de leitura":"7 minutos"},"schema":{"@context":"https:\/\/schema.org","@graph":[{"@type":"Article","@id":"https:\/\/www.em.com.br\/emalta\/2026\/08\/31\/esta-entre-as-10-maiores-economias-de-minas-gerais-e-produz-quase-9-em-cada-10-morangos-do-estado-a-cidade-da-fernao-dias-que-virou-destino-de-multinacionais\/#article","isPartOf":{"@id":"https:\/\/www.em.com.br\/emalta\/2026\/08\/31\/esta-entre-as-10-maiores-economias-de-minas-gerais-e-produz-quase-9-em-cada-10-morangos-do-estado-a-cidade-da-fernao-dias-que-virou-destino-de-multinacionais\/"},"author":{"name":"Vitor Bruno","@id":"https:\/\/www.em.com.br\/emalta\/#\/schema\/person\/2e1e89151e4385a89b87bb2b642919cd"},"headline":"Est\u00e1 entre as 10 maiores economias de Minas Gerais e produz quase 9 em cada 10 morangos do estado: a cidade da Fern\u00e3o Dias que virou destino de multinacionais","datePublished":"2026-08-31T18:17:00+00:00","mainEntityOfPage":{"@id":"https:\/\/www.em.com.br\/emalta\/2026\/08\/31\/esta-entre-as-10-maiores-economias-de-minas-gerais-e-produz-quase-9-em-cada-10-morangos-do-estado-a-cidade-da-fernao-dias-que-virou-destino-de-multinacionais\/"},"wordCount":1160,"image":{"@id":"https:\/\/www.em.com.br\/emalta\/2026\/08\/31\/esta-entre-as-10-maiores-economias-de-minas-gerais-e-produz-quase-9-em-cada-10-morangos-do-estado-a-cidade-da-fernao-dias-que-virou-destino-de-multinacionais\/#primaryimage"},"thumbnailUrl":"https:\/\/www.em.com.br\/emalta\/wp-content\/uploads\/2026\/08\/Minas-Gerais-cidade_1767795115355.jpg","keywords":["cidades","Minas Gerais","Pouso Alegre"],"articleSection":["Cidades"],"inLanguage":"pt-BR"},{"@type":"WebPage","@id":"https:\/\/www.em.com.br\/emalta\/2026\/08\/31\/esta-entre-as-10-maiores-economias-de-minas-gerais-e-produz-quase-9-em-cada-10-morangos-do-estado-a-cidade-da-fernao-dias-que-virou-destino-de-multinacionais\/","url":"https:\/\/www.em.com.br\/emalta\/2026\/08\/31\/esta-entre-as-10-maiores-economias-de-minas-gerais-e-produz-quase-9-em-cada-10-morangos-do-estado-a-cidade-da-fernao-dias-que-virou-destino-de-multinacionais\/","name":"Est\u00e1 entre as 10 maiores economias de Minas Gerais e produz quase 9 em cada 10 morangos do estado: a cidade da Fern\u00e3o Dias que virou destino de multinacionais - Estado de Minas - Em Alta","isPartOf":{"@id":"https:\/\/www.em.com.br\/emalta\/#website"},"primaryImageOfPage":{"@id":"https:\/\/www.em.com.br\/emalta\/2026\/08\/31\/esta-entre-as-10-maiores-economias-de-minas-gerais-e-produz-quase-9-em-cada-10-morangos-do-estado-a-cidade-da-fernao-dias-que-virou-destino-de-multinacionais\/#primaryimage"},"image":{"@id":"https:\/\/www.em.com.br\/emalta\/2026\/08\/31\/esta-entre-as-10-maiores-economias-de-minas-gerais-e-produz-quase-9-em-cada-10-morangos-do-estado-a-cidade-da-fernao-dias-que-virou-destino-de-multinacionais\/#primaryimage"},"thumbnailUrl":"https:\/\/www.em.com.br\/emalta\/wp-content\/uploads\/2026\/08\/Minas-Gerais-cidade_1767795115355.jpg","datePublished":"2026-08-31T18:17:00+00:00","author":{"@id":"https:\/\/www.em.com.br\/emalta\/#\/schema\/person\/2e1e89151e4385a89b87bb2b642919cd"},"description":"Economia forte, morangos e multinacionais ajudam a explicar por que esta cidade mineira ganhou espa\u00e7o entre os grandes polos do estado.","breadcrumb":{"@id":"https:\/\/www.em.com.br\/emalta\/2026\/08\/31\/esta-entre-as-10-maiores-economias-de-minas-gerais-e-produz-quase-9-em-cada-10-morangos-do-estado-a-cidade-da-fernao-dias-que-virou-destino-de-multinacionais\/#breadcrumb"},"inLanguage":"pt-BR","potentialAction":[{"@type":"ReadAction","target":["https:\/\/www.em.com.br\/emalta\/2026\/08\/31\/esta-entre-as-10-maiores-economias-de-minas-gerais-e-produz-quase-9-em-cada-10-morangos-do-estado-a-cidade-da-fernao-dias-que-virou-destino-de-multinacionais\/"]}]},{"@type":"ImageObject","inLanguage":"pt-BR","@id":"https:\/\/www.em.com.br\/emalta\/2026\/08\/31\/esta-entre-as-10-maiores-economias-de-minas-gerais-e-produz-quase-9-em-cada-10-morangos-do-estado-a-cidade-da-fernao-dias-que-virou-destino-de-multinacionais\/#primaryimage","url":"https:\/\/www.em.com.br\/emalta\/wp-content\/uploads\/2026\/08\/Minas-Gerais-cidade_1767795115355.jpg","contentUrl":"https:\/\/www.em.com.br\/emalta\/wp-content\/uploads\/2026\/08\/Minas-Gerais-cidade_1767795115355.jpg","width":1280,"height":720,"caption":"Pouso Alegre atrai moradores com qualidade de vida e ind\u00fastria forte \/\/ Cr\u00e9ditos: depositphotos.com \/ PedroTruffi"},{"@type":"BreadcrumbList","@id":"https:\/\/www.em.com.br\/emalta\/2026\/08\/31\/esta-entre-as-10-maiores-economias-de-minas-gerais-e-produz-quase-9-em-cada-10-morangos-do-estado-a-cidade-da-fernao-dias-que-virou-destino-de-multinacionais\/#breadcrumb","itemListElement":[{"@type":"ListItem","position":1,"name":"In\u00edcio","item":"https:\/\/www.em.com.br\/emalta\/"},{"@type":"ListItem","position":2,"name":"Est\u00e1 entre as 10 maiores economias de Minas Gerais e produz quase 9 em cada 10 morangos do estado: a cidade da Fern\u00e3o Dias que virou destino de multinacionais"}]},{"@type":"WebSite","@id":"https:\/\/www.em.com.br\/emalta\/#website","url":"https:\/\/www.em.com.br\/emalta\/","name":"Estado de Minas - Em Alta","description":"Acompanhe as \u00faltimas not\u00edcias e fique bem informado sobre tudo o que acontece em Minas Gerais, Brasil e no mundo.","potentialAction":[{"@type":"SearchAction","target":{"@type":"EntryPoint","urlTemplate":"https:\/\/www.em.com.br\/emalta\/?s={search_term_string}"},"query-input":{"@type":"PropertyValueSpecification","valueRequired":true,"valueName":"search_term_string"}}],"inLanguage":"pt-BR"},{"@type":"Person","@id":"https:\/\/www.em.com.br\/emalta\/#\/schema\/person\/2e1e89151e4385a89b87bb2b642919cd","name":"Vitor Bruno","image":{"@type":"ImageObject","inLanguage":"pt-BR","@id":"https:\/\/secure.gravatar.com\/avatar\/ab0513148053bbb80c117cdd35f8a0f2742d41eebbac321acf8df2e633d81609?s=96&d=mm&r=g","url":"https:\/\/secure.gravatar.com\/avatar\/ab0513148053bbb80c117cdd35f8a0f2742d41eebbac321acf8df2e633d81609?s=96&d=mm&r=g","contentUrl":"https:\/\/secure.gravatar.com\/avatar\/ab0513148053bbb80c117cdd35f8a0f2742d41eebbac321acf8df2e633d81609?s=96&d=mm&r=g","caption":"Vitor Bruno"},"sameAs":["https:\/\/www.em.com.br\/emalta\/"],"url":"https:\/\/www.em.com.br\/emalta\/author\/vitormyth\/"}]}},"_links":{"self":[{"href":"https:\/\/www.em.com.br\/emalta\/wp-json\/wp\/v2\/posts\/267012","targetHints":{"allow":["GET"]}}],"collection":[{"href":"https:\/\/www.em.com.br\/emalta\/wp-json\/wp\/v2\/posts"}],"about":[{"href":"https:\/\/www.em.com.br\/emalta\/wp-json\/wp\/v2\/types\/post"}],"author":[{"embeddable":true,"href":"https:\/\/www.em.com.br\/emalta\/wp-json\/wp\/v2\/users\/6"}],"replies":[{"embeddable":true,"href":"https:\/\/www.em.com.br\/emalta\/wp-json\/wp\/v2\/comments?post=267012"}],"version-history":[{"count":5,"href":"https:\/\/www.em.com.br\/emalta\/wp-json\/wp\/v2\/posts\/267012\/revisions"}],"predecessor-version":[{"id":268145,"href":"https:\/\/www.em.com.br\/emalta\/wp-json\/wp\/v2\/posts\/267012\/revisions\/268145"}],"wp:featuredmedia":[{"embeddable":true,"href":"https:\/\/www.em.com.br\/emalta\/wp-json\/wp\/v2\/media\/268143"}],"wp:attachment":[{"href":"https:\/\/www.em.com.br\/emalta\/wp-json\/wp\/v2\/media?parent=267012"}],"wp:term":[{"taxonomy":"category","embeddable":true,"href":"https:\/\/www.em.com.br\/emalta\/wp-json\/wp\/v2\/categories?post=267012"},{"taxonomy":"post_tag","embeddable":true,"href":"https:\/\/www.em.com.br\/emalta\/wp-json\/wp\/v2\/tags?post=267012"}],"curies":[{"name":"wp","href":"https:\/\/api.w.org\/{rel}","templated":true}]}}