{"id":266990,"date":"2026-08-31T05:47:00","date_gmt":"2026-08-31T08:47:00","guid":{"rendered":"https:\/\/www.em.com.br\/emalta\/?p=266990"},"modified":"2026-08-30T13:57:54","modified_gmt":"2026-08-30T16:57:54","slug":"o-maior-dinossauro-ja-encontrado-no-brasil-saiu-do-chao-desta-cidade-mineira-hoje-o-unico-geoparque-mundial-do-sudeste","status":"publish","type":"post","link":"https:\/\/www.em.com.br\/emalta\/2026\/08\/31\/o-maior-dinossauro-ja-encontrado-no-brasil-saiu-do-chao-desta-cidade-mineira-hoje-o-unico-geoparque-mundial-do-sudeste\/","title":{"rendered":"O maior dinossauro j\u00e1 encontrado no Brasil saiu do ch\u00e3o desta cidade mineira, hoje o \u00fanico Geoparque Mundial do Sudeste"},"content":{"rendered":"\n<p class=\"wp-block-paragraph\">Poucas cidades brasileiras podem dizer que t\u00eam titanossauro embaixo do pr\u00f3prio asfalto. No <strong>Tri\u00e2ngulo Mineiro<\/strong>, <strong>Uberaba<\/strong> guarda um dos conjuntos de f\u00f3sseis mais importantes do pa\u00eds, recebeu chancela internacional pelo patrim\u00f4nio geol\u00f3gico e ainda concentra a maior feira de gado zebu\u00edno do planeta, tr\u00eas identidades que raramente aparecem juntas no mesmo endere\u00e7o.<\/p>\n\n\n\n<h2 class=\"wp-block-heading\">O que a Unesco reconheceu no subsolo da cidade?<\/h2>\n\n\n\n<p class=\"wp-block-paragraph\">O reconhecimento n\u00e3o foi para um museu, e sim para um territ\u00f3rio inteiro. Em <strong>27 de mar\u00e7o de 2024<\/strong>, a <strong>Organiza\u00e7\u00e3o das Na\u00e7\u00f5es Unidas para a Educa\u00e7\u00e3o, a Ci\u00eancia e a Cultura (Unesco)<\/strong> chancelou o <strong>Geoparque Uberaba, Terra de Gigantes<\/strong>, primeiro patrim\u00f4nio geol\u00f3gico de <strong>Minas Gerais<\/strong> a receber o t\u00edtulo e o \u00fanico da regi\u00e3o <strong>Sudeste<\/strong>, conforme a <a href=\"https:\/\/www.agenciaminas.mg.gov.br\/noticia\/geoparque-uberaba-terra-de-gigantes-e-o-primeiro-patrimonio-geologico-de-minas-gerais-reconhecido-pela-unesco\" target=\"_blank\" rel=\"noreferrer noopener\"><strong>Ag\u00eancia Minas<\/strong><\/a>.<\/p>\n\n\n\n<p class=\"wp-block-paragraph\">A \u00e1rea delimitada cobre todo o munic\u00edpio, com <strong>4.523,957 km\u00b2<\/strong>, dimens\u00e3o compar\u00e1vel \u00e0 de geoparques europeus. O conjunto re\u00fane seis geoss\u00edtios, entre eles <strong>Serra da Galga<\/strong>, <strong>Caieira<\/strong> e <strong>Vale Encantado<\/strong>, al\u00e9m de dois s\u00edtios n\u00e3o geol\u00f3gicos: o <strong>Museu dos Dinossauros<\/strong>, em <strong>Peir\u00f3polis<\/strong>, e o <strong>Museu da Cal<\/strong>.<\/p>\n\n\n<div class=\"wp-block-image\">\n<figure class=\"aligncenter size-large\"><img decoding=\"async\" src=\"https:\/\/www.em.com.br\/emfoco\/wp-content\/uploads\/2025\/12\/Uberaba_1741033595085-1024x576.jpg\" alt=\"Uberaba\" class=\"wp-image-146250\"\/><figcaption class=\"wp-element-caption\">Uberaba oferece ci\u00eancia, turismo e cen\u00e1rios naturais \/\/ Cr\u00e9ditos: depositphotos.com \/ GersonFortes<\/figcaption><\/figure>\n<\/div>\n\n\n<h2 class=\"wp-block-heading\">Que f\u00f3sseis foram encontrados na regi\u00e3o?<\/h2>\n\n\n\n<p class=\"wp-block-paragraph\">O destaque tem nome e tamanho. Segundo a <a href=\"https:\/\/agenciabrasil.ebc.com.br\/geral\/noticia\/2024-03\/geoparque-de-uberaba-em-minas-obtem-reconhecimento-da-unesco\" target=\"_blank\" rel=\"noreferrer noopener\"><strong>Ag\u00eancia Brasil<\/strong><\/a>, os ossos do <strong>Uberabatitan ribeiroi<\/strong>, o maior dinossauro j\u00e1 descoberto em solo brasileiro, medem <strong>27 metros<\/strong> de comprimento por <strong>14 metros<\/strong> de altura, e o animal foi um dos \u00faltimos titanossauros do planeta.<\/p>\n\n\n\n<p class=\"wp-block-paragraph\">A lista n\u00e3o para nele. A regi\u00e3o concentra f\u00f3sseis, dentes, ovos e ninhadas do <strong>Cret\u00e1ceo Superior<\/strong>, per\u00edodo estimado entre <strong>80 milh\u00f5es e 66 milh\u00f5es de anos<\/strong> atr\u00e1s, al\u00e9m de restos de grandes carn\u00edvoros ter\u00f3podes e de crocodilomorfos como o <strong>Uberabasuchus terrificus<\/strong>. A chancela internacional se apoiou em estudos do <strong>Servi\u00e7o Geol\u00f3gico do Brasil<\/strong>, iniciados em 2012.<\/p>\n\n\n<div class=\"wp-block-image\">\n<figure class=\"aligncenter size-large\"><img decoding=\"async\" src=\"https:\/\/www.em.com.br\/emfoco\/wp-content\/uploads\/2025\/12\/Uberaba_1741033607361-1024x576.jpg\" alt=\"Uberaba re\u00fane f\u00f3sseis, \u00e1reas rurais e paisagens do interior mineiro \/\/\" class=\"wp-image-146251\"\/><figcaption class=\"wp-element-caption\">Uberaba re\u00fane f\u00f3sseis, \u00e1reas rurais e paisagens do interior mineiro \/\/ Cr\u00e9ditos: depositphotos.com \/ GersonFortes<\/figcaption><\/figure>\n<\/div>\n\n\n<h2 class=\"wp-block-heading\">Por que a cidade tamb\u00e9m \u00e9 conhecida pelo gado zebu?<\/h2>\n\n\n\n<p class=\"wp-block-paragraph\">Porque foi ali que a pecu\u00e1ria zebu\u00edna brasileira se organizou. A <a href=\"https:\/\/www.abcz.org.br\/noticias\/noticia\/31112\/presidente-da-abcz-sera-homenageado-com-o-merito-internacional-ficebu-durante-a-91---expozebu\" target=\"_blank\" rel=\"noreferrer noopener\"><strong>Associa\u00e7\u00e3o Brasileira dos Criadores de Zebu (ABCZ)<\/strong><\/a> tem sede no munic\u00edpio e realiza no <strong>Parque Fernando Costa<\/strong> a <strong>ExpoZebu<\/strong>, feira que re\u00fane criadores, delega\u00e7\u00f5es estrangeiras e programa\u00e7\u00e3o t\u00e9cnica de melhoramento gen\u00e9tico.<\/p>\n\n\n\n<p class=\"wp-block-paragraph\">Essa hist\u00f3ria aparece at\u00e9 no patrim\u00f4nio tombado. Conforme a <a href=\"http:\/\/www.uberaba.mg.gov.br\/portal\/conteudo,40222\" target=\"_blank\" rel=\"noreferrer noopener\"><strong>Prefeitura de Uberaba<\/strong><\/a>, a sede da <strong>Fazenda Cassu<\/strong>, uma das primeiras criadoras de zebu da regi\u00e3o no <strong>s\u00e9culo XIX<\/strong>, virou patrim\u00f4nio hist\u00f3rico municipal justamente por marcar o in\u00edcio das exposi\u00e7\u00f5es agropecu\u00e1rias na cidade.<\/p>\n\n\n\n<h2 class=\"wp-block-heading\">O que visitar na Terra de Gigantes?<\/h2>\n\n\n\n<p class=\"wp-block-paragraph\">O roteiro se divide entre o centro urbano e o distrito rural onde as escava\u00e7\u00f5es come\u00e7aram, a cerca de 25 km da \u00e1rea central. Confira abaixo o que organiza a visita:<\/p>\n\n\n\n<ul class=\"wp-block-list\">\n<li><strong>Museu dos Dinossauros<\/strong>: instalado em Peir\u00f3polis, na antiga esta\u00e7\u00e3o ferrovi\u00e1ria, re\u00fane f\u00f3sseis originais e r\u00e9plicas dos achados da regi\u00e3o.<\/li>\n\n\n\n<li><strong>R\u00e9plica do Uberabatitan ribeiroi<\/strong>: reprodu\u00e7\u00e3o em tamanho real do maior dinossauro encontrado no pa\u00eds.<\/li>\n\n\n\n<li><strong>Geoss\u00edtio Caieira<\/strong>: marco das primeiras escava\u00e7\u00f5es sistem\u00e1ticas, com vest\u00edgios de vertebrados do Cret\u00e1ceo Superior.<\/li>\n\n\n\n<li><strong>Parque Fernando Costa<\/strong>: sede da feira de zebu, com espa\u00e7o dedicado \u00e0 mem\u00f3ria da pecu\u00e1ria local.<\/li>\n\n\n\n<li><strong>Memorial Chico Xavier<\/strong>: espa\u00e7o dedicado ao m\u00e9dium que viveu d\u00e9cadas na cidade e atraiu visitantes de todo o pa\u00eds.<\/li>\n\n\n\n<li><strong>Mercado Municipal<\/strong>: queijos, doces e cacha\u00e7as do Tri\u00e2ngulo em pr\u00e9dio hist\u00f3rico do centro.<\/li>\n<\/ul>\n\n\n\n<p class=\"wp-block-paragraph\">Quem quer descobrir as curiosidades de <strong>Uberaba<\/strong> vai curtir este v\u00eddeo do canal <strong>Setpar Empreendimentos<\/strong>, com mais de <strong>80 mil<\/strong> visualiza\u00e7\u00f5es, onde <strong>Diogo Elzinga<\/strong> apresenta a cidade.<\/p>\n\n\n\n<figure class=\"wp-block-embed is-type-video is-provider-youtube wp-block-embed-youtube wp-embed-aspect-16-9 wp-has-aspect-ratio\"><div class=\"wp-block-embed__wrapper\">\n<div class=\"jeg_video_container jeg_video_content\"><iframe loading=\"lazy\" title=\"Uberaba - MG  | Curiosidades sobre a cidade\" width=\"500\" height=\"281\" src=\"https:\/\/www.youtube.com\/embed\/wUMiAp3JxNE?feature=oembed\" frameborder=\"0\" allow=\"accelerometer; autoplay; clipboard-write; encrypted-media; gyroscope; picture-in-picture; web-share\" referrerpolicy=\"strict-origin-when-cross-origin\" allowfullscreen><\/iframe><\/div>\n<\/div><\/figure>\n\n\n\n<h2 class=\"wp-block-heading\">Como \u00e9 o clima de Uberaba ao longo do ano?<\/h2>\n\n\n\n<p class=\"wp-block-paragraph\">A cidade fica a pouco mais de 800 metros de altitude, em clima tropical com duas esta\u00e7\u00f5es bem marcadas: ver\u00e3o chuvoso e inverno seco. O meio do ano concentra os dias de c\u00e9u limpo, mais confort\u00e1veis para percorrer os s\u00edtios paleontol\u00f3gicos. Veja abaixo como as esta\u00e7\u00f5es se comportam:<\/p>\n\n\n\n<!-- ============================================================ -->\n<!-- ===== IN\u00cdCIO BLOCO CLIM\u00c1TICO: UBERABA ===== -->\n<!-- ============================================================ -->\n\n<style>\n    .ant-grid { \n        --cor-primaria: #1a2a57;\n        --cor-secundaria: #1a2a57;\n        --cor-txt-secundaria: #ffffff; \n\n        display: grid !important; \n        grid-template-columns: repeat(auto-fit, minmax(190px, 1fr)) !important; \n        gap: 15px !important; \n        justify-content: center !important; \n        align-items: stretch !important;\n        padding: 10px !important;\n        margin: 30px auto !important;\n    }\n    \n    .ant-card { \n        border: 5px solid var(--cor-primaria) !important; \n        border-top: 5px solid var(--cor-secundaria) !important; \n        border-radius: 4px !important;\n        background-color: var(--cor-primaria) !important; \n        background-clip: padding-box !important; \n        display: flex !important; \n        flex-direction: column !important; \n        overflow: hidden !important; \n        cursor: pointer !important; \n        box-shadow: 0 6px 12px rgba(0,0,0, 0.2) !important; \n        transition: transform 0.2s ease, box-shadow 0.2s ease !important; \n        -webkit-tap-highlight-color: transparent !important; \n        user-select: none !important; \n        transform: translateZ(0) !important;\n        animation: wmFadeIn 0.6s cubic-bezier(0.2, 0.8, 0.2, 1) backwards;\n        height: auto !important;\n        min-height: 0 !important;\n        margin: 0 !important;\n        padding: 0 !important;\n    }\n    \n    @keyframes wmFadeIn { from { opacity: 0; transform: translateY(30px); } to { opacity: 1; transform: translateY(0); } }\n\n    .ant-card:hover { transform: translateY(-5px) !important; box-shadow: 0 15px 30px rgba(0,0,0, 0.3) !important; }\n    \n    .ant-header { background: #f0f8f9 !important; padding: 15px 10px !important; text-align: center !important; display: flex !important; flex-direction: column !important; align-items: center !important; justify-content: center !important; margin: 0 !important; }\n    .ant-body { background: #ffffff !important; padding: 15px !important; display: flex !important; flex-direction: column !important; flex-grow: 1 !important; align-items: center !important; margin: 0 !important; height: 100% !important; }\n    \n    .ant-card-destaque { box-shadow: 0 8px 16px rgba(0,0,0, 0.25) !important; }\n    .ant-card-destaque .ant-header { background: var(--cor-secundaria) !important; }\n    .ant-card-destaque .ant-header .ant-titulo { color: var(--cor-txt-secundaria) !important; } \n    \n    .ant-badge-chuva {\n        display: inline-flex !important;\n        align-items: center !important;\n        gap: 5px !important;\n        background: #f0f4f8 !important;\n        color: #555555 !important;\n        font-size: 11px !important;\n        font-weight: 700 !important;\n        padding: 4px 10px !important;\n        border-radius: 4px !important;\n        margin-bottom: 12px !important;\n        text-transform: uppercase !important;\n        letter-spacing: 0.5px !important;\n    }\n    .ant-badge-chuva.chuva-alta { background: #e8ecf2 !important; color: #1a2a57 !important; }\n    \n    .pill-ant { display: flex !important; justify-content: center !important; align-items: center !important; text-align: center !important; background: #e8ecf2 !important; color: var(--cor-primaria) !important; font-size: 11px !important; font-weight: 900 !important; letter-spacing: 0.5px !important; padding: 8px 16px !important; border-radius: 4px !important; text-transform: uppercase !important; margin-top: auto !important; margin-bottom: 0 !important; width: 100%; box-sizing: border-box;}\n    .ant-card-destaque .pill-ant { background: var(--cor-secundaria) !important; color: var(--cor-txt-secundaria) !important; } \n    \n    .ant-emoji { font-size: 24px !important; line-height: 1 !important; margin-bottom: 5px !important; display: block !important; }\n    .ant-titulo { color: var(--cor-primaria) !important; font-size: 16px !important; text-transform: uppercase !important; margin-top: 5px !important; font-weight: bold !important; display: block !important; }\n    .ant-mes { font-size: 11px !important; font-weight: 800 !important; color: var(--cor-primaria) !important; text-transform: uppercase !important; margin-bottom: 5px !important; display: block !important; }\n    .ant-temp { font-size: 24px !important; font-weight: 900 !important; color: var(--cor-primaria) !important; margin-bottom: 6px !important; display: block !important; }\n    .ant-desc { font-size: 13px !important; color: #444 !important; text-align: center !important; line-height: 1.5 !important; margin-bottom: 15px !important; flex-grow: 1 !important; font-family: 'Segoe UI', Roboto, Helvetica, Arial, sans-serif !important; display: block !important;}\n    .ant-desc strong { color: #111 !important; font-weight: bold !important; }\n\n    @media (prefers-color-scheme: dark) {\n        .ant-card { border-color: #2b3d6f !important; background-color: #2b3d6f !important; }\n        .ant-header { background: #1a1a1a !important; } .ant-body { background: #121212 !important; }\n        .ant-titulo { color: #7f95d1 !important; } .ant-mes { color: #a3b5e8 !important; } .ant-temp { color: #7f95d1 !important; } \n        .ant-desc { color: #cccccc !important; } .ant-desc strong { color: #ffffff !important; }\n        .pill-ant { background: #1a1a1a !important; color: #7f95d1 !important; }\n        .ant-card-destaque .pill-ant { background: var(--cor-secundaria) !important; color: var(--cor-txt-secundaria) !important; }\n        .ant-badge-chuva { background: #1a1a1a !important; color: #aaaaaa !important; }\n        .ant-badge-chuva.chuva-alta { background: #131f42 !important; color: #7f95d1 !important; }\n    }\n<\/style>\n\n<div class=\"google-auto-ads-ignore ant-grid\" style=\"box-sizing: border-box; width: 100%; max-width: 980px; font-family: 'Segoe UI', Roboto, Helvetica, Arial, sans-serif;\">\n    <div class=\"ant-card\">\n        <div class=\"ant-header\">\n            <span class=\"ant-emoji\">\ud83d\udca6<\/span>\n            <span class=\"ant-titulo\">Ver\u00e3o<\/span>\n        <\/div>\n        <div class=\"ant-body\">\n            <span class=\"ant-mes\">Dezembro a Fevereiro<\/span>\n            <span class=\"ant-temp\">20\u00b0C a 30\u00b0C<\/span>\n            <div class=\"ant-badge-chuva chuva-alta\">\u2614 Alta<\/div>\n            <div class=\"ant-desc\">As marcas de chuva t\u00edpicas invadem a extensa cidade polo pecuarista! Prepare as melhores cal\u00e7as compridas pois as visitas aos belos atrativos rurais amargam <strong>chuvas frequentes \u00e0 tarde e vegeta\u00e7\u00e3o carregada<\/strong> e encharcada em todo o entorno do Tri\u00e2ngulo Mineiro.<\/div>\n            <div class=\"pill-ant\"><span>Publicidade VIAJE COM AVISO<\/span><\/div>\n        <\/div>\n    <\/div>\n\n    <div class=\"ant-card\">\n        <div class=\"ant-header\">\n            <span class=\"ant-emoji\">\ud83c\udf42<\/span>\n            <span class=\"ant-titulo\">Outono<\/span>\n        <\/div>\n        <div class=\"ant-body\">\n            <span class=\"ant-mes\">Mar\u00e7o a Maio<\/span>\n            <span class=\"ant-temp\">17\u00b0C a 29\u00b0C<\/span>\n            <div class=\"ant-badge-chuva\">\ud83c\udf24\ufe0f M\u00e9dia<\/div>\n            <div class=\"ant-desc\">O ar e as frentes carregadas ceder\u00e3o a sua imensa umidade aliviando as feiras abertas. Caminhe na hist\u00f3rica terra com bastante paz presenciando a deslumbrante transi\u00e7\u00e3o em que <strong>chuvas diminuem e a cidade se prepara para a feira<\/strong> agroneg\u00f3cio Zebu.<\/div>\n            <div class=\"pill-ant\"><span>\ud83c\udf24\ufe0f CLIMA DE TRANSI\u00c7\u00c3O<\/span><\/div>\n        <\/div>\n    <\/div>\n\n    <div class=\"ant-card ant-card-destaque\">\n        <div class=\"ant-header\">\n            <span class=\"ant-emoji\">\u2744\ufe0f<\/span>\n            <span class=\"ant-titulo\">Inverno<\/span>\n        <\/div>\n        <div class=\"ant-body\">\n            <span class=\"ant-mes\">Junho a Agosto<\/span>\n            <span class=\"ant-temp\">13\u00b0C a 30\u00b0C<\/span>\n            <div class=\"ant-badge-chuva\">\u2600\ufe0f Baixa<\/div>\n            <div class=\"ant-desc\">O auge magn\u00edfico para curtir as grandes e serenas caminhadas pelos s\u00edtios paleontol\u00f3gicos e exposi\u00e7\u00f5es secas! O clima dita lindamente todo o maravilhoso per\u00edodo de c\u00e9u azul com <strong>ar seco, madrugadas frias e tardes quentes<\/strong>!<\/div>\n            <div class=\"pill-ant\" style=\"color: #ffffff;\"><span>\u2b50 INVERNO ENSOLARADO E SECO<\/span><\/div>\n        <\/div>\n    <\/div>\n\n    <div class=\"ant-card\">\n        <div class=\"ant-header\">\n            <span class=\"ant-emoji\">\ud83c\udf38<\/span>\n            <span class=\"ant-titulo\">Primavera<\/span>\n        <\/div>\n        <div class=\"ant-body\">\n            <span class=\"ant-mes\">Setembro a Novembro<\/span>\n            <span class=\"ant-temp\">19\u00b0C a 33\u00b0C<\/span>\n            <div class=\"ant-badge-chuva chuva-alta\">\u2614 M\u00e9dia<\/div>\n            <div class=\"ant-desc\">O sol quente come\u00e7a a voltar a dominar intensamente elevando as precipita\u00e7\u00f5es que trazem a grama verde de volta \u00e0 vida. Mantenha os seus roteiros protegidos durante o brutal e inclemente <strong>calor forte antes do retorno das \u00e1guas<\/strong>.<\/div>\n            <div class=\"pill-ant\"><span>\ud83c\udf38 CALOR INTENSO E SECO<\/span><\/div>\n        <\/div>\n    <\/div>\n<\/div>\n\n<!-- ============================================================ -->\n<!-- ===== FIM BLOCO CLIM\u00c1TICO: UBERABA ===== -->\n<!-- ============================================================ -->\n\n\n\n<p class=\"wp-block-paragraph\"><em>Temperaturas aproximadas com base no <a href=\"https:\/\/www.climatempo.com.br\/previsao-do-tempo\/cidade\/202\/uberaba-mg\" target=\"_blank\" rel=\"noreferrer noopener\"><strong>Climatempo<\/strong><\/a>. As condi\u00e7\u00f5es variam de um ano para outro por causa de fen\u00f4menos naturais como <strong>El Ni\u00f1o<\/strong> e <strong>La Ni\u00f1a<\/strong>, ent\u00e3o vale conferir a previs\u00e3o atualizada antes de viajar.<\/em><\/p>\n\n\n\n<h2 class=\"wp-block-heading\">Como chegar ao Tri\u00e2ngulo Mineiro<\/h2>\n\n\n\n<p class=\"wp-block-paragraph\">Uberaba fica a cerca de 480 km de <strong>Belo Horizonte<\/strong> e a aproximadamente 490 km de <strong>S\u00e3o Paulo<\/strong>, com acesso por rodovias federais que cortam o Tri\u00e2ngulo. A viagem de carro leva em torno de quatro horas e meia em qualquer dos dois trechos. A cidade tem aeroporto pr\u00f3prio, e o distrito de Peir\u00f3polis fica \u00e0 beira de uma das rodovias que atendem o munic\u00edpio.<\/p>\n\n\n\n<h2 class=\"wp-block-heading\">Conhe\u00e7a a cidade onde ci\u00eancia e pecu\u00e1ria dividem o mesmo ch\u00e3o<\/h2>\n\n\n\n<p class=\"wp-block-paragraph\">Poucos lugares no <strong>Brasil<\/strong> conseguem sustentar, ao mesmo tempo, uma agenda de pesquisa paleontol\u00f3gica de alcance internacional e a maior vitrine do rebanho zebu\u00edno nacional. O territ\u00f3rio que hoje recebe caminh\u00f5es de gado guardava, 80 milh\u00f5es de anos atr\u00e1s, animais de 27 metros.<\/p>\n\n\n\n<p class=\"wp-block-paragraph\">Voc\u00ea precisa conhecer Uberaba e caminhar por Peir\u00f3polis para ver de onde saiu o maior dinossauro j\u00e1 encontrado em solo brasileiro.<\/p>\n","protected":false},"excerpt":{"rendered":"<p>Poucas cidades brasileiras podem dizer que t\u00eam titanossauro embaixo do pr\u00f3prio asfalto. No Tri\u00e2ngulo Mineiro, Uberaba guarda um dos conjuntos de f\u00f3sseis mais importantes do pa\u00eds, recebeu chancela internacional pelo patrim\u00f4nio geol\u00f3gico e ainda concentra a maior feira de gado zebu\u00edno do planeta, tr\u00eas identidades que raramente aparecem juntas no mesmo endere\u00e7o. O que a [&hellip;]<\/p>\n","protected":false},"author":6,"featured_media":268149,"comment_status":"closed","ping_status":"closed","sticky":false,"template":"","format":"standard","meta":{"jnews-multi-image_gallery":[],"jnews_single_post":{"format":"standard"},"jnews_primary_category":[],"jnews_social_meta":[],"jnews_override_counter":[],"footnotes":""},"categories":[26],"tags":[183,207,1086],"class_list":["post-266990","post","type-post","status-publish","format-standard","has-post-thumbnail","hentry","category-cidades","tag-cidades","tag-minas-gerais","tag-uberaba"],"yoast_head":"<!-- This site is optimized with the Yoast SEO plugin v28.3 - https:\/\/yoast.com\/product\/yoast-seo-wordpress\/ -->\n<title>O maior dinossauro j\u00e1 encontrado no Brasil saiu do ch\u00e3o desta cidade mineira, hoje o \u00fanico Geoparque Mundial do Sudeste - Estado de Minas - Em Alta<\/title>\n<meta name=\"description\" content=\"F\u00f3sseis, ci\u00eancia e um dinossauro gigante colocaram esta cidade mineira no mapa mundial e ajudaram a garantir reconhecimento da UNESCO hoje.\" \/>\n<meta name=\"robots\" content=\"index, follow, max-snippet:-1, max-image-preview:large, max-video-preview:-1\" \/>\n<link rel=\"canonical\" href=\"https:\/\/www.em.com.br\/emalta\/2026\/08\/31\/o-maior-dinossauro-ja-encontrado-no-brasil-saiu-do-chao-desta-cidade-mineira-hoje-o-unico-geoparque-mundial-do-sudeste\/\" \/>\n<meta property=\"og:locale\" content=\"pt_BR\" \/>\n<meta property=\"og:type\" content=\"article\" \/>\n<meta property=\"og:title\" content=\"O maior dinossauro j\u00e1 encontrado no Brasil saiu do ch\u00e3o desta cidade mineira, hoje o \u00fanico Geoparque Mundial do Sudeste - Estado de Minas - Em Alta\" \/>\n<meta property=\"og:description\" content=\"F\u00f3sseis, ci\u00eancia e um dinossauro gigante colocaram esta cidade mineira no mapa mundial e ajudaram a garantir reconhecimento da UNESCO hoje.\" \/>\n<meta property=\"og:url\" content=\"https:\/\/www.em.com.br\/emalta\/2026\/08\/31\/o-maior-dinossauro-ja-encontrado-no-brasil-saiu-do-chao-desta-cidade-mineira-hoje-o-unico-geoparque-mundial-do-sudeste\/\" \/>\n<meta property=\"og:site_name\" content=\"Estado de Minas - Em Alta\" \/>\n<meta property=\"article:published_time\" content=\"2026-08-31T08:47:00+00:00\" \/>\n<meta property=\"og:image\" content=\"https:\/\/www.em.com.br\/emalta\/wp-content\/uploads\/2026\/08\/FLOWIMAGE_Researchers_excavating_dinosaur_\u2026_202608301357.jpg\" \/>\n\t<meta property=\"og:image:width\" content=\"1280\" \/>\n\t<meta property=\"og:image:height\" content=\"720\" \/>\n\t<meta property=\"og:image:type\" content=\"image\/jpeg\" \/>\n<meta name=\"author\" content=\"Vitor Bruno\" \/>\n<meta name=\"twitter:card\" content=\"summary_large_image\" \/>\n<meta name=\"twitter:label1\" content=\"Escrito por\" \/>\n\t<meta name=\"twitter:data1\" content=\"Vitor Bruno\" \/>\n\t<meta name=\"twitter:label2\" content=\"Est. tempo de leitura\" \/>\n\t<meta name=\"twitter:data2\" content=\"6 minutos\" \/>\n<!-- \/ Yoast SEO plugin. -->","yoast_head_json":{"title":"O maior dinossauro j\u00e1 encontrado no Brasil saiu do ch\u00e3o desta cidade mineira, hoje o \u00fanico Geoparque Mundial do Sudeste - Estado de Minas - Em Alta","description":"F\u00f3sseis, ci\u00eancia e um dinossauro gigante colocaram esta cidade mineira no mapa mundial e ajudaram a garantir reconhecimento da UNESCO hoje.","robots":{"index":"index","follow":"follow","max-snippet":"max-snippet:-1","max-image-preview":"max-image-preview:large","max-video-preview":"max-video-preview:-1"},"canonical":"https:\/\/www.em.com.br\/emalta\/2026\/08\/31\/o-maior-dinossauro-ja-encontrado-no-brasil-saiu-do-chao-desta-cidade-mineira-hoje-o-unico-geoparque-mundial-do-sudeste\/","og_locale":"pt_BR","og_type":"article","og_title":"O maior dinossauro j\u00e1 encontrado no Brasil saiu do ch\u00e3o desta cidade mineira, hoje o \u00fanico Geoparque Mundial do Sudeste - Estado de Minas - Em Alta","og_description":"F\u00f3sseis, ci\u00eancia e um dinossauro gigante colocaram esta cidade mineira no mapa mundial e ajudaram a garantir reconhecimento da UNESCO hoje.","og_url":"https:\/\/www.em.com.br\/emalta\/2026\/08\/31\/o-maior-dinossauro-ja-encontrado-no-brasil-saiu-do-chao-desta-cidade-mineira-hoje-o-unico-geoparque-mundial-do-sudeste\/","og_site_name":"Estado de Minas - Em Alta","article_published_time":"2026-08-31T08:47:00+00:00","og_image":[{"width":1280,"height":720,"url":"https:\/\/www.em.com.br\/emalta\/wp-content\/uploads\/2026\/08\/FLOWIMAGE_Researchers_excavating_dinosaur_\u2026_202608301357.jpg","type":"image\/jpeg"}],"author":"Vitor Bruno","twitter_card":"summary_large_image","twitter_misc":{"Escrito por":"Vitor Bruno","Est. tempo de leitura":"6 minutos"},"schema":{"@context":"https:\/\/schema.org","@graph":[{"@type":"Article","@id":"https:\/\/www.em.com.br\/emalta\/2026\/08\/31\/o-maior-dinossauro-ja-encontrado-no-brasil-saiu-do-chao-desta-cidade-mineira-hoje-o-unico-geoparque-mundial-do-sudeste\/#article","isPartOf":{"@id":"https:\/\/www.em.com.br\/emalta\/2026\/08\/31\/o-maior-dinossauro-ja-encontrado-no-brasil-saiu-do-chao-desta-cidade-mineira-hoje-o-unico-geoparque-mundial-do-sudeste\/"},"author":{"name":"Vitor Bruno","@id":"https:\/\/www.em.com.br\/emalta\/#\/schema\/person\/2e1e89151e4385a89b87bb2b642919cd"},"headline":"O maior dinossauro j\u00e1 encontrado no Brasil saiu do ch\u00e3o desta cidade mineira, hoje o \u00fanico Geoparque Mundial do Sudeste","datePublished":"2026-08-31T08:47:00+00:00","mainEntityOfPage":{"@id":"https:\/\/www.em.com.br\/emalta\/2026\/08\/31\/o-maior-dinossauro-ja-encontrado-no-brasil-saiu-do-chao-desta-cidade-mineira-hoje-o-unico-geoparque-mundial-do-sudeste\/"},"wordCount":1150,"image":{"@id":"https:\/\/www.em.com.br\/emalta\/2026\/08\/31\/o-maior-dinossauro-ja-encontrado-no-brasil-saiu-do-chao-desta-cidade-mineira-hoje-o-unico-geoparque-mundial-do-sudeste\/#primaryimage"},"thumbnailUrl":"https:\/\/www.em.com.br\/emalta\/wp-content\/uploads\/2026\/08\/FLOWIMAGE_Researchers_excavating_dinosaur_\u2026_202608301357.jpg","keywords":["cidades","Minas Gerais","Uberaba"],"articleSection":["Cidades"],"inLanguage":"pt-BR"},{"@type":"WebPage","@id":"https:\/\/www.em.com.br\/emalta\/2026\/08\/31\/o-maior-dinossauro-ja-encontrado-no-brasil-saiu-do-chao-desta-cidade-mineira-hoje-o-unico-geoparque-mundial-do-sudeste\/","url":"https:\/\/www.em.com.br\/emalta\/2026\/08\/31\/o-maior-dinossauro-ja-encontrado-no-brasil-saiu-do-chao-desta-cidade-mineira-hoje-o-unico-geoparque-mundial-do-sudeste\/","name":"O maior dinossauro j\u00e1 encontrado no Brasil saiu do ch\u00e3o desta cidade mineira, hoje o \u00fanico Geoparque Mundial do Sudeste - Estado de Minas - Em Alta","isPartOf":{"@id":"https:\/\/www.em.com.br\/emalta\/#website"},"primaryImageOfPage":{"@id":"https:\/\/www.em.com.br\/emalta\/2026\/08\/31\/o-maior-dinossauro-ja-encontrado-no-brasil-saiu-do-chao-desta-cidade-mineira-hoje-o-unico-geoparque-mundial-do-sudeste\/#primaryimage"},"image":{"@id":"https:\/\/www.em.com.br\/emalta\/2026\/08\/31\/o-maior-dinossauro-ja-encontrado-no-brasil-saiu-do-chao-desta-cidade-mineira-hoje-o-unico-geoparque-mundial-do-sudeste\/#primaryimage"},"thumbnailUrl":"https:\/\/www.em.com.br\/emalta\/wp-content\/uploads\/2026\/08\/FLOWIMAGE_Researchers_excavating_dinosaur_\u2026_202608301357.jpg","datePublished":"2026-08-31T08:47:00+00:00","author":{"@id":"https:\/\/www.em.com.br\/emalta\/#\/schema\/person\/2e1e89151e4385a89b87bb2b642919cd"},"description":"F\u00f3sseis, ci\u00eancia e um dinossauro gigante colocaram esta cidade mineira no mapa mundial e ajudaram a garantir reconhecimento da UNESCO hoje.","breadcrumb":{"@id":"https:\/\/www.em.com.br\/emalta\/2026\/08\/31\/o-maior-dinossauro-ja-encontrado-no-brasil-saiu-do-chao-desta-cidade-mineira-hoje-o-unico-geoparque-mundial-do-sudeste\/#breadcrumb"},"inLanguage":"pt-BR","potentialAction":[{"@type":"ReadAction","target":["https:\/\/www.em.com.br\/emalta\/2026\/08\/31\/o-maior-dinossauro-ja-encontrado-no-brasil-saiu-do-chao-desta-cidade-mineira-hoje-o-unico-geoparque-mundial-do-sudeste\/"]}]},{"@type":"ImageObject","inLanguage":"pt-BR","@id":"https:\/\/www.em.com.br\/emalta\/2026\/08\/31\/o-maior-dinossauro-ja-encontrado-no-brasil-saiu-do-chao-desta-cidade-mineira-hoje-o-unico-geoparque-mundial-do-sudeste\/#primaryimage","url":"https:\/\/www.em.com.br\/emalta\/wp-content\/uploads\/2026\/08\/FLOWIMAGE_Researchers_excavating_dinosaur_\u2026_202608301357.jpg","contentUrl":"https:\/\/www.em.com.br\/emalta\/wp-content\/uploads\/2026\/08\/FLOWIMAGE_Researchers_excavating_dinosaur_\u2026_202608301357.jpg","width":1280,"height":720,"caption":"O maior dinossauro j\u00e1 encontrado no Brasil saiu do ch\u00e3o desta cidade mineira, hoje o \u00fanico Geoparque Mundial do Sudeste \/\/ IMAGEM ILUSTRATIVA"},{"@type":"BreadcrumbList","@id":"https:\/\/www.em.com.br\/emalta\/2026\/08\/31\/o-maior-dinossauro-ja-encontrado-no-brasil-saiu-do-chao-desta-cidade-mineira-hoje-o-unico-geoparque-mundial-do-sudeste\/#breadcrumb","itemListElement":[{"@type":"ListItem","position":1,"name":"In\u00edcio","item":"https:\/\/www.em.com.br\/emalta\/"},{"@type":"ListItem","position":2,"name":"O maior dinossauro j\u00e1 encontrado no Brasil saiu do ch\u00e3o desta cidade mineira, hoje o \u00fanico Geoparque Mundial do Sudeste"}]},{"@type":"WebSite","@id":"https:\/\/www.em.com.br\/emalta\/#website","url":"https:\/\/www.em.com.br\/emalta\/","name":"Estado de Minas - Em Alta","description":"Acompanhe as \u00faltimas not\u00edcias e fique bem informado sobre tudo o que acontece em Minas Gerais, Brasil e no mundo.","potentialAction":[{"@type":"SearchAction","target":{"@type":"EntryPoint","urlTemplate":"https:\/\/www.em.com.br\/emalta\/?s={search_term_string}"},"query-input":{"@type":"PropertyValueSpecification","valueRequired":true,"valueName":"search_term_string"}}],"inLanguage":"pt-BR"},{"@type":"Person","@id":"https:\/\/www.em.com.br\/emalta\/#\/schema\/person\/2e1e89151e4385a89b87bb2b642919cd","name":"Vitor Bruno","image":{"@type":"ImageObject","inLanguage":"pt-BR","@id":"https:\/\/secure.gravatar.com\/avatar\/ab0513148053bbb80c117cdd35f8a0f2742d41eebbac321acf8df2e633d81609?s=96&d=mm&r=g","url":"https:\/\/secure.gravatar.com\/avatar\/ab0513148053bbb80c117cdd35f8a0f2742d41eebbac321acf8df2e633d81609?s=96&d=mm&r=g","contentUrl":"https:\/\/secure.gravatar.com\/avatar\/ab0513148053bbb80c117cdd35f8a0f2742d41eebbac321acf8df2e633d81609?s=96&d=mm&r=g","caption":"Vitor Bruno"},"sameAs":["https:\/\/www.em.com.br\/emalta\/"],"url":"https:\/\/www.em.com.br\/emalta\/author\/vitormyth\/"}]}},"_links":{"self":[{"href":"https:\/\/www.em.com.br\/emalta\/wp-json\/wp\/v2\/posts\/266990","targetHints":{"allow":["GET"]}}],"collection":[{"href":"https:\/\/www.em.com.br\/emalta\/wp-json\/wp\/v2\/posts"}],"about":[{"href":"https:\/\/www.em.com.br\/emalta\/wp-json\/wp\/v2\/types\/post"}],"author":[{"embeddable":true,"href":"https:\/\/www.em.com.br\/emalta\/wp-json\/wp\/v2\/users\/6"}],"replies":[{"embeddable":true,"href":"https:\/\/www.em.com.br\/emalta\/wp-json\/wp\/v2\/comments?post=266990"}],"version-history":[{"count":5,"href":"https:\/\/www.em.com.br\/emalta\/wp-json\/wp\/v2\/posts\/266990\/revisions"}],"predecessor-version":[{"id":268147,"href":"https:\/\/www.em.com.br\/emalta\/wp-json\/wp\/v2\/posts\/266990\/revisions\/268147"}],"wp:featuredmedia":[{"embeddable":true,"href":"https:\/\/www.em.com.br\/emalta\/wp-json\/wp\/v2\/media\/268149"}],"wp:attachment":[{"href":"https:\/\/www.em.com.br\/emalta\/wp-json\/wp\/v2\/media?parent=266990"}],"wp:term":[{"taxonomy":"category","embeddable":true,"href":"https:\/\/www.em.com.br\/emalta\/wp-json\/wp\/v2\/categories?post=266990"},{"taxonomy":"post_tag","embeddable":true,"href":"https:\/\/www.em.com.br\/emalta\/wp-json\/wp\/v2\/tags?post=266990"}],"curies":[{"name":"wp","href":"https:\/\/api.w.org\/{rel}","templated":true}]}}