{"id":45508,"date":"2026-07-19T15:00:00","date_gmt":"2026-07-19T18:00:00","guid":{"rendered":"https:\/\/www.em.com.br\/apostas\/fenerbahce-x-gornik-zabrze-palpites-liga-dos-campeoes-21-07-2026\/"},"modified":"2026-07-19T15:00:00","modified_gmt":"2026-07-19T18:00:00","slug":"fenerbahce-x-gornik-zabrze-palpites-liga-dos-campeoes-21-07-2026","status":"publish","type":"post","link":"https:\/\/www.em.com.br\/apostas\/fenerbahce-x-gornik-zabrze-palpites-liga-dos-campeoes-21-07-2026\/","title":{"rendered":"Fenerbah\u00e7e x G\u00f3rnik Zabrze &#8211; Palpites &#8211; Liga dos Campe\u00f5es &#8211; 21\/07\/2026"},"content":{"rendered":"<div id=\"mux-hero\">\n    <div class=\"mux-hero-card\">\n        <div class=\"mux-hero-matchup\">\n            <div class=\"mux-hero-breadcrumb\">\n                <img loading=\"lazy\" decoding=\"async\" class=\"mux-hero-league-logo\" src=\"https:\/\/assets.moveupx.ai\/logos\/leagues\/champions-league.png\" alt=\"\" width=\"18\" height=\"18\">\n                <span class=\"mux-hero-breadcrumb-text\">Liga dos Campe\u00f5es<\/span>\n            <\/div>\n            <div class=\"mux-hero-teams\">\n                <div class=\"mux-hero-team\">\n                    <img loading=\"lazy\" decoding=\"async\" class=\"mux-hero-team-logo\" src=\"https:\/\/assets.moveupx.ai\/logos\/teams\/fenerbahce.png\" alt=\"Fenerbah\u00e7e\" width=\"68\" height=\"68\">\n                    <span class=\"mux-hero-team-name\">Fenerbah\u00e7e<\/span>\n                <\/div>\n                <div class=\"mux-hero-center\">\n                    <span class=\"mux-hero-date\">21 jul 2026<\/span>\n                    <span class=\"mux-hero-time\">15:00<\/span>\n                <\/div>\n                <div class=\"mux-hero-team\">\n                    <img loading=\"lazy\" decoding=\"async\" class=\"mux-hero-team-logo\" src=\"https:\/\/assets.moveupx.ai\/logos\/teams\/gornik-zabrze.png\" alt=\"G\u00f3rnik Zabrze\" width=\"68\" height=\"68\">\n                    <span class=\"mux-hero-team-name\">G\u00f3rnik Zabrze<\/span>\n                <\/div>\n            <\/div>\n        <\/div>\n        <div class=\"mux-hero-prono mux-hero-prono--neutral\">\n            <a class=\"mux-hero-cta\" href=\"https:\/\/www.em.com.br\/apostas\/go-betano-prono\" rel=\"nofollow noopener sponsored\">Saiba mais<img class=\"mux-hero-cta-logo\" src=\"https:\/\/assets.moveupx.ai\/logos\/bookmakers\/betano.bet.br.png\" alt=\"Betano\" loading=\"lazy\" decoding=\"async\"> &gt;<\/a>\n            <span class=\"mux-legal-auth\">SPA\/MF n\u00ba 246, de 07 de fevereiro de 2025<\/span>\n            \n        <\/div>\n        <div class=\"mux-hero-vote\">\n            <span class=\"mux-hero-vote-title\">Ver mercados<\/span>\n            <div class=\"mux-hero-vote-buttons\"><a class=\"mux-hero-vote-btn\" href=\"https:\/\/www.em.com.br\/apostas\/go-betano-prono\" rel=\"nofollow noopener sponsored\"><img loading=\"lazy\" decoding=\"async\" src=\"https:\/\/assets.moveupx.ai\/logos\/teams\/fenerbahce.png\" alt=\"\" width=\"20\" height=\"20\"> Fenerbah\u00e7e<\/a><a class=\"mux-hero-vote-btn\" href=\"https:\/\/www.em.com.br\/apostas\/go-betano-prono\" rel=\"nofollow noopener sponsored\">Empate<\/a><a class=\"mux-hero-vote-btn\" href=\"https:\/\/www.em.com.br\/apostas\/go-betano-prono\" rel=\"nofollow noopener sponsored\"><img loading=\"lazy\" decoding=\"async\" src=\"https:\/\/assets.moveupx.ai\/logos\/teams\/gornik-zabrze.png\" alt=\"\" width=\"20\" height=\"20\"> G\u00f3rnik Zabrze<\/a><\/div>\n        <\/div>\n    <\/div>\n    <p class=\"mux-legal-notice\">#publicidade | Minist\u00e9rio da Fazenda adverte: Aposta n\u00e3o \u00e9 investimento<\/p>\n<\/div>\n\n\n<h1 class=\"wp-block-heading\">Fenerbah\u00e7e x G\u00f3rnik Zabrze &#8211; Palpites &#8211; Liga dos Campe\u00f5es &#8211; 21\/07\/2026<\/h1>\n\n\n<div class=\"mux-meta-bar\"><span><svg xmlns=\"http:\/\/www.w3.org\/2000\/svg\" width=\"13\" height=\"13\" viewBox=\"0 0 24 24\" fill=\"none\" stroke=\"currentColor\" stroke-width=\"2\" stroke-linecap=\"round\" stroke-linejoin=\"round\"><rect width=\"18\" height=\"18\" x=\"3\" y=\"4\" rx=\"2\" ry=\"2\"\/><line x1=\"16\" x2=\"16\" y1=\"2\" y2=\"6\"\/><line x1=\"8\" x2=\"8\" y1=\"2\" y2=\"6\"\/><line x1=\"3\" x2=\"21\" y1=\"10\" y2=\"10\"\/><\/svg> 21 jul 2026<\/span>\n<span><svg xmlns=\"http:\/\/www.w3.org\/2000\/svg\" width=\"13\" height=\"13\" viewBox=\"0 0 24 24\" fill=\"none\" stroke=\"currentColor\" stroke-width=\"2\" stroke-linecap=\"round\" stroke-linejoin=\"round\"><path d=\"M20 10c0 6-8 12-8 12s-8-6-8-12a8 8 0 0 1 16 0Z\"\/><circle cx=\"12\" cy=\"10\" r=\"3\"\/><\/svg> \u015e\u00fckr\u00fc Saraco\u011flu Stadium<\/span>\n<span><svg xmlns=\"http:\/\/www.w3.org\/2000\/svg\" width=\"13\" height=\"13\" viewBox=\"0 0 24 24\" fill=\"none\" stroke=\"currentColor\" stroke-width=\"2\" stroke-linecap=\"round\" stroke-linejoin=\"round\"><path d=\"M19 21v-2a4 4 0 0 0-4-4H9a4 4 0 0 0-4 4v2\"\/><circle cx=\"12\" cy=\"7\" r=\"4\"\/><\/svg> Patr\u00edcia Andrade<\/span><\/div>\n\n\n<h2 class=\"wp-block-heading\">Onde assistir Fenerbah\u00e7e x G\u00f3rnik Zabrze<\/h2>\n\n\n\n<p>Fenerbah\u00e7e x G\u00f3rnik Zabrze se enfrentam no dia <strong>21 de julho de 2026, \u00e0s 15h<\/strong> (hor\u00e1rio de Bras\u00edlia). A transmiss\u00e3o fica por conta da <strong>Max<\/strong>, com cobertura ao vivo direto do \u015e\u00fckr\u00fc Saraco\u011flu Stadium.<\/p>\n\n\n\n<h2 class=\"wp-block-heading\">Fenerbah\u00e7e x G\u00f3rnik Zabrze: Como chegam para o confronto<\/h2>\n\n\n\n<h3 class=\"wp-block-heading\">Fenerbah\u00e7e<\/h3>\n\n\n\n<p>O Fenerbah\u00e7e terminou a S\u00fcper Lig 2025-26 na segunda coloca\u00e7\u00e3o, tr\u00eas pontos atr\u00e1s do rival Galatasaray. A fase final da temporada dom\u00e9stica n\u00e3o foi convincente: nos quatro jogos mais recentes, o time registrou apenas uma vit\u00f3ria, somada a um empate e duas derrotas. A contrata\u00e7\u00e3o de Mason Greenwood, anunciada em 14 de julho, refor\u00e7a o ataque para a campanha europeia, mas o ritmo irregular levanta d\u00favidas sobre a consist\u00eancia do elenco neste in\u00edcio de pr\u00e9-temporada continental.<\/p>\n\n\n\n<h3 class=\"wp-block-heading\">G\u00f3rnik Zabrze<\/h3>\n\n\n\n<p>O G\u00f3rnik Zabrze vive um momento hist\u00f3rico. A equipe polonesa terminou a Ekstraklasa 2025-26 na segunda coloca\u00e7\u00e3o, melhor resultado desde a temporada 1990-91, e ainda conquistou a copa nacional. O clube retorna \u00e0s competi\u00e7\u00f5es europeias ap\u00f3s longa aus\u00eancia: sua \u00faltima participa\u00e7\u00e3o relevante no cen\u00e1rio continental foi nos qualificat\u00f3rios da Europa League em 2018-19. N\u00e3o h\u00e1 dados dispon\u00edveis sobre a sequ\u00eancia recente de resultados do time polon\u00eas.<\/p>\n\n\n\n<h2 class=\"wp-block-heading\">Principais estat\u00edsticas para Fenerbah\u00e7e x G\u00f3rnik Zabrze<\/h2>\n\n\n<div id=\"mux-stats-h2h\" class=\"mux-widget\">\n    <table class=\"mux-sh2h-table\">\n        <thead><tr><th class=\"mux-sh2h-label-th\">Estat\u00edstica<\/th><th class=\"mux-sh2h-home-th\">Fenerbah\u00e7e<\/th><th><\/th><th class=\"mux-sh2h-away-th\">G\u00f3rnik Zabrze<\/th><\/tr><\/thead>\n        <tbody><tr><td class=\"mux-sh2h-label\">\u00daltimos 5 resultados<\/td><td class=\"mux-sh2h-home\">1V 1E 2D<\/td><td class=\"mux-sh2h-sep\">\u00b7<\/td><td class=\"mux-sh2h-away\">\u00b7<\/td><\/tr><tr><td class=\"mux-sh2h-label\">M\u00e9dia de gols marcados<\/td><td class=\"mux-sh2h-home\">2.3<\/td><td class=\"mux-sh2h-sep\">\u00b7<\/td><td class=\"mux-sh2h-away\">1.8<\/td><\/tr><tr><td class=\"mux-sh2h-label\">M\u00e9dia de gols sofridos<\/td><td class=\"mux-sh2h-home\">1.0<\/td><td class=\"mux-sh2h-sep\">\u00b7<\/td><td class=\"mux-sh2h-away\">0.9<\/td><\/tr><tr><td class=\"mux-sh2h-label\">Menos de 2,5 (\u00faltimos 5)<\/td><td class=\"mux-sh2h-home\">2\/4<\/td><td class=\"mux-sh2h-sep\">\u00b7<\/td><td class=\"mux-sh2h-away\">\u00b7<\/td><\/tr><\/tbody>\n    <\/table>\n<\/div>\n\n<div id=\"mux-ctx\">\n    <h3 class=\"mux-ctx-title\">Forma &amp; Estat\u00edsticas: Fenerbah\u00e7e vs G\u00f3rnik Zabrze<\/h3>\n    <div class=\"mux-ctx-card\">\n        <div class=\"mux-ctx-columns\"><div class=\"mux-ctx-col\">\n                <h4 class=\"mux-ctx-team-name\">Fenerbah\u00e7e<\/h4>\n                <p class=\"mux-ctx-subtitle\">Resultados recentes<\/p>\n            <div class=\"mux-ctx-form-badges\"><span class=\"mux-ctx-badge mux-badge-w\">V<\/span><span class=\"mux-ctx-badge mux-badge-l\">D<\/span><span class=\"mux-ctx-badge mux-badge-d\">E<\/span><span class=\"mux-ctx-badge mux-badge-l\">D<\/span><\/div>\n            <div class=\"mux-ctx-wdl\">\n                <div class=\"mux-ctx-wdl-item\"><span class=\"mux-ctx-wdl-bar mux-ctx-bar-w\"><\/span><span class=\"mux-ctx-wdl-label\">Vit\u00f3rias<\/span><span class=\"mux-ctx-wdl-value\">1\/4 (25%)<\/span><\/div>\n                <div class=\"mux-ctx-wdl-item\"><span class=\"mux-ctx-wdl-bar mux-ctx-bar-d\"><\/span><span class=\"mux-ctx-wdl-label\">Empates<\/span><span class=\"mux-ctx-wdl-value\">1\/4 (25%)<\/span><\/div>\n                <div class=\"mux-ctx-wdl-item\"><span class=\"mux-ctx-wdl-bar mux-ctx-bar-l\"><\/span><span class=\"mux-ctx-wdl-label\">Derrotas<\/span><span class=\"mux-ctx-wdl-value\">2\/4 (50%)<\/span><\/div>\n            <\/div>\n                <p class=\"mux-ctx-stats-title\">Estat\u00edsticas da temporada (4)<\/p>\n                <div class=\"mux-ctx-stats-grid\">\n                    <div class=\"mux-ctx-stat\"><span class=\"mux-ctx-stat-value\">3.3<\/span><span class=\"mux-ctx-stat-label\">Gols totais<\/span><\/div>\n                    <div class=\"mux-ctx-stat\"><span class=\"mux-ctx-stat-value\">55%<\/span><span class=\"mux-ctx-stat-label\">Ambas marcam<\/span><\/div>\n                    <div class=\"mux-ctx-stat\"><span class=\"mux-ctx-stat-value\">2.3<\/span><span class=\"mux-ctx-stat-label\">Gols marcados<\/span><\/div>\n                    <div class=\"mux-ctx-stat\"><span class=\"mux-ctx-stat-value\">1<\/span><span class=\"mux-ctx-stat-label\">Gols sofridos<\/span><\/div>\n                    \n                <\/div>\n            <\/div><div class=\"mux-ctx-col\">\n                <h4 class=\"mux-ctx-team-name\">G\u00f3rnik Zabrze<\/h4>\n                \n                <p class=\"mux-ctx-stats-title\">Estat\u00edsticas da temporada<\/p>\n                <div class=\"mux-ctx-stats-grid\">\n                    <div class=\"mux-ctx-stat\"><span class=\"mux-ctx-stat-value\">2.7<\/span><span class=\"mux-ctx-stat-label\">Gols totais<\/span><\/div>\n                    <div class=\"mux-ctx-stat\"><span class=\"mux-ctx-stat-value\">53%<\/span><span class=\"mux-ctx-stat-label\">Ambas marcam<\/span><\/div>\n                    <div class=\"mux-ctx-stat\"><span class=\"mux-ctx-stat-value\">1.8<\/span><span class=\"mux-ctx-stat-label\">Gols marcados<\/span><\/div>\n                    <div class=\"mux-ctx-stat\"><span class=\"mux-ctx-stat-value\">0.9<\/span><span class=\"mux-ctx-stat-label\">Gols sofridos<\/span><\/div>\n                    \n                <\/div>\n            <\/div><\/div>\n    <\/div>\n<\/div>\n\n\n<h2 class=\"wp-block-heading\">Fenerbah\u00e7e x G\u00f3rnik Zabrze &#8211; Pontos de aten\u00e7\u00e3o<\/h2>\n\n\n\n<h3 class=\"wp-block-heading\">Quem chega melhor para a partida?<\/h3>\n\n\n\n<p>O Fenerbah\u00e7e chega com mais bagagem europeia recente, tendo disputado a fase de liga da Europa League na \u00faltima temporada, mas seu encerramento de campeonato inspira cautela: apenas uma vit\u00f3ria nos quatro jogos finais da S\u00fcper Lig. O G\u00f3rnik Zabrze, por outro lado, vive seu melhor momento em mais de tr\u00eas d\u00e9cadas, com o vice-campeonato polon\u00eas e a conquista da copa nacional. O time polon\u00eas traz confian\u00e7a; o turco, experi\u00eancia continental.<\/p>\n\n\n\n<h3 class=\"wp-block-heading\">Qual equipe tem mais vit\u00f3rias nos confrontos diretos?<\/h3>\n\n\n\n<p>Fenerbah\u00e7e e G\u00f3rnik Zabrze n\u00e3o possuem hist\u00f3rico de confrontos diretos em competi\u00e7\u00f5es oficiais. Este ser\u00e1 o <strong>primeiro encontro entre as duas equipes<\/strong>, o que elimina qualquer base de compara\u00e7\u00e3o por retrospecto. A aus\u00eancia de duelos anteriores torna a an\u00e1lise dependente exclusivamente do momento de cada time e do contexto competitivo. Para o Fenerbah\u00e7e, o fator casa no \u015e\u00fckr\u00fc Saraco\u011flu e a experi\u00eancia europeia recente pesam; para o G\u00f3rnik, tudo \u00e9 novidade continental.<\/p>\n\n\n<div id=\"mux-match-info\" class=\"mux-widget\"><div class=\"mux-mi-grid\"><div class=\"mux-mi-item\"><svg xmlns=\"http:\/\/www.w3.org\/2000\/svg\" width=\"14\" height=\"14\" viewBox=\"0 0 24 24\" fill=\"none\" stroke=\"currentColor\" stroke-width=\"2\" stroke-linecap=\"round\" stroke-linejoin=\"round\"><path d=\"M6 9H4.5a2.5 2.5 0 0 1 0-5H6\"\/><path d=\"M18 9h1.5a2.5 2.5 0 0 0 0-5H18\"\/><path d=\"M4 22h16\"\/><path d=\"M10 14.66V17c0 .55-.47.98-.97 1.21C7.85 18.75 7 20.24 7 22\"\/><path d=\"M14 14.66V17c0 .55.47.98.97 1.21C16.15 18.75 17 20.24 17 22\"\/><path d=\"M18 2H6v7a6 6 0 0 0 12 0V2Z\"\/><\/svg><span><strong>Competi\u00e7\u00e3o:<\/strong> Liga dos Campe\u00f5es<\/span><\/div><div class=\"mux-mi-item\"><svg xmlns=\"http:\/\/www.w3.org\/2000\/svg\" width=\"14\" height=\"14\" viewBox=\"0 0 24 24\" fill=\"none\" stroke=\"currentColor\" stroke-width=\"2\" stroke-linecap=\"round\" stroke-linejoin=\"round\"><path d=\"M4 15s1-1 4-1 5 2 8 2 4-1 4-1V3s-1 1-4 1-5-2-8-2-4 1-4 1z\"\/><line x1=\"4\" x2=\"4\" y1=\"22\" y2=\"15\"\/><\/svg><span><strong>Fase:<\/strong> 2nd Qualifying Round<\/span><\/div><div class=\"mux-mi-item\"><svg xmlns=\"http:\/\/www.w3.org\/2000\/svg\" width=\"14\" height=\"14\" viewBox=\"0 0 24 24\" fill=\"none\" stroke=\"currentColor\" stroke-width=\"2\" stroke-linecap=\"round\" stroke-linejoin=\"round\"><rect width=\"18\" height=\"18\" x=\"3\" y=\"4\" rx=\"2\" ry=\"2\"\/><line x1=\"16\" x2=\"16\" y1=\"2\" y2=\"6\"\/><line x1=\"8\" x2=\"8\" y1=\"2\" y2=\"6\"\/><line x1=\"3\" x2=\"21\" y1=\"10\" y2=\"10\"\/><\/svg><span><strong>Data:<\/strong> 21 jul 2026<\/span><\/div><div class=\"mux-mi-item\"><svg xmlns=\"http:\/\/www.w3.org\/2000\/svg\" width=\"14\" height=\"14\" viewBox=\"0 0 24 24\" fill=\"none\" stroke=\"currentColor\" stroke-width=\"2\" stroke-linecap=\"round\" stroke-linejoin=\"round\"><circle cx=\"12\" cy=\"12\" r=\"10\"\/><polyline points=\"12 6 12 12 16 14\"\/><\/svg><span><strong>Hora:<\/strong> 15:00 -03<\/span><\/div><div class=\"mux-mi-item\"><svg xmlns=\"http:\/\/www.w3.org\/2000\/svg\" width=\"14\" height=\"14\" viewBox=\"0 0 24 24\" fill=\"none\" stroke=\"currentColor\" stroke-width=\"2\" stroke-linecap=\"round\" stroke-linejoin=\"round\"><path d=\"M20 10c0 6-8 12-8 12s-8-6-8-12a8 8 0 0 1 16 0Z\"\/><circle cx=\"12\" cy=\"10\" r=\"3\"\/><\/svg><span><strong>Est\u00e1dio:<\/strong> \u015e\u00fckr\u00fc Saraco\u011flu Stadium<\/span><\/div><\/div><\/div>","protected":false},"excerpt":{"rendered":"<p>Fenerbah\u00e7e x G\u00f3rnik Zabrze &#8211; Palpites &#8211; Liga dos Campe\u00f5es &#8211; 21\/07\/2026 Fenerbah\u00e7e x G\u00f3rnik Zabrze &#8211; Pontos de aten\u00e7\u00e3o Quem chega melhor para a partida? O Fenerbah\u00e7e chega com mais bagagem europeia recente, tendo disputado a fase de liga da Europa League na \u00faltima temporada, mas seu encerramento de campeonato inspira cautela: apenas uma [&hellip;]<\/p>\n","protected":false},"author":29,"featured_media":45506,"comment_status":"open","ping_status":"open","sticky":false,"template":"","format":"standard","meta":{"_mux_skip_reasons":[],"footnotes":""},"categories":[41,36],"tags":[],"class_list":["post-45508","post","type-post","status-publish","format-standard","has-post-thumbnail","hentry","category-champions-league","category-palpites"],"_links":{"self":[{"href":"https:\/\/www.em.com.br\/apostas\/wp-json\/wp\/v2\/posts\/45508","targetHints":{"allow":["GET"]}}],"collection":[{"href":"https:\/\/www.em.com.br\/apostas\/wp-json\/wp\/v2\/posts"}],"about":[{"href":"https:\/\/www.em.com.br\/apostas\/wp-json\/wp\/v2\/types\/post"}],"author":[{"embeddable":true,"href":"https:\/\/www.em.com.br\/apostas\/wp-json\/wp\/v2\/users\/29"}],"replies":[{"embeddable":true,"href":"https:\/\/www.em.com.br\/apostas\/wp-json\/wp\/v2\/comments?post=45508"}],"version-history":[{"count":0,"href":"https:\/\/www.em.com.br\/apostas\/wp-json\/wp\/v2\/posts\/45508\/revisions"}],"wp:featuredmedia":[{"embeddable":true,"href":"https:\/\/www.em.com.br\/apostas\/wp-json\/wp\/v2\/media\/45506"}],"wp:attachment":[{"href":"https:\/\/www.em.com.br\/apostas\/wp-json\/wp\/v2\/media?parent=45508"}],"wp:term":[{"taxonomy":"category","embeddable":true,"href":"https:\/\/www.em.com.br\/apostas\/wp-json\/wp\/v2\/categories?post=45508"},{"taxonomy":"post_tag","embeddable":true,"href":"https:\/\/www.em.com.br\/apostas\/wp-json\/wp\/v2\/tags?post=45508"}],"curies":[{"name":"wp","href":"https:\/\/api.w.org\/{rel}","templated":true}]}}